{"id":225545,"date":"2022-08-11T11:05:33","date_gmt":"2022-08-11T09:05:33","guid":{"rendered":"https:\/\/groupe-grim.com\/bmw-motorrad\/?p=225545"},"modified":"2024-04-18T15:13:08","modified_gmt":"2024-04-18T13:13:08","slug":"bmw-r-18-experience-tour-save-the-date","status":"publish","type":"post","link":"https:\/\/groupe-grim.com\/bmw-motorrad\/bmw-r-18-experience-tour-save-the-date\/","title":{"rendered":"BMW R 18 EXPERIENCE TOUR &#8211; SAVE THE DATE"},"content":{"rendered":"\n<p><img loading=\"lazy\" decoding=\"async\" height=\"16\" width=\"16\" alt=\"?\" src=\"https:\/\/static.xx.fbcdn.net\/images\/emoji.php\/v9\/tf0\/2\/16\/1f449.png\"> Nous vous donnons rendez-vous le 1 &amp; 2 octobre 2022 pour un week-end in\u00e9dit dans votre concession BMW MOTO PLUS Albi.<\/p>\n\n\n\n<p>Restez connect\u00e9s et bloquez notre rendez-vous dans votre agenda.<\/p>\n\n\n\n<p>Avec la pr\u00e9sence de <a href=\"https:\/\/www.facebook.com\/FranceCadillacBarber\/?__cft__[0]=AZWqOeXONB0f7NkpLRPsOizGsUz-Ts5LmhrE4TgFAAEN1YwVqI4QBE_vkLCP9Rx3Of7VBWcphI6-Rlg_S3aTVivqyTRwD1Q4pn6xuJrf1-TTE5QMHaNYCR8Y9oYJqAp11fQNmf5UrRuFZhiSqefm3D9had48hVm4xPBp-JlTqhdMLpCmwlixZtrTDDaj8jU2EtJFuXiw5Zem0By7GQeSfRP7&amp;__tn__=kK-R\" target=\"_blank\" rel=\"noopener\">France Cadillac Barber<\/a>, <a href=\"https:\/\/www.facebook.com\/lovemachinesdocumentaire\/?__cft__[0]=AZWqOeXONB0f7NkpLRPsOizGsUz-Ts5LmhrE4TgFAAEN1YwVqI4QBE_vkLCP9Rx3Of7VBWcphI6-Rlg_S3aTVivqyTRwD1Q4pn6xuJrf1-TTE5QMHaNYCR8Y9oYJqAp11fQNmf5UrRuFZhiSqefm3D9had48hVm4xPBp-JlTqhdMLpCmwlixZtrTDDaj8jU2EtJFuXiw5Zem0By7GQeSfRP7&amp;__tn__=kK-R\" target=\"_blank\" rel=\"noopener\">Love Machines<\/a>, <a href=\"https:\/\/www.facebook.com\/BAPLA-TRUCK-1175311702512185\/?__cft__[0]=AZWqOeXONB0f7NkpLRPsOizGsUz-Ts5LmhrE4TgFAAEN1YwVqI4QBE_vkLCP9Rx3Of7VBWcphI6-Rlg_S3aTVivqyTRwD1Q4pn6xuJrf1-TTE5QMHaNYCR8Y9oYJqAp11fQNmf5UrRuFZhiSqefm3D9had48hVm4xPBp-JlTqhdMLpCmwlixZtrTDDaj8jU2EtJFuXiw5Zem0By7GQeSfRP7&amp;__tn__=kK-R\" target=\"_blank\" rel=\"noopener\">BAPLA TRUCK<\/a>, <a href=\"https:\/\/www.facebook.com\/shilton.officiel\/?__cft__[0]=AZWqOeXONB0f7NkpLRPsOizGsUz-Ts5LmhrE4TgFAAEN1YwVqI4QBE_vkLCP9Rx3Of7VBWcphI6-Rlg_S3aTVivqyTRwD1Q4pn6xuJrf1-TTE5QMHaNYCR8Y9oYJqAp11fQNmf5UrRuFZhiSqefm3D9had48hVm4xPBp-JlTqhdMLpCmwlixZtrTDDaj8jU2EtJFuXiw5Zem0By7GQeSfRP7&amp;__tn__=kK-R\" target=\"_blank\" rel=\"noopener\">Shilton<\/a>, plein d&rsquo;autres surprises sont attendues&#8230;<\/p>\n\n\n\n<h2 class=\"wp-block-heading\">Save The Date<\/h2>\n\n\n\n<p>R\u00e9servez votre essai ?<a href=\"https:\/\/bmw-r18-experiencetour.fr\/?e=17254470\" target=\"_blank\" rel=\"noopener\"> cliquez ici<\/a><\/p>\n\n\n\n<p><\/p>\n\n\n\n<figure class=\"wp-block-image size-large is-resized\"><a href=\"https:\/\/www.groupe-grim.com\/rendez-vous\/dateessaimotorrad.html\"><img loading=\"lazy\" decoding=\"async\" src=\"https:\/\/groupe-grim.com\/bmw-motorrad\/wp-content\/uploads\/2022\/08\/EU.BMWFR_Motorrad_2022-Motorrad_Campagnes-2022_R-18-Experience-Tour_KV_CE_1920x1080-1-1024x576.png\" alt=\"Save The Date\" class=\"wp-image-225546\" width=\"692\" height=\"389\"\/><\/a><figcaption>Save The Date<\/figcaption><\/figure>\n\n\n\n<p><\/p>\n<span class=\"et_bloom_bottom_trigger\"><\/span>","protected":false},"excerpt":{"rendered":"<p>Nous vous donnons rendez-vous le 1 &amp; 2 octobre 2022 pour un week-end in\u00e9dit dans votre concession BMW MOTO PLUS Albi. Restez connect\u00e9s et bloquez notre rendez-vous dans votre agenda. Avec la pr\u00e9sence de France Cadillac Barber, Love Machines, BAPLA TRUCK, Shilton, plein d&rsquo;autres surprises sont attendues&#8230; Save The Date R\u00e9servez votre essai ? cliquez [&hellip;]<\/p>\n","protected":false},"author":3,"featured_media":225548,"comment_status":"closed","ping_status":"open","sticky":false,"template":"","format":"standard","meta":{"_et_pb_use_builder":"off","_et_pb_old_content":"","_et_gb_content_width":"","two_page_speed":[],"footnotes":""},"categories":[11,14],"tags":[],"class_list":["post-225545","post","type-post","status-publish","format-standard","has-post-thumbnail","hentry","category-actualites","category-bmw-motorrad-albi"],"_links":{"self":[{"href":"https:\/\/groupe-grim.com\/bmw-motorrad\/wp-json\/wp\/v2\/posts\/225545","targetHints":{"allow":["GET"]}}],"collection":[{"href":"https:\/\/groupe-grim.com\/bmw-motorrad\/wp-json\/wp\/v2\/posts"}],"about":[{"href":"https:\/\/groupe-grim.com\/bmw-motorrad\/wp-json\/wp\/v2\/types\/post"}],"author":[{"embeddable":true,"href":"https:\/\/groupe-grim.com\/bmw-motorrad\/wp-json\/wp\/v2\/users\/3"}],"replies":[{"embeddable":true,"href":"https:\/\/groupe-grim.com\/bmw-motorrad\/wp-json\/wp\/v2\/comments?post=225545"}],"version-history":[{"count":2,"href":"https:\/\/groupe-grim.com\/bmw-motorrad\/wp-json\/wp\/v2\/posts\/225545\/revisions"}],"predecessor-version":[{"id":228938,"href":"https:\/\/groupe-grim.com\/bmw-motorrad\/wp-json\/wp\/v2\/posts\/225545\/revisions\/228938"}],"wp:featuredmedia":[{"embeddable":true,"href":"https:\/\/groupe-grim.com\/bmw-motorrad\/wp-json\/wp\/v2\/media\/225548"}],"wp:attachment":[{"href":"https:\/\/groupe-grim.com\/bmw-motorrad\/wp-json\/wp\/v2\/media?parent=225545"}],"wp:term":[{"taxonomy":"category","embeddable":true,"href":"https:\/\/groupe-grim.com\/bmw-motorrad\/wp-json\/wp\/v2\/categories?post=225545"},{"taxonomy":"post_tag","embeddable":true,"href":"https:\/\/groupe-grim.com\/bmw-motorrad\/wp-json\/wp\/v2\/tags?post=225545"}],"curies":[{"name":"wp","href":"https:\/\/api.w.org\/{rel}","templated":true}]}}