{"id":231279,"date":"2025-02-01T08:59:00","date_gmt":"2025-02-01T07:59:00","guid":{"rendered":"https:\/\/groupe-grim.com\/bmw-motorrad\/?p=231279"},"modified":"2025-02-05T09:47:09","modified_gmt":"2025-02-05T08:47:09","slug":"offre-f900r-fevrier","status":"publish","type":"post","link":"https:\/\/groupe-grim.com\/bmw-motorrad\/offre-f900r-fevrier\/","title":{"rendered":"Nouvelle BMW F 900 R d\u00e8s 89\u20ac\/mois sans aucun apport*"},"content":{"rendered":"<p>[et_pb_section fb_built=\u00a0\u00bb1&Prime; _builder_version=\u00a0\u00bb4.25.0&Prime; use_background_color_gradient=\u00a0\u00bbon\u00a0\u00bb background_color_gradient_stops=\u00a0\u00bb#ffffff 65%|#0062ff 65%\u00a0\u00bb background_color_gradient_start=\u00a0\u00bb#ffffff\u00a0\u00bb background_color_gradient_start_position=\u00a0\u00bb65%\u00a0\u00bb background_color_gradient_end=\u00a0\u00bb#000f1e\u00a0\u00bb background_color_gradient_end_position=\u00a0\u00bb65%\u00a0\u00bb custom_margin_tablet=\u00a0\u00bb\u00a0\u00bb custom_margin_phone=\u00a0\u00bb15px||||false|false\u00a0\u00bb custom_margin_last_edited=\u00a0\u00bbon|phone\u00a0\u00bb custom_padding=\u00a0\u00bb106px||28px||false|false\u00a0\u00bb global_colors_info=\u00a0\u00bb{}\u00a0\u00bb][et_pb_row _builder_version=\u00a0\u00bb4.16&Prime; custom_margin=\u00a0\u00bb-27px|auto|-27px|auto|true|false\u00a0\u00bb custom_margin_tablet=\u00a0\u00bb\u00a0\u00bb custom_margin_phone=\u00a0\u00bb0px|auto|0px|auto|true|false\u00a0\u00bb custom_margin_last_edited=\u00a0\u00bbon|phone\u00a0\u00bb custom_padding=\u00a0\u00bb0px||0px||false|false\u00a0\u00bb border_width_all=\u00a0\u00bb10px\u00a0\u00bb border_color_all=\u00a0\u00bb#ffffff\u00a0\u00bb box_shadow_style=\u00a0\u00bbpreset1&Prime; global_colors_info=\u00a0\u00bb{}\u00a0\u00bb][et_pb_column type=\u00a0\u00bb4_4&Prime; _builder_version=\u00a0\u00bb4.16&Prime; global_colors_info=\u00a0\u00bb{}\u00a0\u00bb][et_pb_image src=\u00a0\u00bbhttps:\/\/groupe-grim.com\/bmw-motorrad\/wp-content\/uploads\/2025\/01\/Offre-VN-2-Fevrier.jpg\u00a0\u00bb alt=\u00a0\u00bbBMW F 900 R\u00a0\u00bb title_text=\u00a0\u00bbOffre VN 2 Fevrier\u00a0\u00bb _builder_version=\u00a0\u00bb4.27.4&Prime; custom_padding=\u00a0\u00bb0px|||||\u00a0\u00bb global_colors_info=\u00a0\u00bb{}\u00a0\u00bb][\/et_pb_image][\/et_pb_column][\/et_pb_row][\/et_pb_section][et_pb_section fb_built=\u00a0\u00bb1&Prime; admin_label=\u00a0\u00bbFun Fact Section\u00a0\u00bb _builder_version=\u00a0\u00bb4.25.0&Prime; background_color=\u00a0\u00bb#0062ff\u00a0\u00bb min_height=\u00a0\u00bb428px\u00a0\u00bb custom_margin=\u00a0\u00bb-1px||17px||false|false\u00a0\u00bb custom_padding=\u00a0\u00bb0px||45px|||\u00a0\u00bb top_divider_color=\u00a0\u00bb#000000&Prime; top_divider_height=\u00a0\u00bb500px\u00a0\u00bb top_divider_repeat=\u00a0\u00bb1x\u00a0\u00bb top_divider_flip=\u00a0\u00bbvertical|horizontal\u00a0\u00bb bottom_divider_style=\u00a0\u00bbcurve\u00a0\u00bb bottom_divider_color=\u00a0\u00bbrgba(0,0,0,0.29)\u00a0\u00bb bottom_divider_height=\u00a0\u00bb126px\u00a0\u00bb global_colors_info=\u00a0\u00bb{}\u00a0\u00bb][et_pb_row admin_label=\u00a0\u00bbService Section Title\u00a0\u00bb _builder_version=\u00a0\u00bb4.27.2&Prime; custom_margin=\u00a0\u00bb||40px|\u00a0\u00bb custom_margin_tablet=\u00a0\u00bb||20px||false|false\u00a0\u00bb custom_margin_phone=\u00a0\u00bb||10px||false|false\u00a0\u00bb custom_margin_last_edited=\u00a0\u00bbon|phone\u00a0\u00bb custom_padding=\u00a0\u00bb0px||0px||false|false\u00a0\u00bb animation_style=\u00a0\u00bbfade\u00a0\u00bb animation_direction=\u00a0\u00bbtop\u00a0\u00bb saved_tabs=\u00a0\u00bball\u00a0\u00bb global_colors_info=\u00a0\u00bb{}\u00a0\u00bb][et_pb_column type=\u00a0\u00bb4_4&Prime; _builder_version=\u00a0\u00bb4.16&Prime; custom_padding=\u00a0\u00bb|||\u00a0\u00bb global_colors_info=\u00a0\u00bb{}\u00a0\u00bb custom_padding__hover=\u00a0\u00bb|||\u00a0\u00bb][et_pb_text admin_label=\u00a0\u00bbTitle\u00a0\u00bb _builder_version=\u00a0\u00bb4.27.2&Prime; text_font=\u00a0\u00bbBMWMotorrad Bold||||||||\u00a0\u00bb text_text_color=\u00a0\u00bb#747d88&Prime; text_font_size=\u00a0\u00bb16px\u00a0\u00bb text_line_height=\u00a0\u00bb1.9em\u00a0\u00bb header_font=\u00a0\u00bbBMWMotorrad Bold||||||||\u00a0\u00bb header_text_align=\u00a0\u00bbleft\u00a0\u00bb header_text_color=\u00a0\u00bb#ffffff\u00a0\u00bb header_2_font=\u00a0\u00bbBMWMotorrad Bold|||on|||||\u00a0\u00bb header_2_font_size=\u00a0\u00bb42px\u00a0\u00bb header_2_line_height=\u00a0\u00bb1.3em\u00a0\u00bb text_orientation=\u00a0\u00bbcenter\u00a0\u00bb max_width=\u00a0\u00bb700px\u00a0\u00bb module_alignment=\u00a0\u00bbcenter\u00a0\u00bb min_height=\u00a0\u00bb112px\u00a0\u00bb custom_margin_tablet=\u00a0\u00bb\u00a0\u00bb custom_margin_phone=\u00a0\u00bb0px||30px||false|false\u00a0\u00bb custom_margin_last_edited=\u00a0\u00bbon|phone\u00a0\u00bb custom_padding=\u00a0\u00bb27px||0px|||\u00a0\u00bb animation_style=\u00a0\u00bbslide\u00a0\u00bb animation_direction=\u00a0\u00bbbottom\u00a0\u00bb animation_intensity_slide=\u00a0\u00bb4%\u00a0\u00bb text_font_size_tablet=\u00a0\u00bb12px\u00a0\u00bb text_font_size_phone=\u00a0\u00bb12px\u00a0\u00bb text_font_size_last_edited=\u00a0\u00bbon|phone\u00a0\u00bb header_2_font_size_tablet=\u00a0\u00bb32px\u00a0\u00bb header_2_font_size_phone=\u00a0\u00bb22px\u00a0\u00bb header_2_font_size_last_edited=\u00a0\u00bbon|tablet\u00a0\u00bb global_colors_info=\u00a0\u00bb{}\u00a0\u00bb]<\/p>\n<h2><span style=\"color: #ffffff;\">d\u00e9couvrir l&rsquo;offre\u00a0<\/span><\/h2>\n<p>[\/et_pb_text][et_pb_text admin_label=\u00a0\u00bbSubtitle\u00a0\u00bb _builder_version=\u00a0\u00bb4.27.2&Prime; text_font=\u00a0\u00bbBMWMotorrad Regular||||||||\u00a0\u00bb text_text_color=\u00a0\u00bb#353740&Prime; text_font_size=\u00a0\u00bb20px\u00a0\u00bb text_line_height=\u00a0\u00bb1.5em\u00a0\u00bb header_font=\u00a0\u00bb||||||||\u00a0\u00bb text_orientation=\u00a0\u00bbcenter\u00a0\u00bb module_alignment=\u00a0\u00bbcenter\u00a0\u00bb custom_margin=\u00a0\u00bb-26px|60px|-22px|60px|false|false\u00a0\u00bb custom_margin_tablet=\u00a0\u00bb-65px||-35px||false|false\u00a0\u00bb custom_margin_phone=\u00a0\u00bb-74px||0px||false|false\u00a0\u00bb custom_margin_last_edited=\u00a0\u00bbon|phone\u00a0\u00bb custom_padding=\u00a0\u00bb16px||0px|||\u00a0\u00bb custom_padding_tablet=\u00a0\u00bb16px||16px||false|false\u00a0\u00bb custom_padding_phone=\u00a0\u00bb6px||6px||false|false\u00a0\u00bb custom_padding_last_edited=\u00a0\u00bbon|phone\u00a0\u00bb animation_style=\u00a0\u00bbslide\u00a0\u00bb animation_direction=\u00a0\u00bbbottom\u00a0\u00bb animation_delay=\u00a0\u00bb100ms\u00a0\u00bb animation_intensity_slide=\u00a0\u00bb4%\u00a0\u00bb text_font_size_tablet=\u00a0\u00bb16px\u00a0\u00bb text_font_size_phone=\u00a0\u00bb16px\u00a0\u00bb text_font_size_last_edited=\u00a0\u00bbon|desktop\u00a0\u00bb global_colors_info=\u00a0\u00bb{}\u00a0\u00bb]<\/p>\n<p><span style=\"color: #ffffff;\">Ce mois-ci, les concessions BMW Motorrad du Groupe GRIM \u00e0 Albi, Agen et Toulouse vous proposent une opportunit\u00e9 exceptionnelle pour acc\u00e9der \u00e0 la moto de vos r\u00eaves : la nouvelle BMW F 900 R, disponible d\u00e8s 89 \u20ac\/mois sans aucun apport*.<\/span><\/p>\n<p><span style=\"color: #ffffff;\">Laissez-vous s\u00e9duire par ce roadster sportif au caract\u00e8re affirm\u00e9, con\u00e7u pour vous offrir des sensations uniques. Avec une offre de financement ultra-accessible, c\u2019est le moment parfait pour franchir le pas et choisir une moto qui allie style, performance et plaisir de conduite. Que ce soit pour vos trajets quotidiens, vos escapades du week-end ou vos longues balades estivales, la BMW F 900 R s\u2019adapte \u00e0 toutes vos envies.<\/span><\/p>\n<p><span style=\"color: #ffffff;\">Ne manquez pas cette offre : en choisissant votre BMW F 900 R d\u00e8s maintenant, vous b\u00e9n\u00e9ficiez d\u2019une livraison rapide, juste \u00e0 temps pour profiter des belles journ\u00e9es du printemps.<\/span><\/p>\n<p><span style=\"color: #ffffff;\">Venez d\u00e9couvrir ce mod\u00e8le disponible \u00e0 l\u2019essai en concession et profitez des conseils personnalis\u00e9s de notre \u00e9quipe pour concr\u00e9tiser votre projet.<\/span><\/p>\n<p>[\/et_pb_text][et_pb_button button_url=\u00a0\u00bbhttps:\/\/www.groupe-grim.com\/rendez-vous\/motorrad.html\u00a0\u00bb button_text=\u00a0\u00bbPRENDRE RDV\u00a0\u00bb button_alignment=\u00a0\u00bbcenter\u00a0\u00bb _builder_version=\u00a0\u00bb4.27.4&Prime; custom_button=\u00a0\u00bbon\u00a0\u00bb button_text_color=\u00a0\u00bb#ffffff\u00a0\u00bb button_font=\u00a0\u00bb|||on|||||\u00a0\u00bb custom_margin=\u00a0\u00bb50px||||false|false\u00a0\u00bb custom_margin_tablet=\u00a0\u00bb40px||||false|false\u00a0\u00bb custom_margin_phone=\u00a0\u00bb10px||||false|false\u00a0\u00bb custom_margin_last_edited=\u00a0\u00bbon|desktop\u00a0\u00bb custom_padding=\u00a0\u00bb5px||||false|false\u00a0\u00bb custom_padding_tablet=\u00a0\u00bb5px||||false|false\u00a0\u00bb custom_padding_phone=\u00a0\u00bb5px||||false|false\u00a0\u00bb custom_padding_last_edited=\u00a0\u00bbon|desktop\u00a0\u00bb button_text_size_tablet=\u00a0\u00bb16px\u00a0\u00bb button_text_size_phone=\u00a0\u00bb16px\u00a0\u00bb button_text_size_last_edited=\u00a0\u00bbon|phone\u00a0\u00bb global_colors_info=\u00a0\u00bb{}\u00a0\u00bb][\/et_pb_button][\/et_pb_column][\/et_pb_row][\/et_pb_section][et_pb_section fb_built=\u00a0\u00bb1&Prime; admin_label=\u00a0\u00bbVideo Section\u00a0\u00bb _builder_version=\u00a0\u00bb4.16&Prime; background_color=\u00a0\u00bb#ffffff\u00a0\u00bb use_background_color_gradient=\u00a0\u00bbon\u00a0\u00bb background_color_gradient_direction=\u00a0\u00bb182deg\u00a0\u00bb background_color_gradient_stops=\u00a0\u00bbrgba(193,193,193,0) 28%|rgba(22,22,24,0) 46%\u00a0\u00bb background_color_gradient_start=\u00a0\u00bbrgba(193,193,193,0)\u00a0\u00bb background_color_gradient_start_position=\u00a0\u00bb28%\u00a0\u00bb background_color_gradient_end=\u00a0\u00bbrgba(22,22,24,0)\u00a0\u00bb background_color_gradient_end_position=\u00a0\u00bb46%\u00a0\u00bb min_height=\u00a0\u00bb912px\u00a0\u00bb custom_margin=\u00a0\u00bb||0px|||\u00a0\u00bb custom_padding=\u00a0\u00bb0px||0px|||\u00a0\u00bb global_colors_info=\u00a0\u00bb{}\u00a0\u00bb][et_pb_row column_structure=\u00a0\u00bb1_2,1_2&Prime; make_equal=\u00a0\u00bbon\u00a0\u00bb _builder_version=\u00a0\u00bb4.27.2&Prime; custom_margin=\u00a0\u00bb39px|auto||auto||\u00a0\u00bb custom_margin_tablet=\u00a0\u00bb20px||||false|false\u00a0\u00bb custom_margin_phone=\u00a0\u00bb5px||||false|false\u00a0\u00bb custom_margin_last_edited=\u00a0\u00bbon|phone\u00a0\u00bb custom_padding=\u00a0\u00bb14px||0px|||\u00a0\u00bb global_colors_info=\u00a0\u00bb{}\u00a0\u00bb][et_pb_column type=\u00a0\u00bb1_2&Prime; _builder_version=\u00a0\u00bb4.16&Prime; global_colors_info=\u00a0\u00bb{}\u00a0\u00bb][et_pb_text admin_label=\u00a0\u00bbTitle\u00a0\u00bb _builder_version=\u00a0\u00bb4.27.2&Prime; text_font=\u00a0\u00bbMontserrat||||||||\u00a0\u00bb text_text_color=\u00a0\u00bb#747d88&Prime; text_font_size=\u00a0\u00bb16px\u00a0\u00bb text_line_height=\u00a0\u00bb1.9em\u00a0\u00bb header_font=\u00a0\u00bbBMWMotorrad Bold||||||||\u00a0\u00bb header_text_align=\u00a0\u00bbleft\u00a0\u00bb header_text_color=\u00a0\u00bb#ffffff\u00a0\u00bb header_2_font=\u00a0\u00bbBMWMotorrad Bold|700|||||||\u00a0\u00bb header_2_font_size=\u00a0\u00bb42px\u00a0\u00bb header_2_line_height=\u00a0\u00bb1.3em\u00a0\u00bb text_orientation=\u00a0\u00bbcenter\u00a0\u00bb max_width=\u00a0\u00bb700px\u00a0\u00bb module_alignment=\u00a0\u00bbcenter\u00a0\u00bb animation_style=\u00a0\u00bbslide\u00a0\u00bb animation_direction=\u00a0\u00bbbottom\u00a0\u00bb animation_intensity_slide=\u00a0\u00bb4%\u00a0\u00bb header_2_font_size_tablet=\u00a0\u00bb32px\u00a0\u00bb header_2_font_size_phone=\u00a0\u00bb22px\u00a0\u00bb header_2_font_size_last_edited=\u00a0\u00bbon|phone\u00a0\u00bb global_colors_info=\u00a0\u00bb{}\u00a0\u00bb]<\/p>\n<h2>BMW F 900 R 2025<\/h2>\n<p>[\/et_pb_text][et_pb_text admin_label=\u00a0\u00bbSubtitle\u00a0\u00bb _builder_version=\u00a0\u00bb4.27.2&Prime; text_font=\u00a0\u00bbBMWMotorrad Regular||||||||\u00a0\u00bb text_text_color=\u00a0\u00bb#353740&Prime; text_font_size=\u00a0\u00bb18px\u00a0\u00bb text_line_height=\u00a0\u00bb1.5em\u00a0\u00bb header_font=\u00a0\u00bb||||||||\u00a0\u00bb text_orientation=\u00a0\u00bbcenter\u00a0\u00bb max_width=\u00a0\u00bb700px\u00a0\u00bb module_alignment=\u00a0\u00bbcenter\u00a0\u00bb custom_margin=\u00a0\u00bb||15px|||\u00a0\u00bb custom_padding=\u00a0\u00bb||50px|||\u00a0\u00bb animation_style=\u00a0\u00bbslide\u00a0\u00bb animation_direction=\u00a0\u00bbbottom\u00a0\u00bb animation_delay=\u00a0\u00bb100ms\u00a0\u00bb animation_intensity_slide=\u00a0\u00bb4%\u00a0\u00bb text_font_size_tablet=\u00a0\u00bb18px\u00a0\u00bb text_font_size_phone=\u00a0\u00bb18px\u00a0\u00bb text_font_size_last_edited=\u00a0\u00bbon|phone\u00a0\u00bb global_colors_info=\u00a0\u00bb{}\u00a0\u00bb]<\/p>\n<div class=\"box section initialized initialized-box\">\n<div class=\"white-background  box-content cq-dd-image\">\n<div class=\"feature-container\">\n<div class=\"richtext section\">\n<div class=\"richtext initialized initialized-ctaButton\">\n<div class=\"richtext-gridgallery-header  richtext-inner\">La BMW F 900 R, c\u2019est l\u2019alliance parfaite entre sportivit\u00e9 et polyvalence. \u00c9quip\u00e9e d\u2019un moteur bicylindre de 895 cm\u00b3, elle d\u00e9livre une puissance dynamique tout en restant accessible.<\/div>\n<div class=\"richtext-gridgallery-header  richtext-inner\">Avec ses lignes modernes, ses technologies de pointe et son ergonomie confortable, elle offre une exp\u00e9rience de conduite unique.<\/div>\n<div class=\"richtext-gridgallery-header  richtext-inner\">Que vous soyez amateur de sensations ou \u00e0 la recherche d\u2019une moto polyvalente, la BMW F 900 R est faite pour vous.<\/div>\n<\/div>\n<\/div>\n<\/div>\n<\/div>\n<\/div>\n<p>[\/et_pb_text][et_pb_button button_url=\u00a0\u00bbhttps:\/\/www.groupe-grim.com\/rendez-vous\/motorrad.html\u00a0\u00bb url_new_window=\u00a0\u00bbon\u00a0\u00bb button_text=\u00a0\u00bbPRENDRE RDV\u00a0\u00bb button_alignment=\u00a0\u00bbcenter\u00a0\u00bb _builder_version=\u00a0\u00bb4.27.4&Prime; custom_button=\u00a0\u00bbon\u00a0\u00bb button_text_size=\u00a0\u00bb18px\u00a0\u00bb button_text_color=\u00a0\u00bb#FFFFFF\u00a0\u00bb button_bg_color=\u00a0\u00bb#0062ff\u00a0\u00bb button_border_width=\u00a0\u00bb0px\u00a0\u00bb button_border_color=\u00a0\u00bb#242424&Prime; button_border_radius=\u00a0\u00bb3px\u00a0\u00bb custom_margin=\u00a0\u00bb-36px|||||\u00a0\u00bb custom_margin_tablet=\u00a0\u00bb\u00a0\u00bb custom_margin_phone=\u00a0\u00bb0px||||false|false\u00a0\u00bb custom_margin_last_edited=\u00a0\u00bbon|phone\u00a0\u00bb button_text_size_tablet=\u00a0\u00bb16px\u00a0\u00bb button_text_size_phone=\u00a0\u00bb16px\u00a0\u00bb button_text_size_last_edited=\u00a0\u00bbon|phone\u00a0\u00bb global_colors_info=\u00a0\u00bb{}\u00a0\u00bb][\/et_pb_button][\/et_pb_column][et_pb_column type=\u00a0\u00bb1_2&Prime; _builder_version=\u00a0\u00bb4.16&Prime; global_colors_info=\u00a0\u00bb{}\u00a0\u00bb][et_pb_image src=\u00a0\u00bbhttps:\/\/groupe-grim.com\/bmw-motorrad\/wp-content\/uploads\/2025\/01\/Offre-VN-2-Fevrier-web.jpg\u00a0\u00bb alt=\u00a0\u00bbBMW F 900 R\u00a0\u00bb title_text=\u00a0\u00bbOffre VN 2 Fevrier web\u00a0\u00bb align=\u00a0\u00bbcenter\u00a0\u00bb _builder_version=\u00a0\u00bb4.27.4&Prime; custom_margin=\u00a0\u00bb5px||35px||false|false\u00a0\u00bb custom_padding=\u00a0\u00bb0px|||||\u00a0\u00bb animation_style=\u00a0\u00bbfold\u00a0\u00bb animation_direction=\u00a0\u00bbright\u00a0\u00bb global_colors_info=\u00a0\u00bb{}\u00a0\u00bb][\/et_pb_image][\/et_pb_column][\/et_pb_row][et_pb_row column_structure=\u00a0\u00bb1_4,1_4,1_4,1_4&Prime; use_custom_gutter=\u00a0\u00bbon\u00a0\u00bb make_equal=\u00a0\u00bbon\u00a0\u00bb _builder_version=\u00a0\u00bb4.27.2&Prime; width_tablet=\u00a0\u00bb\u00a0\u00bb width_phone=\u00a0\u00bb\u00a0\u00bb width_last_edited=\u00a0\u00bbon|phone\u00a0\u00bb module_alignment=\u00a0\u00bbcenter\u00a0\u00bb custom_margin=\u00a0\u00bb|280px||auto|false|false\u00a0\u00bb custom_margin_tablet=\u00a0\u00bb\u00a0\u00bb custom_margin_phone=\u00a0\u00bb5%||5%||false|false\u00a0\u00bb custom_margin_last_edited=\u00a0\u00bbon|phone\u00a0\u00bb custom_padding=\u00a0\u00bb35px||35px||false|false\u00a0\u00bb global_colors_info=\u00a0\u00bb{}\u00a0\u00bb][et_pb_column type=\u00a0\u00bb1_4&Prime; _builder_version=\u00a0\u00bb4.27.2&Prime; global_colors_info=\u00a0\u00bb{}\u00a0\u00bb][et_pb_image src=\u00a0\u00bbhttps:\/\/groupe-grim.com\/bmw-motorrad\/wp-content\/uploads\/2020\/08\/mail-1.png\u00a0\u00bb alt=\u00a0\u00bbNous contacter\u00a0\u00bb align=\u00a0\u00bbcenter\u00a0\u00bb _builder_version=\u00a0\u00bb4.16&Prime; max_width=\u00a0\u00bb30%\u00a0\u00bb max_height=\u00a0\u00bb100px\u00a0\u00bb custom_margin_tablet=\u00a0\u00bb\u00a0\u00bb custom_margin_phone=\u00a0\u00bb5%||5%||false|false\u00a0\u00bb custom_margin_last_edited=\u00a0\u00bbon|phone\u00a0\u00bb global_colors_info=\u00a0\u00bb{}\u00a0\u00bb][\/et_pb_image][et_pb_button button_url=\u00a0\u00bbhttps:\/\/www.groupe-grim.com\/rendez-vous\/motorrad.html\u00a0\u00bb button_text=\u00a0\u00bbNous contacter\u00a0\u00bb button_alignment=\u00a0\u00bbcenter\u00a0\u00bb button_alignment_last_edited=\u00a0\u00bboff|desktop\u00a0\u00bb _builder_version=\u00a0\u00bb4.27.2&Prime; custom_button=\u00a0\u00bbon\u00a0\u00bb button_text_size=\u00a0\u00bb12px\u00a0\u00bb button_text_color=\u00a0\u00bb#ffffff\u00a0\u00bb button_bg_color=\u00a0\u00bb#0062ff\u00a0\u00bb button_border_width=\u00a0\u00bb6px\u00a0\u00bb button_border_color=\u00a0\u00bb#0062ff\u00a0\u00bb button_font=\u00a0\u00bbBMWMotorrad Regular|||on|||||\u00a0\u00bb button_use_icon=\u00a0\u00bboff\u00a0\u00bb custom_margin=\u00a0\u00bb10px||||false|false\u00a0\u00bb custom_margin_tablet=\u00a0\u00bb10px||||false|false\u00a0\u00bb custom_margin_phone=\u00a0\u00bb10px||||false|false\u00a0\u00bb custom_margin_last_edited=\u00a0\u00bbon|tablet\u00a0\u00bb animation_style=\u00a0\u00bbfade\u00a0\u00bb button_text_size_tablet=\u00a0\u00bb\u00a0\u00bb button_text_size_phone=\u00a0\u00bb15px\u00a0\u00bb button_text_size_last_edited=\u00a0\u00bbon|phone\u00a0\u00bb global_colors_info=\u00a0\u00bb{}\u00a0\u00bb][\/et_pb_button][\/et_pb_column][et_pb_column type=\u00a0\u00bb1_4&Prime; _builder_version=\u00a0\u00bb4.16&Prime; global_colors_info=\u00a0\u00bb{}\u00a0\u00bb][et_pb_image src=\u00a0\u00bbhttps:\/\/groupe-grim.com\/bmw-motorrad\/wp-content\/uploads\/2020\/08\/phone-2.png\u00a0\u00bb alt=\u00a0\u00bbUne Question ?\u00a0\u00bb title_text=\u00a0\u00bbphone (2)\u00a0\u00bb align=\u00a0\u00bbcenter\u00a0\u00bb _builder_version=\u00a0\u00bb4.16&Prime; width_tablet=\u00a0\u00bb\u00a0\u00bb width_phone=\u00a0\u00bb\u00a0\u00bb width_last_edited=\u00a0\u00bbon|desktop\u00a0\u00bb max_width=\u00a0\u00bb30%\u00a0\u00bb max_height=\u00a0\u00bb100px\u00a0\u00bb custom_margin_tablet=\u00a0\u00bb\u00a0\u00bb custom_margin_phone=\u00a0\u00bb5%||5%||false|false\u00a0\u00bb custom_margin_last_edited=\u00a0\u00bbon|phone\u00a0\u00bb global_colors_info=\u00a0\u00bb{}\u00a0\u00bb][\/et_pb_image][et_pb_button button_url=\u00a0\u00bbtel:0467504092&Prime; button_text=\u00a0\u00bbune question ?\u00a0\u00bb button_alignment=\u00a0\u00bbcenter\u00a0\u00bb button_alignment_last_edited=\u00a0\u00bboff|desktop\u00a0\u00bb _builder_version=\u00a0\u00bb4.27.2&Prime; custom_button=\u00a0\u00bbon\u00a0\u00bb button_text_size=\u00a0\u00bb12px\u00a0\u00bb button_text_color=\u00a0\u00bb#ffffff\u00a0\u00bb button_bg_color=\u00a0\u00bb#0062ff\u00a0\u00bb button_border_width=\u00a0\u00bb6px\u00a0\u00bb button_border_color=\u00a0\u00bb#0062ff\u00a0\u00bb button_font=\u00a0\u00bbBMWMotorrad Regular|||on|||||\u00a0\u00bb button_use_icon=\u00a0\u00bboff\u00a0\u00bb custom_margin=\u00a0\u00bb10px||||false|false\u00a0\u00bb animation_style=\u00a0\u00bbfade\u00a0\u00bb button_text_size_tablet=\u00a0\u00bb\u00a0\u00bb button_text_size_phone=\u00a0\u00bb15px\u00a0\u00bb button_text_size_last_edited=\u00a0\u00bbon|phone\u00a0\u00bb global_colors_info=\u00a0\u00bb{}\u00a0\u00bb][\/et_pb_button][\/et_pb_column][et_pb_column type=\u00a0\u00bb1_4&Prime; _builder_version=\u00a0\u00bb4.16&Prime; global_colors_info=\u00a0\u00bb{}\u00a0\u00bb][et_pb_image src=\u00a0\u00bbhttps:\/\/groupe-grim.com\/bmw-motorrad\/wp-content\/uploads\/2020\/08\/pickup-car.png\u00a0\u00bb alt=\u00a0\u00bbDemande d&rsquo;essai\u00a0\u00bb align=\u00a0\u00bbcenter\u00a0\u00bb _builder_version=\u00a0\u00bb4.16&Prime; max_width=\u00a0\u00bb30%\u00a0\u00bb max_height=\u00a0\u00bb100px\u00a0\u00bb custom_margin_tablet=\u00a0\u00bb\u00a0\u00bb custom_margin_phone=\u00a0\u00bb5%||5%||false|false\u00a0\u00bb custom_margin_last_edited=\u00a0\u00bbon|phone\u00a0\u00bb global_colors_info=\u00a0\u00bb{}\u00a0\u00bb][\/et_pb_image][et_pb_button button_url=\u00a0\u00bbhttps:\/\/www.groupe-grim.com\/rendez-vous\/motorrad.html\u00a0\u00bb button_text=\u00a0\u00bbR\u00e9server un essai\u00a0\u00bb button_alignment=\u00a0\u00bbcenter\u00a0\u00bb button_alignment_last_edited=\u00a0\u00bboff|desktop\u00a0\u00bb _builder_version=\u00a0\u00bb4.27.2&Prime; custom_button=\u00a0\u00bbon\u00a0\u00bb button_text_size=\u00a0\u00bb12px\u00a0\u00bb button_text_color=\u00a0\u00bb#ffffff\u00a0\u00bb button_bg_color=\u00a0\u00bb#0062ff\u00a0\u00bb button_border_width=\u00a0\u00bb6px\u00a0\u00bb button_border_color=\u00a0\u00bb#0062ff\u00a0\u00bb button_font=\u00a0\u00bbBMWMotorrad Regular|||on|||||\u00a0\u00bb button_use_icon=\u00a0\u00bboff\u00a0\u00bb custom_margin=\u00a0\u00bb10px||||false|false\u00a0\u00bb animation_style=\u00a0\u00bbfade\u00a0\u00bb button_text_size_tablet=\u00a0\u00bb\u00a0\u00bb button_text_size_phone=\u00a0\u00bb15px\u00a0\u00bb button_text_size_last_edited=\u00a0\u00bbon|phone\u00a0\u00bb global_colors_info=\u00a0\u00bb{}\u00a0\u00bb][\/et_pb_button][\/et_pb_column][et_pb_column type=\u00a0\u00bb1_4&Prime; _builder_version=\u00a0\u00bb4.16&Prime; global_colors_info=\u00a0\u00bb{}\u00a0\u00bb][et_pb_image src=\u00a0\u00bbhttps:\/\/groupe-grim.com\/bmw-motorrad\/wp-content\/uploads\/2020\/08\/newsletter.png\u00a0\u00bb alt=\u00a0\u00bbDemande d&rsquo;essai\u00a0\u00bb title_text=\u00a0\u00bbnewsletter\u00a0\u00bb align=\u00a0\u00bbcenter\u00a0\u00bb _builder_version=\u00a0\u00bb4.23.1&Prime; max_width=\u00a0\u00bb30%\u00a0\u00bb max_height=\u00a0\u00bb100px\u00a0\u00bb custom_margin_tablet=\u00a0\u00bb\u00a0\u00bb custom_margin_phone=\u00a0\u00bb5%||5%||false|false\u00a0\u00bb custom_margin_last_edited=\u00a0\u00bbon|phone\u00a0\u00bb global_colors_info=\u00a0\u00bb{}\u00a0\u00bb][\/et_pb_image][et_pb_button button_text=\u00a0\u00bbNewsletter\u00a0\u00bb button_alignment=\u00a0\u00bbcenter\u00a0\u00bb button_alignment_last_edited=\u00a0\u00bboff|desktop\u00a0\u00bb module_id=\u00a0\u00bbnewsletter-subscribe-grim\u00a0\u00bb _builder_version=\u00a0\u00bb4.27.2&Prime; custom_button=\u00a0\u00bbon\u00a0\u00bb button_text_size=\u00a0\u00bb12px\u00a0\u00bb button_text_color=\u00a0\u00bb#ffffff\u00a0\u00bb button_bg_color=\u00a0\u00bb#0062ff\u00a0\u00bb button_border_width=\u00a0\u00bb6px\u00a0\u00bb button_border_color=\u00a0\u00bb#0062ff\u00a0\u00bb button_font=\u00a0\u00bbBMWMotorrad Regular|||on|||||\u00a0\u00bb button_use_icon=\u00a0\u00bboff\u00a0\u00bb custom_margin=\u00a0\u00bb10px||||false|false\u00a0\u00bb animation_style=\u00a0\u00bbfade\u00a0\u00bb button_text_size_tablet=\u00a0\u00bb\u00a0\u00bb button_text_size_phone=\u00a0\u00bb15px\u00a0\u00bb button_text_size_last_edited=\u00a0\u00bbon|phone\u00a0\u00bb global_colors_info=\u00a0\u00bb{}\u00a0\u00bb][\/et_pb_button][\/et_pb_column][\/et_pb_row][et_pb_row _builder_version=\u00a0\u00bb4.23.1&Prime; custom_margin=\u00a0\u00bb15px|auto||auto||\u00a0\u00bb global_colors_info=\u00a0\u00bb{}\u00a0\u00bb][et_pb_column type=\u00a0\u00bb4_4&Prime; _builder_version=\u00a0\u00bb4.16&Prime; global_colors_info=\u00a0\u00bb{}\u00a0\u00bb][et_pb_toggle title=\u00a0\u00bbMentions l\u00e9gales\u00a0\u00bb open=\u00a0\u00bbon\u00a0\u00bb open_toggle_text_color=\u00a0\u00bb#0C71C3&Prime; open_toggle_background_color=\u00a0\u00bbRGBA(255,255,255,0)\u00a0\u00bb closed_toggle_background_color=\u00a0\u00bbRGBA(255,255,255,0)\u00a0\u00bb icon_color=\u00a0\u00bb#0C71C3&Prime; open_icon_color=\u00a0\u00bb#0C71C3&Prime; _builder_version=\u00a0\u00bb4.27.2&Prime; _module_preset=\u00a0\u00bbdefault\u00a0\u00bb title_text_color=\u00a0\u00bb#0C71C3&Prime; title_font=\u00a0\u00bbBMWMotorrad Bold||||||||\u00a0\u00bb closed_title_font=\u00a0\u00bbBMWMotorrad Regular||||||||\u00a0\u00bb body_font=\u00a0\u00bbBMWMotorrad Regular||||||||\u00a0\u00bb background_color=\u00a0\u00bbRGBA(255,255,255,0)\u00a0\u00bb global_colors_info=\u00a0\u00bb{}\u00a0\u00bb]<\/p>\n<div class=\"columncopy__col col2\">\n<p><strong>Mod\u00e8le pr\u00e9sent\u00e9 : BMW F 900 R<\/strong><\/p>\n<p>*Exemple pour une BMW F 900 R 2025. 36 loyers lin\u00e9aires : 89 \u20ac\/mois. Location Longue Dur\u00e9e sur 36 mois et pour 15000 km incluant l&rsquo;extension de garantie. Assurance perte financi\u00e8re \u00e0 souscrire par l\u2019interm\u00e9diaire de BMW Finance ou aupr\u00e8s de l\u2019assureur de votre choix, sous r\u00e9serve d\u2019en justifier aupr\u00e8s de BMW Finance. Offre r\u00e9serv\u00e9e aux particuliers pour toute commande d\u2019une BMW F 900 R 2025 dans vos concessions BMW Motorrad du Groupe GRIM, dans la limite des stocks disponibles et sous r\u00e9serve d&rsquo;acceptation par BMW Finance, SNC au capital de 87 000 000 \u20ac &#8211; RCS Versailles 343 606 448, inscrit \u00e0 l\u2019ORIAS sous le n\u00b007 008 883.<\/p>\n<p><strong style=\"font-size: 14px;\">Au quotidien, prenez les transports en commun.<\/strong><span style=\"font-size: 14px;\"> <\/span><strong style=\"font-size: 14px;\">Pour les trajets courts, privil\u00e9giez la marche ou le v\u00e9lo. #SeD\u00e9placerMoinsPolluer<\/strong><\/p>\n<p><strong><u><!-- notionvc: 1f7a74ca-08de-4e29-a4b1-f3c16b60e22a --><\/u><\/strong><\/p>\n<\/div>\n<p><span style=\"font-size: 11pt; font-family: 'Calibri Light', 'sans-serif'; font-weight: normal; color: #000000;\"><\/span><\/p>\n<p>[\/et_pb_toggle][\/et_pb_column][\/et_pb_row][\/et_pb_section]<\/p>\n<span class=\"et_bloom_bottom_trigger\"><\/span>","protected":false},"excerpt":{"rendered":"<p>d\u00e9couvrir l&rsquo;offre\u00a0Ce mois-ci, les concessions BMW Motorrad du Groupe GRIM \u00e0 Albi, Agen et Toulouse vous proposent une opportunit\u00e9 exceptionnelle pour acc\u00e9der \u00e0 la moto de vos r\u00eaves : la nouvelle BMW F 900 R, disponible d\u00e8s 89 \u20ac\/mois sans aucun apport*. Laissez-vous s\u00e9duire par ce roadster sportif au caract\u00e8re affirm\u00e9, con\u00e7u pour vous offrir [&hellip;]<\/p>\n","protected":false},"author":7,"featured_media":231272,"comment_status":"closed","ping_status":"open","sticky":false,"template":"","format":"standard","meta":{"_et_pb_use_builder":"on","_et_pb_old_content":"","_et_gb_content_width":"2880","two_page_speed":[],"footnotes":""},"categories":[4],"tags":[],"class_list":["post-231279","post","type-post","status-publish","format-standard","has-post-thumbnail","hentry","category-offres"],"_links":{"self":[{"href":"https:\/\/groupe-grim.com\/bmw-motorrad\/wp-json\/wp\/v2\/posts\/231279","targetHints":{"allow":["GET"]}}],"collection":[{"href":"https:\/\/groupe-grim.com\/bmw-motorrad\/wp-json\/wp\/v2\/posts"}],"about":[{"href":"https:\/\/groupe-grim.com\/bmw-motorrad\/wp-json\/wp\/v2\/types\/post"}],"author":[{"embeddable":true,"href":"https:\/\/groupe-grim.com\/bmw-motorrad\/wp-json\/wp\/v2\/users\/7"}],"replies":[{"embeddable":true,"href":"https:\/\/groupe-grim.com\/bmw-motorrad\/wp-json\/wp\/v2\/comments?post=231279"}],"version-history":[{"count":6,"href":"https:\/\/groupe-grim.com\/bmw-motorrad\/wp-json\/wp\/v2\/posts\/231279\/revisions"}],"predecessor-version":[{"id":231334,"href":"https:\/\/groupe-grim.com\/bmw-motorrad\/wp-json\/wp\/v2\/posts\/231279\/revisions\/231334"}],"wp:featuredmedia":[{"embeddable":true,"href":"https:\/\/groupe-grim.com\/bmw-motorrad\/wp-json\/wp\/v2\/media\/231272"}],"wp:attachment":[{"href":"https:\/\/groupe-grim.com\/bmw-motorrad\/wp-json\/wp\/v2\/media?parent=231279"}],"wp:term":[{"taxonomy":"category","embeddable":true,"href":"https:\/\/groupe-grim.com\/bmw-motorrad\/wp-json\/wp\/v2\/categories?post=231279"},{"taxonomy":"post_tag","embeddable":true,"href":"https:\/\/groupe-grim.com\/bmw-motorrad\/wp-json\/wp\/v2\/tags?post=231279"}],"curies":[{"name":"wp","href":"https:\/\/api.w.org\/{rel}","templated":true}]}}