{"id":17637,"date":"2020-06-10T10:56:48","date_gmt":"2020-06-10T08:56:48","guid":{"rendered":"https:\/\/groupe-grim.com\/bmw\/?p=17637"},"modified":"2021-04-01T15:37:53","modified_gmt":"2021-04-01T13:37:53","slug":"bmw-serie-4-coupe","status":"publish","type":"post","link":"https:\/\/groupe-grim.com\/bmw\/bmw-serie-4-coupe\/","title":{"rendered":"Nouvelle BMW S\u00e9rie 4 Coup\u00e9."},"content":{"rendered":"\n<p>La nouvelle BMW S\u00e9rie 4 Coup\u00e9 se montre plus originale et plus sportive que jamais. Des proportions aux r\u00e9glages des suspensions en passant par les \u00e9l\u00e9ments de design embl\u00e9matiques, le concept de cette deux-portes est enti\u00e8rement pens\u00e9 pour offrir une exp\u00e9rience de conduite particuli\u00e8rement intense&#8230;<\/p>\n\n\n\n<figure class=\"wp-block-embed-youtube aligncenter wp-block-embed is-type-video is-provider-youtube wp-embed-aspect-16-9 wp-has-aspect-ratio\"><div class=\"wp-block-embed__wrapper\">\n<iframe loading=\"lazy\" title=\"Enjoy every edge. The all-new BMW 4 Series Coup\u00e9.\" width=\"1080\" height=\"608\" src=\"https:\/\/www.youtube.com\/embed\/Nt_Fb4Hzkus?feature=oembed\" frameborder=\"0\" allow=\"accelerometer; autoplay; encrypted-media; gyroscope; picture-in-picture\" allowfullscreen><\/iframe>\n<\/div><\/figure>\n\n\n\n<blockquote class=\"wp-block-quote is-layout-flow wp-block-quote-is-layout-flow\"><p>\u00ab\u00a0La nouvelle BMW S\u00e9rie 4 Coup\u00e9, par son nouveau langage plastique, souligne une autonomie accrue et fa\u00e7onne un caract\u00e8re expressif d&rsquo;une grande force d&rsquo;attraction.\u201c <\/p><cite> Adrian van Hooydonk, directeur de BMW Group Design<\/cite><\/blockquote>\n\n\n\n<div class=\"wp-block-button aligncenter\"><a class=\"wp-block-button__link has-background has-luminous-vivid-orange-background-color\" href=\"https:\/\/www.groupe-grim.com\/rendez-vous\/bmw.html\">R\u00c9SERVER UN ESSAI<\/a><\/div>\n\n\n\n<hr class=\"wp-block-separator\"\/>\n\n\n\n<ul class=\"wp-block-list\"><li>Coup d\u2019envoi pour la nouvelle BMW S\u00e9rie 4 Coup\u00e9. La toute derni\u00e8re g\u00e9n\u00e9ration de&nbsp;cette deux-portes sportive ancr\u00e9e dans le segment Premium revendique son statut unique \u00e0 travers un concept automobile ax\u00e9 sur la dimension dynamique du plaisir de conduire et une nette diff\u00e9renciation par rapport \u00e0 la nouvelle BMW&nbsp;S\u00e9rie 3. Ce mod\u00e8le perp\u00e9tue une tradition des coup\u00e9s de marque BMW ayant d\u00e9j\u00e0 vu na\u00eetre de nombreuses automobiles de l\u00e9gende. Commercialisation \u00e0 partir d\u2019octobre 2020.<\/li><\/ul>\n\n\n\n<ul class=\"wp-block-list\"><li>Mod\u00e8le d\u00e9clin\u00e9 d\u00e8s le d\u00e9part en cinq variantes, dont l\u2019extr\u00eamement sportive BMW M440i xDrive Coup\u00e9 tr\u00f4nant pour la premi\u00e8re fois au sommet de la&nbsp;gamme. Ce mod\u00e8le phare est propuls\u00e9 par un 6&nbsp;cylindres en ligne essence de (374&nbsp;ch) 275 kW. Un 4&nbsp;cylindres essence et un 4&nbsp;cylindres Diesel sont \u00e9galement propos\u00e9s. Deux 6&nbsp;cylindres en ligne Diesel sont appel\u00e9s \u00e0 compl\u00e9ter la gamme en&nbsp;mars 2021.<\/li><\/ul>\n\n\n\n<ul class=\"wp-block-list\"><li>R\u00e9activit\u00e9 plus spontan\u00e9e et efficience optimis\u00e9e gr\u00e2ce \u00e0 la technologie d\u2019hybridation l\u00e9g\u00e8re mise en \u0153uvre sur le 6&nbsp;cylindres en ligne essence et sur l\u2019ensemble des motorisations Diesel. Alterno-d\u00e9marreur&nbsp;48V secondant le moteur thermique avec (11&nbsp;ch) 8 kW de&nbsp;puissance additionnelle. Suralimentation \u00e0 deux \u00e9tages d\u00e9sormais incorpor\u00e9e \u00e0 tous les moteurs Diesel.<\/li><\/ul>\n\n\n\n<ul class=\"wp-block-list\"><li>Bo\u00eete de vitesses automatique \u00e0 8&nbsp;rapports pour la premi\u00e8re fois de s\u00e9rie sur toutes les variantes. Bo\u00eete de vitesses automatique Sport \u00e0 8 rapports avec palettes au volant optionnelle, assortie de la nouvelle fonction sprint assurant des man\u0153uvres d\u2019acc\u00e9l\u00e9ration spontan\u00e9es et dynamiques. Technologie 4&nbsp;roues motrices intelligente BMW xDrive disponible en deux versions au lancement et en quatre versions \u00e0 partir de mars 2021.<\/li><\/ul>\n\n\n\n<ul class=\"wp-block-list\"><li>Nouvelle BMW S\u00e9rie 4 Coup\u00e9 arborant un profil plus ac\u00e9r\u00e9 que le mod\u00e8le pr\u00e9c\u00e9dent. Qualit\u00e9s de performances caract\u00e9ristiques d\u00e9coulant de l\u2019optimisation de la structure de carrosserie et du ch\u00e2ssis. Jeu de jambes de force sp\u00e9cifiques am\u00e9liorant la rigidit\u00e9 de la carrosserie. Centre de gravit\u00e9 abaiss\u00e9 de 21&nbsp;mm et voie arri\u00e8re \u00e9largie de 23&nbsp;mm par rapport \u00e0 la nouvelle BMW&nbsp;S\u00e9rie 3 Berline. Carrosserie et ch\u00e2ssis all\u00e9g\u00e9s. R\u00e9partition \u00e0 50\/50 de la charge sur les essieux. Optimisation cibl\u00e9e des propri\u00e9t\u00e9s a\u00e9rodynamiques et de la portance sur l\u2019essieu arri\u00e8re.<\/li><\/ul>\n\n\n\n<ul class=\"wp-block-list\"><li>Amortissement progressif de s\u00e9rie, avec r\u00e9glages sp\u00e9cifiques. Suspensions DirectDrive optionnelles avec un affermissement encore plus prononc\u00e9 des amortisseurs et direction DirectDrive \u00e0 d\u00e9multiplication variable. \u00c9galement disponibles en option : suspensions SelectDrive M avec r\u00e9gulation \u00e9lectronique des amortisseurs, syst\u00e8me de freinage M Sport avec \u00e9triers au choix en bleu ou en rouge, diff\u00e9rentiel M Sport avec fonction de verrouillage enti\u00e8rement variable dans le pont arri\u00e8re.<\/li><\/ul>\n\n\n\n<ul class=\"wp-block-list\"><li>Design nettement \u00e9mancip\u00e9 de la nouvelle BMW S\u00e9rie&nbsp;3 avec des surfaces clairement structur\u00e9es, une face avant expressive et des proportions caract\u00e9ristiques d\u2019un coup\u00e9. Nouvelles grilles de calandre BMW verticales, dans la tradition des l\u00e9gendaires coup\u00e9s de la marque et renvoyant aux besoins de refroidissement importants de la motorisation. Les vitres lat\u00e9rales \u00e9tir\u00e9es, les \u00e9paulements muscl\u00e9s et la ligne de toit fuyante mettent en valeur le caract\u00e8re \u00e0 la fois athl\u00e9tique et \u00e9l\u00e9gant de la voiture.<\/li><\/ul>\n\n\n\n<ul class=\"wp-block-list\"><li>Projecteurs \u00e0 LED de s\u00e9rie aux contours particuli\u00e8rement fins. BMW Laser disponibles en option. Feux arri\u00e8re \u00e0 LED \u00e9l\u00e9gamment fonc\u00e9s, avec guides de lumi\u00e8re en L typ\u00e9s.<\/li><\/ul>\n\n\n\n<ul class=\"wp-block-list\"><li>Finitions clairement ax\u00e9es sur le&nbsp;dynamisme. Finition M Sport en alternative \u00e0 la&nbsp;dotation de s\u00e9rie. \u00c9galement propos\u00e9&nbsp;: Pack M Sport Pro avec entre autres bo\u00eete de vitesses automatique Sport \u00e0 8 rapports avec palettes au volant, jantes M en&nbsp;alliage l\u00e9ger 19&Prime; et ambiance sonore sportive dans l\u2019habitacle. Vaste choix d\u2019accessoires M Performance disponibles d\u00e8s la&nbsp;commercialisation de la nouvelle BMW S\u00e9rie 4 Coup\u00e9.<\/li><\/ul>\n\n\n\n<ul class=\"wp-block-list\"><li>Nouveau design int\u00e9rieur particuli\u00e8rement ax\u00e9 sur la sportivit\u00e9. Poste de conduite orient\u00e9 vers le conducteur, nouvel ensemble d\u2019affichage avec \u00e9cran de contr\u00f4le jusqu\u2019\u00e0 10,25&Prime;&nbsp;et combin\u00e9 d\u2019instrumentation tout num\u00e9rique 12,3&Prime; (en option). Bloc de commandes luxueux sur la console centrale, nouveau volant Sport en cuir et nouveaux si\u00e8ges Advanced pour conducteur et passager avant disponibles de s\u00e9rie, repose-genou sur la&nbsp;console centrale en option. Deux places arri\u00e8re configur\u00e9es fa\u00e7on si\u00e8ges individuels.<\/li><\/ul>\n\n\n\n<ul class=\"wp-block-list\"><li>Confort acoustique et thermique nettement am\u00e9lior\u00e9 par rapport au mod\u00e8le pr\u00e9c\u00e9dent. Pare-brise avec vitrage insonorisant et nouvelle climatisation automatique 3&nbsp;zones disponibles de s\u00e9rie&nbsp;; disponibles en option&nbsp;: toit en verre coulissant et entreb\u00e2illable avec surface vitr\u00e9e allong\u00e9e de 24 mm, \u00e9clairage d\u2019ambiance incluant l\u2019\u00e9clairage de bienvenue avec tapis de lumi\u00e8re, syst\u00e8me hi-fi Harman Kardon Surround Sound et chauffage auxiliaire pilotable par smartphone ou BMW&nbsp;Display Key.<\/li><\/ul>\n\n\n\n<ul class=\"wp-block-list\"><li>Extension majeure de la gamme d\u2019aides \u00e0 la conduite par rapport au mod\u00e8le pr\u00e9c\u00e9dent. Avertisseur de risque de collision avant avec fonction freinage, avertisseur de franchissement de ligne avec retour dans la voie de circulation et assistance de direction et indicateur de limitation de vitesse d\u00e9sormais de s\u00e9rie. Le Drive Assist Pro optionnel comprend entre autres l\u2019assistant directionnel et de contr\u00f4le de la trajectoire enrichi des nouvelles fonctions guidage actif.<\/li><\/ul>\n\n\n\n<ul class=\"wp-block-list\"><li>La nouvelle g\u00e9n\u00e9ration de l\u2019affichage t\u00eate haute BMW offre une surface de projection agrandie de 70&nbsp;%. L\u2019innovante visualisation en 3D de l\u2019environnement du v\u00e9hicule affiche, dans le combin\u00e9 d\u2019instrumentation num\u00e9rique, une repr\u00e9sentation de la&nbsp;voiture dans son environnement et indique les possibilit\u00e9s d\u2019action existantes par le&nbsp;biais des aides \u00e0 la&nbsp;conduite activ\u00e9es.<\/li><\/ul>\n\n\n\n<ul class=\"wp-block-list\"><li>Radars de stationnement PDC avec capteurs avant et arri\u00e8re de s\u00e9rie, tout comme le Park Assist automatisant les man\u0153uvres de stationnement et de sortie de stationnement et incluant d\u00e9sormais l\u2019assistant de marche arri\u00e8re. Le Park Assist Plus ajoute les fonctions Park View, Panorama View, 3D Top View et Remote 3D View. Le&nbsp;BMW Drive Recorder enregistre des s\u00e9quences vid\u00e9o (40 secondes maximum) de l\u2019environnement du v\u00e9hicule.<\/li><\/ul>\n\n\n\n<ul class=\"wp-block-list\"><li>Le syst\u00e8me d\u2019exploitation BMW 7.0, de s\u00e9rie, permet d\u2019obtenir des affichages individuels et personnalis\u00e9s sur l\u2019\u00e9cran de contr\u00f4le et le combin\u00e9 d\u2019instrumentation, et donne aussi acc\u00e8s au BMW&nbsp;Intelligent Personal Assistant. Interaction optimis\u00e9e entre les occupants et le&nbsp;compagnon de route num\u00e9rique gr\u00e2ce au nouveau graphisme de l\u2019\u00e9cran de contr\u00f4le. Commande intuitive et multimodale via la fonction tactile de l\u2019\u00e9cran de contr\u00f4le, le Controller iDrive, les touches au volant, la commande vocale et la&nbsp;commande gestuelle optionnelle.<\/li><\/ul>\n\n\n\n<ul class=\"wp-block-list\"><li>Nouveau syst\u00e8me de navigation BMW Maps sur base de cloud disponible de s\u00e9rie. Calcul rapide et pr\u00e9cis de l\u2019itin\u00e9raire et de l\u2019heure d\u2019arriv\u00e9e, mise \u00e0 jour \u00e0 intervalles brefs des donn\u00e9es de circulation en temps r\u00e9el, saisie libre de texte pour s\u00e9lectionner les destinations de navigation.<\/li><\/ul>\n\n\n\n<ul class=\"wp-block-list\"><li>Int\u00e9gration smartphone&nbsp;disponible de s\u00e9rie avec Apple CarPlay et d\u00e9sormais aussi Android Auto, connexion sans fil Wi-Fi, affichages des informations sur l\u2019\u00e9cran de contr\u00f4le, dans le combin\u00e9 d\u2019instrumentation et via l\u2019affichage t\u00eate haute optionnel. Remote Software Upgrade permettant l\u2019installation \u00ab&nbsp;over- the-air&nbsp;\u00bb, \u00e0 bord de la voiture, de fonctions automobiles optimis\u00e9es et de nouveaux services num\u00e9riques.<\/li><\/ul>\n\n\n\n<p><strong>Motorisations disponibles en France&nbsp;:<br \/><\/strong><\/p>\n\n\n\n<p><strong>BMW 420i Coup\u00e9&nbsp;:<br \/><\/strong>Moteur 4 cylindres en ligne essence ; bo\u00eete de vitesses automatique \u00e0 8 rapports ; cylindr\u00e9e&nbsp;: 1 998 cm<sup>3<\/sup>&nbsp;; puissance&nbsp;: 184&nbsp;ch\/135 kW \u00e0 5 000 \u2013 6 500 tr\/min&nbsp;; couple maximal : 300 Nm \u00e0 1 350 \u2013 4 000 tr\/min ; acc\u00e9l\u00e9ration [0 \u2013 100 km\/h] : 7,5 secondes ; vitesse maximale : 240 km\/h ; consommation en cycle mixte : 6,3 \u2013 6,8 l\/100 km ; \u00e9missions de CO<sub>2<\/sub>&nbsp;en cycle mixte : 143 \u2013 156 g\/km&nbsp;; norme antipollution&nbsp;: Euro 6d.<br \/><br \/><\/p>\n\n\n\n<p><strong>BMW M440i xDrive Coup\u00e9&nbsp;:<br \/><\/strong>6 cylindres en ligne essence \u00e0 technologie d\u2019hybridation l\u00e9g\u00e8re 48 V (11 ch\/8 kW) ; bo\u00eete de vitesses automatique \u00e0 8 rapports ; BMW xDrive ; cylindr\u00e9e&nbsp;: 2 998 cm<sup>3<\/sup>&nbsp;; puissance&nbsp;: 374&nbsp;ch\/275 kW \u00e0 5 500 \u2013 6 500 tr\/min&nbsp;; couple maximal : 500 Nm \u00e0 1 900 \u2013 5 000 tr\/min ; acc\u00e9l\u00e9ration [0 \u2013 100 km\/h] : 4,5 secondes ; vitesse maximale : 250 km\/h ; consommation en cycle mixte : 7,5 \u2013 8,1 l\/100 km ; \u00e9missions de CO<sub>2<\/sub>&nbsp;en cycle mixte : 170 \u2013 186 g\/km&nbsp;; norme antipollution&nbsp;: Euro 6d.<br \/><br \/><\/p>\n\n\n\n<p><strong>BMW 420d Coup\u00e9&nbsp;:<br \/><\/strong>4 cylindres en ligne Diesel \u00e0 technologie d\u2019hybridation l\u00e9g\u00e8re 48 V (11 ch\/8 kW) ; bo\u00eete de vitesses automatique \u00e0 8 rapports ; cylindr\u00e9e&nbsp;: 1 995 cm<sup>3<\/sup>&nbsp;; puissance&nbsp;: 190&nbsp;ch\/140 kW \u00e0 4 000 tr\/min&nbsp;; couple maximal : 400 Nm \u00e0 1 750 \u2013 2 500 tr\/min ; acc\u00e9l\u00e9ration [0 \u2013 100 km\/h] : 7,1 secondes ; vitesse maximale : 240 km\/h ; consommation en cycle mixte : 4,5 \u2013 5,0 l\/100 km ; \u00e9missions de CO<sub>2<\/sub>&nbsp;en cycle mixte : 118 \u2013 131 g\/km&nbsp;; norme antipollution&nbsp;: Euro 6d.<br \/><br \/><\/p>\n\n\n\n<p><strong>BMW 420d xDrive Coup\u00e9&nbsp;:<br \/><\/strong>4 cylindres en ligne Diesel \u00e0 technologie d\u2019hybridation l\u00e9g\u00e8re 48 V (11 ch\/8 kW) ; bo\u00eete de vitesses automatique \u00e0 8 rapports ; BMW xDrive ; cylindr\u00e9e&nbsp;: 1 995 cm<sup>3<\/sup>&nbsp;; puissance&nbsp;: 190&nbsp;ch\/140 kW \u00e0 4 000 tr\/min&nbsp;; couple maximal : 400 Nm \u00e0 1 750 \u2013 2 500 tr\/min ; acc\u00e9l\u00e9ration [0 \u2013 100 km\/h] : 7,4 secondes ; vitesse maximale : 238 km\/h ; consommation en cycle mixte : 4,8 \u2013 5,3 l\/100 km ; \u00e9missions de CO<sub>2<\/sub>&nbsp;en cycle mixte : 126 \u2013 139 g\/km&nbsp;; norme antipollution&nbsp;: Euro 6d.<br \/><br \/><\/p>\n\n\n\n<p><strong>BMW 430d xDrive Coup\u00e9&nbsp;<\/strong>(disponibilit\u00e9 pr\u00e9visionnelle : mars 2021) : 6 cylindres en ligne Diesel \u00e0 technologie d\u2019hybridation l\u00e9g\u00e8re 48 V (11 ch\/8 kW) ; bo\u00eete de vitesses automatique \u00e0 8 rapports ; BMW xDrive ; cylindr\u00e9e&nbsp;: 2 993 cm<sup>3<\/sup>&nbsp;; puissance&nbsp;: 286&nbsp;ch\/210 kW \u00e0 4 000 tr\/min&nbsp;; couple maximal : 650 Nm \u00e0 1 500 \u2013 2 500 tr\/min ; acc\u00e9l\u00e9ration [0 \u2013 100 km\/h] : 5,2 secondes ; vitesse maximale&nbsp;: 250 km\/h.<br \/><br \/><\/p>\n\n\n\n<p><strong>BMW M440d xDrive Coup\u00e9&nbsp;<\/strong>(disponibilit\u00e9 pr\u00e9visionnelle : mars 2021) : 6 cylindres en ligne Diesel \u00e0 technologie d\u2019hybridation l\u00e9g\u00e8re 48 V (11 ch\/8 kW) ; bo\u00eete de vitesses automatique \u00e0 8 rapports ; BMW xDrive ; cylindr\u00e9e&nbsp;: 2 993 cm<sup>3<\/sup>&nbsp;; puissance&nbsp;: 340&nbsp;ch\/250 kW \u00e0 4 400&nbsp;tr\/min&nbsp;; couple maximal : 700 Nm \u00e0 1 750 \u2013 2 250 tr\/min ; acc\u00e9l\u00e9ration [0 \u2013 100 km\/h] : 4,7 secondes ; vitesse maximale&nbsp;: 250 km\/h.<\/p>\n\n\n\n<p><strong>Tarifs en vigueur au 2 juin 2020 \u2013 BMW S\u00e9rie 4 Coup\u00e9&nbsp;:<\/strong><\/p>\n\n\n\n<p>Finition Lounge :<br \/>420d&nbsp; : 50 550 \u20ac<br \/>420d xDrive : 52 950 \u20ac<br \/>420i : 48 000 \u20ac<\/p>\n\n\n\n<p>Finiton M Sport :<br \/>420d&nbsp; : 54 600 \u20ac<br \/>420d xDrive : 57 000 \u20ac<br \/>420i : 52 050 \u20ac<\/p>\n\n\n\n<p>M440i xDrive :<br \/>M440i xDrive : 68 400 \u20ac<\/p>\n\n\n\n<div class=\"wp-block-image\"><figure class=\"aligncenter size-large\"><img loading=\"lazy\" decoding=\"async\" width=\"285\" height=\"285\" src=\"https:\/\/groupe-grim.com\/bmw\/wp-content\/uploads\/2020\/06\/image.1589216508371.jpg\" alt=\"\" class=\"wp-image-17650\" srcset=\"https:\/\/groupe-grim.com\/bmw\/wp-content\/uploads\/2020\/06\/image.1589216508371.jpg 285w, https:\/\/groupe-grim.com\/bmw\/wp-content\/uploads\/2020\/06\/image.1589216508371-150x150.jpg 150w, https:\/\/groupe-grim.com\/bmw\/wp-content\/uploads\/2020\/06\/image.1589216508371-178x178.jpg 178w\" sizes=\"(max-width: 285px) 100vw, 285px\" \/><figcaption> <strong>BMW S\u00e9rie 4 coup\u00e9<\/strong> <\/figcaption><\/figure><\/div>\n\n\n\n<p>Sans compromis, pas conforme: la nouvelle BMW S\u00e9rie 4 Coup\u00e9 transcende les conventions existantes avec d\u00e9termination et \u00e9l\u00e9gance. Le design singulier et la silhouette classique du coup\u00e9 sont cit\u00e9s comme des ic\u00f4nes tout en soulignant sa progressivit\u00e9. La l\u00e9g\u00e8ret\u00e9 sportive s&rsquo;adapte parfaitement \u00e0 la route, o\u00f9 une agilit\u00e9 impressionnante et des performances spectaculaires augmentent les niveaux d&rsquo;adr\u00e9naline. Le puissant coup\u00e9 sport d\u00e9gage ainsi une aura d&rsquo;inaccessibilit\u00e9 qui le rend d&rsquo;autant plus attractif. <\/p>\n\n\n\n<div class=\"wp-block-image\"><figure class=\"aligncenter size-large\"><img loading=\"lazy\" decoding=\"async\" width=\"1024\" height=\"537\" src=\"https:\/\/groupe-grim.com\/bmw\/wp-content\/uploads\/2020\/06\/image-serie4png-1024x537.png\" alt=\"BMW Serie 4 Coupe\" class=\"wp-image-17641\" srcset=\"https:\/\/groupe-grim.com\/bmw\/wp-content\/uploads\/2020\/06\/image-serie4png-1024x537.png 1024w, https:\/\/groupe-grim.com\/bmw\/wp-content\/uploads\/2020\/06\/image-serie4png-980x514.png 980w, https:\/\/groupe-grim.com\/bmw\/wp-content\/uploads\/2020\/06\/image-serie4png-480x252.png 480w\" sizes=\"(min-width: 0px) and (max-width: 480px) 480px, (min-width: 481px) and (max-width: 980px) 980px, (min-width: 981px) 1024px, 100vw\" \/><figcaption> <strong>BMW S\u00e9rie 4 coup\u00e9<\/strong> <\/figcaption><\/figure><\/div>\n\n\n\n<p>LA CHAIR DE POULE. POUR LES YEUX.<\/p>\n\n\n\n<p>Le design ext\u00e9rieur de la BMW S\u00e9rie 4 Coup\u00e9.<br \/> Provocant, affirm\u00e9 et audacieux : avec son design ext\u00e9rieur inimitable, la BMW S\u00e9rie 4 Coup\u00e9 se manifeste comme une voiture solitaire rebelle. L&rsquo;avant marquant avec sa double calandre BMW unique souligne un caract\u00e8re marqu\u00e9 et symbolise l&rsquo;allure expressive de la Nouvelle BMW S\u00e9rie 4 Coup\u00e9.<\/p>\n\n\n\n<figure class=\"wp-block-gallery aligncenter columns-3 is-cropped wp-block-gallery-1 is-layout-flex wp-block-gallery-is-layout-flex\"><ul class=\"blocks-gallery-grid\"><li class=\"blocks-gallery-item\"><figure><img loading=\"lazy\" decoding=\"async\" width=\"285\" height=\"285\" src=\"https:\/\/groupe-grim.com\/bmw\/wp-content\/uploads\/2020\/06\/image.1589216508006.jpg\" alt=\"\" data-id=\"17642\" data-full-url=\"https:\/\/groupe-grim.com\/bmw\/wp-content\/uploads\/2020\/06\/image.1589216508006.jpg\" data-link=\"https:\/\/groupe-grim.com\/bmw\/?attachment_id=17642\" class=\"wp-image-17642\" srcset=\"https:\/\/groupe-grim.com\/bmw\/wp-content\/uploads\/2020\/06\/image.1589216508006.jpg 285w, https:\/\/groupe-grim.com\/bmw\/wp-content\/uploads\/2020\/06\/image.1589216508006-150x150.jpg 150w, https:\/\/groupe-grim.com\/bmw\/wp-content\/uploads\/2020\/06\/image.1589216508006-178x178.jpg 178w\" sizes=\"(max-width: 285px) 100vw, 285px\" \/><\/figure><\/li><li class=\"blocks-gallery-item\"><figure><img loading=\"lazy\" decoding=\"async\" width=\"285\" height=\"285\" src=\"https:\/\/groupe-grim.com\/bmw\/wp-content\/uploads\/2020\/06\/image.1589216508043.jpg\" alt=\"\" data-id=\"17643\" data-full-url=\"https:\/\/groupe-grim.com\/bmw\/wp-content\/uploads\/2020\/06\/image.1589216508043.jpg\" data-link=\"https:\/\/groupe-grim.com\/bmw\/?attachment_id=17643\" class=\"wp-image-17643\" srcset=\"https:\/\/groupe-grim.com\/bmw\/wp-content\/uploads\/2020\/06\/image.1589216508043.jpg 285w, https:\/\/groupe-grim.com\/bmw\/wp-content\/uploads\/2020\/06\/image.1589216508043-150x150.jpg 150w, https:\/\/groupe-grim.com\/bmw\/wp-content\/uploads\/2020\/06\/image.1589216508043-178x178.jpg 178w\" sizes=\"(max-width: 285px) 100vw, 285px\" \/><\/figure><\/li><li class=\"blocks-gallery-item\"><figure><img loading=\"lazy\" decoding=\"async\" width=\"963\" height=\"963\" src=\"https:\/\/groupe-grim.com\/bmw\/wp-content\/uploads\/2020\/06\/image.1591085903425.jpg\" alt=\"\" data-id=\"17644\" data-full-url=\"https:\/\/groupe-grim.com\/bmw\/wp-content\/uploads\/2020\/06\/image.1591085903425.jpg\" data-link=\"https:\/\/groupe-grim.com\/bmw\/?attachment_id=17644\" class=\"wp-image-17644\" srcset=\"https:\/\/groupe-grim.com\/bmw\/wp-content\/uploads\/2020\/06\/image.1591085903425.jpg 963w, https:\/\/groupe-grim.com\/bmw\/wp-content\/uploads\/2020\/06\/image.1591085903425-480x480.jpg 480w\" sizes=\"(min-width: 0px) and (max-width: 480px) 480px, (min-width: 481px) 963px, 100vw\" \/><\/figure><\/li><li class=\"blocks-gallery-item\"><figure><img loading=\"lazy\" decoding=\"async\" width=\"485\" height=\"485\" src=\"https:\/\/groupe-grim.com\/bmw\/wp-content\/uploads\/2020\/06\/image.1591085988403.jpg\" alt=\"\" data-id=\"17645\" data-full-url=\"https:\/\/groupe-grim.com\/bmw\/wp-content\/uploads\/2020\/06\/image.1591085988403.jpg\" data-link=\"https:\/\/groupe-grim.com\/bmw\/?attachment_id=17645\" class=\"wp-image-17645\" srcset=\"https:\/\/groupe-grim.com\/bmw\/wp-content\/uploads\/2020\/06\/image.1591085988403.jpg 485w, https:\/\/groupe-grim.com\/bmw\/wp-content\/uploads\/2020\/06\/image.1591085988403-480x480.jpg 480w\" sizes=\"(min-width: 0px) and (max-width: 480px) 480px, (min-width: 481px) 485px, 100vw\" \/><\/figure><\/li><li class=\"blocks-gallery-item\"><figure><img loading=\"lazy\" decoding=\"async\" width=\"485\" height=\"485\" src=\"https:\/\/groupe-grim.com\/bmw\/wp-content\/uploads\/2020\/06\/image.1591086023198.jpg\" alt=\"\" data-id=\"17646\" data-full-url=\"https:\/\/groupe-grim.com\/bmw\/wp-content\/uploads\/2020\/06\/image.1591086023198.jpg\" data-link=\"https:\/\/groupe-grim.com\/bmw\/?attachment_id=17646\" class=\"wp-image-17646\" srcset=\"https:\/\/groupe-grim.com\/bmw\/wp-content\/uploads\/2020\/06\/image.1591086023198.jpg 485w, https:\/\/groupe-grim.com\/bmw\/wp-content\/uploads\/2020\/06\/image.1591086023198-480x480.jpg 480w\" sizes=\"(min-width: 0px) and (max-width: 480px) 480px, (min-width: 481px) 485px, 100vw\" \/><\/figure><\/li><li class=\"blocks-gallery-item\"><figure><img loading=\"lazy\" decoding=\"async\" width=\"385\" height=\"385\" src=\"https:\/\/groupe-grim.com\/bmw\/wp-content\/uploads\/2020\/06\/image.1591086057824.jpg\" alt=\"\" data-id=\"17647\" data-full-url=\"https:\/\/groupe-grim.com\/bmw\/wp-content\/uploads\/2020\/06\/image.1591086057824.jpg\" data-link=\"https:\/\/groupe-grim.com\/bmw\/?attachment_id=17647\" class=\"wp-image-17647\" srcset=\"https:\/\/groupe-grim.com\/bmw\/wp-content\/uploads\/2020\/06\/image.1591086057824.jpg 385w, https:\/\/groupe-grim.com\/bmw\/wp-content\/uploads\/2020\/06\/image.1591086057824-300x300.jpg 300w, https:\/\/groupe-grim.com\/bmw\/wp-content\/uploads\/2020\/06\/image.1591086057824-150x150.jpg 150w, https:\/\/groupe-grim.com\/bmw\/wp-content\/uploads\/2020\/06\/image.1591086057824-178x178.jpg 178w\" sizes=\"(max-width: 385px) 100vw, 385px\" \/><\/figure><\/li><\/ul><\/figure>\n\n\n\n<p>LE NOUVEAU JUSTE MILIEU.<\/p>\n\n\n\n<p>L&rsquo;habitacle de la BMW S\u00e9rie 4 Coup\u00e9.<br \/>La complexit\u00e9 en exergue. Le design int\u00e9rieur de la BMW S\u00e9rie 4 Coup\u00e9 met le conducteur au centre de l&rsquo;attention. Outre la conception fonctionnelle de l&rsquo;habitacle, le langage plastique pr\u00e9cis et les \u00e9l\u00e9ments de design de grande qualit\u00e9 contribuent \u00e9galement \u00e0 une allure moderne et ind\u00e9pendante.<\/p>\n\n\n\n<figure class=\"wp-block-gallery columns-3 is-cropped wp-block-gallery-2 is-layout-flex wp-block-gallery-is-layout-flex\"><ul class=\"blocks-gallery-grid\"><li class=\"blocks-gallery-item\"><figure><img loading=\"lazy\" decoding=\"async\" width=\"485\" height=\"485\" src=\"https:\/\/groupe-grim.com\/bmw\/wp-content\/uploads\/2020\/06\/image.1589216508204.jpg\" alt=\"\" data-id=\"17648\" data-full-url=\"https:\/\/groupe-grim.com\/bmw\/wp-content\/uploads\/2020\/06\/image.1589216508204.jpg\" data-link=\"https:\/\/groupe-grim.com\/bmw\/?attachment_id=17648\" class=\"wp-image-17648\" srcset=\"https:\/\/groupe-grim.com\/bmw\/wp-content\/uploads\/2020\/06\/image.1589216508204.jpg 485w, https:\/\/groupe-grim.com\/bmw\/wp-content\/uploads\/2020\/06\/image.1589216508204-480x480.jpg 480w\" sizes=\"(min-width: 0px) and (max-width: 480px) 480px, (min-width: 481px) 485px, 100vw\" \/><\/figure><\/li><li class=\"blocks-gallery-item\"><figure><img loading=\"lazy\" decoding=\"async\" width=\"963\" height=\"963\" src=\"https:\/\/groupe-grim.com\/bmw\/wp-content\/uploads\/2020\/06\/image.1591086134618.jpg\" alt=\"\" data-id=\"17649\" data-full-url=\"https:\/\/groupe-grim.com\/bmw\/wp-content\/uploads\/2020\/06\/image.1591086134618.jpg\" data-link=\"https:\/\/groupe-grim.com\/bmw\/?attachment_id=17649\" class=\"wp-image-17649\" srcset=\"https:\/\/groupe-grim.com\/bmw\/wp-content\/uploads\/2020\/06\/image.1591086134618.jpg 963w, https:\/\/groupe-grim.com\/bmw\/wp-content\/uploads\/2020\/06\/image.1591086134618-480x480.jpg 480w\" sizes=\"(min-width: 0px) and (max-width: 480px) 480px, (min-width: 481px) 963px, 100vw\" \/><\/figure><\/li><li class=\"blocks-gallery-item\"><figure><img loading=\"lazy\" decoding=\"async\" width=\"485\" height=\"485\" src=\"https:\/\/groupe-grim.com\/bmw\/wp-content\/uploads\/2020\/06\/image.1591086177115.jpg\" alt=\"\" data-id=\"17651\" data-full-url=\"https:\/\/groupe-grim.com\/bmw\/wp-content\/uploads\/2020\/06\/image.1591086177115.jpg\" data-link=\"https:\/\/groupe-grim.com\/bmw\/?attachment_id=17651\" class=\"wp-image-17651\" srcset=\"https:\/\/groupe-grim.com\/bmw\/wp-content\/uploads\/2020\/06\/image.1591086177115.jpg 485w, https:\/\/groupe-grim.com\/bmw\/wp-content\/uploads\/2020\/06\/image.1591086177115-480x480.jpg 480w\" sizes=\"(min-width: 0px) and (max-width: 480px) 480px, (min-width: 481px) 485px, 100vw\" \/><\/figure><\/li><li class=\"blocks-gallery-item\"><figure><img loading=\"lazy\" decoding=\"async\" width=\"385\" height=\"385\" src=\"https:\/\/groupe-grim.com\/bmw\/wp-content\/uploads\/2020\/06\/image.1591086204768.jpg\" alt=\"\" data-id=\"17652\" data-full-url=\"https:\/\/groupe-grim.com\/bmw\/wp-content\/uploads\/2020\/06\/image.1591086204768.jpg\" data-link=\"https:\/\/groupe-grim.com\/bmw\/?attachment_id=17652\" class=\"wp-image-17652\" srcset=\"https:\/\/groupe-grim.com\/bmw\/wp-content\/uploads\/2020\/06\/image.1591086204768.jpg 385w, https:\/\/groupe-grim.com\/bmw\/wp-content\/uploads\/2020\/06\/image.1591086204768-300x300.jpg 300w, https:\/\/groupe-grim.com\/bmw\/wp-content\/uploads\/2020\/06\/image.1591086204768-150x150.jpg 150w, https:\/\/groupe-grim.com\/bmw\/wp-content\/uploads\/2020\/06\/image.1591086204768-178x178.jpg 178w\" sizes=\"(max-width: 385px) 100vw, 385px\" \/><\/figure><\/li><li class=\"blocks-gallery-item\"><figure><img loading=\"lazy\" decoding=\"async\" width=\"685\" height=\"385\" src=\"https:\/\/groupe-grim.com\/bmw\/wp-content\/uploads\/2020\/06\/image.1591130826640.jpg\" alt=\"\" data-id=\"17653\" data-full-url=\"https:\/\/groupe-grim.com\/bmw\/wp-content\/uploads\/2020\/06\/image.1591130826640.jpg\" data-link=\"https:\/\/groupe-grim.com\/bmw\/?attachment_id=17653\" class=\"wp-image-17653\" srcset=\"https:\/\/groupe-grim.com\/bmw\/wp-content\/uploads\/2020\/06\/image.1591130826640.jpg 685w, https:\/\/groupe-grim.com\/bmw\/wp-content\/uploads\/2020\/06\/image.1591130826640-480x270.jpg 480w\" sizes=\"(min-width: 0px) and (max-width: 480px) 480px, (min-width: 481px) 685px, 100vw\" \/><\/figure><\/li><\/ul><\/figure>\n\n\n\n<h2 class=\"wp-block-heading\">BMW INDIVIDUAL POUR LA NOUVELLE BMW S\u00c9RIE 4 COUP\u00c9.<\/h2>\n\n\n\n<p>Exceptionnelle, autonome, individuelle&nbsp;: avec les \u00e9quipements exclusifs de haute qualit\u00e9 BMW Individual, donnez \u00e0 la nouvelle BMW S\u00e9rie 4 Coup\u00e9 ce petit quelque chose en plus qui vous ressemble. Soyez pr\u00eat \u00e0 mettre des accents extravagants sur la route avec les fascinantes teintes BMW Individual. En combinaison avec les impressionnantes jantes 19&Prime; BMW en alliage l\u00e9ger Individual 793 I, bicolores, le mod\u00e8le se pr\u00e9sente sous le signe de la singularit\u00e9 \u00e9l\u00e9gante. \u00c0 l\u2019int\u00e9rieur \u00e9galement, soulignez votre sens de l\u2019originalit\u00e9 par des inserts d\u00e9coratifs BMW Individual haut de gamme ou des garnissages en cuir BMW Individual particuli\u00e8rement raffin\u00e9s.<br \/><\/p>\n\n\n\n<h3 class=\"wp-block-heading\">COMPORTEMENT DYNAMIQUE.<\/h3>\n\n\n\n<h2 class=\"wp-block-heading\">Les composants de la propulsion et des suspensions de la nouvelle BMW S\u00e9rie 4 Coup\u00e9.<\/h2>\n\n\n\n<p>Tenue de route sportive, maniabilit\u00e9 optimale et grande agilit\u00e9&nbsp;: nn mati\u00e8re de performances et dynamisme, la nouvelle BMW S\u00e9rie 4 Coup\u00e9 procure des sensations de conduite incomparables. Avec les moteurs performants BMW TwinPower Turbo et les composants de la suspension parfaitement adapt\u00e9s, ce coup\u00e9 sport est par\u00e9 \u00e0 relever tous les d\u00e9fis.<\/p>\n\n\n\n<p class=\"has-text-align-center\">Pour tout renseignement sur la<strong>&nbsp;nouvelle BMW S\u00e9rie 4 coup\u00e9 &nbsp;<\/strong>&nbsp;\u00e0 Valence, Mont\u00e9limar et Montpellier : &nbsp;<strong><a href=\"tel:0-805-02-14-14\">0.805.02.14.14 (Num\u00e9ro gratuit)<\/a><\/strong>du lundi au dimanche de 9h00 \u00e0 22h00<\/p>\n\n\n\n<p class=\"has-text-align-center\"><a href=\"https:\/\/www.groupe-grim.com\/rendez-vous\/bmw.html\" class=\"rank-math-link\">Essayer un v\u00e9hicule<\/a>&nbsp;I&nbsp;<a href=\"https:\/\/www.groupe-grim.com\/rendez-vous\/bmw.html\">Demander une offre de reprise<\/a>&nbsp;I&nbsp;<a href=\"https:\/\/www.groupe-grim.com\/rendez-vous\/bmw.html\">Demander Une offre de financement<\/a>&nbsp;I&nbsp;<a href=\"https:\/\/www.grim-occasion.com\/vehicules-occasion\/?swoof=1&amp;marque=bmw\" target=\"_blank\" rel=\"noopener\">GRIM Occasion<\/a><\/p>\n\n\n\n<p style=\"font-size:9px\" class=\"has-text-align-center\"><a href=\"https:\/\/www.groupe-grim.com\/voiture-occasion-valence\/\" class=\"rank-math-link\">Occasion Valence<\/a>&nbsp;\u2013&nbsp;<a href=\"https:\/\/www.groupe-grim.com\/voiture-occasion-beziers\/\" class=\"rank-math-link\">Occasion B\u00e9ziers<\/a>&nbsp;\u2013&nbsp;<a href=\"https:\/\/www.groupe-grim.com\/voiture-occasion-montelimar\/\" class=\"rank-math-link\">Occasion Mont\u00e9limar&nbsp;<\/a>\u2013&nbsp;<a href=\"https:\/\/www.groupe-grim.com\/voiture-occasion-nimes\/\" class=\"rank-math-link\">Occasion N\u00eemes<\/a>&nbsp;\u2013&nbsp;<a href=\"https:\/\/www.groupe-grim.com\/voiture-occasion-dax\/\">Occasion Dax<\/a>&nbsp;\u2013&nbsp;<a href=\"https:\/\/www.groupe-grim.com\/voiture-occasion-bayonne\/\">Occasion Bayonne<\/a>&nbsp;\u2013<a href=\"https:\/\/www.groupe-grim.com\/voiture-occasion-rodez\/\">&nbsp;Occasion Rodez<\/a>&nbsp;\u2013<a href=\"https:\/\/www.groupe-grim.com\/voiture-occasion-aurillac\/\">&nbsp;Occasion Aurillac<\/a>&nbsp;\u2013&nbsp;<a href=\"https:\/\/www.groupe-grim.com\/voiture-occasion-montpellier\/\">Occasion Montpellier<\/a><\/p>\n<span class=\"et_bloom_bottom_trigger\"><\/span>","protected":false},"excerpt":{"rendered":"<p>La nouvelle BMW S\u00e9rie 4 Coup\u00e9 se montre plus originale et plus sportive que jamais. Des proportions aux r\u00e9glages des suspensions en passant par les \u00e9l\u00e9ments de design embl\u00e9matiques, le concept de cette deux-portes est enti\u00e8rement pens\u00e9 pour offrir une exp\u00e9rience de conduite particuli\u00e8rement intense&#8230; \u00ab\u00a0La nouvelle BMW S\u00e9rie 4 Coup\u00e9, par son nouveau langage [&hellip;]<\/p>\n","protected":false},"author":7,"featured_media":19491,"comment_status":"open","ping_status":"open","sticky":false,"template":"","format":"standard","meta":{"_et_pb_use_builder":"off","_et_pb_old_content":"","_et_gb_content_width":"664","footnotes":""},"categories":[11],"tags":[],"class_list":["post-17637","post","type-post","status-publish","format-standard","has-post-thumbnail","hentry","category-actualites"],"_links":{"self":[{"href":"https:\/\/groupe-grim.com\/bmw\/wp-json\/wp\/v2\/posts\/17637","targetHints":{"allow":["GET"]}}],"collection":[{"href":"https:\/\/groupe-grim.com\/bmw\/wp-json\/wp\/v2\/posts"}],"about":[{"href":"https:\/\/groupe-grim.com\/bmw\/wp-json\/wp\/v2\/types\/post"}],"author":[{"embeddable":true,"href":"https:\/\/groupe-grim.com\/bmw\/wp-json\/wp\/v2\/users\/7"}],"replies":[{"embeddable":true,"href":"https:\/\/groupe-grim.com\/bmw\/wp-json\/wp\/v2\/comments?post=17637"}],"version-history":[{"count":0,"href":"https:\/\/groupe-grim.com\/bmw\/wp-json\/wp\/v2\/posts\/17637\/revisions"}],"wp:featuredmedia":[{"embeddable":true,"href":"https:\/\/groupe-grim.com\/bmw\/wp-json\/wp\/v2\/media\/19491"}],"wp:attachment":[{"href":"https:\/\/groupe-grim.com\/bmw\/wp-json\/wp\/v2\/media?parent=17637"}],"wp:term":[{"taxonomy":"category","embeddable":true,"href":"https:\/\/groupe-grim.com\/bmw\/wp-json\/wp\/v2\/categories?post=17637"},{"taxonomy":"post_tag","embeddable":true,"href":"https:\/\/groupe-grim.com\/bmw\/wp-json\/wp\/v2\/tags?post=17637"}],"curies":[{"name":"wp","href":"https:\/\/api.w.org\/{rel}","templated":true}]}}