{"id":39027,"date":"2024-10-15T14:00:29","date_gmt":"2024-10-15T12:00:29","guid":{"rendered":"https:\/\/groupe-grim.com\/bmw\/?p=39027"},"modified":"2025-04-03T13:46:56","modified_gmt":"2025-04-03T11:46:56","slug":"bmw-la-moins-chere","status":"publish","type":"post","link":"https:\/\/groupe-grim.com\/bmw\/bmw-la-moins-chere\/","title":{"rendered":"Quelle est la BMW la moins ch\u00e8re ?"},"content":{"rendered":"\n<p>Vous r\u00eavez de vous offrir une BMW mais \u00eates persuad\u00e9s que ce n&rsquo;est pas \u00e0 port\u00e9e de votre bourse ? Vous allez \u00eatre surpris ! En effet, dans cet article on vous prouve qu&rsquo;il est possible de trouver des mod\u00e8les BMW accessibles pour vous permettre de b\u00e9n\u00e9ficier du confort de conduite et des technologies de pointe offertes par la marque \u00e0 l&rsquo;h\u00e9lice.<\/p>\n\n\n\n<p>Tenez vous pr\u00eat, on va vous r\u00e9v\u00e9ler quelle est <strong>la BMW la moins ch\u00e8re<\/strong>, dans chaque segment : thermique, \u00e9lectrique ou hybride rechargeable. D\u00e9couvrez d\u00e8s maintenant quelles sont les meilleures options.<\/p>\n\n\n\n<div style=\"height:30px\" aria-hidden=\"true\" class=\"wp-block-spacer\"><\/div>\n\n\n\n<h2 class=\"wp-block-heading\">BMW S\u00e9rie 1 : La BMW la moins ch\u00e8re<\/h2>\n\n\n\n<div style=\"height:30px\" aria-hidden=\"true\" class=\"wp-block-spacer\"><\/div>\n\n\n\n<figure class=\"wp-block-image size-full\"><img loading=\"lazy\" decoding=\"async\" width=\"850\" height=\"478\" src=\"https:\/\/groupe-grim.com\/bmw\/wp-content\/uploads\/2024\/10\/BMW-Serie-1-120-finition-M.jpg\" alt=\"La BMW la moins ch\u00e8re roulant sur une route \" class=\"wp-image-39036\" srcset=\"https:\/\/groupe-grim.com\/bmw\/wp-content\/uploads\/2024\/10\/BMW-Serie-1-120-finition-M.jpg 850w, https:\/\/groupe-grim.com\/bmw\/wp-content\/uploads\/2024\/10\/BMW-Serie-1-120-finition-M-480x270.jpg 480w\" sizes=\"(min-width: 0px) and (max-width: 480px) 480px, (min-width: 481px) 850px, 100vw\" \/><figcaption class=\"wp-element-caption\">BMW S\u00e9rie 1 120 finition M Sport<\/figcaption><\/figure>\n\n\n\n<div style=\"height:30px\" aria-hidden=\"true\" class=\"wp-block-spacer\"><\/div>\n\n\n\n<h3 class=\"wp-block-heading\">Pourquoi choisir la BMW S\u00e9rie 1 ?<\/h3>\n\n\n\n<div style=\"height:30px\" aria-hidden=\"true\" class=\"wp-block-spacer\"><\/div>\n\n\n\n<p>La <strong>BMW S\u00e9rie 1<\/strong> est un mod\u00e8le compact, dynamique et abordable, offrant une porte d&rsquo;entr\u00e9e dans l&rsquo;univers BMW. C&rsquo;est <strong>la BMW la moins ch\u00e8re<\/strong>, toutes cat\u00e9gories confondues ! <br \/>Id\u00e9ale pour ceux qui recherchent un mod\u00e8le offrant tous les avantages d&rsquo;un v\u00e9hicule premium tout en ma\u00eetrisant leur budget. La <strong>BMW S\u00e9rie 1<\/strong> se distingue par son design \u00e9l\u00e9gant, sa conduite sportive, et ses technologies de pointe.<\/p>\n\n\n\n<div style=\"height:30px\" aria-hidden=\"true\" class=\"wp-block-spacer\"><\/div>\n\n\n\n<div class=\"wp-block-buttons is-content-justification-center is-layout-flex wp-container-core-buttons-is-layout-16018d1d wp-block-buttons-is-layout-flex\">\n<div class=\"wp-block-button\"><a class=\"wp-block-button__link wp-element-button\" href=\"https:\/\/www.groupe-grim.com\/rendez-vous\/bmw.html\"><mark style=\"background-color:rgba(0, 0, 0, 0)\" class=\"has-inline-color has-white-color\">Prendre rendez-vous<\/mark><\/a><\/div>\n<\/div>\n\n\n\n<div style=\"height:45px\" aria-hidden=\"true\" class=\"wp-block-spacer\"><\/div>\n\n\n\n<h3 class=\"wp-block-heading\">Caract\u00e9ristiques principales de la BMW S\u00e9rie 1<\/h3>\n\n\n\n<div style=\"height:30px\" aria-hidden=\"true\" class=\"wp-block-spacer\"><\/div>\n\n\n\n<h4 class=\"wp-block-heading\">Design<\/h4>\n\n\n\n<p>Un design retravaill\u00e9 tout en conservant l&rsquo;ADN de la mythique<strong> BMW S\u00e9rie 1<\/strong>, plus sportive qu&rsquo;auparavant mais toujours aussi compacte.<\/p>\n\n\n\n<div style=\"height:30px\" aria-hidden=\"true\" class=\"wp-block-spacer\"><\/div>\n\n\n\n<h4 class=\"wp-block-heading\">Motorisations<\/h4>\n\n\n\n<p>La<strong> BMW S\u00e9rie 1 116<\/strong> est \u00e9quip\u00e9e d&rsquo;un moteur essence de 122 chevaux qui en fait<strong> la BMW la moins ch\u00e8re avec un prix \u00e0 partir de 34 950\u20ac<\/strong>. Toutefois, il faut savoir qu&rsquo;elle est d\u00e9clin\u00e9e dans d&rsquo;autres versions avec une motorisation plus puissante qui restent abordables comme la <strong>BMW S\u00e9rie 1 120<\/strong> qui offre 170 chevaux d\u00e8s 38 950\u20ac.<\/p>\n\n\n\n<div style=\"height:30px\" aria-hidden=\"true\" class=\"wp-block-spacer\"><\/div>\n\n\n\n<h4 class=\"wp-block-heading\">Technologies<\/h4>\n\n\n\n<p>\u00c9cran tactile BMW Curved Display, connectivit\u00e9 avanc\u00e9e, r\u00e9gulateur de vitesse avec fonction de freinage et assistance au stationnement. <\/p>\n\n\n\n<div style=\"height:30px\" aria-hidden=\"true\" class=\"wp-block-spacer\"><\/div>\n\n\n\n<figure class=\"wp-block-gallery has-nested-images columns-default is-cropped wp-block-gallery-1 is-layout-flex wp-block-gallery-is-layout-flex\">\n<figure class=\"wp-block-image size-large\"><img loading=\"lazy\" decoding=\"async\" width=\"850\" height=\"478\" data-id=\"39038\" src=\"https:\/\/groupe-grim.com\/bmw\/wp-content\/uploads\/2024\/10\/BMW-Serie-1-120-finition-M-interieur.jpg\" alt=\"Int\u00e9rieur de la BMW la moins ch\u00e8re\" class=\"wp-image-39038\" srcset=\"https:\/\/groupe-grim.com\/bmw\/wp-content\/uploads\/2024\/10\/BMW-Serie-1-120-finition-M-interieur.jpg 850w, https:\/\/groupe-grim.com\/bmw\/wp-content\/uploads\/2024\/10\/BMW-Serie-1-120-finition-M-interieur-480x270.jpg 480w\" sizes=\"(min-width: 0px) and (max-width: 480px) 480px, (min-width: 481px) 850px, 100vw\" \/><\/figure>\n\n\n\n<figure class=\"wp-block-image size-large\"><img loading=\"lazy\" decoding=\"async\" width=\"850\" height=\"478\" data-id=\"39037\" src=\"https:\/\/groupe-grim.com\/bmw\/wp-content\/uploads\/2024\/10\/BMW-Serie-1-120-finition-M-arriere.jpg\" alt=\"Arri\u00e8re de la BMW S\u00e9rie 1 120 finition M Sport\" class=\"wp-image-39037\" srcset=\"https:\/\/groupe-grim.com\/bmw\/wp-content\/uploads\/2024\/10\/BMW-Serie-1-120-finition-M-arriere.jpg 850w, https:\/\/groupe-grim.com\/bmw\/wp-content\/uploads\/2024\/10\/BMW-Serie-1-120-finition-M-arriere-480x270.jpg 480w\" sizes=\"(min-width: 0px) and (max-width: 480px) 480px, (min-width: 481px) 850px, 100vw\" \/><\/figure>\n<\/figure>\n\n\n\n<div style=\"height:45px\" aria-hidden=\"true\" class=\"wp-block-spacer\"><\/div>\n\n\n\n<h3 class=\"wp-block-heading\">Pourquoi opter pour la BMW S\u00e9rie 1 ?<\/h3>\n\n\n\n<div style=\"height:30px\" aria-hidden=\"true\" class=\"wp-block-spacer\"><\/div>\n\n\n\n<p>La nouvelle <strong>BMW S\u00e9rie 1<\/strong> est la citadine parfaite : compacte, \u00e9l\u00e9gante et dot\u00e9e d&rsquo;un style sportif, elle a tout pour plaire ! <br \/>Son moteur thermique est une solution id\u00e9ale pour les conducteurs qui parcourent r\u00e9guli\u00e8rement de longs trajets ou n&rsquo;ont pas la possibilit\u00e9 de recharger leur voiture au quotidien. De plus, lorsque l&rsquo;on regarde de plus pr\u00e8s les \u00e9quipements de s\u00e9rie propos\u00e9s, on s&rsquo;aper\u00e7oit vite que la <strong>BMW S\u00e9rie 1<\/strong> propose un <strong>excellent rapport qualit\u00e9\/prix<\/strong>. Pour ceux qui veulent un v\u00e9hicule compact, performant et accessible, la <strong>BMW S\u00e9rie 1<\/strong> s&rsquo;impose comme le choix id\u00e9al ! <\/p>\n\n\n\n<p><a href=\"https:\/\/groupe-grim.com\/bmw\/nouvelle-bmw-serie-1-2024\/\">\u00c0 lire : Tout savoir sur la nouvelle BMW S\u00e9rie 1 (2024)<\/a><\/p>\n\n\n\n<div style=\"height:45px\" aria-hidden=\"true\" class=\"wp-block-spacer\"><\/div>\n\n\n\n<h2 class=\"wp-block-heading\">BMW iX1 : La BMW la moins ch\u00e8re dans la cat\u00e9gorie \u00e9lectrique<\/h2>\n\n\n\n<div style=\"height:30px\" aria-hidden=\"true\" class=\"wp-block-spacer\"><\/div>\n\n\n\n<figure class=\"wp-block-image size-full\"><img loading=\"lazy\" decoding=\"async\" width=\"850\" height=\"478\" src=\"https:\/\/groupe-grim.com\/bmw\/wp-content\/uploads\/2024\/10\/BMW-iX1-xDrive30.jpg\" alt=\"BMW iX1 vue de profil sur un chemin pav\u00e9 devant une maison \" class=\"wp-image-39039\" srcset=\"https:\/\/groupe-grim.com\/bmw\/wp-content\/uploads\/2024\/10\/BMW-iX1-xDrive30.jpg 850w, https:\/\/groupe-grim.com\/bmw\/wp-content\/uploads\/2024\/10\/BMW-iX1-xDrive30-480x270.jpg 480w\" sizes=\"(min-width: 0px) and (max-width: 480px) 480px, (min-width: 481px) 850px, 100vw\" \/><figcaption class=\"wp-element-caption\">BMW iX1 xDrive30<\/figcaption><\/figure>\n\n\n\n<div style=\"height:30px\" aria-hidden=\"true\" class=\"wp-block-spacer\"><\/div>\n\n\n\n<h3 class=\"wp-block-heading\">Pr\u00e9sentation de la BMW iX1<\/h3>\n\n\n\n<div style=\"height:30px\" aria-hidden=\"true\" class=\"wp-block-spacer\"><\/div>\n\n\n\n<p>Depuis quelques ann\u00e9es, la mobilit\u00e9 \u00e9lectrique est au c\u0153ur des pr\u00e9occupations des constructeurs automobile qui se surpassent pour proposer des v\u00e9hicules toujours plus verts afin de r\u00e9pondre aux attentes d&rsquo;une soci\u00e9t\u00e9 qui \u00e9volue. <br \/>Pour satisfaire les conducteurs qui souhaitent s&rsquo;offrir un SUV \u00e9lectrique de haute qualit\u00e9 tout en respectant un budget raisonnable, BMW propose la <strong>BMW iX1<\/strong>, qui est aujourd&rsquo;hui<strong> la BMW la moins ch\u00e8re parmi la gamme \u00e9lectrique<\/strong> de la marque, gr\u00e2ce \u00e0 un prix de d\u00e9part de 46 950\u20ac. <br \/>Ce SUV compact et respectueux de l&rsquo;environnement est la version \u00e9lectrique de l&#8217;embl\u00e9matique <a href=\"https:\/\/www.youtube.com\/shorts\/mZtB25rJVP8?app=desktop\" target=\"_blank\" rel=\"noopener\">BMW X1<\/a>, parfait pour ceux qui souhaitent s&rsquo;offrir le confort d&rsquo;un SUV dans des proportions raisonnables et faciles \u00e0 man\u0153uvrer. <\/p>\n\n\n\n<div style=\"height:30px\" aria-hidden=\"true\" class=\"wp-block-spacer\"><\/div>\n\n\n\n<div class=\"wp-block-buttons is-content-justification-center is-layout-flex wp-container-core-buttons-is-layout-16018d1d wp-block-buttons-is-layout-flex\">\n<div class=\"wp-block-button\"><a class=\"wp-block-button__link wp-element-button\" href=\"https:\/\/configure.bmw.fr\/fr_FR\/configure\/U11E\/71EG\/FKTNL,P0300,S01LX,S0230,S02PA,S02VB,S02VF,S0322,S0337,S0428,S0430,S0431,S0478,S0481,S04H2,S04NW,S04T2,S04U9,S0548,S0552,S05AC,S05AV,S05DM,S0654,S06AE,S06AF,S06NX,S06PA,S0710,S0760,S0775,S07EV,S0854,S0881,S08R3,S08R9,S08TF,S08WN,S08WQ,S09T1,S09T2\/SE000001?_gl=1*7tj4m1*_gcl_au*MTMzMTM1Njk2Mi4xNzI4NjM3MDM1\" target=\"_blank\" rel=\"noopener\"><mark style=\"background-color:rgba(0, 0, 0, 0)\" class=\"has-inline-color has-white-color\">Configurez votre BMW iX1<\/mark><\/a><\/div>\n<\/div>\n\n\n\n<div style=\"height:45px\" aria-hidden=\"true\" class=\"wp-block-spacer\"><\/div>\n\n\n\n<h3 class=\"wp-block-heading\">Caract\u00e9ristiques principales de la BMW iX1<\/h3>\n\n\n\n<div style=\"height:30px\" aria-hidden=\"true\" class=\"wp-block-spacer\"><\/div>\n\n\n\n<h4 class=\"wp-block-heading\">Autonomie et recharge<\/h4>\n\n\n\n<p>Avec une autonomie allant jusqu&rsquo;\u00e0 474 km, la <strong>BMW iX1<\/strong> permet de couvrir des trajets quotidiens et des d\u00e9placements plus longs sans souci. Elle se recharge de 10 \u00e0 80% en moins de 30 minutes gr\u00e2ce aux bornes de recharge rapide.<\/p>\n\n\n\n<div style=\"height:30px\" aria-hidden=\"true\" class=\"wp-block-spacer\"><\/div>\n\n\n\n<h4 class=\"wp-block-heading\">Technologie et confort<\/h4>\n\n\n\n<p>La <strong>BMW iX1<\/strong> b\u00e9n\u00e9ficie d\u2019un habitacle raffin\u00e9 con\u00e7u avec des mat\u00e9riaux de qualit\u00e9, une interface intuitive, et des syst\u00e8mes d\u2019assistance \u00e0 la conduite avanc\u00e9s pour rendre chaque trajet le plus confortable possible pour le conducteur comme pour les passagers. <\/p>\n\n\n\n<div style=\"height:30px\" aria-hidden=\"true\" class=\"wp-block-spacer\"><\/div>\n\n\n\n<h4 class=\"wp-block-heading\">Performances \u00e9lectriques<\/h4>\n\n\n\n<p>Silencieuse, avec une acc\u00e9l\u00e9ration rapide, la <strong>BMW iX1<\/strong> offre une exp\u00e9rience de conduite fluide tout en respectant l\u2019environnement.<\/p>\n\n\n\n<div style=\"height:30px\" aria-hidden=\"true\" class=\"wp-block-spacer\"><\/div>\n\n\n\n<figure class=\"wp-block-gallery has-nested-images columns-default is-cropped wp-block-gallery-2 is-layout-flex wp-block-gallery-is-layout-flex\">\n<figure class=\"wp-block-image size-large\"><img loading=\"lazy\" decoding=\"async\" width=\"850\" height=\"478\" data-id=\"39041\" src=\"https:\/\/groupe-grim.com\/bmw\/wp-content\/uploads\/2024\/10\/BMW-iX1-xDrive30-face.jpg\" alt=\"BMW iX1 de face\" class=\"wp-image-39041\" srcset=\"https:\/\/groupe-grim.com\/bmw\/wp-content\/uploads\/2024\/10\/BMW-iX1-xDrive30-face.jpg 850w, https:\/\/groupe-grim.com\/bmw\/wp-content\/uploads\/2024\/10\/BMW-iX1-xDrive30-face-480x270.jpg 480w\" sizes=\"(min-width: 0px) and (max-width: 480px) 480px, (min-width: 481px) 850px, 100vw\" \/><\/figure>\n\n\n\n<figure class=\"wp-block-image size-large\"><img loading=\"lazy\" decoding=\"async\" width=\"850\" height=\"478\" data-id=\"39040\" src=\"https:\/\/groupe-grim.com\/bmw\/wp-content\/uploads\/2024\/10\/BMW-iX1-xDrive30-arriere.jpg\" alt=\"Arri\u00e8re de la BMW iX1\" class=\"wp-image-39040\" srcset=\"https:\/\/groupe-grim.com\/bmw\/wp-content\/uploads\/2024\/10\/BMW-iX1-xDrive30-arriere.jpg 850w, https:\/\/groupe-grim.com\/bmw\/wp-content\/uploads\/2024\/10\/BMW-iX1-xDrive30-arriere-480x270.jpg 480w\" sizes=\"(min-width: 0px) and (max-width: 480px) 480px, (min-width: 481px) 850px, 100vw\" \/><\/figure>\n<\/figure>\n\n\n\n<div style=\"height:30px\" aria-hidden=\"true\" class=\"wp-block-spacer\"><\/div>\n\n\n\n<h3 class=\"wp-block-heading\">Pourquoi choisir une BMW iX1 ?<\/h3>\n\n\n\n<div style=\"height:30px\" aria-hidden=\"true\" class=\"wp-block-spacer\"><\/div>\n\n\n\n<p>Les voitures \u00e9lectriques comme la <strong>BMW iX1<\/strong> permettent de r\u00e9aliser des \u00e9conomies sur le carburant et l\u2019entretien tout en b\u00e9n\u00e9ficiant de primes \u00e9cologiques int\u00e9ressantes. <br \/>Au del\u00e0 de \u00e7a, elle vous permet de r\u00e9duire votre impact environnemental tout en profitant d&rsquo;un confort premium. Ses dimensions id\u00e9ales permettent d&rsquo;assurer un grand confort pour tous les passagers tout en restant suffisamment compacte pour se garer en ville. Avec tant de qualit\u00e9s, <strong>la BMW la moins ch\u00e8re<\/strong> dans le segment \u00e9lectrique ne laissera personne indiff\u00e9rent. <\/p>\n\n\n\n<div style=\"height:30px\" aria-hidden=\"true\" class=\"wp-block-spacer\"><\/div>\n\n\n\n<div class=\"wp-block-buttons is-content-justification-center is-layout-flex wp-container-core-buttons-is-layout-16018d1d wp-block-buttons-is-layout-flex\">\n<div class=\"wp-block-button\"><a class=\"wp-block-button__link wp-element-button\" href=\"https:\/\/www.groupe-grim.com\/rendez-vous\/bmw.html\"><mark style=\"background-color:rgba(0, 0, 0, 0)\" class=\"has-inline-color has-white-color\">Venez l&rsquo;essayer<\/mark><\/a><\/div>\n<\/div>\n\n\n\n<div style=\"height:45px\" aria-hidden=\"true\" class=\"wp-block-spacer\"><\/div>\n\n\n\n<h2 class=\"wp-block-heading\">BMW S\u00e9rie 2 Active Tourer : La BMW la moins ch\u00e8re de la gamme hybride rechargeable<\/h2>\n\n\n\n<div style=\"height:30px\" aria-hidden=\"true\" class=\"wp-block-spacer\"><\/div>\n\n\n\n<figure class=\"wp-block-image size-full\"><img loading=\"lazy\" decoding=\"async\" width=\"850\" height=\"478\" src=\"https:\/\/groupe-grim.com\/bmw\/wp-content\/uploads\/2024\/10\/BMW-Serie-2-Active-Tourer-230e-xDrive.jpg\" alt=\"BMW S\u00e9rie 2 Active Tourer devant un parc\" class=\"wp-image-39042\" srcset=\"https:\/\/groupe-grim.com\/bmw\/wp-content\/uploads\/2024\/10\/BMW-Serie-2-Active-Tourer-230e-xDrive.jpg 850w, https:\/\/groupe-grim.com\/bmw\/wp-content\/uploads\/2024\/10\/BMW-Serie-2-Active-Tourer-230e-xDrive-480x270.jpg 480w\" sizes=\"(min-width: 0px) and (max-width: 480px) 480px, (min-width: 481px) 850px, 100vw\" \/><figcaption class=\"wp-element-caption\">BMW S\u00e9rie 2 Active Tourer 230e xDrive<\/figcaption><\/figure>\n\n\n\n<div style=\"height:30px\" aria-hidden=\"true\" class=\"wp-block-spacer\"><\/div>\n\n\n\n<h3 class=\"wp-block-heading\">Un aper\u00e7u de la BMW S\u00e9rie 2 Active Tourer Hybride<\/h3>\n\n\n\n<div style=\"height:30px\" aria-hidden=\"true\" class=\"wp-block-spacer\"><\/div>\n\n\n\n<p>Pour ceux qui recherchent la flexibilit\u00e9 d\u2019un moteur hybride, la <strong>BMW S\u00e9rie 2 Active Tourer<\/strong> est <strong>la BMW la moins ch\u00e8re<\/strong> de sa cat\u00e9gorie. Ce mod\u00e8le allie moteur thermique et \u00e9lectrique pour offrir une polyvalence unique, id\u00e9ale pour les familles ou les conducteurs qui alternent entre conduite urbaine et trajets longue distance. <br \/>Mais cette polyvalence a un co\u00fbt : en effet la technologie hybride rechargeable est l&rsquo;option la plus ch\u00e8re en termes de motorisation car elle combine un moteur thermique et un moteur \u00e9lectrique qui fonctionnent en bin\u00f4me, ce qui est plus complexe \u00e0 produire. <\/p>\n\n\n\n<div style=\"height:30px\" aria-hidden=\"true\" class=\"wp-block-spacer\"><\/div>\n\n\n\n<div class=\"wp-block-buttons is-content-justification-center is-layout-flex wp-container-core-buttons-is-layout-16018d1d wp-block-buttons-is-layout-flex\">\n<div class=\"wp-block-button\"><a class=\"wp-block-button__link wp-element-button\" href=\"https:\/\/www.bmw.fr\/fr\/tous-les-modeles\/2-series\/activetourer\/2021\/bmw-serie2-active-tourer-apercu.html\" target=\"_blank\" rel=\"noopener\"><mark style=\"background-color:rgba(0, 0, 0, 0)\" class=\"has-inline-color has-white-color\">D\u00e9couvrez-la<\/mark><\/a><\/div>\n<\/div>\n\n\n\n<div style=\"height:45px\" aria-hidden=\"true\" class=\"wp-block-spacer\"><\/div>\n\n\n\n<h3 class=\"wp-block-heading\">Caract\u00e9ristiques principales de la BMW S\u00e9rie 2 Active Tourer Hybride<\/h3>\n\n\n\n<div style=\"height:30px\" aria-hidden=\"true\" class=\"wp-block-spacer\"><\/div>\n\n\n\n<h4 class=\"wp-block-heading\">Efficacit\u00e9 \u00e9nerg\u00e9tique <\/h4>\n\n\n\n<p>Avec sa motorisation hybride rechargeable, la <strong>BMW S\u00e9rie 2 Active Tourer<\/strong> peut parcourir environ 90 km en mode tout \u00e9lectrique, parfait pour les d\u00e9placements quotidiens en ville sans jamais avoir besoin de passer en mode thermique. <\/p>\n\n\n\n<div style=\"height:30px\" aria-hidden=\"true\" class=\"wp-block-spacer\"><\/div>\n\n\n\n<h4 class=\"wp-block-heading\"><strong>Confort et espace<\/strong><\/h4>\n\n\n\n<p>Le mod\u00e8le offre un habitacle spacieux, avec des si\u00e8ges modulables et un volume de coffre tr\u00e8s g\u00e9n\u00e9reux, ce qui en fait une option id\u00e9ale pour les familles qui recherchent un bon compromis entre espace int\u00e9rieur et ext\u00e9rieur compact. <\/p>\n\n\n\n<div style=\"height:30px\" aria-hidden=\"true\" class=\"wp-block-spacer\"><\/div>\n\n\n\n<h4 class=\"wp-block-heading\"><strong>Technologie embarqu\u00e9e<\/strong><\/h4>\n\n\n\n<p>\u00c0 l&rsquo;instar des autres BMW que nous vous avons pr\u00e9sent\u00e9 plus haut, la <strong>BMW S\u00e9rie 2 Active Tourer<\/strong> dispose d&rsquo;une large gamme d&rsquo;\u00e9quipements de s\u00e9rie comme l&rsquo;assistant de stationnement, le r\u00e9gulateur de vitesse avec freinage, la possibilit\u00e9 de choisir diff\u00e9rents modes de conduite ou encore un \u00e9cran tactile BMW Curved Display. <\/p>\n\n\n\n<div style=\"height:30px\" aria-hidden=\"true\" class=\"wp-block-spacer\"><\/div>\n\n\n\n<figure class=\"wp-block-gallery has-nested-images columns-default is-cropped wp-block-gallery-3 is-layout-flex wp-block-gallery-is-layout-flex\">\n<figure class=\"wp-block-image size-large\"><img loading=\"lazy\" decoding=\"async\" width=\"850\" height=\"478\" data-id=\"39043\" src=\"https:\/\/groupe-grim.com\/bmw\/wp-content\/uploads\/2024\/10\/BMW-Serie-2-Active-Tourer-230e-xDrive-profil.jpg\" alt=\"BMW S\u00e9rie 2 active tourer de profil sur un parking\" class=\"wp-image-39043\" srcset=\"https:\/\/groupe-grim.com\/bmw\/wp-content\/uploads\/2024\/10\/BMW-Serie-2-Active-Tourer-230e-xDrive-profil.jpg 850w, https:\/\/groupe-grim.com\/bmw\/wp-content\/uploads\/2024\/10\/BMW-Serie-2-Active-Tourer-230e-xDrive-profil-480x270.jpg 480w\" sizes=\"(min-width: 0px) and (max-width: 480px) 480px, (min-width: 481px) 850px, 100vw\" \/><\/figure>\n\n\n\n<figure class=\"wp-block-image size-large\"><img loading=\"lazy\" decoding=\"async\" width=\"850\" height=\"478\" data-id=\"39044\" src=\"https:\/\/groupe-grim.com\/bmw\/wp-content\/uploads\/2024\/10\/Arriere.jpg\" alt=\"Arri\u00e8re de la BMW la moins ch\u00e8re dans la cat\u00e9gorie hybride rechargeable\" class=\"wp-image-39044\" srcset=\"https:\/\/groupe-grim.com\/bmw\/wp-content\/uploads\/2024\/10\/Arriere.jpg 850w, https:\/\/groupe-grim.com\/bmw\/wp-content\/uploads\/2024\/10\/Arriere-480x270.jpg 480w\" sizes=\"(min-width: 0px) and (max-width: 480px) 480px, (min-width: 481px) 850px, 100vw\" \/><\/figure>\n<\/figure>\n\n\n\n<div style=\"height:30px\" aria-hidden=\"true\" class=\"wp-block-spacer\"><\/div>\n\n\n\n<h3 class=\"wp-block-heading\">Pourquoi opter pour une BMW S\u00e9rie 2 Active Tourer hybride rechargeable ?<\/h3>\n\n\n\n<div style=\"height:30px\" aria-hidden=\"true\" class=\"wp-block-spacer\"><\/div>\n\n\n\n<p>Les v\u00e9hicules hybrides comme la <strong>BMW S\u00e9rie 2 Active Tourer<\/strong> offrent le meilleur des deux mondes : la possibilit\u00e9 de rouler en mode \u00e9lectrique en ville pour r\u00e9duire la consommation de carburant et les \u00e9missions, tout en ayant l&rsquo;assurance d&rsquo;un moteur thermique pour les trajets plus longs. C\u2019est une solution id\u00e9ale pour ceux qui souhaitent r\u00e9duire leur empreinte carbone tout en conservant la flexibilit\u00e9 d\u2019un moteur classique. D&rsquo;autant que son prix de 51 160\u20ac la place comme<strong> la BMW la moins ch\u00e8re de la gamme hybride rechargeable<\/strong>. <\/p>\n\n\n\n<p><a href=\"https:\/\/groupe-grim.com\/bmw\/combien-coute-une-bmw\/\">\u00c0 lire : Combien co\u00fbte une BMW ?<\/a><\/p>\n\n\n\n<div style=\"height:30px\" aria-hidden=\"true\" class=\"wp-block-spacer\"><\/div>\n\n\n\n<h2 class=\"wp-block-heading\">Ce qu&rsquo;il faut retenir<\/h2>\n\n\n\n<div style=\"height:30px\" aria-hidden=\"true\" class=\"wp-block-spacer\"><\/div>\n\n\n\n<p>Que vous soyez \u00e0 la recherche d\u2019une voiture thermique, \u00e9lectrique ou hybride, BMW propose des mod\u00e8les pour tous les besoins et tous les budgets. La <strong>BMW la moins ch\u00e8re<\/strong> dans chaque segment offre des prestations haut de gamme sans compromis sur la qualit\u00e9 et le plaisir de conduire. Que ce soit la <strong>BMW S\u00e9rie 1<\/strong>, la <strong>BMW iX1<\/strong> ou la <strong>BMW S\u00e9rie 2 Active Tourer<\/strong>, il existe une BMW qui saura r\u00e9pondre \u00e0 vos attentes tout en respectant votre budget.<\/p>\n\n\n\n<p>N\u2019h\u00e9sitez pas \u00e0 vous rendre en concession pour un essai et d\u00e9couvrir par vous-m\u00eame les avantages de <strong>la BMW la moins ch\u00e8re<\/strong> dans chaque cat\u00e9gorie.<\/p>\n\n\n\n<div style=\"height:30px\" aria-hidden=\"true\" class=\"wp-block-spacer\"><\/div>\n\n\n\n<div class=\"wp-block-buttons is-content-justification-center is-layout-flex wp-container-core-buttons-is-layout-16018d1d wp-block-buttons-is-layout-flex\">\n<div class=\"wp-block-button\"><a class=\"wp-block-button__link wp-element-button\" href=\"https:\/\/www.groupe-grim.com\/rendez-vous\/bmw.html\"><mark style=\"background-color:rgba(0, 0, 0, 0)\" class=\"has-inline-color has-white-color\">Prendre rendez-vous<\/mark><\/a><\/div>\n<\/div>\n\n\n\n<div style=\"height:72px\" aria-hidden=\"true\" class=\"wp-block-spacer\"><\/div>\n<span class=\"et_bloom_bottom_trigger\"><\/span>","protected":false},"excerpt":{"rendered":"<p>Vous r\u00eavez de vous offrir une BMW mais \u00eates persuad\u00e9s que ce n&rsquo;est pas \u00e0 port\u00e9e de votre bourse ? Vous allez \u00eatre surpris ! En effet, dans cet article on vous prouve qu&rsquo;il est possible de trouver des mod\u00e8les BMW accessibles pour vous permettre de b\u00e9n\u00e9ficier du confort de conduite et des technologies de [&hellip;]<\/p>\n","protected":false},"author":15,"featured_media":39035,"comment_status":"open","ping_status":"open","sticky":false,"template":"","format":"standard","meta":{"_et_pb_use_builder":"off","_et_pb_old_content":"<!-- wp:paragraph -->\n<p>Vous r\u00eavez de vous offrir une BMW mais \u00eates persuad\u00e9s que ce n'est pas \u00e0 port\u00e9e de votre bourse ? Vous allez \u00eatre surpris ! En effet, dans cet article on vous prouve qu'il est possible de trouver des mod\u00e8les BMW accessibles pour vous permettre de b\u00e9n\u00e9ficier du confort de conduite et des technologies de pointe offertes par la marque \u00e0 l'h\u00e9lice.<\/p>\n<!-- \/wp:paragraph -->\n\n<!-- wp:paragraph -->\n<p>Tenez vous pr\u00eat, on va vous r\u00e9v\u00e9ler quelle est <strong>la BMW la moins ch\u00e8re<\/strong>, dans chaque segment : thermique, \u00e9lectrique ou hybride rechargeable. D\u00e9couvrez d\u00e8s maintenant quelles sont les meilleures options.<\/p>\n<!-- \/wp:paragraph -->\n\n<!-- wp:spacer {\"height\":\"30px\"} -->\n<div style=\"height:30px\" aria-hidden=\"true\" class=\"wp-block-spacer\"><\/div>\n<!-- \/wp:spacer -->\n\n<!-- wp:heading -->\n<h2 class=\"wp-block-heading\">BMW S\u00e9rie 1 : La BMW la moins ch\u00e8re<\/h2>\n<!-- \/wp:heading -->\n\n<!-- wp:spacer {\"height\":\"30px\"} -->\n<div style=\"height:30px\" aria-hidden=\"true\" class=\"wp-block-spacer\"><\/div>\n<!-- \/wp:spacer -->\n\n<!-- wp:image {\"id\":39036,\"sizeSlug\":\"full\",\"linkDestination\":\"none\"} -->\n<figure class=\"wp-block-image size-full\"><img src=\"https:\/\/groupe-grim.com\/bmw\/wp-content\/uploads\/2024\/10\/BMW-Serie-1-120-finition-M.jpg\" alt=\"La BMW la moins ch\u00e8re roulant sur une route \" class=\"wp-image-39036\"\/><figcaption class=\"wp-element-caption\">BMW S\u00e9rie 1 120 finition M Sport<\/figcaption><\/figure>\n<!-- \/wp:image -->\n\n<!-- wp:spacer {\"height\":\"30px\"} -->\n<div style=\"height:30px\" aria-hidden=\"true\" class=\"wp-block-spacer\"><\/div>\n<!-- \/wp:spacer -->\n\n<!-- wp:heading {\"level\":3} -->\n<h3 class=\"wp-block-heading\">Pourquoi choisir la BMW S\u00e9rie 1 ?<\/h3>\n<!-- \/wp:heading -->\n\n<!-- wp:spacer {\"height\":\"30px\"} -->\n<div style=\"height:30px\" aria-hidden=\"true\" class=\"wp-block-spacer\"><\/div>\n<!-- \/wp:spacer -->\n\n<!-- wp:paragraph -->\n<p>La <strong>BMW S\u00e9rie 1<\/strong> est un mod\u00e8le compact, dynamique et abordable, offrant une porte d'entr\u00e9e dans l'univers BMW. C'est <strong>la BMW la moins ch\u00e8re<\/strong>, toutes cat\u00e9gories confondues ! <br \/>Id\u00e9ale pour ceux qui recherchent un mod\u00e8le offrant tous les avantages d'un v\u00e9hicule premium tout en ma\u00eetrisant leur budget. La <strong>BMW S\u00e9rie 1<\/strong> se distingue par son design \u00e9l\u00e9gant, sa conduite sportive, et ses technologies de pointe.<\/p>\n<!-- \/wp:paragraph -->\n\n<!-- wp:spacer {\"height\":\"30px\"} -->\n<div style=\"height:30px\" aria-hidden=\"true\" class=\"wp-block-spacer\"><\/div>\n<!-- \/wp:spacer -->\n\n<!-- wp:buttons {\"layout\":{\"type\":\"flex\",\"justifyContent\":\"center\"}} -->\n<div class=\"wp-block-buttons\"><!-- wp:button -->\n<div class=\"wp-block-button\"><a class=\"wp-block-button__link wp-element-button\" href=\"https:\/\/www.groupe-grim.com\/rendez-vous\/bmw.html\"><mark style=\"background-color:rgba(0, 0, 0, 0)\" class=\"has-inline-color has-white-color\">Prendre rendez-vous<\/mark><\/a><\/div>\n<!-- \/wp:button --><\/div>\n<!-- \/wp:buttons -->\n\n<!-- wp:spacer {\"height\":\"45px\"} -->\n<div style=\"height:45px\" aria-hidden=\"true\" class=\"wp-block-spacer\"><\/div>\n<!-- \/wp:spacer -->\n\n<!-- wp:heading {\"level\":3} -->\n<h3 class=\"wp-block-heading\">Caract\u00e9ristiques principales de la BMW S\u00e9rie 1<\/h3>\n<!-- \/wp:heading -->\n\n<!-- wp:spacer {\"height\":\"30px\"} -->\n<div style=\"height:30px\" aria-hidden=\"true\" class=\"wp-block-spacer\"><\/div>\n<!-- \/wp:spacer -->\n\n<!-- wp:heading {\"level\":4} -->\n<h4 class=\"wp-block-heading\">Design<\/h4>\n<!-- \/wp:heading -->\n\n<!-- wp:paragraph -->\n<p>Un design retravaill\u00e9 tout en conservant l'ADN de la mythique<strong> BMW S\u00e9rie 1<\/strong>, plus sportive qu'auparavant mais toujours aussi compacte.<\/p>\n<!-- \/wp:paragraph -->\n\n<!-- wp:spacer {\"height\":\"30px\"} -->\n<div style=\"height:30px\" aria-hidden=\"true\" class=\"wp-block-spacer\"><\/div>\n<!-- \/wp:spacer -->\n\n<!-- wp:heading {\"level\":4} -->\n<h4 class=\"wp-block-heading\">Motorisations<\/h4>\n<!-- \/wp:heading -->\n\n<!-- wp:paragraph -->\n<p>La<strong> BMW S\u00e9rie 1 116<\/strong> est \u00e9quip\u00e9e d'un moteur essence de 122 chevaux qui en fait<strong> la BMW la moins ch\u00e8re avec un prix \u00e0 partir de 34 950\u20ac<\/strong>. Toutefois, il faut savoir qu'elle est d\u00e9clin\u00e9e dans d'autres versions avec une motorisation plus puissante qui restent abordables comme la <strong>BMW S\u00e9rie 1 120<\/strong> qui offre 170 chevaux d\u00e8s 38 950\u20ac.<\/p>\n<!-- \/wp:paragraph -->\n\n<!-- wp:spacer {\"height\":\"30px\"} -->\n<div style=\"height:30px\" aria-hidden=\"true\" class=\"wp-block-spacer\"><\/div>\n<!-- \/wp:spacer -->\n\n<!-- wp:heading {\"level\":4} -->\n<h4 class=\"wp-block-heading\">Technologies<\/h4>\n<!-- \/wp:heading -->\n\n<!-- wp:paragraph -->\n<p>\u00c9cran tactile BMW Curved Display, connectivit\u00e9 avanc\u00e9e, r\u00e9gulateur de vitesse avec fonction de freinage et assistance au stationnement. <\/p>\n<!-- \/wp:paragraph -->\n\n<!-- wp:spacer {\"height\":\"30px\"} -->\n<div style=\"height:30px\" aria-hidden=\"true\" class=\"wp-block-spacer\"><\/div>\n<!-- \/wp:spacer -->\n\n<!-- wp:gallery {\"linkTo\":\"none\"} -->\n<figure class=\"wp-block-gallery has-nested-images columns-default is-cropped\"><!-- wp:image {\"id\":39038,\"sizeSlug\":\"large\",\"linkDestination\":\"none\"} -->\n<figure class=\"wp-block-image size-large\"><img src=\"https:\/\/groupe-grim.com\/bmw\/wp-content\/uploads\/2024\/10\/BMW-Serie-1-120-finition-M-interieur.jpg\" alt=\"Int\u00e9rieur de la BMW la moins ch\u00e8re\" class=\"wp-image-39038\"\/><\/figure>\n<!-- \/wp:image -->\n\n<!-- wp:image {\"id\":39037,\"sizeSlug\":\"large\",\"linkDestination\":\"none\"} -->\n<figure class=\"wp-block-image size-large\"><img src=\"https:\/\/groupe-grim.com\/bmw\/wp-content\/uploads\/2024\/10\/BMW-Serie-1-120-finition-M-arriere.jpg\" alt=\"Arri\u00e8re de la BMW S\u00e9rie 1 120 finition M Sport\" class=\"wp-image-39037\"\/><\/figure>\n<!-- \/wp:image --><\/figure>\n<!-- \/wp:gallery -->\n\n<!-- wp:spacer {\"height\":\"45px\"} -->\n<div style=\"height:45px\" aria-hidden=\"true\" class=\"wp-block-spacer\"><\/div>\n<!-- \/wp:spacer -->\n\n<!-- wp:heading {\"level\":3} -->\n<h3 class=\"wp-block-heading\">Pourquoi opter pour la BMW S\u00e9rie 1 ?<\/h3>\n<!-- \/wp:heading -->\n\n<!-- wp:spacer {\"height\":\"30px\"} -->\n<div style=\"height:30px\" aria-hidden=\"true\" class=\"wp-block-spacer\"><\/div>\n<!-- \/wp:spacer -->\n\n<!-- wp:paragraph -->\n<p>La nouvelle <strong>BMW S\u00e9rie 1<\/strong> est la citadine parfaite : compacte, \u00e9l\u00e9gante et dot\u00e9e d'un style sportif, elle a tout pour plaire ! <br \/>Son moteur thermique est une solution id\u00e9ale pour les conducteurs qui parcourent r\u00e9guli\u00e8rement de longs trajets ou n'ont pas la possibilit\u00e9 de recharger leur voiture au quotidien. De plus, lorsque l'on regarde de plus pr\u00e8s les \u00e9quipements de s\u00e9rie propos\u00e9s, on s'aper\u00e7oit vite que la <strong>BMW S\u00e9rie 1<\/strong> propose un <strong>excellent rapport qualit\u00e9\/prix<\/strong>. Pour ceux qui veulent un v\u00e9hicule compact, performant et accessible, la <strong>BMW S\u00e9rie 1<\/strong> s'impose comme le choix id\u00e9al ! <\/p>\n<!-- \/wp:paragraph -->\n\n<!-- wp:paragraph -->\n<p><a href=\"https:\/\/groupe-grim.com\/bmw\/nouvelle-bmw-serie-1-2024\/\">\u00c0 lire : Tout savoir sur la nouvelle BMW S\u00e9rie 1 (2024)<\/a><\/p>\n<!-- \/wp:paragraph -->\n\n<!-- wp:spacer {\"height\":\"45px\"} -->\n<div style=\"height:45px\" aria-hidden=\"true\" class=\"wp-block-spacer\"><\/div>\n<!-- \/wp:spacer -->\n\n<!-- wp:heading -->\n<h2 class=\"wp-block-heading\">BMW iX1 : La BMW la moins ch\u00e8re dans la cat\u00e9gorie \u00e9lectrique<\/h2>\n<!-- \/wp:heading -->\n\n<!-- wp:spacer {\"height\":\"30px\"} -->\n<div style=\"height:30px\" aria-hidden=\"true\" class=\"wp-block-spacer\"><\/div>\n<!-- \/wp:spacer -->\n\n<!-- wp:image {\"id\":39039,\"sizeSlug\":\"full\",\"linkDestination\":\"none\"} -->\n<figure class=\"wp-block-image size-full\"><img src=\"https:\/\/groupe-grim.com\/bmw\/wp-content\/uploads\/2024\/10\/BMW-iX1-xDrive30.jpg\" alt=\"BMW iX1 vue de profil sur un chemin pav\u00e9 devant une maison \" class=\"wp-image-39039\"\/><figcaption class=\"wp-element-caption\">BMW iX1 xDrive30<\/figcaption><\/figure>\n<!-- \/wp:image -->\n\n<!-- wp:spacer {\"height\":\"30px\"} -->\n<div style=\"height:30px\" aria-hidden=\"true\" class=\"wp-block-spacer\"><\/div>\n<!-- \/wp:spacer -->\n\n<!-- wp:heading {\"level\":3} -->\n<h3 class=\"wp-block-heading\">Pr\u00e9sentation de la BMW iX1<\/h3>\n<!-- \/wp:heading -->\n\n<!-- wp:spacer {\"height\":\"30px\"} -->\n<div style=\"height:30px\" aria-hidden=\"true\" class=\"wp-block-spacer\"><\/div>\n<!-- \/wp:spacer -->\n\n<!-- wp:paragraph -->\n<p>Depuis quelques ann\u00e9es, la mobilit\u00e9 \u00e9lectrique est au c\u0153ur des pr\u00e9occupations des constructeurs automobile qui se surpassent pour proposer des v\u00e9hicules toujours plus verts afin de r\u00e9pondre aux attentes d'une soci\u00e9t\u00e9 qui \u00e9volue. <br \/>Pour satisfaire les conducteurs qui souhaitent s'offrir un SUV \u00e9lectrique de haute qualit\u00e9 tout en respectant un budget raisonnable, BMW propose la <strong>BMW iX1<\/strong>, qui est aujourd'hui<strong> la BMW la moins ch\u00e8re parmi la gamme \u00e9lectrique<\/strong> de la marque, gr\u00e2ce \u00e0 un prix de d\u00e9part de 46 950\u20ac. <br \/>Ce SUV compact et respectueux de l'environnement est la version \u00e9lectrique de l'embl\u00e9matique <a href=\"https:\/\/www.youtube.com\/shorts\/mZtB25rJVP8?app=desktop\">BMW X1<\/a>, parfait pour ceux qui souhaitent s'offrir le confort d'un SUV dans des proportions raisonnables et faciles \u00e0 man\u0153uvrer. <\/p>\n<!-- \/wp:paragraph -->\n\n<!-- wp:spacer {\"height\":\"30px\"} -->\n<div style=\"height:30px\" aria-hidden=\"true\" class=\"wp-block-spacer\"><\/div>\n<!-- \/wp:spacer -->\n\n<!-- wp:buttons {\"layout\":{\"type\":\"flex\",\"justifyContent\":\"center\"}} -->\n<div class=\"wp-block-buttons\"><!-- wp:button -->\n<div class=\"wp-block-button\"><a class=\"wp-block-button__link wp-element-button\" href=\"https:\/\/configure.bmw.fr\/fr_FR\/configure\/U11E\/71EG\/FKTNL,P0300,S01LX,S0230,S02PA,S02VB,S02VF,S0322,S0337,S0428,S0430,S0431,S0478,S0481,S04H2,S04NW,S04T2,S04U9,S0548,S0552,S05AC,S05AV,S05DM,S0654,S06AE,S06AF,S06NX,S06PA,S0710,S0760,S0775,S07EV,S0854,S0881,S08R3,S08R9,S08TF,S08WN,S08WQ,S09T1,S09T2\/SE000001?_gl=1*7tj4m1*_gcl_au*MTMzMTM1Njk2Mi4xNzI4NjM3MDM1\"><mark style=\"background-color:rgba(0, 0, 0, 0)\" class=\"has-inline-color has-white-color\">Configurez votre BMW iX1<\/mark><\/a><\/div>\n<!-- \/wp:button --><\/div>\n<!-- \/wp:buttons -->\n\n<!-- wp:spacer {\"height\":\"45px\"} -->\n<div style=\"height:45px\" aria-hidden=\"true\" class=\"wp-block-spacer\"><\/div>\n<!-- \/wp:spacer -->\n\n<!-- wp:heading {\"level\":3} -->\n<h3 class=\"wp-block-heading\">Caract\u00e9ristiques principales de la BMW iX1<\/h3>\n<!-- \/wp:heading -->\n\n<!-- wp:spacer {\"height\":\"30px\"} -->\n<div style=\"height:30px\" aria-hidden=\"true\" class=\"wp-block-spacer\"><\/div>\n<!-- \/wp:spacer -->\n\n<!-- wp:heading {\"level\":4} -->\n<h4 class=\"wp-block-heading\">Autonomie et recharge<\/h4>\n<!-- \/wp:heading -->\n\n<!-- wp:paragraph -->\n<p>Avec une autonomie allant jusqu'\u00e0 474 km, la <strong>BMW iX1<\/strong> permet de couvrir des trajets quotidiens et des d\u00e9placements plus longs sans souci. Elle se recharge de 10 \u00e0 80% en moins de 30 minutes gr\u00e2ce aux bornes de recharge rapide.<\/p>\n<!-- \/wp:paragraph -->\n\n<!-- wp:spacer {\"height\":\"30px\"} -->\n<div style=\"height:30px\" aria-hidden=\"true\" class=\"wp-block-spacer\"><\/div>\n<!-- \/wp:spacer -->\n\n<!-- wp:heading {\"level\":4} -->\n<h4 class=\"wp-block-heading\">Technologie et confort<\/h4>\n<!-- \/wp:heading -->\n\n<!-- wp:paragraph -->\n<p>La <strong>BMW iX1<\/strong> b\u00e9n\u00e9ficie d\u2019un habitacle raffin\u00e9 con\u00e7u avec des mat\u00e9riaux de qualit\u00e9, une interface intuitive, et des syst\u00e8mes d\u2019assistance \u00e0 la conduite avanc\u00e9s pour rendre chaque trajet le plus confortable possible pour le conducteur comme pour les passagers. <\/p>\n<!-- \/wp:paragraph -->\n\n<!-- wp:spacer {\"height\":\"30px\"} -->\n<div style=\"height:30px\" aria-hidden=\"true\" class=\"wp-block-spacer\"><\/div>\n<!-- \/wp:spacer -->\n\n<!-- wp:heading {\"level\":4} -->\n<h4 class=\"wp-block-heading\">Performances \u00e9lectriques<\/h4>\n<!-- \/wp:heading -->\n\n<!-- wp:paragraph -->\n<p>Silencieuse, avec une acc\u00e9l\u00e9ration rapide, la <strong>BMW iX1<\/strong> offre une exp\u00e9rience de conduite fluide tout en respectant l\u2019environnement.<\/p>\n<!-- \/wp:paragraph -->\n\n<!-- wp:spacer {\"height\":\"30px\"} -->\n<div style=\"height:30px\" aria-hidden=\"true\" class=\"wp-block-spacer\"><\/div>\n<!-- \/wp:spacer -->\n\n<!-- wp:gallery {\"linkTo\":\"none\"} -->\n<figure class=\"wp-block-gallery has-nested-images columns-default is-cropped\"><!-- wp:image {\"id\":39041,\"sizeSlug\":\"large\",\"linkDestination\":\"none\"} -->\n<figure class=\"wp-block-image size-large\"><img src=\"https:\/\/groupe-grim.com\/bmw\/wp-content\/uploads\/2024\/10\/BMW-iX1-xDrive30-face.jpg\" alt=\"BMW iX1 de face\" class=\"wp-image-39041\"\/><\/figure>\n<!-- \/wp:image -->\n\n<!-- wp:image {\"id\":39040,\"sizeSlug\":\"large\",\"linkDestination\":\"none\"} -->\n<figure class=\"wp-block-image size-large\"><img src=\"https:\/\/groupe-grim.com\/bmw\/wp-content\/uploads\/2024\/10\/BMW-iX1-xDrive30-arriere.jpg\" alt=\"Arri\u00e8re de la BMW iX1\" class=\"wp-image-39040\"\/><\/figure>\n<!-- \/wp:image --><\/figure>\n<!-- \/wp:gallery -->\n\n<!-- wp:spacer {\"height\":\"30px\"} -->\n<div style=\"height:30px\" aria-hidden=\"true\" class=\"wp-block-spacer\"><\/div>\n<!-- \/wp:spacer -->\n\n<!-- wp:heading {\"level\":3} -->\n<h3 class=\"wp-block-heading\">Pourquoi choisir une BMW iX1 ?<\/h3>\n<!-- \/wp:heading -->\n\n<!-- wp:spacer {\"height\":\"30px\"} -->\n<div style=\"height:30px\" aria-hidden=\"true\" class=\"wp-block-spacer\"><\/div>\n<!-- \/wp:spacer -->\n\n<!-- wp:paragraph -->\n<p>Les voitures \u00e9lectriques comme la <strong>BMW iX1<\/strong> permettent de r\u00e9aliser des \u00e9conomies sur le carburant et l\u2019entretien tout en b\u00e9n\u00e9ficiant de primes \u00e9cologiques int\u00e9ressantes. <br \/>Au del\u00e0 de \u00e7a, elle vous permet de r\u00e9duire votre impact environnemental tout en profitant d'un confort premium. Ses dimensions id\u00e9ales permettent d'assurer un grand confort pour tous les passagers tout en restant suffisamment compacte pour se garer en ville. Avec tant de qualit\u00e9s, <strong>la BMW la moins ch\u00e8re<\/strong> dans le segment \u00e9lectrique ne laissera personne indiff\u00e9rent. <\/p>\n<!-- \/wp:paragraph -->\n\n<!-- wp:spacer {\"height\":\"30px\"} -->\n<div style=\"height:30px\" aria-hidden=\"true\" class=\"wp-block-spacer\"><\/div>\n<!-- \/wp:spacer -->\n\n<!-- wp:buttons {\"layout\":{\"type\":\"flex\",\"justifyContent\":\"center\"}} -->\n<div class=\"wp-block-buttons\"><!-- wp:button -->\n<div class=\"wp-block-button\"><a class=\"wp-block-button__link wp-element-button\" href=\"https:\/\/www.groupe-grim.com\/rendez-vous\/bmw.html\"><mark style=\"background-color:rgba(0, 0, 0, 0)\" class=\"has-inline-color has-white-color\">Venez l'essayer<\/mark><\/a><\/div>\n<!-- \/wp:button --><\/div>\n<!-- \/wp:buttons -->\n\n<!-- wp:spacer {\"height\":\"45px\"} -->\n<div style=\"height:45px\" aria-hidden=\"true\" class=\"wp-block-spacer\"><\/div>\n<!-- \/wp:spacer -->\n\n<!-- wp:heading -->\n<h2 class=\"wp-block-heading\">BMW S\u00e9rie 2 Active Tourer : La BMW la moins ch\u00e8re de la gamme hybride rechargeable<\/h2>\n<!-- \/wp:heading -->\n\n<!-- wp:spacer {\"height\":\"30px\"} -->\n<div style=\"height:30px\" aria-hidden=\"true\" class=\"wp-block-spacer\"><\/div>\n<!-- \/wp:spacer -->\n\n<!-- wp:image {\"id\":39042,\"sizeSlug\":\"full\",\"linkDestination\":\"none\"} -->\n<figure class=\"wp-block-image size-full\"><img src=\"https:\/\/groupe-grim.com\/bmw\/wp-content\/uploads\/2024\/10\/BMW-Serie-2-Active-Tourer-230e-xDrive.jpg\" alt=\"BMW S\u00e9rie 2 Active Tourer devant un parc\" class=\"wp-image-39042\"\/><figcaption class=\"wp-element-caption\">BMW S\u00e9rie 2 Active Tourer 230e xDrive<\/figcaption><\/figure>\n<!-- \/wp:image -->\n\n<!-- wp:spacer {\"height\":\"30px\"} -->\n<div style=\"height:30px\" aria-hidden=\"true\" class=\"wp-block-spacer\"><\/div>\n<!-- \/wp:spacer -->\n\n<!-- wp:heading {\"level\":3} -->\n<h3 class=\"wp-block-heading\">Un aper\u00e7u de la BMW S\u00e9rie 2 Active Tourer Hybride<\/h3>\n<!-- \/wp:heading -->\n\n<!-- wp:spacer {\"height\":\"30px\"} -->\n<div style=\"height:30px\" aria-hidden=\"true\" class=\"wp-block-spacer\"><\/div>\n<!-- \/wp:spacer -->\n\n<!-- wp:paragraph -->\n<p>Pour ceux qui recherchent la flexibilit\u00e9 d\u2019un moteur hybride, la <strong>BMW S\u00e9rie 2 Active Tourer<\/strong> est <strong>la BMW la moins ch\u00e8re<\/strong> de sa cat\u00e9gorie. Ce mod\u00e8le allie moteur thermique et \u00e9lectrique pour offrir une polyvalence unique, id\u00e9ale pour les familles ou les conducteurs qui alternent entre conduite urbaine et trajets longue distance. <br \/>Mais cette polyvalence a un co\u00fbt : en effet la technologie hybride rechargeable est l'option la plus ch\u00e8re en termes de motorisation car elle combine un moteur thermique et un moteur \u00e9lectrique qui fonctionnent en bin\u00f4me, ce qui est plus complexe \u00e0 produire. <\/p>\n<!-- \/wp:paragraph -->\n\n<!-- wp:spacer {\"height\":\"30px\"} -->\n<div style=\"height:30px\" aria-hidden=\"true\" class=\"wp-block-spacer\"><\/div>\n<!-- \/wp:spacer -->\n\n<!-- wp:buttons {\"layout\":{\"type\":\"flex\",\"justifyContent\":\"center\"}} -->\n<div class=\"wp-block-buttons\"><!-- wp:button -->\n<div class=\"wp-block-button\"><a class=\"wp-block-button__link wp-element-button\" href=\"https:\/\/www.bmw.fr\/fr\/tous-les-modeles\/2-series\/activetourer\/2021\/bmw-serie2-active-tourer-apercu.html\"><mark style=\"background-color:rgba(0, 0, 0, 0)\" class=\"has-inline-color has-white-color\">D\u00e9couvrez-la<\/mark><\/a><\/div>\n<!-- \/wp:button --><\/div>\n<!-- \/wp:buttons -->\n\n<!-- wp:spacer {\"height\":\"45px\"} -->\n<div style=\"height:45px\" aria-hidden=\"true\" class=\"wp-block-spacer\"><\/div>\n<!-- \/wp:spacer -->\n\n<!-- wp:heading {\"level\":3} -->\n<h3 class=\"wp-block-heading\">Caract\u00e9ristiques principales de la BMW S\u00e9rie 2 Active Tourer Hybride<\/h3>\n<!-- \/wp:heading -->\n\n<!-- wp:spacer {\"height\":\"30px\"} -->\n<div style=\"height:30px\" aria-hidden=\"true\" class=\"wp-block-spacer\"><\/div>\n<!-- \/wp:spacer -->\n\n<!-- wp:heading {\"level\":4} -->\n<h4 class=\"wp-block-heading\">Efficacit\u00e9 \u00e9nerg\u00e9tique <\/h4>\n<!-- \/wp:heading -->\n\n<!-- wp:paragraph -->\n<p>Avec sa motorisation hybride rechargeable, la <strong>BMW S\u00e9rie 2 Active Tourer<\/strong> peut parcourir environ 90 km en mode tout \u00e9lectrique, parfait pour les d\u00e9placements quotidiens en ville sans jamais avoir besoin de passer en mode thermique. <\/p>\n<!-- \/wp:paragraph -->\n\n<!-- wp:spacer {\"height\":\"30px\"} -->\n<div style=\"height:30px\" aria-hidden=\"true\" class=\"wp-block-spacer\"><\/div>\n<!-- \/wp:spacer -->\n\n<!-- wp:heading {\"level\":4} -->\n<h4 class=\"wp-block-heading\"><strong>Confort et espace<\/strong><\/h4>\n<!-- \/wp:heading -->\n\n<!-- wp:paragraph -->\n<p>Le mod\u00e8le offre un habitacle spacieux, avec des si\u00e8ges modulables et un volume de coffre tr\u00e8s g\u00e9n\u00e9reux, ce qui en fait une option id\u00e9ale pour les familles qui recherchent un bon compromis entre espace int\u00e9rieur et ext\u00e9rieur compact. <\/p>\n<!-- \/wp:paragraph -->\n\n<!-- wp:spacer {\"height\":\"30px\"} -->\n<div style=\"height:30px\" aria-hidden=\"true\" class=\"wp-block-spacer\"><\/div>\n<!-- \/wp:spacer -->\n\n<!-- wp:heading {\"level\":4} -->\n<h4 class=\"wp-block-heading\"><strong>Technologie embarqu\u00e9e<\/strong><\/h4>\n<!-- \/wp:heading -->\n\n<!-- wp:paragraph -->\n<p>\u00c0 l'instar des autres BMW que nous vous avons pr\u00e9sent\u00e9 plus haut, la <strong>BMW S\u00e9rie 2 Active Tourer<\/strong> dispose d'une large gamme d'\u00e9quipements de s\u00e9rie comme l'assistant de stationnement, le r\u00e9gulateur de vitesse avec freinage, la possibilit\u00e9 de choisir diff\u00e9rents modes de conduite ou encore un \u00e9cran tactile BMW Curved Display. <\/p>\n<!-- \/wp:paragraph -->\n\n<!-- wp:spacer {\"height\":\"30px\"} -->\n<div style=\"height:30px\" aria-hidden=\"true\" class=\"wp-block-spacer\"><\/div>\n<!-- \/wp:spacer -->\n\n<!-- wp:gallery {\"linkTo\":\"none\"} -->\n<figure class=\"wp-block-gallery has-nested-images columns-default is-cropped\"><!-- wp:image {\"id\":39043,\"sizeSlug\":\"large\",\"linkDestination\":\"none\"} -->\n<figure class=\"wp-block-image size-large\"><img src=\"https:\/\/groupe-grim.com\/bmw\/wp-content\/uploads\/2024\/10\/BMW-Serie-2-Active-Tourer-230e-xDrive-profil.jpg\" alt=\"BMW S\u00e9rie 2 active tourer de profil sur un parking\" class=\"wp-image-39043\"\/><\/figure>\n<!-- \/wp:image -->\n\n<!-- wp:image {\"id\":39044,\"sizeSlug\":\"large\",\"linkDestination\":\"none\"} -->\n<figure class=\"wp-block-image size-large\"><img src=\"https:\/\/groupe-grim.com\/bmw\/wp-content\/uploads\/2024\/10\/Arriere.jpg\" alt=\"Arri\u00e8re de la BMW la moins ch\u00e8re dans la cat\u00e9gorie hybride rechargeable\" class=\"wp-image-39044\"\/><\/figure>\n<!-- \/wp:image --><\/figure>\n<!-- \/wp:gallery -->\n\n<!-- wp:spacer {\"height\":\"30px\"} -->\n<div style=\"height:30px\" aria-hidden=\"true\" class=\"wp-block-spacer\"><\/div>\n<!-- \/wp:spacer -->\n\n<!-- wp:heading {\"level\":3} -->\n<h3 class=\"wp-block-heading\">Pourquoi opter pour une BMW S\u00e9rie 2 Active Tourer hybride rechargeable ?<\/h3>\n<!-- \/wp:heading -->\n\n<!-- wp:spacer {\"height\":\"30px\"} -->\n<div style=\"height:30px\" aria-hidden=\"true\" class=\"wp-block-spacer\"><\/div>\n<!-- \/wp:spacer -->\n\n<!-- wp:paragraph -->\n<p>Les v\u00e9hicules hybrides comme la <strong>BMW S\u00e9rie 2 Active Tourer<\/strong> offrent le meilleur des deux mondes : la possibilit\u00e9 de rouler en mode \u00e9lectrique en ville pour r\u00e9duire la consommation de carburant et les \u00e9missions, tout en ayant l'assurance d'un moteur thermique pour les trajets plus longs. C\u2019est une solution id\u00e9ale pour ceux qui souhaitent r\u00e9duire leur empreinte carbone tout en conservant la flexibilit\u00e9 d\u2019un moteur classique. D'autant que son prix de 51 160\u20ac la place comme<strong> la BMW la moins ch\u00e8re de la gamme hybride rechargeable<\/strong>. <\/p>\n<!-- \/wp:paragraph -->\n\n<!-- wp:paragraph -->\n<p><a href=\"https:\/\/groupe-grim.com\/bmw\/combien-coute-une-bmw\/\">\u00c0 lire : Combien co\u00fbte une BMW ?<\/a><\/p>\n<!-- \/wp:paragraph -->\n\n<!-- wp:spacer {\"height\":\"30px\"} -->\n<div style=\"height:30px\" aria-hidden=\"true\" class=\"wp-block-spacer\"><\/div>\n<!-- \/wp:spacer -->\n\n<!-- wp:heading -->\n<h2 class=\"wp-block-heading\">Ce qu'il faut retenir<\/h2>\n<!-- \/wp:heading -->\n\n<!-- wp:spacer {\"height\":\"30px\"} -->\n<div style=\"height:30px\" aria-hidden=\"true\" class=\"wp-block-spacer\"><\/div>\n<!-- \/wp:spacer -->\n\n<!-- wp:paragraph -->\n<p>Que vous soyez \u00e0 la recherche d\u2019une voiture thermique, \u00e9lectrique ou hybride, BMW propose des mod\u00e8les pour tous les besoins et tous les budgets. La <strong>BMW la moins ch\u00e8re<\/strong> dans chaque segment offre des prestations haut de gamme sans compromis sur la qualit\u00e9 et le plaisir de conduire. Que ce soit la <strong>BMW S\u00e9rie 1<\/strong>, la <strong>BMW iX1<\/strong> ou la <strong>BMW S\u00e9rie 2 Active Tourer<\/strong>, il existe une BMW qui saura r\u00e9pondre \u00e0 vos attentes tout en respectant votre budget.<\/p>\n<!-- \/wp:paragraph -->\n\n<!-- wp:paragraph -->\n<p>N\u2019h\u00e9sitez pas \u00e0 vous rendre en concession pour un essai et d\u00e9couvrir par vous-m\u00eame les avantages de <strong>la BMW la moins ch\u00e8re<\/strong> dans chaque cat\u00e9gorie.<\/p>\n<!-- \/wp:paragraph -->\n\n<!-- wp:spacer {\"height\":\"30px\"} -->\n<div style=\"height:30px\" aria-hidden=\"true\" class=\"wp-block-spacer\"><\/div>\n<!-- \/wp:spacer -->\n\n<!-- wp:buttons {\"layout\":{\"type\":\"flex\",\"justifyContent\":\"center\"}} -->\n<div class=\"wp-block-buttons\"><!-- wp:button -->\n<div class=\"wp-block-button\"><a class=\"wp-block-button__link wp-element-button\" href=\"https:\/\/www.groupe-grim.com\/rendez-vous\/bmw.html\"><mark style=\"background-color:rgba(0, 0, 0, 0)\" class=\"has-inline-color has-white-color\">Prendre rendez-vous<\/mark><\/a><\/div>\n<!-- \/wp:button --><\/div>\n<!-- \/wp:buttons -->\n\n<!-- wp:spacer {\"height\":\"72px\"} -->\n<div style=\"height:72px\" aria-hidden=\"true\" class=\"wp-block-spacer\"><\/div>\n<!-- \/wp:spacer -->","_et_gb_content_width":"","footnotes":""},"categories":[11],"tags":[],"class_list":["post-39027","post","type-post","status-publish","format-standard","has-post-thumbnail","hentry","category-actualites"],"_links":{"self":[{"href":"https:\/\/groupe-grim.com\/bmw\/wp-json\/wp\/v2\/posts\/39027","targetHints":{"allow":["GET"]}}],"collection":[{"href":"https:\/\/groupe-grim.com\/bmw\/wp-json\/wp\/v2\/posts"}],"about":[{"href":"https:\/\/groupe-grim.com\/bmw\/wp-json\/wp\/v2\/types\/post"}],"author":[{"embeddable":true,"href":"https:\/\/groupe-grim.com\/bmw\/wp-json\/wp\/v2\/users\/15"}],"replies":[{"embeddable":true,"href":"https:\/\/groupe-grim.com\/bmw\/wp-json\/wp\/v2\/comments?post=39027"}],"version-history":[{"count":3,"href":"https:\/\/groupe-grim.com\/bmw\/wp-json\/wp\/v2\/posts\/39027\/revisions"}],"predecessor-version":[{"id":40393,"href":"https:\/\/groupe-grim.com\/bmw\/wp-json\/wp\/v2\/posts\/39027\/revisions\/40393"}],"wp:featuredmedia":[{"embeddable":true,"href":"https:\/\/groupe-grim.com\/bmw\/wp-json\/wp\/v2\/media\/39035"}],"wp:attachment":[{"href":"https:\/\/groupe-grim.com\/bmw\/wp-json\/wp\/v2\/media?parent=39027"}],"wp:term":[{"taxonomy":"category","embeddable":true,"href":"https:\/\/groupe-grim.com\/bmw\/wp-json\/wp\/v2\/categories?post=39027"},{"taxonomy":"post_tag","embeddable":true,"href":"https:\/\/groupe-grim.com\/bmw\/wp-json\/wp\/v2\/tags?post=39027"}],"curies":[{"name":"wp","href":"https:\/\/api.w.org\/{rel}","templated":true}]}}