{"id":39059,"date":"2024-10-18T08:00:00","date_gmt":"2024-10-18T06:00:00","guid":{"rendered":"https:\/\/groupe-grim.com\/bmw\/?p=39059"},"modified":"2024-10-15T18:00:53","modified_gmt":"2024-10-15T16:00:53","slug":"nouvelle-bmw-serie-1-2024","status":"publish","type":"post","link":"https:\/\/groupe-grim.com\/bmw\/nouvelle-bmw-serie-1-2024\/","title":{"rendered":"Nouvelle BMW S\u00e9rie 1 2024 : la compacte sportive par excellence"},"content":{"rendered":"\n<p>La <strong>BMW S\u00e9rie 1 2024<\/strong> est enfin l\u00e0, pr\u00eate \u00e0 red\u00e9finir le segment des compactes premium. Avec un design revisit\u00e9, des performances accrues et des technologies embarqu\u00e9es de pointe, elle s&rsquo;affirme comme l\u2019un des mod\u00e8les les plus attractifs de sa cat\u00e9gorie. Mais qu\u2019est-ce qui rend cette nouvelle g\u00e9n\u00e9ration si sp\u00e9ciale ? <br \/>Dans cet article, nous vous proposons de d\u00e9couvrir en d\u00e9tail les nouveaut\u00e9s de la <strong>BMW S\u00e9rie 1 2024<\/strong> et ce qui la distingue de ses concurrentes.<\/p>\n\n\n\n<div style=\"height:30px\" aria-hidden=\"true\" class=\"wp-block-spacer\"><\/div>\n\n\n\n<figure class=\"wp-block-image size-full\"><img loading=\"lazy\" decoding=\"async\" width=\"850\" height=\"478\" src=\"https:\/\/groupe-grim.com\/bmw\/wp-content\/uploads\/2024\/10\/BMW-Serie-1-120.jpg\" alt=\"BMW S\u00e9rie 1 2024 bleue \" class=\"wp-image-39071\" srcset=\"https:\/\/groupe-grim.com\/bmw\/wp-content\/uploads\/2024\/10\/BMW-Serie-1-120.jpg 850w, https:\/\/groupe-grim.com\/bmw\/wp-content\/uploads\/2024\/10\/BMW-Serie-1-120-480x270.jpg 480w\" sizes=\"(min-width: 0px) and (max-width: 480px) 480px, (min-width: 481px) 850px, 100vw\" \/><figcaption class=\"wp-element-caption\">BMW S\u00e9rie 1 120<\/figcaption><\/figure>\n\n\n\n<div style=\"height:30px\" aria-hidden=\"true\" class=\"wp-block-spacer\"><\/div>\n\n\n\n<h2 class=\"wp-block-heading\">Quoi de neuf dans la BMW S\u00e9rie 1 2024 ?<\/h2>\n\n\n\n<div style=\"height:30px\" aria-hidden=\"true\" class=\"wp-block-spacer\"><\/div>\n\n\n\n<h3 class=\"wp-block-heading\">Un design modernis\u00e9 et dynamique<\/h3>\n\n\n\n<div style=\"height:30px\" aria-hidden=\"true\" class=\"wp-block-spacer\"><\/div>\n\n\n\n<p>La <strong>BMW S\u00e9rie 1 2024<\/strong> affiche un design plus agressif et dynamique que ses pr\u00e9d\u00e9cesseurs. La c\u00e9l\u00e8bre calandre en double haricot a \u00e9t\u00e9 affin\u00e9e pour un look plus audacieux, tandis que les lignes de la carrosserie ont \u00e9t\u00e9 retravaill\u00e9es pour am\u00e9liorer l\u2019a\u00e9rodynamisme. Ce nouvel aspect contribue non seulement \u00e0 renforcer son allure sportive, mais aussi \u00e0 am\u00e9liorer son efficacit\u00e9 \u00e9nerg\u00e9tique.<\/p>\n\n\n\n<div style=\"height:30px\" aria-hidden=\"true\" class=\"wp-block-spacer\"><\/div>\n\n\n\n<div class=\"wp-block-buttons is-content-justification-center is-layout-flex wp-container-core-buttons-is-layout-16018d1d wp-block-buttons-is-layout-flex\">\n<div class=\"wp-block-button\"><a class=\"wp-block-button__link wp-element-button\" href=\"https:\/\/configure.bmw.fr\/fr_FR\/configure\/F70\/31GE\/FBLAT,P0300,S01CB,S01DF,S01H0,S0230,S02TF,S02VB,S02VC,S0302,S0428,S043T,S0478,S0494,S0548,S05AS,S05AV,S05DM,S0654,S06AE,S06AF,S06PA,S0760,S0854,S088N,S08KA,S08R3,S08R9,S08TF?_gl=1*1be17i7*_gcl_au*MTMzMTM1Njk2Mi4xNzI4NjM3MDM1\" target=\"_blank\" rel=\"noopener\"><mark style=\"background-color:rgba(0, 0, 0, 0)\" class=\"has-inline-color has-white-color\">Configurez-la<\/mark><\/a><\/div>\n<\/div>\n\n\n\n<div style=\"height:45px\" aria-hidden=\"true\" class=\"wp-block-spacer\"><\/div>\n\n\n\n<h3 class=\"wp-block-heading\">Une exp\u00e9rience de conduite r\u00e9invent\u00e9e<\/h3>\n\n\n\n<div style=\"height:30px\" aria-hidden=\"true\" class=\"wp-block-spacer\"><\/div>\n\n\n\n<p>Sous le capot, la nouvelle <strong>BMW S\u00e9rie 1<\/strong> propose une gamme de motorisations optimis\u00e9es pour offrir des performances \u00e0 la hauteur des attentes des amateurs de S\u00e9rie 1. Vous aurez le choix entre plusieurs moteurs, dont certains avec une technologie hybride pour une meilleure efficacit\u00e9. <\/p>\n\n\n\n<p>Gr\u00e2ce aux nouvelles suspensions et aux am\u00e9liorations apport\u00e9es \u00e0 la tenue de route, cette version 2024 assure une conduite plus r\u00e9active et pr\u00e9cise, quel que soit le type de route emprunt\u00e9.<\/p>\n\n\n\n<div style=\"height:30px\" aria-hidden=\"true\" class=\"wp-block-spacer\"><\/div>\n\n\n\n<h3 class=\"wp-block-heading\">Des technologies de pointe pour une exp\u00e9rience enrichie<\/h3>\n\n\n\n<div style=\"height:30px\" aria-hidden=\"true\" class=\"wp-block-spacer\"><\/div>\n\n\n\n<p>La <strong>BMW S\u00e9rie 1 2024<\/strong> n\u2019est pas seulement une voiture compacte performante, elle est aussi un concentr\u00e9 de technologies avanc\u00e9es. Le syst\u00e8me d\u2019infodivertissement a \u00e9t\u00e9 mis \u00e0 jour avec la derni\u00e8re version du BMW iDrive, offrant une interface plus intuitive et des fonctionnalit\u00e9s plus compl\u00e8tes, telles que la commande vocale et l&rsquo;affichage t\u00eate haute. <br \/>Les syst\u00e8mes d&rsquo;assistance \u00e0 la conduite perfectionn\u00e9s, tels que l\u2019assistance au maintien de voie, l\u2019avertisseur d\u2019angle mort et le r\u00e9gulateur de vitesse adaptatif, assurent une s\u00e9curit\u00e9 optimale sur chaque trajet.<\/p>\n\n\n\n<div style=\"height:30px\" aria-hidden=\"true\" class=\"wp-block-spacer\"><\/div>\n\n\n\n<h3 class=\"wp-block-heading\">Comparaison visuelle de la BMW 120d 2019 et BMW 120d 2024<\/h3>\n\n\n\n<div style=\"height:30px\" aria-hidden=\"true\" class=\"wp-block-spacer\"><\/div>\n\n\n\n<figure class=\"wp-block-gallery has-nested-images columns-default is-cropped wp-block-gallery-1 is-layout-flex wp-block-gallery-is-layout-flex\">\n<figure class=\"wp-block-image size-large\"><img loading=\"lazy\" decoding=\"async\" width=\"850\" height=\"478\" data-id=\"39087\" src=\"https:\/\/groupe-grim.com\/bmw\/wp-content\/uploads\/2024\/10\/BMW-Serie-1-120d-2019-avant.jpg\" alt=\"BMW S\u00e9rie 1 2019\" class=\"wp-image-39087\" srcset=\"https:\/\/groupe-grim.com\/bmw\/wp-content\/uploads\/2024\/10\/BMW-Serie-1-120d-2019-avant.jpg 850w, https:\/\/groupe-grim.com\/bmw\/wp-content\/uploads\/2024\/10\/BMW-Serie-1-120d-2019-avant-480x270.jpg 480w\" sizes=\"(min-width: 0px) and (max-width: 480px) 480px, (min-width: 481px) 850px, 100vw\" \/><figcaption class=\"wp-element-caption\">2019<\/figcaption><\/figure>\n\n\n\n<figure class=\"wp-block-image size-large\"><img loading=\"lazy\" decoding=\"async\" width=\"850\" height=\"478\" data-id=\"39086\" src=\"https:\/\/groupe-grim.com\/bmw\/wp-content\/uploads\/2024\/10\/BMW-Serie-1-120d-2024-avant.jpg\" alt=\"BMW S\u00e9rie 1 2024\" class=\"wp-image-39086\" srcset=\"https:\/\/groupe-grim.com\/bmw\/wp-content\/uploads\/2024\/10\/BMW-Serie-1-120d-2024-avant.jpg 850w, https:\/\/groupe-grim.com\/bmw\/wp-content\/uploads\/2024\/10\/BMW-Serie-1-120d-2024-avant-480x270.jpg 480w\" sizes=\"(min-width: 0px) and (max-width: 480px) 480px, (min-width: 481px) 850px, 100vw\" \/><figcaption class=\"wp-element-caption\">2024<\/figcaption><\/figure>\n<\/figure>\n\n\n\n<figure class=\"wp-block-gallery has-nested-images columns-default is-cropped wp-block-gallery-2 is-layout-flex wp-block-gallery-is-layout-flex\">\n<figure class=\"wp-block-image size-large\"><img loading=\"lazy\" decoding=\"async\" width=\"850\" height=\"478\" data-id=\"39088\" src=\"https:\/\/groupe-grim.com\/bmw\/wp-content\/uploads\/2024\/10\/BMW-Serie-1-120d-2019.jpg\" alt=\"\" class=\"wp-image-39088\" srcset=\"https:\/\/groupe-grim.com\/bmw\/wp-content\/uploads\/2024\/10\/BMW-Serie-1-120d-2019.jpg 850w, https:\/\/groupe-grim.com\/bmw\/wp-content\/uploads\/2024\/10\/BMW-Serie-1-120d-2019-480x270.jpg 480w\" sizes=\"(min-width: 0px) and (max-width: 480px) 480px, (min-width: 481px) 850px, 100vw\" \/><figcaption class=\"wp-element-caption\">2019<\/figcaption><\/figure>\n\n\n\n<figure class=\"wp-block-image size-large\"><img loading=\"lazy\" decoding=\"async\" width=\"850\" height=\"478\" data-id=\"39089\" src=\"https:\/\/groupe-grim.com\/bmw\/wp-content\/uploads\/2024\/10\/BMW-Serie-1-120d-2024-arriere.jpg\" alt=\"\" class=\"wp-image-39089\" srcset=\"https:\/\/groupe-grim.com\/bmw\/wp-content\/uploads\/2024\/10\/BMW-Serie-1-120d-2024-arriere.jpg 850w, https:\/\/groupe-grim.com\/bmw\/wp-content\/uploads\/2024\/10\/BMW-Serie-1-120d-2024-arriere-480x270.jpg 480w\" sizes=\"(min-width: 0px) and (max-width: 480px) 480px, (min-width: 481px) 850px, 100vw\" \/><figcaption class=\"wp-element-caption\">2024<\/figcaption><\/figure>\n<\/figure>\n\n\n\n<div style=\"height:45px\" aria-hidden=\"true\" class=\"wp-block-spacer\"><\/div>\n\n\n\n<h2 class=\"wp-block-heading\">Fiche technique de la BMW S\u00e9rie 1 2024<\/h2>\n\n\n\n<div style=\"height:30px\" aria-hidden=\"true\" class=\"wp-block-spacer\"><\/div>\n\n\n\n<h3 class=\"wp-block-heading\">Moteurs et performances<\/h3>\n\n\n\n<div style=\"height:30px\" aria-hidden=\"true\" class=\"wp-block-spacer\"><\/div>\n\n\n\n<p>La <strong>BMW S\u00e9rie 1 2024<\/strong> est disponible avec plusieurs options de motorisation, allant des moteurs trois cylindres aux quatre cylindres plus puissants, pour une puissance maximale atteignant 300 chevaux dans sa version la plus sportive, la <a href=\"https:\/\/www.bmw.fr\/fr\/tous-les-modeles\/m-series\/bmw-m-135\/bmw-m135.html\" target=\"_blank\" rel=\"noopener\">BMW M135i xDrive<\/a>. <\/p>\n\n\n\n<p>Tous les moteurs offrent un compromis id\u00e9al entre performance et efficacit\u00e9. Que vous choisissiez la version essence ou diesel, chaque moteur a \u00e9t\u00e9 optimis\u00e9 pour offrir une conduite dynamique tout en ma\u00eetrisant la consommation de carburant.<\/p>\n\n\n\n<div style=\"height:30px\" aria-hidden=\"true\" class=\"wp-block-spacer\"><\/div>\n\n\n\n<h4 class=\"wp-block-heading\">Motorisations disponibles <\/h4>\n\n\n\n<div style=\"height:30px\" aria-hidden=\"true\" class=\"wp-block-spacer\"><\/div>\n\n\n\n<h5 class=\"wp-block-heading\">Essence<\/h5>\n\n\n\n<ul class=\"wp-block-list\">\n<li>BMW 116 122 ch<\/li>\n\n\n\n<li>BMW 120 170 ch (hybridation l\u00e9g\u00e8re de 48V)<\/li>\n\n\n\n<li>BMW 123 xDrive 218 ch (hybridation l\u00e9g\u00e8re de 48V)<\/li>\n\n\n\n<li>BMW M135 xDrive 300 ch<\/li>\n<\/ul>\n\n\n\n<h5 class=\"wp-block-heading\">Diesel<\/h5>\n\n\n\n<ul class=\"wp-block-list\">\n<li>BMW 118d 110 ch<\/li>\n\n\n\n<li>BMW 120d 163 ch (hybridation l\u00e9g\u00e8re de 48V)<\/li>\n<\/ul>\n\n\n\n<div style=\"height:30px\" aria-hidden=\"true\" class=\"wp-block-spacer\"><\/div>\n\n\n\n<h3 class=\"wp-block-heading\">Dimensions et capacit\u00e9<\/h3>\n\n\n\n<div style=\"height:30px\" aria-hidden=\"true\" class=\"wp-block-spacer\"><\/div>\n\n\n\n<p>Bien qu\u2019elle soit une compacte, la <strong>BMW S\u00e9rie 1<\/strong> offre un espace int\u00e9rieur optimis\u00e9 pour maximiser le confort des passagers. Le coffre, avec un volume de 300 litres, permet de transporter vos bagages sans compromis. De plus, les si\u00e8ges arri\u00e8re rabattables permettent d&rsquo;augmenter cette capacit\u00e9 jusqu&rsquo;\u00e0 1135 litres pour les besoins de transport plus importants.<\/p>\n\n\n\n<div style=\"height:30px\" aria-hidden=\"true\" class=\"wp-block-spacer\"><\/div>\n\n\n\n<div class=\"wp-block-buttons is-content-justification-center is-layout-flex wp-container-core-buttons-is-layout-16018d1d wp-block-buttons-is-layout-flex\">\n<div class=\"wp-block-button\"><a class=\"wp-block-button__link wp-element-button\" href=\"https:\/\/www.bmw.fr\/fr\/tous-les-modeles\/1-series\/bmw-serie-1\/bmw-serie-1.html\" target=\"_blank\" rel=\"noopener\"><mark style=\"background-color:rgba(0, 0, 0, 0)\" class=\"has-inline-color has-white-color\">D\u00e9couvrez-la<\/mark><\/a><\/div>\n<\/div>\n\n\n\n<div style=\"height:45px\" aria-hidden=\"true\" class=\"wp-block-spacer\"><\/div>\n\n\n\n<h3 class=\"wp-block-heading\">Technologies embarqu\u00e9es<\/h3>\n\n\n\n<div style=\"height:30px\" aria-hidden=\"true\" class=\"wp-block-spacer\"><\/div>\n\n\n\n<p>Avec son \u00e9cran tactile central BMW Curved Display et son tableau de bord num\u00e9rique, la <strong>BMW S\u00e9rie 1 2024<\/strong> propose une interface utilisateur \u00e0 la pointe de la technologie. Vous pouvez personnaliser vos pr\u00e9f\u00e9rences pour b\u00e9n\u00e9ficier d&rsquo;une exp\u00e9rience de conduite plus connect\u00e9e et sans distraction.<\/p>\n\n\n\n<div style=\"height:30px\" aria-hidden=\"true\" class=\"wp-block-spacer\"><\/div>\n\n\n\n<figure class=\"wp-block-image size-full\"><img loading=\"lazy\" decoding=\"async\" width=\"850\" height=\"478\" src=\"https:\/\/groupe-grim.com\/bmw\/wp-content\/uploads\/2024\/10\/BMW-M-135.jpg\" alt=\"BMW M135 verte sur une route de campagne \" class=\"wp-image-39076\" srcset=\"https:\/\/groupe-grim.com\/bmw\/wp-content\/uploads\/2024\/10\/BMW-M-135.jpg 850w, https:\/\/groupe-grim.com\/bmw\/wp-content\/uploads\/2024\/10\/BMW-M-135-480x270.jpg 480w\" sizes=\"(min-width: 0px) and (max-width: 480px) 480px, (min-width: 481px) 850px, 100vw\" \/><figcaption class=\"wp-element-caption\">BMW M135<\/figcaption><\/figure>\n\n\n\n<div style=\"height:30px\" aria-hidden=\"true\" class=\"wp-block-spacer\"><\/div>\n\n\n\n<h2 class=\"wp-block-heading\">Les finitions et prix de la BMW S\u00e9rie 1 2024<\/h2>\n\n\n\n<div style=\"height:30px\" aria-hidden=\"true\" class=\"wp-block-spacer\"><\/div>\n\n\n\n<h3 class=\"wp-block-heading\">Une gamme de finitions pour tous les go\u00fbts<\/h3>\n\n\n\n<div style=\"height:30px\" aria-hidden=\"true\" class=\"wp-block-spacer\"><\/div>\n\n\n\n<p>La <strong>BMW S\u00e9rie 1 2024<\/strong> est propos\u00e9e avec plusieurs niveaux de finitions et packs d&rsquo;options pour r\u00e9pondre aux attentes de tous les conducteurs. Que vous recherchiez le confort ultime ou que vous pr\u00e9f\u00e9riez un look plus sportif avec la finition M Sport, chaque mod\u00e8le a \u00e9t\u00e9 con\u00e7u pour offrir une exp\u00e9rience de conduite unique.<\/p>\n\n\n\n<div style=\"height:30px\" aria-hidden=\"true\" class=\"wp-block-spacer\"><\/div>\n\n\n\n<h3 class=\"wp-block-heading\">Une comparaison des prix<\/h3>\n\n\n\n<div style=\"height:30px\" aria-hidden=\"true\" class=\"wp-block-spacer\"><\/div>\n\n\n\n<p>En ce qui concerne les prix, la <strong>BMW S\u00e9rie 1 2024<\/strong> d\u00e9marre \u00e0 partir de 35 250\u20ac ou 390\u20ac\/mois pour les mod\u00e8les d\u2019entr\u00e9e de gamme, tandis que les plus \u00e9quip\u00e9es comme la <strong>BMW M135i xDrive<\/strong> de 300 chevaux sont propos\u00e9es \u00e0 partir de 57 250\u20ac. Chaque finition offre un excellent rapport qualit\u00e9-prix en fonction de vos besoins et de votre budget.<\/p>\n\n\n\n<p><a href=\"https:\/\/groupe-grim.com\/bmw\/bmw-la-moins-chere\/\">\u00c0 lire : Quelle est la BMW la moins ch\u00e8re ?<\/a><\/p>\n\n\n\n<div style=\"height:30px\" aria-hidden=\"true\" class=\"wp-block-spacer\"><\/div>\n\n\n\n<h2 class=\"wp-block-heading\">Design ext\u00e9rieur : un style audacieux<\/h2>\n\n\n\n<div style=\"height:30px\" aria-hidden=\"true\" class=\"wp-block-spacer\"><\/div>\n\n\n\n<h3 class=\"wp-block-heading\">Une face avant redessin\u00e9e<\/h3>\n\n\n\n<div style=\"height:30px\" aria-hidden=\"true\" class=\"wp-block-spacer\"><\/div>\n\n\n\n<p>L&rsquo;une des premi\u00e8res choses que l\u2019on remarque sur la <strong>BMW S\u00e9rie 1 2024<\/strong>, c\u2019est son avant redessin\u00e9. La calandre embl\u00e9matique a \u00e9t\u00e9 subtilement \u00e9largie et les phares LED effil\u00e9s lui conf\u00e8rent un regard r\u00e9solument moderne. Ce design renforce son caract\u00e8re tout en am\u00e9liorant ses performances a\u00e9rodynamiques.<\/p>\n\n\n\n<div style=\"height:30px\" aria-hidden=\"true\" class=\"wp-block-spacer\"><\/div>\n\n\n\n<figure class=\"wp-block-gallery has-nested-images columns-default is-cropped wp-block-gallery-3 is-layout-flex wp-block-gallery-is-layout-flex\">\n<figure class=\"wp-block-image size-large\"><img loading=\"lazy\" decoding=\"async\" width=\"850\" height=\"478\" data-id=\"39075\" src=\"https:\/\/groupe-grim.com\/bmw\/wp-content\/uploads\/2024\/10\/BMW-M-135-avant.jpg\" alt=\"BMW M135 blanc\" class=\"wp-image-39075\" srcset=\"https:\/\/groupe-grim.com\/bmw\/wp-content\/uploads\/2024\/10\/BMW-M-135-avant.jpg 850w, https:\/\/groupe-grim.com\/bmw\/wp-content\/uploads\/2024\/10\/BMW-M-135-avant-480x270.jpg 480w\" sizes=\"(min-width: 0px) and (max-width: 480px) 480px, (min-width: 481px) 850px, 100vw\" \/><\/figure>\n\n\n\n<figure class=\"wp-block-image size-large\"><img loading=\"lazy\" decoding=\"async\" width=\"850\" height=\"478\" data-id=\"39074\" src=\"https:\/\/groupe-grim.com\/bmw\/wp-content\/uploads\/2024\/10\/BMW-M-135-arriere.jpg\" alt=\"BMW M135 blanche\" class=\"wp-image-39074\" srcset=\"https:\/\/groupe-grim.com\/bmw\/wp-content\/uploads\/2024\/10\/BMW-M-135-arriere.jpg 850w, https:\/\/groupe-grim.com\/bmw\/wp-content\/uploads\/2024\/10\/BMW-M-135-arriere-480x270.jpg 480w\" sizes=\"(min-width: 0px) and (max-width: 480px) 480px, (min-width: 481px) 850px, 100vw\" \/><\/figure>\n<\/figure>\n\n\n\n<div style=\"height:30px\" aria-hidden=\"true\" class=\"wp-block-spacer\"><\/div>\n\n\n\n<h3 class=\"wp-block-heading\">Des options de personnalisation<\/h3>\n\n\n\n<div style=\"height:30px\" aria-hidden=\"true\" class=\"wp-block-spacer\"><\/div>\n\n\n\n<p>Avec la <strong>BMW S\u00e9rie 1 2024<\/strong>, vous pouvez v\u00e9ritablement personnaliser votre v\u00e9hicule. Des peintures m\u00e9tallis\u00e9es aux jantes en alliage de 17 \u00e0 19 pouces, en passant par les finitions int\u00e9rieures exclusives, vous avez la possibilit\u00e9 de configurer une voiture qui correspond parfaitement \u00e0 vos go\u00fbts.<\/p>\n\n\n\n<div style=\"height:30px\" aria-hidden=\"true\" class=\"wp-block-spacer\"><\/div>\n\n\n\n<h2 class=\"wp-block-heading\">Int\u00e9rieur et confort<\/h2>\n\n\n\n<div style=\"height:30px\" aria-hidden=\"true\" class=\"wp-block-spacer\"><\/div>\n\n\n\n<h3 class=\"wp-block-heading\">Un habitacle premium<\/h3>\n\n\n\n<div style=\"height:30px\" aria-hidden=\"true\" class=\"wp-block-spacer\"><\/div>\n\n\n\n<p>L\u2019int\u00e9rieur de la <strong>BMW S\u00e9rie 1 2024<\/strong> a \u00e9t\u00e9 con\u00e7u pour offrir une atmosph\u00e8re luxueuse et confortable. Les mat\u00e9riaux haut de gamme, comme les si\u00e8ges en alcantara et les inserts en aluminium, renforcent l\u2019impression de qualit\u00e9 et de sophistication. Les espaces de rangement ont \u00e9t\u00e9 optimis\u00e9s pour am\u00e9liorer la praticit\u00e9 sans sacrifier l&rsquo;\u00e9l\u00e9gance.<\/p>\n\n\n\n<div style=\"height:30px\" aria-hidden=\"true\" class=\"wp-block-spacer\"><\/div>\n\n\n\n<h3 class=\"wp-block-heading\">Le divertissement \u00e0 port\u00e9e de main<\/h3>\n\n\n\n<div style=\"height:30px\" aria-hidden=\"true\" class=\"wp-block-spacer\"><\/div>\n\n\n\n<p>Avec son \u00e9cran tactile BMW Curved Display, la <strong>BMW S\u00e9rie 1<\/strong> met le divertissement \u00e0 port\u00e9e de main. Que ce soit pour acc\u00e9der \u00e0 vos applications via Apple CarPlay ou pour profiter de la recharge sans fil, tout a \u00e9t\u00e9 pens\u00e9 pour offrir un maximum de confort et de praticit\u00e9 au quotidien.<\/p>\n\n\n\n<div style=\"height:30px\" aria-hidden=\"true\" class=\"wp-block-spacer\"><\/div>\n\n\n\n<figure class=\"wp-block-image size-full\"><img loading=\"lazy\" decoding=\"async\" width=\"850\" height=\"478\" src=\"https:\/\/groupe-grim.com\/bmw\/wp-content\/uploads\/2024\/10\/BMW-M-135-interieur.jpg\" alt=\"Int\u00e9rieur de la BMW M135\" class=\"wp-image-39068\" srcset=\"https:\/\/groupe-grim.com\/bmw\/wp-content\/uploads\/2024\/10\/BMW-M-135-interieur.jpg 850w, https:\/\/groupe-grim.com\/bmw\/wp-content\/uploads\/2024\/10\/BMW-M-135-interieur-480x270.jpg 480w\" sizes=\"(min-width: 0px) and (max-width: 480px) 480px, (min-width: 481px) 850px, 100vw\" \/><figcaption class=\"wp-element-caption\">Int\u00e9rieur de la BMW M135<\/figcaption><\/figure>\n\n\n\n<div style=\"height:30px\" aria-hidden=\"true\" class=\"wp-block-spacer\"><\/div>\n\n\n\n<h3 class=\"wp-block-heading\">S\u00e9curit\u00e9 et assistance \u00e0 la conduite<\/h3>\n\n\n\n<div style=\"height:30px\" aria-hidden=\"true\" class=\"wp-block-spacer\"><\/div>\n\n\n\n<p>BMW n\u2019a pas l\u00e9sin\u00e9 sur la s\u00e9curit\u00e9 avec la <strong>BMW S\u00e9rie 1 2024<\/strong>. Les derni\u00e8res technologies d&rsquo;assistance \u00e0 la conduite, telles que le Driving Assistant Professional qui offre le maintien de la trajectoire, le respect des distances de s\u00e9curit\u00e9 avec acc\u00e9l\u00e9ration et freinage, l&rsquo;aide \u00e0 l&rsquo;insertion dans les voies ou encore l&rsquo;assistance au stationnement, sont disponibles de s\u00e9rie ou en option (en fonction des mod\u00e8les choisis) pour assurer une protection optimale du conducteur et des passagers sur la route.<\/p>\n\n\n\n<div style=\"height:30px\" aria-hidden=\"true\" class=\"wp-block-spacer\"><\/div>\n\n\n\n<div class=\"wp-block-buttons is-content-justification-center is-layout-flex wp-container-core-buttons-is-layout-16018d1d wp-block-buttons-is-layout-flex\">\n<div class=\"wp-block-button\"><a class=\"wp-block-button__link wp-element-button\" href=\"https:\/\/www.groupe-grim.com\/rendez-vous\/bmw.html\"><mark style=\"background-color:rgba(0, 0, 0, 0)\" class=\"has-inline-color has-white-color\">V<\/mark>enez l&rsquo;essayer<\/a><\/div>\n<\/div>\n\n\n\n<div style=\"height:45px\" aria-hidden=\"true\" class=\"wp-block-spacer\"><\/div>\n\n\n\n<h2 class=\"wp-block-heading\">Ce qu&rsquo;il faut retenir : la BMW S\u00e9rie 1 2024, un choix raffin\u00e9<\/h2>\n\n\n\n<div style=\"height:30px\" aria-hidden=\"true\" class=\"wp-block-spacer\"><\/div>\n\n\n\n<p>Avec son design audacieux, ses technologies avanc\u00e9es et ses performances sup\u00e9rieures, la <strong>BMW S\u00e9rie 1<\/strong> s\u2019impose comme un choix incontournable pour ceux qui recherchent une voiture compacte alliant luxe et dynamisme. Que vous soyez un jeune professionnel ou un amateur de belles m\u00e9caniques, elle saura r\u00e9pondre \u00e0 toutes vos attentes.<br \/>Alors, pr\u00eat \u00e0 prendre le volant de la <strong>nouvelle BMW S\u00e9rie 1<\/strong> ?<\/p>\n\n\n\n<div style=\"height:30px\" aria-hidden=\"true\" class=\"wp-block-spacer\"><\/div>\n\n\n\n<div class=\"wp-block-buttons is-content-justification-center is-layout-flex wp-container-core-buttons-is-layout-16018d1d wp-block-buttons-is-layout-flex\">\n<div class=\"wp-block-button\"><a class=\"wp-block-button__link wp-element-button\" href=\"https:\/\/www.groupe-grim.com\/rendez-vous\/bmw.html\"><mark style=\"background-color:rgba(0, 0, 0, 0)\" class=\"has-inline-color has-white-color\">Prendre rendez-vous<\/mark><\/a><\/div>\n<\/div>\n\n\n\n<div style=\"height:45px\" aria-hidden=\"true\" class=\"wp-block-spacer\"><\/div>\n\n\n\n<figure class=\"wp-block-image size-full\"><img loading=\"lazy\" decoding=\"async\" width=\"850\" height=\"478\" src=\"https:\/\/groupe-grim.com\/bmw\/wp-content\/uploads\/2024\/10\/BMW-Serie-1-120-profil.jpg\" alt=\"BMW S\u00e9rie 1 120 grise devant un garage\" class=\"wp-image-39077\" srcset=\"https:\/\/groupe-grim.com\/bmw\/wp-content\/uploads\/2024\/10\/BMW-Serie-1-120-profil.jpg 850w, https:\/\/groupe-grim.com\/bmw\/wp-content\/uploads\/2024\/10\/BMW-Serie-1-120-profil-480x270.jpg 480w\" sizes=\"(min-width: 0px) and (max-width: 480px) 480px, (min-width: 481px) 850px, 100vw\" \/><figcaption class=\"wp-element-caption\">BMW S\u00e9rie 1 120 finition M Sport<\/figcaption><\/figure>\n\n\n\n<div style=\"height:100px\" aria-hidden=\"true\" class=\"wp-block-spacer\"><\/div>\n<span class=\"et_bloom_bottom_trigger\"><\/span>","protected":false},"excerpt":{"rendered":"<p>La BMW S\u00e9rie 1 2024 est enfin l\u00e0, pr\u00eate \u00e0 red\u00e9finir le segment des compactes premium. Avec un design revisit\u00e9, des performances accrues et des technologies embarqu\u00e9es de pointe, elle s&rsquo;affirme comme l\u2019un des mod\u00e8les les plus attractifs de sa cat\u00e9gorie. Mais qu\u2019est-ce qui rend cette nouvelle g\u00e9n\u00e9ration si sp\u00e9ciale ? Dans cet article, nous [&hellip;]<\/p>\n","protected":false},"author":15,"featured_media":39073,"comment_status":"open","ping_status":"open","sticky":false,"template":"","format":"standard","meta":{"_et_pb_use_builder":"off","_et_pb_old_content":"","_et_gb_content_width":"","footnotes":""},"categories":[11],"tags":[],"class_list":["post-39059","post","type-post","status-publish","format-standard","has-post-thumbnail","hentry","category-actualites"],"_links":{"self":[{"href":"https:\/\/groupe-grim.com\/bmw\/wp-json\/wp\/v2\/posts\/39059","targetHints":{"allow":["GET"]}}],"collection":[{"href":"https:\/\/groupe-grim.com\/bmw\/wp-json\/wp\/v2\/posts"}],"about":[{"href":"https:\/\/groupe-grim.com\/bmw\/wp-json\/wp\/v2\/types\/post"}],"author":[{"embeddable":true,"href":"https:\/\/groupe-grim.com\/bmw\/wp-json\/wp\/v2\/users\/15"}],"replies":[{"embeddable":true,"href":"https:\/\/groupe-grim.com\/bmw\/wp-json\/wp\/v2\/comments?post=39059"}],"version-history":[{"count":0,"href":"https:\/\/groupe-grim.com\/bmw\/wp-json\/wp\/v2\/posts\/39059\/revisions"}],"wp:featuredmedia":[{"embeddable":true,"href":"https:\/\/groupe-grim.com\/bmw\/wp-json\/wp\/v2\/media\/39073"}],"wp:attachment":[{"href":"https:\/\/groupe-grim.com\/bmw\/wp-json\/wp\/v2\/media?parent=39059"}],"wp:term":[{"taxonomy":"category","embeddable":true,"href":"https:\/\/groupe-grim.com\/bmw\/wp-json\/wp\/v2\/categories?post=39059"},{"taxonomy":"post_tag","embeddable":true,"href":"https:\/\/groupe-grim.com\/bmw\/wp-json\/wp\/v2\/tags?post=39059"}],"curies":[{"name":"wp","href":"https:\/\/api.w.org\/{rel}","templated":true}]}}