{"id":39127,"date":"2024-10-24T14:50:22","date_gmt":"2024-10-24T12:50:22","guid":{"rendered":"https:\/\/groupe-grim.com\/bmw\/?p=39127"},"modified":"2024-10-24T14:50:25","modified_gmt":"2024-10-24T12:50:25","slug":"bmw-skytop","status":"publish","type":"post","link":"https:\/\/groupe-grim.com\/bmw\/bmw-skytop\/","title":{"rendered":"La BMW Skytop : un chef-d&rsquo;\u0153uvre en \u00e9dition limit\u00e9e"},"content":{"rendered":"\n<p>La <strong>BMW Skytop<\/strong>, d\u00e9voil\u00e9e pour la premi\u00e8re fois en 2024, marque un tournant dans l\u2019histoire des roadsters de la marque. Inspir\u00e9e des mod\u00e8les l\u00e9gendaires comme la BMW 507 et la BMW Z8, la Skytop se distingue par son design unique et son exclusivit\u00e9. Limit\u00e9e \u00e0 seulement 50 exemplaires, elle promet d\u2019attirer l\u2019attention des passionn\u00e9s et collectionneurs du monde entier.<\/p>\n\n\n\n<div style=\"height:30px\" aria-hidden=\"true\" class=\"wp-block-spacer\"><\/div>\n\n\n\n<figure class=\"wp-block-image size-full\"><img loading=\"lazy\" decoding=\"async\" width=\"850\" height=\"478\" src=\"https:\/\/groupe-grim.com\/bmw\/wp-content\/uploads\/2024\/10\/BMW-Skytop.jpg\" alt=\"BMW Skytop de profil\" class=\"wp-image-39130\" srcset=\"https:\/\/groupe-grim.com\/bmw\/wp-content\/uploads\/2024\/10\/BMW-Skytop.jpg 850w, https:\/\/groupe-grim.com\/bmw\/wp-content\/uploads\/2024\/10\/BMW-Skytop-480x270.jpg 480w\" sizes=\"(min-width: 0px) and (max-width: 480px) 480px, (min-width: 481px) 850px, 100vw\" \/><figcaption class=\"wp-element-caption\">BMW Skytop<\/figcaption><\/figure>\n\n\n\n<div style=\"height:30px\" aria-hidden=\"true\" class=\"wp-block-spacer\"><\/div>\n\n\n\n<h2 class=\"wp-block-heading\">Design et caract\u00e9ristiques ext\u00e9rieures de la BMW Skytop<\/h2>\n\n\n\n<div style=\"height:30px\" aria-hidden=\"true\" class=\"wp-block-spacer\"><\/div>\n\n\n\n<h3 class=\"wp-block-heading\">Un concept de design r\u00e9volutionnaire<\/h3>\n\n\n\n<div style=\"height:30px\" aria-hidden=\"true\" class=\"wp-block-spacer\"><\/div>\n\n\n\n<p>Pr\u00e9sent\u00e9e initialement comme un concept lors du <a href=\"https:\/\/www.concorsodeleganzavilladeste.com\/\" target=\"_blank\" rel=\"noopener\">Concorso d&rsquo;Eleganza Villa d&rsquo;Este<\/a>, la <strong>BMW Skytop<\/strong> a imm\u00e9diatement suscit\u00e9 l&rsquo;enthousiasme du public. Son design ext\u00e9rieur allie \u00e9l\u00e9gance et dynamisme, tout en rendant hommage aux roadsters embl\u00e9matiques de la marque. La ligne de caract\u00e8re qui s\u2019\u00e9tend du capot avant jusqu\u2019\u00e0 l\u2019arri\u00e8re est accentu\u00e9e par une finition en aluminium, soulignant le c\u00f4t\u00e9 athl\u00e9tique et sculptural du v\u00e9hicule.<\/p>\n\n\n\n<div style=\"height:30px\" aria-hidden=\"true\" class=\"wp-block-spacer\"><\/div>\n\n\n\n<h3 class=\"wp-block-heading\">A\u00e9rodynamisme et lignes \u00e9pur\u00e9es<\/h3>\n\n\n\n<div style=\"height:30px\" aria-hidden=\"true\" class=\"wp-block-spacer\"><\/div>\n\n\n\n<p>L\u2019attention port\u00e9e \u00e0 l\u2019a\u00e9rodynamisme est \u00e9vidente dans chaque d\u00e9tail de la <strong>BMW Skytop<\/strong>. Le nez de requin embl\u00e9matique et la calandre \u00e9clair\u00e9e contribuent \u00e0 l\u2019impression de mouvement m\u00eame \u00e0 l\u2019arr\u00eat. Ce design audacieux refl\u00e8te non seulement l\u2019h\u00e9ritage des roadsters BMW, mais optimise \u00e9galement les performances.<\/p>\n\n\n\n<div style=\"height:30px\" aria-hidden=\"true\" class=\"wp-block-spacer\"><\/div>\n\n\n\n<h3 class=\"wp-block-heading\">Un \u00e9clairage unique et une signature visuelle marquante<\/h3>\n\n\n\n<div style=\"height:30px\" aria-hidden=\"true\" class=\"wp-block-spacer\"><\/div>\n\n\n\n<p>Les feux LED \u00e0 l\u2019avant et \u00e0 l\u2019arri\u00e8re, int\u00e9gr\u00e9s avec pr\u00e9cision, ajoutent une touche moderne tout en maintenant l\u2019aspect \u00e9pur\u00e9 du v\u00e9hicule. La <strong>BMW Skytop<\/strong> se d\u00e9marque \u00e9galement par sa calandre r\u00e9tro\u00e9clair\u00e9e, une caract\u00e9ristique distinctive qui refl\u00e8te l\u2019innovation et le souci du d\u00e9tail. Cette calandre nomm\u00e9e Iconic Glow s&rsquo;impose peu \u00e0 peu comme la nouvelle signature lumineuse embl\u00e9matique de la marque, arbor\u00e9e par de nombreux mod\u00e8les comme la <a href=\"https:\/\/groupe-grim.com\/bmw\/bmw-xm\/\">BMW XM<\/a>.<\/p>\n\n\n\n<div style=\"height:30px\" aria-hidden=\"true\" class=\"wp-block-spacer\"><\/div>\n\n\n\n<figure class=\"wp-block-gallery has-nested-images columns-default is-cropped wp-block-gallery-1 is-layout-flex wp-block-gallery-is-layout-flex\">\n<figure class=\"wp-block-image size-full\"><img loading=\"lazy\" decoding=\"async\" width=\"500\" height=\"500\" data-id=\"39134\" src=\"https:\/\/groupe-grim.com\/bmw\/wp-content\/uploads\/2024\/10\/BMW-Skytop-zoom-avant.jpg\" alt=\"Avant BMW Skytop\" class=\"wp-image-39134\" srcset=\"https:\/\/groupe-grim.com\/bmw\/wp-content\/uploads\/2024\/10\/BMW-Skytop-zoom-avant.jpg 500w, https:\/\/groupe-grim.com\/bmw\/wp-content\/uploads\/2024\/10\/BMW-Skytop-zoom-avant-480x480.jpg 480w\" sizes=\"(min-width: 0px) and (max-width: 480px) 480px, (min-width: 481px) 500px, 100vw\" \/><\/figure>\n\n\n\n<figure class=\"wp-block-image size-full\"><img loading=\"lazy\" decoding=\"async\" width=\"500\" height=\"500\" data-id=\"39132\" src=\"https:\/\/groupe-grim.com\/bmw\/wp-content\/uploads\/2024\/10\/BMW-Skytop-zoom-arriere.jpg\" alt=\"Arri\u00e8re BMW Skytop\" class=\"wp-image-39132\" srcset=\"https:\/\/groupe-grim.com\/bmw\/wp-content\/uploads\/2024\/10\/BMW-Skytop-zoom-arriere.jpg 500w, https:\/\/groupe-grim.com\/bmw\/wp-content\/uploads\/2024\/10\/BMW-Skytop-zoom-arriere-480x480.jpg 480w\" sizes=\"(min-width: 0px) and (max-width: 480px) 480px, (min-width: 481px) 500px, 100vw\" \/><\/figure>\n\n\n\n<figure class=\"wp-block-image size-full\"><img loading=\"lazy\" decoding=\"async\" width=\"500\" height=\"500\" data-id=\"39135\" src=\"https:\/\/groupe-grim.com\/bmw\/wp-content\/uploads\/2024\/10\/BMW-Skytop-face-2.jpg\" alt=\"BMW Skytop vue de face\" class=\"wp-image-39135\" srcset=\"https:\/\/groupe-grim.com\/bmw\/wp-content\/uploads\/2024\/10\/BMW-Skytop-face-2.jpg 500w, https:\/\/groupe-grim.com\/bmw\/wp-content\/uploads\/2024\/10\/BMW-Skytop-face-2-480x480.jpg 480w\" sizes=\"(min-width: 0px) and (max-width: 480px) 480px, (min-width: 481px) 500px, 100vw\" \/><\/figure>\n<\/figure>\n\n\n\n<div style=\"height:30px\" aria-hidden=\"true\" class=\"wp-block-spacer\"><\/div>\n\n\n\n<h2 class=\"wp-block-heading\">Int\u00e9rieur et technologie<\/h2>\n\n\n\n<div style=\"height:30px\" aria-hidden=\"true\" class=\"wp-block-spacer\"><\/div>\n\n\n\n<h3 class=\"wp-block-heading\">Un int\u00e9rieur plus luxueux que jamais<\/h3>\n\n\n\n<div style=\"height:30px\" aria-hidden=\"true\" class=\"wp-block-spacer\"><\/div>\n\n\n\n<p>L\u2019habitacle de la <strong>BMW Skytop<\/strong> est un hommage \u00e0 l\u2019artisanat haut de gamme. Les mat\u00e9riaux de premi\u00e8re qualit\u00e9, comme le cuir, et les finitions faites \u00e0 la main t\u00e9moignent de l&rsquo;attention m\u00e9ticuleuse aux d\u00e9tails. Chaque \u00e9l\u00e9ment, des si\u00e8ges aux panneaux de porte, est con\u00e7u pour offrir une exp\u00e9rience de luxe incomparable.<\/p>\n\n\n\n<div style=\"height:30px\" aria-hidden=\"true\" class=\"wp-block-spacer\"><\/div>\n\n\n\n<h3 class=\"wp-block-heading\">Technologie de pointe et connectivit\u00e9<\/h3>\n\n\n\n<div style=\"height:30px\" aria-hidden=\"true\" class=\"wp-block-spacer\"><\/div>\n\n\n\n<p>La <strong>BMW Skytop<\/strong> est \u00e9quip\u00e9e des derni\u00e8res innovations technologiques de BMW. Le syst\u00e8me d\u2019infodivertissement int\u00e8gre le BMW Live Cockpit Professional, offrant une interface intuitive et connect\u00e9e. Le syst\u00e8me audio Diamond Surround de Bowers &amp; Wilkins assure une qualit\u00e9 sonore exceptionnelle, tandis que l&rsquo;affichage t\u00eate haute projette les informations essentielles directement dans le champ de vision du conducteur.<\/p>\n\n\n\n<div style=\"height:30px\" aria-hidden=\"true\" class=\"wp-block-spacer\"><\/div>\n\n\n\n<h3 class=\"wp-block-heading\">Syst\u00e8mes d\u2019assistance \u00e0 la conduite et innovations de s\u00e9curit\u00e9<\/h3>\n\n\n\n<div style=\"height:30px\" aria-hidden=\"true\" class=\"wp-block-spacer\"><\/div>\n\n\n\n<p>En mati\u00e8re de s\u00e9curit\u00e9, la <strong>BMW Skytop<\/strong> n\u2019est pas en reste. Les syst\u00e8mes d\u2019assistance \u00e0 la conduite tels que le r\u00e9gulateur de vitesse adaptatif et l&rsquo;assistant de maintien de voie garantissent une conduite sereine dans toutes les conditions. Ces technologies, associ\u00e9es \u00e0 la transmission int\u00e9grale BMW xDrive, offrent une stabilit\u00e9 et une r\u00e9activit\u00e9 optimales.<\/p>\n\n\n\n<div style=\"height:30px\" aria-hidden=\"true\" class=\"wp-block-spacer\"><\/div>\n\n\n\n<div class=\"wp-block-buttons is-content-justification-center is-layout-flex wp-container-core-buttons-is-layout-16018d1d wp-block-buttons-is-layout-flex\">\n<div class=\"wp-block-button\"><a class=\"wp-block-button__link wp-element-button\" href=\"https:\/\/groupe-grim.com\/bmw\/conduite-automatisee\/\"><mark style=\"background-color:rgba(0, 0, 0, 0)\" class=\"has-inline-color has-white-color\">Les derni\u00e8res innovations en mati\u00e8re d&rsquo;assistance \u00e0 la conduite<\/mark><\/a><\/div>\n<\/div>\n\n\n\n<div style=\"height:45px\" aria-hidden=\"true\" class=\"wp-block-spacer\"><\/div>\n\n\n\n<figure class=\"wp-block-image size-full\"><img loading=\"lazy\" decoding=\"async\" width=\"850\" height=\"478\" src=\"https:\/\/groupe-grim.com\/bmw\/wp-content\/uploads\/2024\/10\/BMW-Skytop-arriere.jpg\" alt=\"Arri\u00e8re BMW Skytop\" class=\"wp-image-39136\" srcset=\"https:\/\/groupe-grim.com\/bmw\/wp-content\/uploads\/2024\/10\/BMW-Skytop-arriere.jpg 850w, https:\/\/groupe-grim.com\/bmw\/wp-content\/uploads\/2024\/10\/BMW-Skytop-arriere-480x270.jpg 480w\" sizes=\"(min-width: 0px) and (max-width: 480px) 480px, (min-width: 481px) 850px, 100vw\" \/><figcaption class=\"wp-element-caption\">BMW Skytop<\/figcaption><\/figure>\n\n\n\n<div style=\"height:30px\" aria-hidden=\"true\" class=\"wp-block-spacer\"><\/div>\n\n\n\n<h2 class=\"wp-block-heading\">Performance et motorisation<\/h2>\n\n\n\n<div style=\"height:30px\" aria-hidden=\"true\" class=\"wp-block-spacer\"><\/div>\n\n\n\n<h3 class=\"wp-block-heading\">Options de motorisation et sp\u00e9cifications techniques<\/h3>\n\n\n\n<div style=\"height:30px\" aria-hidden=\"true\" class=\"wp-block-spacer\"><\/div>\n\n\n\n<p>Sous son capot, la <strong>BMW Skytop<\/strong> cache un moteur V8 de 4,4 litres, d\u00e9veloppant 625 chevaux. Cette puissance exceptionnelle permet au roadster de passer de 0 \u00e0 100 km\/h en seulement 3,3 secondes. La bo\u00eete de vitesses Steptronic Sport \u00e0 huit rapports offre une transition fluide entre les vitesses, garantissant une exp\u00e9rience de conduite dynamique et r\u00e9active.<\/p>\n\n\n\n<div style=\"height:30px\" aria-hidden=\"true\" class=\"wp-block-spacer\"><\/div>\n\n\n\n<div class=\"wp-block-buttons is-content-justification-center is-layout-flex wp-container-core-buttons-is-layout-16018d1d wp-block-buttons-is-layout-flex\">\n<div class=\"wp-block-button\"><a class=\"wp-block-button__link wp-element-button\" href=\"https:\/\/www.groupe-grim.com\/rendez-vous\/bmw.html\"><mark style=\"background-color:rgba(0, 0, 0, 0)\" class=\"has-inline-color has-white-color\">Prendre rendez-vous<\/mark><\/a><\/div>\n<\/div>\n\n\n\n<div style=\"height:30px\" aria-hidden=\"true\" class=\"wp-block-spacer\"><\/div>\n\n\n\n<h3 class=\"wp-block-heading\">Versions hybride et \u00e9lectrique<\/h3>\n\n\n\n<div style=\"height:30px\" aria-hidden=\"true\" class=\"wp-block-spacer\"><\/div>\n\n\n\n<p>Bien que la version actuelle de la <strong>BMW Skytop<\/strong> soit aliment\u00e9e par un moteur \u00e0 essence, BMW explore activement des solutions hybrides et \u00e9lectriques pour ses futurs mod\u00e8les. Ce roadster unique refl\u00e8te la transition progressive de BMW vers des v\u00e9hicules plus durables, tout en maintenant des performances exceptionnelles.<\/p>\n\n\n\n<div style=\"height:30px\" aria-hidden=\"true\" class=\"wp-block-spacer\"><\/div>\n\n\n\n<h3 class=\"wp-block-heading\">Exp\u00e9rience de conduite et tenue de route<\/h3>\n\n\n\n<div style=\"height:30px\" aria-hidden=\"true\" class=\"wp-block-spacer\"><\/div>\n\n\n\n<p>Avec la <strong>BMW Skytop<\/strong>, l\u2019exp\u00e9rience de conduite est au centre de toutes les attentions. Gr\u00e2ce au syst\u00e8me de transmission int\u00e9grale intelligente, la voiture s\u2019adapte \u00e0 toutes les conditions de conduite, assurant une tenue de route optimale. Que ce soit sur autoroute ou sur des routes sinueuses, la <strong>BMW Skytop<\/strong> offre un plaisir de conduite in\u00e9gal\u00e9.<\/p>\n\n\n\n<div style=\"height:30px\" aria-hidden=\"true\" class=\"wp-block-spacer\"><\/div>\n\n\n\n<figure class=\"wp-block-image size-full\"><img loading=\"lazy\" decoding=\"async\" width=\"850\" height=\"478\" src=\"https:\/\/groupe-grim.com\/bmw\/wp-content\/uploads\/2024\/10\/BMW-Skytop-arriere-2.jpg\" alt=\"Arri\u00e8re de la BMW Skytop\" class=\"wp-image-39137\" srcset=\"https:\/\/groupe-grim.com\/bmw\/wp-content\/uploads\/2024\/10\/BMW-Skytop-arriere-2.jpg 850w, https:\/\/groupe-grim.com\/bmw\/wp-content\/uploads\/2024\/10\/BMW-Skytop-arriere-2-480x270.jpg 480w\" sizes=\"(min-width: 0px) and (max-width: 480px) 480px, (min-width: 481px) 850px, 100vw\" \/><figcaption class=\"wp-element-caption\">Arri\u00e8re de la BMW Skytop<\/figcaption><\/figure>\n\n\n\n<div style=\"height:30px\" aria-hidden=\"true\" class=\"wp-block-spacer\"><\/div>\n\n\n\n<h2 class=\"wp-block-heading\">Positionnement sur le march\u00e9 et tarification<\/h2>\n\n\n\n<div style=\"height:30px\" aria-hidden=\"true\" class=\"wp-block-spacer\"><\/div>\n\n\n\n<h3 class=\"wp-block-heading\">La place de la BMW Skytop dans la gamme BMW<\/h3>\n\n\n\n<div style=\"height:30px\" aria-hidden=\"true\" class=\"wp-block-spacer\"><\/div>\n\n\n\n<p>Avec la <strong>BMW Skytop<\/strong>, la marque continue de s\u2019adresser \u00e0 une client\u00e8le exigeante \u00e0 la recherche de v\u00e9hicules exclusifs. Ce mod\u00e8le en \u00e9dition limit\u00e9e renforce l\u2019image premium de BMW et fait \u00e9cho aux pr\u00e9c\u00e9dentes \u00e9ditions sp\u00e9ciales comme la BMW 3.0 CSL qui avait \u00e9t\u00e9 cr\u00e9e \u00e0 l&rsquo;occasion du 50e anniversaire de BMW M. <\/p>\n\n\n\n<p><a href=\"https:\/\/groupe-grim.com\/bmw\/bmw-m-2\/\">\u00c0 lire : BMW M, c&rsquo;est quoi ?<\/a><\/p>\n\n\n\n<div style=\"height:30px\" aria-hidden=\"true\" class=\"wp-block-spacer\"><\/div>\n\n\n\n<h3 class=\"wp-block-heading\">Prix et disponibilit\u00e9<\/h3>\n\n\n\n<div style=\"height:30px\" aria-hidden=\"true\" class=\"wp-block-spacer\"><\/div>\n\n\n\n<p>La <strong>BMW Skytop<\/strong> sera disponible en 50 exemplaires seulement, ce qui en fait un v\u00e9ritable objet de collection. Son prix n\u2019a pas encore \u00e9t\u00e9 d\u00e9voil\u00e9, mais il est clair que ce roadster haut de gamme sera r\u00e9serv\u00e9 \u00e0 une client\u00e8le \u00e9litiste. La disponibilit\u00e9 devrait \u00eatre annonc\u00e9e dans les mois \u00e0 venir, avec une commercialisation pr\u00e9vue pour 2025.<\/p>\n\n\n\n<div style=\"height:30px\" aria-hidden=\"true\" class=\"wp-block-spacer\"><\/div>\n\n\n\n<h2 class=\"wp-block-heading\">Un avenir prometteur pour BMW<\/h2>\n\n\n\n<div style=\"height:30px\" aria-hidden=\"true\" class=\"wp-block-spacer\"><\/div>\n\n\n\n<p>La <strong>BMW Skytop<\/strong> repr\u00e9sente bien plus qu\u2019un simple roadster. Elle incarne le savoir-faire artisanal, l&rsquo;innovation technologique et l&rsquo;h\u00e9ritage historique de BMW. En produisant un v\u00e9hicule aussi exclusif, BMW r\u00e9affirme sa position de leader sur le march\u00e9 des voitures de luxe et d\u00e9montre son engagement \u00e0 repousser les limites du design automobile.<\/p>\n\n\n\n<p>Ce mod\u00e8le marque sans aucun doute le d\u00e9but d&rsquo;une nouvelle \u00e8re pour les roadsters BMW, o\u00f9 l&rsquo;\u00e9l\u00e9gance et la performance se rejoignent pour offrir une exp\u00e9rience de conduite exceptionnelle.<\/p>\n<span class=\"et_bloom_bottom_trigger\"><\/span>","protected":false},"excerpt":{"rendered":"<p>La BMW Skytop, d\u00e9voil\u00e9e pour la premi\u00e8re fois en 2024, marque un tournant dans l\u2019histoire des roadsters de la marque. Inspir\u00e9e des mod\u00e8les l\u00e9gendaires comme la BMW 507 et la BMW Z8, la Skytop se distingue par son design unique et son exclusivit\u00e9. Limit\u00e9e \u00e0 seulement 50 exemplaires, elle promet d\u2019attirer l\u2019attention des passionn\u00e9s et [&hellip;]<\/p>\n","protected":false},"author":15,"featured_media":39129,"comment_status":"open","ping_status":"open","sticky":false,"template":"","format":"standard","meta":{"_et_pb_use_builder":"off","_et_pb_old_content":"","_et_gb_content_width":"","footnotes":""},"categories":[11],"tags":[],"class_list":["post-39127","post","type-post","status-publish","format-standard","has-post-thumbnail","hentry","category-actualites"],"_links":{"self":[{"href":"https:\/\/groupe-grim.com\/bmw\/wp-json\/wp\/v2\/posts\/39127","targetHints":{"allow":["GET"]}}],"collection":[{"href":"https:\/\/groupe-grim.com\/bmw\/wp-json\/wp\/v2\/posts"}],"about":[{"href":"https:\/\/groupe-grim.com\/bmw\/wp-json\/wp\/v2\/types\/post"}],"author":[{"embeddable":true,"href":"https:\/\/groupe-grim.com\/bmw\/wp-json\/wp\/v2\/users\/15"}],"replies":[{"embeddable":true,"href":"https:\/\/groupe-grim.com\/bmw\/wp-json\/wp\/v2\/comments?post=39127"}],"version-history":[{"count":0,"href":"https:\/\/groupe-grim.com\/bmw\/wp-json\/wp\/v2\/posts\/39127\/revisions"}],"wp:featuredmedia":[{"embeddable":true,"href":"https:\/\/groupe-grim.com\/bmw\/wp-json\/wp\/v2\/media\/39129"}],"wp:attachment":[{"href":"https:\/\/groupe-grim.com\/bmw\/wp-json\/wp\/v2\/media?parent=39127"}],"wp:term":[{"taxonomy":"category","embeddable":true,"href":"https:\/\/groupe-grim.com\/bmw\/wp-json\/wp\/v2\/categories?post=39127"},{"taxonomy":"post_tag","embeddable":true,"href":"https:\/\/groupe-grim.com\/bmw\/wp-json\/wp\/v2\/tags?post=39127"}],"curies":[{"name":"wp","href":"https:\/\/api.w.org\/{rel}","templated":true}]}}