{"id":40027,"date":"2025-01-14T19:06:23","date_gmt":"2025-01-14T17:06:23","guid":{"rendered":"https:\/\/groupe-grim.com\/bmw\/?p=40027"},"modified":"2026-01-05T18:02:36","modified_gmt":"2026-01-05T16:02:36","slug":"bmw-alpina","status":"publish","type":"post","link":"https:\/\/groupe-grim.com\/bmw\/bmw-alpina\/","title":{"rendered":"BMW Alpina, c&rsquo;est quoi ?"},"content":{"rendered":"\n<p><strong>BMW Alpina<\/strong> est une marque qui suscite la curiosit\u00e9 des amateurs de voitures haut de gamme. Souvent per\u00e7ue comme une \u00e9nigme entre le monde de BMW et celui des constructeurs artisanaux, <strong>Alpina<\/strong> r\u00e9unit l\u2019excellence technologique et l\u2019\u00e9l\u00e9gance sur mesure. Mais que se cache-t-il r\u00e9ellement derri\u00e8re cette marque exclusive ? <\/p>\n\n\n\n<p>Dans cet article notre \u00e9quipe vous livre tous les secrets pour mieux comprendre <strong>BMW Alpina<\/strong>.<\/p>\n\n\n\n<blockquote class=\"wp-block-quote is-layout-flow wp-block-quote-is-layout-flow\">\n<p><strong><em>Mise \u00e0 jour 5 janvier 2026 : <\/em><\/strong><\/p>\n\n\n\n<p>\u00c0 compter du 1er janvier 2026, les droits de la marque Alpina sont transf\u00e9r\u00e9s au groupe BMW, donnant naissance \u00e0 <strong>BMW ALPINA<\/strong>, une marque exclusive ind\u00e9pendante op\u00e9rant sous l\u2019\u00e9gide de <strong>BMW Group<\/strong>. Cette premi\u00e8re phase est consacr\u00e9e \u00e0 l\u2019affirmation de l\u2019identit\u00e9 de <strong>BMW ALPINA<\/strong>, fid\u00e8le \u00e0 son ADN unique alliant performances \u00e9lev\u00e9es, confort d\u2019exception et plaisir de conduire raffin\u00e9.<\/p>\n\n\n\n<p>H\u00e9riti\u00e8re d\u2019une tradition prestigieuse, la marque se projette vers l\u2019avenir avec exigence et responsabilit\u00e9. Le nouveau logo, inspir\u00e9 de celui des ann\u00e9es 1970, incarne ce lien entre h\u00e9ritage et modernit\u00e9, tout en affirmant clairement l\u2019ind\u00e9pendance et la personnalit\u00e9 propre de <strong>BMW ALPINA<\/strong> au sein du groupe.<\/p>\n\n\n\n<p>Les mod\u00e8les <strong>BMW ALPINA<\/strong> se distinguent par des standards de fabrication extr\u00eamement \u00e9lev\u00e9s, un savoir-faire artisanal, des mat\u00e9riaux sp\u00e9cifiques et un haut niveau de personnalisation. Chaque v\u00e9hicule devient ainsi une pi\u00e8ce exclusive, pens\u00e9e pour les connaisseurs \u00e0 la recherche d\u2019un \u00e9quilibre parfait entre exclusivit\u00e9, performances et confort, sans aucun compromis.<\/p>\n\n\n\n<p>Retrouvez toutes les infos sur <strong>BMW ALPINA<\/strong> sur le <a href=\"https:\/\/www.bmwalpina.com\/index-en.html\" target=\"_blank\" rel=\"noopener\">nouveau site d\u00e9di\u00e9<\/a>. <\/p>\n<\/blockquote>\n\n\n\n<div style=\"height:30px\" aria-hidden=\"true\" class=\"wp-block-spacer\"><\/div>\n\n\n\n<figure class=\"wp-block-image size-full\"><img loading=\"lazy\" decoding=\"async\" width=\"850\" height=\"478\" src=\"https:\/\/groupe-grim.com\/bmw\/wp-content\/uploads\/2025\/01\/D4-S.jpg\" alt=\"BMW Alpina D4 S\" class=\"wp-image-40033\" srcset=\"https:\/\/groupe-grim.com\/bmw\/wp-content\/uploads\/2025\/01\/D4-S.jpg 850w, https:\/\/groupe-grim.com\/bmw\/wp-content\/uploads\/2025\/01\/D4-S-480x270.jpg 480w\" sizes=\"(min-width: 0px) and (max-width: 480px) 480px, (min-width: 481px) 850px, 100vw\" \/><figcaption class=\"wp-element-caption\">BMW Alpina D4 S<\/figcaption><\/figure>\n\n\n\n<div style=\"height:30px\" aria-hidden=\"true\" class=\"wp-block-spacer\"><\/div>\n\n\n\n<h2 class=\"wp-block-heading\">Qu\u2019est-ce que <strong>BMW Alpina<\/strong> ?<\/h2>\n\n\n\n<div style=\"height:30px\" aria-hidden=\"true\" class=\"wp-block-spacer\"><\/div>\n\n\n\n<h3 class=\"wp-block-heading\">Une histoire riche et passionnante<\/h3>\n\n\n\n<div style=\"height:30px\" aria-hidden=\"true\" class=\"wp-block-spacer\"><\/div>\n\n\n\n<p>Fond\u00e9e en 1965 par <a href=\"https:\/\/www.turbo.fr\/bmw\/actualites-auto\/burkard-bovensiepen-le-papa-du-constructeur-alpina-decede-lage-de-87-ans-192400\" target=\"_blank\" rel=\"noopener\">Burkard Bovensiepen<\/a> en Allemagne, <strong>Alpina<\/strong> est d\u2019abord un pr\u00e9parateur de moteurs pour BMW. L\u2019entreprise s\u2019est rapidement fait un nom gr\u00e2ce \u00e0 des performances exceptionnelles et \u00e0 un souci du d\u00e9tail unique. En 1983, <strong>Alpina<\/strong> est officiellement reconnue comme un constructeur automobile ind\u00e9pendant.<\/p>\n\n\n\n<p><strong>Alpina cr\u00e9e des automobiles exclusives pour un petit groupe de connaisseurs qui appr\u00e9cient l\u2019extraordinaire.<\/strong> Ces v\u00e9hicules sont sans aucun doutes les voitures les plus renomm\u00e9es bas\u00e9es sur des v\u00e9hicules BMW. Ils ont \u00e9t\u00e9 d\u00e9velopp\u00e9s et produits dans la petite entreprise familiale autonome en coop\u00e9ration amicale avec BMW depuis plus de 50 ans.<\/p>\n\n\n\n<div style=\"height:30px\" aria-hidden=\"true\" class=\"wp-block-spacer\"><\/div>\n\n\n\n<h3 class=\"wp-block-heading\">Une philosophie unique<\/h3>\n\n\n\n<div style=\"height:30px\" aria-hidden=\"true\" class=\"wp-block-spacer\"><\/div>\n\n\n\n<p>La philosophie de <strong>BMW Alpina<\/strong> repose sur l\u2019\u00e9quilibre entre performance et confort. Chaque v\u00e9hicule est con\u00e7u pour offrir une exp\u00e9rience de conduite raffin\u00e9e, tout en conservant des performances impressionnantes. Cela distingue Alpina des divisions sportives comme <strong>BMW M<\/strong>, davantage orient\u00e9es vers la comp\u00e9tition.<\/p>\n\n\n\n<p><a href=\"https:\/\/groupe-grim.com\/bmw\/bmw-m-2\/\">\u00c0 lire : BMW M, c&rsquo;est quoi ?<\/a><\/p>\n\n\n\n<div style=\"height:30px\" aria-hidden=\"true\" class=\"wp-block-spacer\"><\/div>\n\n\n\n<h3 class=\"wp-block-heading\">Fabrication artisanale<\/h3>\n\n\n\n<div style=\"height:30px\" aria-hidden=\"true\" class=\"wp-block-spacer\"><\/div>\n\n\n\n<p>Chaque <strong>BMW Alpina<\/strong> est un m\u00e9lange parfait entre artisanat et innovation. Les v\u00e9hicules sont assembl\u00e9s \u00e0 Buchloe, en Allemagne, o\u00f9 environ 1 700 unit\u00e9s sont produites chaque ann\u00e9e. Chaque voiture re\u00e7oit une plaque d\u2019identification unique et un VIN sp\u00e9cifique qui t\u00e9moigne de son statut de mod\u00e8le <strong>Alpina officiel<\/strong>. L\u2019assemblage manuel permet d\u2019assurer un contr\u00f4le qualit\u00e9 m\u00e9ticuleux.<\/p>\n\n\n\n<div style=\"height:30px\" aria-hidden=\"true\" class=\"wp-block-spacer\"><\/div>\n\n\n\n<h3 class=\"wp-block-heading\">La collaboration avec BMW<\/h3>\n\n\n\n<div style=\"height:30px\" aria-hidden=\"true\" class=\"wp-block-spacer\"><\/div>\n\n\n\n<p>Ces derni\u00e8res ann\u00e9es, l&rsquo;accord pass\u00e9 entre <strong>BMW<\/strong> et <strong>Alpina<\/strong> pr\u00e9voyait une \u00e9troite collaboration entre les deux acteurs de l&rsquo;automobile. En effet, les mod\u00e8les <strong>Alpina<\/strong> \u00e9tant directement bas\u00e9s sur des v\u00e9hicules <strong>BMW<\/strong>, le constructeur \u00e0 l&rsquo;h\u00e9lice assemble d\u00e9j\u00e0 en partie les voitures <strong>Alpina<\/strong> avant de les envoyer dans l&rsquo;usine historique de Buchloe pour qu&rsquo;<strong>Alpina<\/strong> puisse proc\u00e9der \u00e0 l&rsquo;assemblage final en int\u00e9grant des \u00e9l\u00e9ments exclusifs, tels que des moteurs optimis\u00e9s, des finitions int\u00e9rieures personnalis\u00e9es et des \u00e9quipements sur mesure. <\/p>\n\n\n\n<p>La coop\u00e9ration \u00e9troite avec <strong>BMW<\/strong> est la base du succ\u00e8s continu d\u2019<strong>Alpina<\/strong> : c\u2019est ce qui permet de cr\u00e9er des produits tr\u00e8s individualis\u00e9s tout en respectant les normes de qualit\u00e9 et de s\u00e9curit\u00e9 strictes qui s\u2019appliquent aux voitures de s\u00e9rie.<\/p>\n\n\n\n<div style=\"height:30px\" aria-hidden=\"true\" class=\"wp-block-spacer\"><\/div>\n\n\n\n<h3 class=\"wp-block-heading\">Le rachat d&rsquo;Alpina par BMW<\/h3>\n\n\n\n<div style=\"height:30px\" aria-hidden=\"true\" class=\"wp-block-spacer\"><\/div>\n\n\n\n<p>En 2022, <strong>BMW <\/strong>a annonc\u00e9 l&rsquo;acquisition d&rsquo;<strong>Alpina<\/strong>, marquant une \u00e9tape importante dans l&rsquo;histoire de la marque. Ce rachat vise \u00e0 int\u00e9grer encore plus \u00e9troitement les innovations et le savoir-faire artisanal d&rsquo;<strong>Alpina<\/strong> au sein du groupe <strong>BMW<\/strong>, tout en garantissant la continuit\u00e9 de l&rsquo;exclusivit\u00e9 et de l&rsquo;identit\u00e9 unique d&rsquo;Alpina. <\/p>\n\n\n\n<p>Ce rachat pr\u00e9voit qu&rsquo;<strong>Alpina<\/strong> continuera de produire ses propres mod\u00e8les <strong>BMW Alpina<\/strong> jusqu&rsquo;au 31 d\u00e9cembre 2025. D\u00e8s le 1er janvier 2026, Alpina devrait int\u00e9grer BMW selon des modalit\u00e9s qui n&rsquo;ont pas encore \u00e9t\u00e9 annonc\u00e9es. <\/p>\n\n\n\n<p>\u00c0 ce jour, nous ignorons encore si la marque <strong>Alpina<\/strong> deviendra pour <strong>BMW<\/strong> ce qu&rsquo;AMG est devenu pour Mercedes, toutefois ce sc\u00e9nario est peu probable quand on connait la notori\u00e9t\u00e9 de <strong>BMW M<\/strong> (la division sportive du groupe). Affaire \u00e0 suivre&#8230;<\/p>\n\n\n\n<div style=\"height:30px\" aria-hidden=\"true\" class=\"wp-block-spacer\"><\/div>\n\n\n\n<figure class=\"wp-block-image size-full\"><img loading=\"lazy\" decoding=\"async\" width=\"850\" height=\"478\" src=\"https:\/\/groupe-grim.com\/bmw\/wp-content\/uploads\/2025\/01\/XB7.jpg\" alt=\"BMW Alpina XB7 Manufaktur\" class=\"wp-image-40035\" srcset=\"https:\/\/groupe-grim.com\/bmw\/wp-content\/uploads\/2025\/01\/XB7.jpg 850w, https:\/\/groupe-grim.com\/bmw\/wp-content\/uploads\/2025\/01\/XB7-480x270.jpg 480w\" sizes=\"(min-width: 0px) and (max-width: 480px) 480px, (min-width: 481px) 850px, 100vw\" \/><figcaption class=\"wp-element-caption\">BMW Alpina XB7 Manufaktur<\/figcaption><\/figure>\n\n\n\n<div style=\"height:30px\" aria-hidden=\"true\" class=\"wp-block-spacer\"><\/div>\n\n\n\n<h2 class=\"wp-block-heading\">Les sp\u00e9cificit\u00e9s des mod\u00e8les <strong>BMW Alpina<\/strong><\/h2>\n\n\n\n<div style=\"height:30px\" aria-hidden=\"true\" class=\"wp-block-spacer\"><\/div>\n\n\n\n<h3 class=\"wp-block-heading\">Design ext\u00e9rieur<\/h3>\n\n\n\n<div style=\"height:30px\" aria-hidden=\"true\" class=\"wp-block-spacer\"><\/div>\n\n\n\n<p>Les mod\u00e8les <strong>Alpina<\/strong> se distinguent visuellement par des d\u00e9tails subtils mais reconnaissables, tels que :<\/p>\n\n\n\n<ul class=\"wp-block-list\">\n<li>Des jantes exclusives \u00e0 rayons multiples.<\/li>\n\n\n\n<li>Une peinture sp\u00e9cifique, comme le fameux bleu Alpina ou le vert Alpina.<\/li>\n\n\n\n<li>Des \u00e9l\u00e9ments a\u00e9rodynamiques discr\u00e8tement int\u00e9gr\u00e9s.<\/li>\n\n\n\n<li>Un badge <strong>Alpina<\/strong> \u00e0 l&rsquo;arri\u00e8re du v\u00e9hicule.<\/li>\n<\/ul>\n\n\n\n<p>Chaque d\u00e9tail de design est \u00e9tudi\u00e9 pour allier fonctionnalit\u00e9 et esth\u00e9tique. Par exemple, les \u00e9l\u00e9ments a\u00e9rodynamiques ne sont pas simplement esth\u00e9tiques, mais contribuent \u00e0 une meilleure stabilit\u00e9 \u00e0 haute vitesse.<\/p>\n\n\n\n<div style=\"height:30px\" aria-hidden=\"true\" class=\"wp-block-spacer\"><\/div>\n\n\n\n<h3 class=\"wp-block-heading\">Performances techniques<\/h3>\n\n\n\n<div style=\"height:30px\" aria-hidden=\"true\" class=\"wp-block-spacer\"><\/div>\n\n\n\n<p>Les moteurs des voitures <strong>BMW Alpina<\/strong> sont assembl\u00e9s \u00e0 la main et proposent des configurations uniques. Voici quelques exemples :<\/p>\n\n\n\n<ul class=\"wp-block-list\">\n<li>Des puissances g\u00e9n\u00e9rales sup\u00e9rieures \u00e0 leurs homologues <strong>BMW<\/strong> standards.<\/li>\n\n\n\n<li>Une optimisation de la suspension pour un confort accru.<\/li>\n\n\n\n<li>Une gestion \u00e9lectronique r\u00e9vis\u00e9e pour des performances \u00e9quilibr\u00e9es.<\/li>\n<\/ul>\n\n\n\n<p>Le moteur est le c\u0153ur de ces v\u00e9hicules, b\u00e9n\u00e9ficiant d\u2019une ing\u00e9nierie avanc\u00e9e et de tests intensifs. Par exemple, le moteur V8 biturbo de l\u2019<strong>Alpina B7<\/strong> d\u00e9livre une puissance impressionnante de 608 chevaux tout en maintenant une conduite fluide et confortable.<\/p>\n\n\n\n<p><a href=\"https:\/\/groupe-grim.com\/bmw\/moteurs-bmw-alpina\/\">\u00c0 lire : 10 choses \u00e0 savoir sur les moteurs BMW Alpina<\/a><\/p>\n\n\n\n<div style=\"height:30px\" aria-hidden=\"true\" class=\"wp-block-spacer\"><\/div>\n\n\n\n<h3 class=\"wp-block-heading\">Int\u00e9rieur et confort<\/h3>\n\n\n\n<div style=\"height:30px\" aria-hidden=\"true\" class=\"wp-block-spacer\"><\/div>\n\n\n\n<p>L\u2019int\u00e9rieur des v\u00e9hicules <strong>BMW Alpina<\/strong> offre une personnalisation \u00e0 l\u2019extr\u00eame :<\/p>\n\n\n\n<ul class=\"wp-block-list\">\n<li>Sellerie en cuir de haute qualit\u00e9, souvent en cuir Lavalina exclusif.<\/li>\n\n\n\n<li>Inserts en bois pr\u00e9cieux ou en aluminium, fabriqu\u00e9s sur mesure.<\/li>\n\n\n\n<li>Volant personnalis\u00e9 avec coutures contrastantes.<\/li>\n\n\n\n<li>Logos <strong>Alpina<\/strong> int\u00e9gr\u00e9s sur les si\u00e8ges et le tableau de bord.<\/li>\n<\/ul>\n\n\n\n<p>Chaque d\u00e9tail est pens\u00e9 pour garantir un confort maximal. Les clients ont \u00e9galement la possibilit\u00e9 de personnaliser enti\u00e8rement l\u2019int\u00e9rieur selon leurs go\u00fbts.<\/p>\n\n\n\n<div style=\"height:30px\" aria-hidden=\"true\" class=\"wp-block-spacer\"><\/div>\n\n\n\n<figure class=\"wp-block-image size-full\"><img loading=\"lazy\" decoding=\"async\" width=\"850\" height=\"478\" src=\"https:\/\/groupe-grim.com\/bmw\/wp-content\/uploads\/2025\/01\/XD3.jpg\" alt=\"Int\u00e9rieur v\u00e9hicule BMW Alpina\" class=\"wp-image-40036\" srcset=\"https:\/\/groupe-grim.com\/bmw\/wp-content\/uploads\/2025\/01\/XD3.jpg 850w, https:\/\/groupe-grim.com\/bmw\/wp-content\/uploads\/2025\/01\/XD3-480x270.jpg 480w\" sizes=\"(min-width: 0px) and (max-width: 480px) 480px, (min-width: 481px) 850px, 100vw\" \/><\/figure>\n\n\n\n<div style=\"height:30px\" aria-hidden=\"true\" class=\"wp-block-spacer\"><\/div>\n\n\n\n<h2 class=\"wp-block-heading\">La tradition en sport automobile<\/h2>\n\n\n\n<div style=\"height:30px\" aria-hidden=\"true\" class=\"wp-block-spacer\"><\/div>\n\n\n\n<h3 class=\"wp-block-heading\">1968 &#8211; D\u00e9but d&rsquo;une success story<\/h3>\n\n\n\n<p>Les courses automobiles font partie int\u00e9grante de l&rsquo;histoire d&rsquo;<strong>Alpina<\/strong>. Le fondateur Burkard Bovensiepen a commenc\u00e9 sur la sc\u00e8ne des voitures de tourisme, jetant les bases des succ\u00e8s impressionnants de la marque. Des pilotes de course renomm\u00e9s tels que Derek Bell, James Hunt et Niki Lauda ont pilot\u00e9 des voitures de course Alpina.<\/p>\n\n\n\n<p>En remportant le Championnat d&rsquo;Europe en 1977, Alpina a mis fin \u00e0 son engagement en course pour se concentrer sur le d\u00e9veloppement de voitures de route. Dix ans plus tard, la marque est r\u00e9apparue sur la sc\u00e8ne en participant au German Touring Car Masters (DTM) pour se retirer \u00e0 nouveau en 1988, cette fois encore au profit du d\u00e9veloppement de voitures dites \u00ab\u00a0routi\u00e8res\u00a0\u00bb.<\/p>\n\n\n\n<div style=\"height:30px\" aria-hidden=\"true\" class=\"wp-block-spacer\"><\/div>\n\n\n\n<h3 class=\"wp-block-heading\">2009 &#8211; Retour en course<\/h3>\n\n\n\n<p>Apr\u00e8s une absence de plus de 20 ans, <strong>Alpina<\/strong> fait un retour fracassant en 2009 avec la <strong>BMW Alpina B6 GT3<\/strong>, une voiture de course bas\u00e9e sur la <strong>BMW S\u00e9rie 6<\/strong>. Cette participation a permis \u00e0 la marque de remporter plusieurs victoires et de se faire un nom dans la classe GT3.<\/p>\n\n\n\n<p>Les voitures de course <strong>Alpina<\/strong> se distinguent par leur fiabilit\u00e9 et leurs performances, souvent reconnues comme \u00e9tant en avance sur leur temps. La <strong>BMW Alpina B6 GT3<\/strong> a accumul\u00e9 de nombreux podiums dans diverses comp\u00e9titions europ\u00e9ennes.<\/p>\n\n\n\n<div style=\"height:30px\" aria-hidden=\"true\" class=\"wp-block-spacer\"><\/div>\n\n\n\n<h3 class=\"wp-block-heading\">Une ing\u00e9nierie avanc\u00e9e<\/h3>\n\n\n\n<div style=\"height:30px\" aria-hidden=\"true\" class=\"wp-block-spacer\"><\/div>\n\n\n\n<p>Le moteur est le c\u0153ur des automobiles <strong>BMW Alpina<\/strong>. Assembl\u00e9s \u00e0 la main, ces moteurs allient performance et efficacit\u00e9. Chaque mod\u00e8le subit des tests rigoureux sur circuits tels que le N\u00fcrburgring, garantissant des performances optimales. L\u2019a\u00e9rodynamisme est \u00e9galement test\u00e9 en soufflerie, assurant un \u00e9quilibre parfait entre vitesse et stabilit\u00e9.<\/p>\n\n\n\n<div style=\"height:30px\" aria-hidden=\"true\" class=\"wp-block-spacer\"><\/div>\n\n\n\n<h2 class=\"wp-block-heading\">Les questions que vous vous posez sur BMW Alpina<\/h2>\n\n\n\n<div style=\"height:30px\" aria-hidden=\"true\" class=\"wp-block-spacer\"><\/div>\n\n\n\n<h3 class=\"wp-block-heading\">Quelle est la diff\u00e9rence entre Alpina et BMW M ?<\/h3>\n\n\n\n<div style=\"height:30px\" aria-hidden=\"true\" class=\"wp-block-spacer\"><\/div>\n\n\n\n<p>La principale diff\u00e9rence r\u00e9side dans leur philosophie. Les mod\u00e8les <strong>BMW Alpina<\/strong> se concentrent sur le confort, le raffinement et l\u2019exclusivit\u00e9, tandis que la division <strong>BMW M<\/strong> est ax\u00e9e sur les performances brutes et les sensations de conduite sportives. <strong>Alpina<\/strong> offre une conduite plus douce et des finitions personnalis\u00e9es, tandis que <strong>BMW M<\/strong> pr\u00e9f\u00e8re une approche plus r\u00e9solument sportive.<\/p>\n\n\n\n<div style=\"height:30px\" aria-hidden=\"true\" class=\"wp-block-spacer\"><\/div>\n\n\n\n<h3 class=\"wp-block-heading\">Combien co\u00fbte une BMW Alpina ?<\/h3>\n\n\n\n<div style=\"height:30px\" aria-hidden=\"true\" class=\"wp-block-spacer\"><\/div>\n\n\n\n<p>Les prix des mod\u00e8les Alpina varient en fonction du mod\u00e8le et des options choisies. En moyenne, ils sont sup\u00e9rieurs de 20 \u00e0 30 % par rapport aux mod\u00e8les BMW sur lesquels ils sont bas\u00e9s. Par exemple, une <a href=\"https:\/\/www.alpina-automobiles.fr\/fr\/modeles\/d3-s\/points-forts\/\" target=\"_blank\" rel=\"noopener\">BMW Alpina D3 S<\/a> est disponible d\u00e8s 84 100\u20ac, tandis que pour s&rsquo;offrir une <a href=\"https:\/\/www.alpina-automobiles.fr\/fr\/modeles\/xb7\/points-forts\/\" target=\"_blank\" rel=\"noopener\">BMW Alpina XB7<\/a> il faut compter au minimum 193 700\u20ac.<\/p>\n\n\n\n<div style=\"height:30px\" aria-hidden=\"true\" class=\"wp-block-spacer\"><\/div>\n\n\n\n<h3 class=\"wp-block-heading\">Les BMW Alpina sont-elles disponibles en France ?<\/h3>\n\n\n\n<div style=\"height:30px\" aria-hidden=\"true\" class=\"wp-block-spacer\"><\/div>\n\n\n\n<p>Oui, les mod\u00e8les <strong>Alpina<\/strong> sont disponibles en France via certains concessionnaires <strong>BMW<\/strong> agr\u00e9\u00e9s. La raret\u00e9 des mod\u00e8les en fait cependant une option exclusive.<\/p>\n\n\n\n<div style=\"height:30px\" aria-hidden=\"true\" class=\"wp-block-spacer\"><\/div>\n\n\n\n<h3 class=\"wp-block-heading\">Quelle est la vitesse maximale d\u2019une BMW Alpina ?<\/h3>\n\n\n\n<div style=\"height:30px\" aria-hidden=\"true\" class=\"wp-block-spacer\"><\/div>\n\n\n\n<p>La vitesse maximale d\u2019une <strong>BMW Alpina<\/strong> d\u00e9pend du mod\u00e8le. Par exemple, une <a href=\"https:\/\/www.alpina-automobiles.fr\/fr\/modeles\/b8\/point-forts\/\" target=\"_blank\" rel=\"noopener\">BMW Alpina B8<\/a> peut atteindre 324 km\/h, tandis qu\u2019une <a href=\"https:\/\/www.alpina-automobiles.fr\/fr\/modeles\/b4\/point-forts\/\" target=\"_blank\" rel=\"noopener\">BMW Alpina B4<\/a> affiche une vitesse de pointe de 301 km\/h, ce qui en fait l\u2019une des berlines essence les plus rapides au monde.<\/p>\n\n\n\n<div style=\"height:30px\" aria-hidden=\"true\" class=\"wp-block-spacer\"><\/div>\n\n\n\n<h3 class=\"wp-block-heading\">Alpina propose-t-elle des mod\u00e8les \u00e9lectriques ?<\/h3>\n\n\n\n<p>Pour l\u2019instant, <strong>Alpina<\/strong> ne propose pas de mod\u00e8les enti\u00e8rement \u00e9lectriques. Cependant, gr\u00e2ce au partenariat avec <strong>BMW<\/strong>, la marque explore des options hybrides l\u00e9gers, comme avec <strong>BMW Alpina D3 S<\/strong>, qui combine un moteur diesel avec une technologie hybride douce.<\/p>\n\n\n\n<div style=\"height:30px\" aria-hidden=\"true\" class=\"wp-block-spacer\"><\/div>\n\n\n\n<h3 class=\"wp-block-heading\">Les BMW Alpina conservent-elles leur valeur ?<\/h3>\n\n\n\n<div style=\"height:30px\" aria-hidden=\"true\" class=\"wp-block-spacer\"><\/div>\n\n\n\n<p>Oui, les <strong>BMW Alpina<\/strong> sont reconnues pour leur excellente r\u00e9tention de valeur. Leur raret\u00e9, leur qualit\u00e9 de fabrication et leur exclusivit\u00e9 en font des v\u00e9hicules tr\u00e8s recherch\u00e9s sur le march\u00e9 de l\u2019occasion.<\/p>\n\n\n\n<div style=\"height:30px\" aria-hidden=\"true\" class=\"wp-block-spacer\"><\/div>\n\n\n\n<figure class=\"wp-block-gallery has-nested-images columns-default is-cropped wp-block-gallery-1 is-layout-flex wp-block-gallery-is-layout-flex\">\n<figure class=\"wp-block-image size-large\"><img loading=\"lazy\" decoding=\"async\" width=\"420\" height=\"300\" data-id=\"40034\" src=\"https:\/\/groupe-grim.com\/bmw\/wp-content\/uploads\/2025\/01\/D4S.jpg\" alt=\"BMW Alpina\" class=\"wp-image-40034\" srcset=\"https:\/\/groupe-grim.com\/bmw\/wp-content\/uploads\/2025\/01\/D4S.jpg 420w, https:\/\/groupe-grim.com\/bmw\/wp-content\/uploads\/2025\/01\/D4S-300x214.jpg 300w\" sizes=\"(max-width: 420px) 100vw, 420px\" \/><\/figure>\n\n\n\n<figure class=\"wp-block-image size-large\"><img loading=\"lazy\" decoding=\"async\" width=\"420\" height=\"300\" data-id=\"40030\" src=\"https:\/\/groupe-grim.com\/bmw\/wp-content\/uploads\/2025\/01\/B3-GT.jpg\" alt=\"BMW Alpina\" class=\"wp-image-40030\" srcset=\"https:\/\/groupe-grim.com\/bmw\/wp-content\/uploads\/2025\/01\/B3-GT.jpg 420w, https:\/\/groupe-grim.com\/bmw\/wp-content\/uploads\/2025\/01\/B3-GT-300x214.jpg 300w\" sizes=\"(max-width: 420px) 100vw, 420px\" \/><\/figure>\n\n\n\n<figure class=\"wp-block-image size-large\"><img loading=\"lazy\" decoding=\"async\" width=\"420\" height=\"300\" data-id=\"40029\" src=\"https:\/\/groupe-grim.com\/bmw\/wp-content\/uploads\/2025\/01\/B3-GT-2.jpg\" alt=\"Moteur BMW Alpina\" class=\"wp-image-40029\" srcset=\"https:\/\/groupe-grim.com\/bmw\/wp-content\/uploads\/2025\/01\/B3-GT-2.jpg 420w, https:\/\/groupe-grim.com\/bmw\/wp-content\/uploads\/2025\/01\/B3-GT-2-300x214.jpg 300w\" sizes=\"(max-width: 420px) 100vw, 420px\" \/><\/figure>\n<\/figure>\n\n\n\n<div style=\"height:30px\" aria-hidden=\"true\" class=\"wp-block-spacer\"><\/div>\n\n\n\n<figure class=\"wp-block-image size-full\"><img loading=\"lazy\" decoding=\"async\" width=\"850\" height=\"478\" src=\"https:\/\/groupe-grim.com\/bmw\/wp-content\/uploads\/2025\/01\/B4-GT.jpg\" alt=\"BMW Alpina B4 GT\" class=\"wp-image-40031\" srcset=\"https:\/\/groupe-grim.com\/bmw\/wp-content\/uploads\/2025\/01\/B4-GT.jpg 850w, https:\/\/groupe-grim.com\/bmw\/wp-content\/uploads\/2025\/01\/B4-GT-480x270.jpg 480w\" sizes=\"(min-width: 0px) and (max-width: 480px) 480px, (min-width: 481px) 850px, 100vw\" \/><figcaption class=\"wp-element-caption\">BMW Alpina B4 GT<\/figcaption><\/figure>\n\n\n\n<div style=\"height:30px\" aria-hidden=\"true\" class=\"wp-block-spacer\"><\/div>\n\n\n\n<h2 class=\"wp-block-heading\">Pourquoi choisir une <strong>BMW Alpina<\/strong> ?<\/h2>\n\n\n\n<div style=\"height:30px\" aria-hidden=\"true\" class=\"wp-block-spacer\"><\/div>\n\n\n\n<h3 class=\"wp-block-heading\">Exclusivit\u00e9<\/h3>\n\n\n\n<div style=\"height:30px\" aria-hidden=\"true\" class=\"wp-block-spacer\"><\/div>\n\n\n\n<p>Chaque mod\u00e8le Alpina est produit en s\u00e9rie limit\u00e9e, ce qui en fait un choix privil\u00e9gi\u00e9 pour les amateurs de voitures uniques.<\/p>\n\n\n\n<div style=\"height:30px\" aria-hidden=\"true\" class=\"wp-block-spacer\"><\/div>\n\n\n\n<h3 class=\"wp-block-heading\">Performances sur mesure<\/h3>\n\n\n\n<div style=\"height:30px\" aria-hidden=\"true\" class=\"wp-block-spacer\"><\/div>\n\n\n\n<p>Les performances sont ajust\u00e9es pour combiner puissance et agr\u00e9ment de conduite, id\u00e9ales pour de longs trajets ou une utilisation quotidienne.<\/p>\n\n\n\n<div style=\"height:30px\" aria-hidden=\"true\" class=\"wp-block-spacer\"><\/div>\n\n\n\n<h3 class=\"wp-block-heading\">Valeur \u00e0 long terme<\/h3>\n\n\n\n<div style=\"height:30px\" aria-hidden=\"true\" class=\"wp-block-spacer\"><\/div>\n\n\n\n<p>Les v\u00e9hicules <strong>BMW Alpina<\/strong> conservent souvent une valeur \u00e9lev\u00e9e gr\u00e2ce \u00e0 leur raret\u00e9 et \u00e0 leur qualit\u00e9 de fabrication exceptionnelle.<\/p>\n\n\n\n<div style=\"height:30px\" aria-hidden=\"true\" class=\"wp-block-spacer\"><\/div>\n\n\n\n<h3 class=\"wp-block-heading\">Un avenir incertain<\/h3>\n\n\n\n<div style=\"height:30px\" aria-hidden=\"true\" class=\"wp-block-spacer\"><\/div>\n\n\n\n<p>Compte tenu du flou qui r\u00e8gne autour de l&rsquo;avenir des v\u00e9hicules <strong>BMW Alpina<\/strong>, il y a fort \u00e0 parier que leur c\u00f4t\u00e9 va monter en fl\u00e8che et qu&rsquo;en en faisant l&rsquo;acquisition cette ann\u00e9e, vous serez parmi les derniers \u00e0 profiter de leurs performances exclusives.<\/p>\n\n\n\n<div style=\"height:30px\" aria-hidden=\"true\" class=\"wp-block-spacer\"><\/div>\n\n\n\n<h2 class=\"wp-block-heading\">Les mod\u00e8les embl\u00e9matiques de <strong>BMW Alpina<\/strong><\/h2>\n\n\n\n<div style=\"height:30px\" aria-hidden=\"true\" class=\"wp-block-spacer\"><\/div>\n\n\n\n<h3 class=\"wp-block-heading\">BMW Alpina B3<\/h3>\n\n\n\n<p>Bas\u00e9e sur la BMW S\u00e9rie 3, la B3 offre une performance \u00e9lev\u00e9e avec un confort haut de gamme. Id\u00e9ale pour ceux qui cherchent une berline polyvalente.<\/p>\n\n\n\n<p><a href=\"https:\/\/groupe-grim.com\/bmw\/bmw-alpina-b3\/\">\u00c0 lire : On vous dit tout sur la BMW Alpina B3<\/a><\/p>\n\n\n\n<div style=\"height:30px\" aria-hidden=\"true\" class=\"wp-block-spacer\"><\/div>\n\n\n\n<h3 class=\"wp-block-heading\">BMW Alpina D3 S<\/h3>\n\n\n\n<p>\u00c9galement bas\u00e9e sur la BMW S\u00e9rie 3, en version diesel, la <a href=\"https:\/\/groupe-grim.com\/bmw\/bmw-alpina-d3-s\/\">BMW Alpina D3 S<\/a> est l&rsquo;un des mod\u00e8les les plus populaires du constructeur familial. Disponible en version berline ou touring, elle convainc gr\u00e2ce \u00e0 sa rapidit\u00e9 surprenante et son confort haut de gamme.<\/p>\n\n\n\n<div style=\"height:30px\" aria-hidden=\"true\" class=\"wp-block-spacer\"><\/div>\n\n\n\n<h3 class=\"wp-block-heading\">BMW Alpina B4 GT et D4 S<\/h3>\n\n\n\n<p>Toutes deux bas\u00e9es sur une <a href=\"https:\/\/www.bmw.fr\/fr\/tous-les-modeles\/4-series\/gran-coupe\/bmw-serie-4-gran-coupe.html\" target=\"_blank\" rel=\"noopener\">BMW S\u00e9rie 4 Gran Coup\u00e9<\/a>, c&rsquo;est sans aucun doute leur allure sportive ultra moderne qui en font des mod\u00e8les phare de la marque.<\/p>\n\n\n\n<div style=\"height:30px\" aria-hidden=\"true\" class=\"wp-block-spacer\"><\/div>\n\n\n\n<h3 class=\"wp-block-heading\">BMW Alpina XD3 et XD4<\/h3>\n\n\n\n<p>Respectivement bas\u00e9es sur les <strong>BMW X3<\/strong> et <strong>BMW X4<\/strong>, ces versions \u00e9quip\u00e9es d&rsquo;une motorisation diesel sur performantes combinent espace, puissance et \u00e9l\u00e9gance. Qui a dit qu&rsquo;une voiture familiale devait \u00eatre plus fonctionnelle que sensationnelle ?<\/p>\n\n\n\n<p><a href=\"https:\/\/groupe-grim.com\/bmw\/bmw-alpina-xd3-xd4\/\">\u00c0 lire : BMW Alpina XD3 et XD4, les SUV sportifs et raffin\u00e9s ultra d\u00e9sirables<\/a><\/p>\n\n\n\n<div style=\"height:30px\" aria-hidden=\"true\" class=\"wp-block-spacer\"><\/div>\n\n\n\n<h3 class=\"wp-block-heading\">BMW Alpina B8<\/h3>\n\n\n\n<p>Comble de l&rsquo;\u00e9l\u00e9gance et dot\u00e9e de la nouvelle calandre Iconic Glow, la BMW Alpina B8 est bas\u00e9e sur la sublime <a href=\"https:\/\/www.bmw.fr\/fr\/tous-les-modeles\/modeles-serie-8\/gran-coupe\/2022\/bmw-serie-8-gran-coupe-inspirer.html\" target=\"_blank\" rel=\"noopener\">BMW S\u00e9rie 8 Gran Coup\u00e9<\/a>. L&rsquo;objectif est affich\u00e9 : offrir un mod\u00e8le exclusif plus luxueux que jamais.<\/p>\n\n\n\n<div style=\"height:30px\" aria-hidden=\"true\" class=\"wp-block-spacer\"><\/div>\n\n\n\n<h3 class=\"wp-block-heading\">BMW Alpina XB7<\/h3>\n\n\n\n<p>Bas\u00e9e sur la BMW X7, ce SUV de luxe offre des performances exceptionnelles gr\u00e2ce \u00e0 un moteur impressionnant de 621 chevaux, tout en assurant un confort ultime pour ses passagers. Si vous voulez plus d&rsquo;infos sur le BMW Alpina XB7, <a href=\"https:\/\/groupe-grim.com\/bmw\/bmw-alpina-xb7\/\">cliquez ici<\/a>.<\/p>\n\n\n\n<div style=\"height:30px\" aria-hidden=\"true\" class=\"wp-block-spacer\"><\/div>\n\n\n\n<h2 class=\"wp-block-heading\">Ce qu&rsquo;il faut retenir<\/h2>\n\n\n\n<div style=\"height:30px\" aria-hidden=\"true\" class=\"wp-block-spacer\"><\/div>\n\n\n\n<p><strong>BMW Alpina<\/strong> incarne le mariage parfait entre l\u2019innovation de <strong>BMW<\/strong> et l\u2019artisanat de luxe. Avec ses performances \u00e9quilibr\u00e9es, ses finitions soign\u00e9es et son exclusivit\u00e9, <strong>Alpina<\/strong> offre une alternative unique pour les passionn\u00e9s d\u2019automobiles haut de gamme. <\/p>\n\n\n\n<p>Que vous soyez attir\u00e9 par son histoire, ses mod\u00e8les embl\u00e9matiques ou son savoir-faire unique, <strong>Alpina<\/strong> est une exp\u00e9rience \u00e0 part dans le monde de l\u2019automobile.<\/p>\n\n\n\n<div style=\"height:100px\" aria-hidden=\"true\" class=\"wp-block-spacer\"><\/div>\n<span class=\"et_bloom_bottom_trigger\"><\/span>","protected":false},"excerpt":{"rendered":"<p>BMW Alpina est une marque qui suscite la curiosit\u00e9 des amateurs de voitures haut de gamme. Souvent per\u00e7ue comme une \u00e9nigme entre le monde de BMW et celui des constructeurs artisanaux, Alpina r\u00e9unit l\u2019excellence technologique et l\u2019\u00e9l\u00e9gance sur mesure. Mais que se cache-t-il r\u00e9ellement derri\u00e8re cette marque exclusive ? Dans cet article notre \u00e9quipe vous [&hellip;]<\/p>\n","protected":false},"author":15,"featured_media":40032,"comment_status":"open","ping_status":"open","sticky":false,"template":"","format":"standard","meta":{"_et_pb_use_builder":"off","_et_pb_old_content":"","_et_gb_content_width":"","footnotes":""},"categories":[11],"tags":[],"class_list":["post-40027","post","type-post","status-publish","format-standard","has-post-thumbnail","hentry","category-actualites"],"_links":{"self":[{"href":"https:\/\/groupe-grim.com\/bmw\/wp-json\/wp\/v2\/posts\/40027","targetHints":{"allow":["GET"]}}],"collection":[{"href":"https:\/\/groupe-grim.com\/bmw\/wp-json\/wp\/v2\/posts"}],"about":[{"href":"https:\/\/groupe-grim.com\/bmw\/wp-json\/wp\/v2\/types\/post"}],"author":[{"embeddable":true,"href":"https:\/\/groupe-grim.com\/bmw\/wp-json\/wp\/v2\/users\/15"}],"replies":[{"embeddable":true,"href":"https:\/\/groupe-grim.com\/bmw\/wp-json\/wp\/v2\/comments?post=40027"}],"version-history":[{"count":5,"href":"https:\/\/groupe-grim.com\/bmw\/wp-json\/wp\/v2\/posts\/40027\/revisions"}],"predecessor-version":[{"id":41148,"href":"https:\/\/groupe-grim.com\/bmw\/wp-json\/wp\/v2\/posts\/40027\/revisions\/41148"}],"wp:featuredmedia":[{"embeddable":true,"href":"https:\/\/groupe-grim.com\/bmw\/wp-json\/wp\/v2\/media\/40032"}],"wp:attachment":[{"href":"https:\/\/groupe-grim.com\/bmw\/wp-json\/wp\/v2\/media?parent=40027"}],"wp:term":[{"taxonomy":"category","embeddable":true,"href":"https:\/\/groupe-grim.com\/bmw\/wp-json\/wp\/v2\/categories?post=40027"},{"taxonomy":"post_tag","embeddable":true,"href":"https:\/\/groupe-grim.com\/bmw\/wp-json\/wp\/v2\/tags?post=40027"}],"curies":[{"name":"wp","href":"https:\/\/api.w.org\/{rel}","templated":true}]}}