{"id":41038,"date":"2025-11-28T14:06:13","date_gmt":"2025-11-28T12:06:13","guid":{"rendered":"https:\/\/groupe-grim.com\/bmw\/?p=41038"},"modified":"2025-11-28T14:06:23","modified_gmt":"2025-11-28T12:06:23","slug":"bmw-z4-final-edition","status":"publish","type":"post","link":"https:\/\/groupe-grim.com\/bmw\/bmw-z4-final-edition\/","title":{"rendered":"BMW Z4 Final Edition : la fin d\u2019une ic\u00f4ne, le dernier roadster BMW"},"content":{"rendered":"\n<p>Apr\u00e8s plus de vingt ans de carri\u00e8re, la <strong>BMW Z4 Final Edition<\/strong> marque un tournant historique pour la marque. Ce roadster embl\u00e9matique, qui a travers\u00e9 trois g\u00e9n\u00e9rations et s\u00e9duit des milliers de passionn\u00e9s \u00e0 travers le monde, tire sa r\u00e9v\u00e9rence. <\/p>\n\n\n\n<p>Pour c\u00e9l\u00e9brer la fin de ce <strong>roadster BMW<\/strong> embl\u00e9matique, le constructeur propose une ultime \u00e9dition, un mod\u00e8le collector, exclusif, pens\u00e9 comme un hommage \u00e0 la sportivit\u00e9, au plaisir de conduite et \u00e0 l\u2019art de vivre automobile.<br \/>La <strong>BMW Z4 Final Edition<\/strong> incarne la derni\u00e8re chance pour les amateurs de roadsters de s\u2019offrir un morceau d\u2019histoire. Son design sp\u00e9cifique, ses finitions exclusives et sa <strong>production tr\u00e8s limit\u00e9e<\/strong> en font un v\u00e9hicule \u00e0 part, recherch\u00e9 et d\u00e9sirable.<br \/>Dans cet article, nous r\u00e9pondons \u00e0 toutes vos questions : Quand s&rsquo;arr\u00eate la production ? Pourquoi BMW stoppe-t-elle la <strong>BMW Z4<\/strong> ? Quelles sont les caract\u00e9ristiques de la <strong>BMW Z4 Final Edition<\/strong> ? Quel est son prix ? O\u00f9 la commander ?<br \/>Voici un guide complet pour accompagner les passionn\u00e9s, collectionneurs et futurs acqu\u00e9reurs.<\/p>\n\n\n\n<div style=\"height:30px\" aria-hidden=\"true\" class=\"wp-block-spacer\"><\/div>\n\n\n\n<figure class=\"wp-block-image size-full\"><img loading=\"lazy\" decoding=\"async\" width=\"850\" height=\"478\" src=\"https:\/\/groupe-grim.com\/bmw\/wp-content\/uploads\/2025\/11\/BMW-Z4-Final-Edition.jpg\" alt=\"BMW Z4 Final Edition\" class=\"wp-image-41046\" srcset=\"https:\/\/groupe-grim.com\/bmw\/wp-content\/uploads\/2025\/11\/BMW-Z4-Final-Edition.jpg 850w, https:\/\/groupe-grim.com\/bmw\/wp-content\/uploads\/2025\/11\/BMW-Z4-Final-Edition-480x270.jpg 480w\" sizes=\"(min-width: 0px) and (max-width: 480px) 480px, (min-width: 481px) 850px, 100vw\" \/><figcaption class=\"wp-element-caption\">BMW Z4 Final Edition<\/figcaption><\/figure>\n\n\n\n<div style=\"height:30px\" aria-hidden=\"true\" class=\"wp-block-spacer\"><\/div>\n\n\n\n<h2 class=\"wp-block-heading\">Pourquoi arr\u00eater la production de la BMW Z4 ?<\/h2>\n\n\n\n<div style=\"height:30px\" aria-hidden=\"true\" class=\"wp-block-spacer\"><\/div>\n\n\n\n<p>La d\u00e9cision d\u2019arr\u00eater la production d\u2019un mod\u00e8le aussi iconique peut surprendre. Pourtant, elle s\u2019inscrit dans une logique \u00e0 la fois strat\u00e9gique, r\u00e9glementaire et \u00e9conomique.<\/p>\n\n\n\n<div style=\"height:30px\" aria-hidden=\"true\" class=\"wp-block-spacer\"><\/div>\n\n\n\n<h3 class=\"wp-block-heading\">Le march\u00e9 des roadsters en d\u00e9clin<\/h3>\n\n\n\n<div style=\"height:30px\" aria-hidden=\"true\" class=\"wp-block-spacer\"><\/div>\n\n\n\n<p>Depuis plusieurs ann\u00e9es, le march\u00e9 des <strong>roadsters et cabriolets thermiques<\/strong> recule de mani\u00e8re continue. Les automobilistes se tournent davantage vers les SUV, mod\u00e8les familiaux, \u00e9lectriques ou hybrides.<br \/>Ce ph\u00e9nom\u00e8ne a entra\u00een\u00e9 la disparition progressive de nombreux mod\u00e8les concurrents :<\/p>\n\n\n\n<ul class=\"wp-block-list\">\n<li><a href=\"https:\/\/www.turbo.fr\/mercedes\/slc\" target=\"_blank\" rel=\"noopener\">Mercedes SLC<\/a><\/li>\n\n\n\n<li><a href=\"https:\/\/www.largus.fr\/actualite-automobile\/l-histoire-de-l-audi-tt-du-concept-car-de-1995-a-la-fin-de-production-en-2023-30030688.html\" target=\"_blank\" rel=\"noopener\">Audi TT<\/a><\/li>\n\n\n\n<li><a href=\"https:\/\/www.nissan.fr\/experience-nissan\/vehicule-historique\/370z.html\" target=\"_blank\" rel=\"noopener\">Nissan 370Z Roadster<\/a><\/li>\n\n\n\n<li><a href=\"https:\/\/www.largus.fr\/actualite-automobile\/fiat-124-spider-fin-de-carriere-prematuree-pour-le-roadster-italien-10173399.html\" target=\"_blank\" rel=\"noopener\">Fiat 124 Spider<\/a><\/li>\n<\/ul>\n\n\n\n<p>Jusqu&rsquo;alors, la <strong>BMW Z4<\/strong> r\u00e9sistait encore, mais sur un segment devenu confidentiel, BMW choisit d\u2019allouer ses ressources au d\u00e9veloppement de mod\u00e8les plus porteurs. <\/p>\n\n\n\n<div style=\"height:30px\" aria-hidden=\"true\" class=\"wp-block-spacer\"><\/div>\n\n\n\n<h3 class=\"wp-block-heading\">Le virage r\u00e9glementaire vers l\u2019\u00e9lectrique<\/h3>\n\n\n\n<div style=\"height:30px\" aria-hidden=\"true\" class=\"wp-block-spacer\"><\/div>\n\n\n\n<p>Les normes europ\u00e9ennes d\u2019\u00e9missions CO\u2082 imposent une transformation profonde de l\u2019industrie automobile. Produire un roadster sportif thermique entra\u00eene un co\u00fbt \u00e9lev\u00e9 en cr\u00e9dits carbone, ce qui complique sa p\u00e9rennit\u00e9.<br \/>BMW investit massivement dans ses plateformes \u00e9lectriques (BMW iX, BMW i4, BMW Neue Klasse) et concentre ses efforts sur l\u2019avenir.<\/p>\n\n\n\n<div style=\"height:30px\" aria-hidden=\"true\" class=\"wp-block-spacer\"><\/div>\n\n\n\n<h3 class=\"wp-block-heading\">Le repositionnement strat\u00e9gique de BMW<\/h3>\n\n\n\n<div style=\"height:30px\" aria-hidden=\"true\" class=\"wp-block-spacer\"><\/div>\n\n\n\n<p>BMW a acc\u00e9l\u00e9r\u00e9 son d\u00e9veloppement sur :<\/p>\n\n\n\n<ul class=\"wp-block-list\">\n<li>les mod\u00e8les \u00e9lectriques<\/li>\n\n\n\n<li>les SUV premium (X1, X3, XM, etc.)<\/li>\n\n\n\n<li>les berlines sur-\u00e9quip\u00e9es<\/li>\n<\/ul>\n\n\n\n<p>Dans cette strat\u00e9gie globale, maintenir un mod\u00e8le sportif \u00e0 faible volume n\u2019est plus coh\u00e9rent.<br \/><strong>La production de la BMW Z4 cessera donc d\u00e9finitivement en mars 2026<\/strong>.<\/p>\n\n\n\n<div style=\"height:30px\" aria-hidden=\"true\" class=\"wp-block-spacer\"><\/div>\n\n\n\n<h2 class=\"wp-block-heading\">Qu\u2019est-ce que la BMW Z4 ? Retour sur une l\u00e9gende<\/h2>\n\n\n\n<div style=\"height:30px\" aria-hidden=\"true\" class=\"wp-block-spacer\"><\/div>\n\n\n\n<h3 class=\"wp-block-heading\">Un h\u00e9ritage automobile pr\u00e9cieux<\/h3>\n\n\n\n<div style=\"height:30px\" aria-hidden=\"true\" class=\"wp-block-spacer\"><\/div>\n\n\n\n<p>La <strong>BMW Z4<\/strong>, successeure de la <strong>Z3<\/strong>, est lanc\u00e9e en 2002. Elle se distingue imm\u00e9diatement par son design affut\u00e9, son ch\u00e2ssis sportif et sa conduite dynamique.<br \/>Chaque g\u00e9n\u00e9ration a apport\u00e9 son lot d\u2019innovations :<\/p>\n\n\n\n<h4 class=\"wp-block-heading\">Premi\u00e8re g\u00e9n\u00e9ration (E85, 2002\u20132008)<\/h4>\n\n\n\n<ul class=\"wp-block-list\">\n<li>Design sign\u00e9 Chris Bangle<\/li>\n\n\n\n<li>Capot long, posture basse, propulsion pure<\/li>\n\n\n\n<li>Premiers moteurs 6 cylindres l\u00e9gendaires<\/li>\n\n\n\n<li>Version coup\u00e9 iconique : <strong>BMW Z4 M Coup\u00e9<\/strong><\/li>\n<\/ul>\n\n\n\n<h4 class=\"wp-block-heading\"><strong>Deuxi\u00e8me g\u00e9n\u00e9ration (E89, 2009\u20132016)<\/strong><\/h4>\n\n\n\n<ul class=\"wp-block-list\">\n<li>Toit rigide escamotable (cabriolet + coup\u00e9)<\/li>\n\n\n\n<li>Confort accru, mont\u00e9e en gamme<\/li>\n\n\n\n<li>Motorisations plus efficientes<\/li>\n\n\n\n<li>Esth\u00e9tique plus mature, plus luxueuse<\/li>\n<\/ul>\n\n\n\n<h4 class=\"wp-block-heading\"><strong>Troisi\u00e8me g\u00e9n\u00e9ration (G29, depuis 2018)<\/strong><\/h4>\n\n\n\n<ul class=\"wp-block-list\">\n<li>Retour au toit souple pour all\u00e9ger la structure<\/li>\n\n\n\n<li>Collaboration technique avec Toyota (plateforme partag\u00e9e avec la Supra)<\/li>\n\n\n\n<li>Design r\u00e9solument moderne<\/li>\n\n\n\n<li>Ch\u00e2ssis ultra-dynamique, technologies embarqu\u00e9es<\/li>\n\n\n\n<li>Motorisations puissantes incluant le fameux 6 cylindres en ligne M40i<\/li>\n<\/ul>\n\n\n\n<div style=\"height:30px\" aria-hidden=\"true\" class=\"wp-block-spacer\"><\/div>\n\n\n\n<figure class=\"wp-block-image size-full\"><img loading=\"lazy\" decoding=\"async\" width=\"850\" height=\"478\" src=\"https:\/\/groupe-grim.com\/bmw\/wp-content\/uploads\/2025\/11\/BMW-Z3-et-Z4.jpg\" alt=\"Les 3 g\u00e9n\u00e9rations de BMW Z4 et Z3\" class=\"wp-image-41040\" srcset=\"https:\/\/groupe-grim.com\/bmw\/wp-content\/uploads\/2025\/11\/BMW-Z3-et-Z4.jpg 850w, https:\/\/groupe-grim.com\/bmw\/wp-content\/uploads\/2025\/11\/BMW-Z3-et-Z4-480x270.jpg 480w\" sizes=\"(min-width: 0px) and (max-width: 480px) 480px, (min-width: 481px) 850px, 100vw\" \/><figcaption class=\"wp-element-caption\">Les 3 g\u00e9n\u00e9rations de BMW Z4 et Z3<\/figcaption><\/figure>\n\n\n\n<div style=\"height:30px\" aria-hidden=\"true\" class=\"wp-block-spacer\"><\/div>\n\n\n\n<h3 class=\"wp-block-heading\">La BMW Z4 aujourd\u2019hui : technologies et motorisations<\/h3>\n\n\n\n<div style=\"height:30px\" aria-hidden=\"true\" class=\"wp-block-spacer\"><\/div>\n\n\n\n<p>BMW France met en avant trois motorisations disponibles :<\/p>\n\n\n\n<ul class=\"wp-block-list\">\n<li><strong>Z4 sDrive20i<\/strong> \u2013 197 ch<\/li>\n\n\n\n<li><strong>Z4 sDrive30i<\/strong> \u2013 258 ch<\/li>\n\n\n\n<li><strong>Z4 M40i<\/strong> \u2013 340 ch, six cylindres en ligne, 0 \u00e0 100 km\/h en 4,5 secondes<\/li>\n<\/ul>\n\n\n\n<p>Moderne, sportive et \u00e9l\u00e9gante, la <strong>BMW Z4<\/strong> reste l\u2019un des derniers roadsters authentiques du march\u00e9, encore disponible jusqu&rsquo;en mars 2026.<\/p>\n\n\n\n<p><a href=\"https:\/\/groupe-grim.com\/bmw\/nouvelle-bmw-z4\/\">\u00c0 lire : Tout savoir sur la BMW Z4.<\/a><\/p>\n\n\n\n<div style=\"height:30px\" aria-hidden=\"true\" class=\"wp-block-spacer\"><\/div>\n\n\n\n<div class=\"wp-block-buttons is-content-justification-center is-layout-flex wp-container-core-buttons-is-layout-16018d1d wp-block-buttons-is-layout-flex\">\n<div class=\"wp-block-button\"><a class=\"wp-block-button__link wp-element-button\" href=\"https:\/\/configure.bmw.fr\/fr_FR\/configure\/G29\/HF11\/FMAEY,P0C56,S01CB,S01DF,S01XY,S0230,S02NH,S02PA,S02TB,S02VB,S02VF,S0337,S0387,S0428,S0430,S0431,S0465,S0478,S0493,S04AW,S04KK,S04NE,S0508,S0534,S0544,S0548,S0563,S05AV,S0654,S0676,S06AE,S06AF,S06AK,S06C4,S06U3,S0710,S0711,S0715,S0760,S0854,S0881,S08KA,S08R3,S08R9,S08S3,S08TF,S08WD,S08WL,S09QX,S0ZC1?_gl=1*1ka77vy*_gcl_au*MTA3NjQ0OTE0NS4xNzYwNzA2NjEx\" target=\"_blank\" rel=\"noopener\"><mark style=\"background-color:rgba(0, 0, 0, 0)\" class=\"has-inline-color has-white-color\">Configurer votre BMW Z4<\/mark><\/a><\/div>\n<\/div>\n\n\n\n<div style=\"height:40px\" aria-hidden=\"true\" class=\"wp-block-spacer\"><\/div>\n\n\n\n<h2 class=\"wp-block-heading\">La BMW Z4 Final Edition : un hommage exclusif<\/h2>\n\n\n\n<div style=\"height:30px\" aria-hidden=\"true\" class=\"wp-block-spacer\"><\/div>\n\n\n\n<p>La <strong>BMW Z4 Final Edition<\/strong> n\u2019est pas une simple s\u00e9rie sp\u00e9ciale : c\u2019est l\u2019ultime version, pens\u00e9e pour marquer durablement la fin de la lign\u00e9e <strong>Z4<\/strong>.<br \/>Elle sera disponible sur l\u2019ensemble des motorisations :<\/p>\n\n\n\n<ul class=\"wp-block-list\">\n<li>sDrive20i<\/li>\n\n\n\n<li>sDrive30i<\/li>\n\n\n\n<li>M40i<\/li>\n<\/ul>\n\n\n\n<div style=\"height:30px\" aria-hidden=\"true\" class=\"wp-block-spacer\"><\/div>\n\n\n\n<h3 class=\"wp-block-heading\">Une esth\u00e9tique unique<\/h3>\n\n\n\n<div style=\"height:30px\" aria-hidden=\"true\" class=\"wp-block-spacer\"><\/div>\n\n\n\n<p>Cette \u00e9dition se distingue par une s\u00e9rie d\u2019\u00e9l\u00e9ments exclusifs :<\/p>\n\n\n\n<ul class=\"wp-block-list\">\n<li><strong>Teinte Frozen Black BMW Individual<\/strong> : peinture mate ultra-exclusive<\/li>\n\n\n\n<li><strong>Pack Shadowline BMW Individual<\/strong> : \u00e9l\u00e9ments ext\u00e9rieurs noirs brillants (grille de calandre, contours de vitres, r\u00e9troviseurs, sorties d\u2019\u00e9chappement)<\/li>\n\n\n\n<li><strong>Freins M Sport avec \u00e9triers rouges<\/strong> : temp\u00e9rament sportif affich\u00e9<\/li>\n\n\n\n<li><strong>Jantes M sp\u00e9cifiques<\/strong> : look agressif et contemporain<\/li>\n<\/ul>\n\n\n\n<div style=\"height:30px\" aria-hidden=\"true\" class=\"wp-block-spacer\"><\/div>\n\n\n\n<figure class=\"wp-block-image size-full\"><img loading=\"lazy\" decoding=\"async\" width=\"850\" height=\"478\" src=\"https:\/\/groupe-grim.com\/bmw\/wp-content\/uploads\/2025\/11\/BMW-Z4-Final-Edition-3.jpg\" alt=\"BMW Z4 Final Edition\" class=\"wp-image-41042\" srcset=\"https:\/\/groupe-grim.com\/bmw\/wp-content\/uploads\/2025\/11\/BMW-Z4-Final-Edition-3.jpg 850w, https:\/\/groupe-grim.com\/bmw\/wp-content\/uploads\/2025\/11\/BMW-Z4-Final-Edition-3-480x270.jpg 480w\" sizes=\"(min-width: 0px) and (max-width: 480px) 480px, (min-width: 481px) 850px, 100vw\" \/><\/figure>\n\n\n\n<div style=\"height:30px\" aria-hidden=\"true\" class=\"wp-block-spacer\"><\/div>\n\n\n\n<h3 class=\"wp-block-heading\">Un habitacle exclusif et sportif<\/h3>\n\n\n\n<div style=\"height:30px\" aria-hidden=\"true\" class=\"wp-block-spacer\"><\/div>\n\n\n\n<p>L\u2019int\u00e9rieur de la <strong>Z4 Final Edition<\/strong> exprime le premium et la sportivit\u00e9 :<\/p>\n\n\n\n<ul class=\"wp-block-list\">\n<li>Sellerie <strong>cuir Vernasca + Alcantara<\/strong><\/li>\n\n\n\n<li>Surpiq\u00fbres rouges contrast\u00e9es<\/li>\n\n\n\n<li>Inserts d\u00e9coratifs exclusifs<\/li>\n\n\n\n<li>Volant <strong>M en Alcantara<\/strong><\/li>\n\n\n\n<li>Seuils de porte \u00ab Final Edition \u00bb<\/li>\n\n\n\n<li>P\u00e9dalier M Sport<\/li>\n<\/ul>\n\n\n\n<p>Chaque d\u00e9tail rappelle sa raret\u00e9 et son positionnement \u201ccollector\u201d.<\/p>\n\n\n\n<div style=\"height:30px\" aria-hidden=\"true\" class=\"wp-block-spacer\"><\/div>\n\n\n\n<figure class=\"wp-block-gallery has-nested-images columns-default is-cropped wp-block-gallery-1 is-layout-flex wp-block-gallery-is-layout-flex\">\n<figure class=\"wp-block-image size-large\"><img loading=\"lazy\" decoding=\"async\" width=\"420\" height=\"300\" data-id=\"41044\" src=\"https:\/\/groupe-grim.com\/bmw\/wp-content\/uploads\/2025\/11\/BMW-Z4-Final-Edition-5.jpg\" alt=\"BMW Z4 Final Edition\" class=\"wp-image-41044\" srcset=\"https:\/\/groupe-grim.com\/bmw\/wp-content\/uploads\/2025\/11\/BMW-Z4-Final-Edition-5.jpg 420w, https:\/\/groupe-grim.com\/bmw\/wp-content\/uploads\/2025\/11\/BMW-Z4-Final-Edition-5-300x214.jpg 300w\" sizes=\"(max-width: 420px) 100vw, 420px\" \/><\/figure>\n\n\n\n<figure class=\"wp-block-image size-large\"><img loading=\"lazy\" decoding=\"async\" width=\"420\" height=\"300\" data-id=\"41045\" src=\"https:\/\/groupe-grim.com\/bmw\/wp-content\/uploads\/2025\/11\/BMW-Z4-Final-Edition-6.jpg\" alt=\"BMW Z4 Final Edition\" class=\"wp-image-41045\" srcset=\"https:\/\/groupe-grim.com\/bmw\/wp-content\/uploads\/2025\/11\/BMW-Z4-Final-Edition-6.jpg 420w, https:\/\/groupe-grim.com\/bmw\/wp-content\/uploads\/2025\/11\/BMW-Z4-Final-Edition-6-300x214.jpg 300w\" sizes=\"(max-width: 420px) 100vw, 420px\" \/><\/figure>\n<\/figure>\n\n\n\n<div style=\"height:30px\" aria-hidden=\"true\" class=\"wp-block-spacer\"><\/div>\n\n\n\n<h3 class=\"wp-block-heading\">Finition M Sport incluse<\/h3>\n\n\n\n<div style=\"height:30px\" aria-hidden=\"true\" class=\"wp-block-spacer\"><\/div>\n\n\n\n<p>La <strong>BMW Z4 Final Edition<\/strong> repose syst\u00e9matiquement sur la finition <strong>M Sport<\/strong> :<\/p>\n\n\n\n<ul class=\"wp-block-list\">\n<li>Boucliers avant\/arri\u00e8re sp\u00e9cifiques<\/li>\n\n\n\n<li>Direction sportive<\/li>\n\n\n\n<li>Diffuseur plus dynamique<\/li>\n\n\n\n<li>Suspensions sport M<\/li>\n\n\n\n<li>Si\u00e8ges sport<\/li>\n<\/ul>\n\n\n\n<figure class=\"wp-block-image size-full\"><img loading=\"lazy\" decoding=\"async\" width=\"850\" height=\"478\" src=\"https:\/\/groupe-grim.com\/bmw\/wp-content\/uploads\/2025\/11\/BMW-Z4-Final-Edition-4.jpg\" alt=\"BMW Z4 Final Edition\" class=\"wp-image-41043\" srcset=\"https:\/\/groupe-grim.com\/bmw\/wp-content\/uploads\/2025\/11\/BMW-Z4-Final-Edition-4.jpg 850w, https:\/\/groupe-grim.com\/bmw\/wp-content\/uploads\/2025\/11\/BMW-Z4-Final-Edition-4-480x270.jpg 480w\" sizes=\"(min-width: 0px) and (max-width: 480px) 480px, (min-width: 481px) 850px, 100vw\" \/><\/figure>\n\n\n\n<div style=\"height:30px\" aria-hidden=\"true\" class=\"wp-block-spacer\"><\/div>\n\n\n\n<h2 class=\"wp-block-heading\">Dates et disponibilit\u00e9<\/h2>\n\n\n\n<div style=\"height:30px\" aria-hidden=\"true\" class=\"wp-block-spacer\"><\/div>\n\n\n\n<p>BMW annonce :<\/p>\n\n\n\n<ul class=\"wp-block-list\">\n<li><strong>Production limit\u00e9e entre f\u00e9vrier et avril 2026<\/strong><\/li>\n\n\n\n<li><strong>Ouverture des commandes fin janvier 2026<\/strong><\/li>\n\n\n\n<li><strong>Fin d\u00e9finitive de la production en mars 2026<\/strong><\/li>\n\n\n\n<li>Aucun successeur n\u2019a \u00e9t\u00e9 annonc\u00e9<\/li>\n<\/ul>\n\n\n\n<p>Autrement dit, la fen\u00eatre pour r\u00e9server une Z4 Final Edition est extr\u00eamement courte.<\/p>\n\n\n\n<div style=\"height:30px\" aria-hidden=\"true\" class=\"wp-block-spacer\"><\/div>\n\n\n\n<div class=\"wp-block-buttons is-content-justification-center is-layout-flex wp-container-core-buttons-is-layout-16018d1d wp-block-buttons-is-layout-flex\">\n<div class=\"wp-block-button\"><a class=\"wp-block-button__link wp-element-button\"><mark style=\"background-color:rgba(0, 0, 0, 0)\" class=\"has-inline-color has-white-color\">Contactez-nous<\/mark><\/a><\/div>\n<\/div>\n\n\n\n<div style=\"height:30px\" aria-hidden=\"true\" class=\"wp-block-spacer\"><\/div>\n\n\n\n<figure class=\"wp-block-image size-full\"><img loading=\"lazy\" decoding=\"async\" width=\"850\" height=\"478\" src=\"https:\/\/groupe-grim.com\/bmw\/wp-content\/uploads\/2025\/11\/BMW-Z4-Final-Edition-2.jpg\" alt=\"BMW Z4 Final Edition\" class=\"wp-image-41041\" srcset=\"https:\/\/groupe-grim.com\/bmw\/wp-content\/uploads\/2025\/11\/BMW-Z4-Final-Edition-2.jpg 850w, https:\/\/groupe-grim.com\/bmw\/wp-content\/uploads\/2025\/11\/BMW-Z4-Final-Edition-2-480x270.jpg 480w\" sizes=\"(min-width: 0px) and (max-width: 480px) 480px, (min-width: 481px) 850px, 100vw\" \/><\/figure>\n\n\n\n<div style=\"height:30px\" aria-hidden=\"true\" class=\"wp-block-spacer\"><\/div>\n\n\n\n<h2 class=\"wp-block-heading\">Prix de la BMW Z4 Final Edition<\/h2>\n\n\n\n<div style=\"height:30px\" aria-hidden=\"true\" class=\"wp-block-spacer\"><\/div>\n\n\n\n<p>Le tarif d\u00e9pendra de la motorisation choisie. Il s&rsquo;agira du prix de base de la <strong>BMW Z4<\/strong> en fonction de sa motorisation, auquel s&rsquo;ajoutera un surco\u00fbt sp\u00e9cifique \u00e0 la version <strong>Final Edition<\/strong>.<\/p>\n\n\n\n<ul class=\"wp-block-list\">\n<li><strong>+4 500 \u20ac<\/strong> pour les versions M Sport (sDrive30i, M40i)<\/li>\n\n\n\n<li><strong>+7 500 \u20ac<\/strong> pour la sDrive20i incluant l\u2019ajout de la finition M Sport<\/li>\n<\/ul>\n\n\n\n<div style=\"height:30px\" aria-hidden=\"true\" class=\"wp-block-spacer\"><\/div>\n\n\n\n<h3 class=\"wp-block-heading\">Exemple de prix estim\u00e9s<\/h3>\n\n\n\n<ul class=\"wp-block-list\">\n<li><strong>Z4 sDrive20i Final Edition<\/strong> : environ 58 000\u201362 000 \u20ac<\/li>\n\n\n\n<li><strong>Z4 sDrive30i Final Edition<\/strong> : environ 66 000\u201372 000 \u20ac<\/li>\n\n\n\n<li><strong>Z4 M40i Final Edition<\/strong> : environ 80 000\u201385 000 \u20ac<\/li>\n<\/ul>\n\n\n\n<div style=\"height:30px\" aria-hidden=\"true\" class=\"wp-block-spacer\"><\/div>\n\n\n\n<h2 class=\"wp-block-heading\">O\u00f9 trouver la BMW Z4 Final Edition ?<\/h2>\n\n\n\n<div style=\"height:30px\" aria-hidden=\"true\" class=\"wp-block-spacer\"><\/div>\n\n\n\n<p>La s\u00e9rie est extr\u00eamement limit\u00e9e. Elle ne sera disponible :<\/p>\n\n\n\n<ul class=\"wp-block-list\">\n<li>que <strong>dans les concessions BMW officielles<\/strong>, dont celles du <strong>Groupe GRIM<\/strong> (Albi, Rodez, Montpellier, Aurillac, Valence, Mont\u00e9limar)<\/li>\n\n\n\n<li>uniquement sur <strong>pr\u00e9commande<\/strong>, d\u00e8s janvier 2026<\/li>\n\n\n\n<li>durant une p\u00e9riode de production tr\u00e8s courte<\/li>\n<\/ul>\n\n\n\n<p>Il est fortement conseill\u00e9 de vous manifester le plus t\u00f4t possible aupr\u00e8s de votre concessionnaire si vous souhaitez mettre la main sur l&rsquo;un des exemplaires de cette <strong>BMW Z4 Final Edition<\/strong>.<\/p>\n\n\n\n<div style=\"height:30px\" aria-hidden=\"true\" class=\"wp-block-spacer\"><\/div>\n\n\n\n<div class=\"wp-block-buttons is-content-justification-center is-layout-flex wp-container-core-buttons-is-layout-16018d1d wp-block-buttons-is-layout-flex\">\n<div class=\"wp-block-button\"><a class=\"wp-block-button__link wp-element-button\"><mark style=\"background-color:rgba(0, 0, 0, 0)\" class=\"has-inline-color has-white-color\">Prendre rendez-vous<\/mark><\/a><\/div>\n<\/div>\n\n\n\n<div style=\"height:45px\" aria-hidden=\"true\" class=\"wp-block-spacer\"><\/div>\n\n\n\n<h2 class=\"wp-block-heading\">Pourquoi la Z4 Final Edition pourrait devenir un collector ?<\/h2>\n\n\n\n<div style=\"height:30px\" aria-hidden=\"true\" class=\"wp-block-spacer\"><\/div>\n\n\n\n<p>Voici les raisons qui rendent ce mod\u00e8le tr\u00e8s prometteur pour les passionn\u00e9s :<\/p>\n\n\n\n<ul class=\"wp-block-list\">\n<li>Derni\u00e8re Z4 de l\u2019histoire<\/li>\n\n\n\n<li>Production limit\u00e9e \u00e0 quelques mois<\/li>\n\n\n\n<li>\u00c9l\u00e9ments esth\u00e9tiques exclusifs<\/li>\n\n\n\n<li>Motorisations puissantes dont le mythique 6 cylindres BMW<\/li>\n\n\n\n<li>Contexte automobile : les roadsters disparaissent<\/li>\n\n\n\n<li>Positionnement premium BMW Individual<\/li>\n<\/ul>\n\n\n\n<p>Les <strong>roadsters BMW<\/strong> ont d\u00e9j\u00e0 montr\u00e9 leur valeur sur le march\u00e9 de l\u2019occasion : cette \u00e9dition finale devrait suivre la m\u00eame trajectoire.<\/p>\n\n\n\n<div style=\"height:30px\" aria-hidden=\"true\" class=\"wp-block-spacer\"><\/div>\n\n\n\n<h2 class=\"wp-block-heading\">FAQ \u2013 Vos questions les plus fr\u00e9quentes<\/h2>\n\n\n\n<div style=\"height:30px\" aria-hidden=\"true\" class=\"wp-block-spacer\"><\/div>\n\n\n\n<h3 class=\"wp-block-heading\">Quand s\u2019arr\u00eatera la production de la BMW Z4 ?<\/h3>\n\n\n\n<p>En mars 2026.<\/p>\n\n\n\n<div style=\"height:30px\" aria-hidden=\"true\" class=\"wp-block-spacer\"><\/div>\n\n\n\n<h3 class=\"wp-block-heading\">Pourquoi BMW arr\u00eate la Z4 ?<\/h3>\n\n\n\n<p>Pour des raisons de march\u00e9, de normes environnementales et de strat\u00e9gie \u00e9lectrique.<\/p>\n\n\n\n<div style=\"height:30px\" aria-hidden=\"true\" class=\"wp-block-spacer\"><\/div>\n\n\n\n<h3 class=\"wp-block-heading\">O\u00f9 trouver la BMW Z4 Final Edition ?<\/h3>\n\n\n\n<p>Dans vos concessions BMW officielles, dont celles du Groupe GRIM \u00e0 Albi, Rodez, Valence, Mont\u00e9limar, Aurillac et Montpellier, en \u00e9dition limit\u00e9e.<\/p>\n\n\n\n<div style=\"height:30px\" aria-hidden=\"true\" class=\"wp-block-spacer\"><\/div>\n\n\n\n<h3 class=\"wp-block-heading\">Quel est le prix de la BMW Z4 Final Edition ?<\/h3>\n\n\n\n<p>Entre 58 000 \u20ac et 85 000 \u20ac environ selon la motorisation.<\/p>\n\n\n\n<div style=\"height:30px\" aria-hidden=\"true\" class=\"wp-block-spacer\"><\/div>\n\n\n\n<h2 class=\"wp-block-heading\">Ce qu&rsquo;il faut retenir<\/h2>\n\n\n\n<div style=\"height:30px\" aria-hidden=\"true\" class=\"wp-block-spacer\"><\/div>\n\n\n\n<p>La <strong>BMW Z4 Final Edition<\/strong> marque la fin d\u2019un chapitre majeur dans l\u2019histoire de BMW.<br \/>Ce roadster iconique dispara\u00eet, mais s\u2019offre une derni\u00e8re danse \u00e0 travers une \u00e9dition sophistiqu\u00e9e, exclusive et hautement d\u00e9sirable. Si vous avez toujours r\u00eav\u00e9 de conduire un roadster BMW, c\u2019est le moment\u2026 et apr\u00e8s, il sera <strong>trop tard<\/strong>.<\/p>\n\n\n\n<p>\ud83d\udc49 <strong>Contactez d\u00e8s aujourd\u2019hui votre concession BMW du Groupe GRIM (Albi, Rodez, Montpellier, Aurillac, Valence, Mont\u00e9limar)<\/strong> pour :<\/p>\n\n\n\n<ul class=\"wp-block-list\">\n<li>r\u00e9server votre BMW Z4 Final Edition<\/li>\n\n\n\n<li>planifier un essai<\/li>\n\n\n\n<li>obtenir un devis personnalis\u00e9<\/li>\n\n\n\n<li>\u00eatre plac\u00e9 sur liste prioritaire<\/li>\n<\/ul>\n\n\n\n<p>Les quantit\u00e9s seront tr\u00e8s limit\u00e9es. Ne laissez pas passer la derni\u00e8re <strong>Z4<\/strong> de l\u2019histoire.<\/p>\n\n\n\n<div style=\"height:30px\" aria-hidden=\"true\" class=\"wp-block-spacer\"><\/div>\n\n\n\n<div class=\"wp-block-buttons is-content-justification-center is-layout-flex wp-container-core-buttons-is-layout-16018d1d wp-block-buttons-is-layout-flex\">\n<div class=\"wp-block-button\"><a class=\"wp-block-button__link wp-element-button\"><mark style=\"background-color:rgba(0, 0, 0, 0)\" class=\"has-inline-color has-white-color\">Prendre rendez-vous<\/mark><\/a><\/div>\n<\/div>\n\n\n\n<div style=\"height:100px\" aria-hidden=\"true\" class=\"wp-block-spacer\"><\/div>\n<span class=\"et_bloom_bottom_trigger\"><\/span>","protected":false},"excerpt":{"rendered":"<p>Apr\u00e8s plus de vingt ans de carri\u00e8re, la BMW Z4 Final Edition marque un tournant historique pour la marque. Ce roadster embl\u00e9matique, qui a travers\u00e9 trois g\u00e9n\u00e9rations et s\u00e9duit des milliers de passionn\u00e9s \u00e0 travers le monde, tire sa r\u00e9v\u00e9rence. Pour c\u00e9l\u00e9brer la fin de ce roadster BMW embl\u00e9matique, le constructeur propose une ultime \u00e9dition, [&hellip;]<\/p>\n","protected":false},"author":15,"featured_media":41046,"comment_status":"open","ping_status":"open","sticky":false,"template":"","format":"standard","meta":{"_et_pb_use_builder":"off","_et_pb_old_content":"","_et_gb_content_width":"","footnotes":""},"categories":[11],"tags":[],"class_list":["post-41038","post","type-post","status-publish","format-standard","has-post-thumbnail","hentry","category-actualites"],"_links":{"self":[{"href":"https:\/\/groupe-grim.com\/bmw\/wp-json\/wp\/v2\/posts\/41038","targetHints":{"allow":["GET"]}}],"collection":[{"href":"https:\/\/groupe-grim.com\/bmw\/wp-json\/wp\/v2\/posts"}],"about":[{"href":"https:\/\/groupe-grim.com\/bmw\/wp-json\/wp\/v2\/types\/post"}],"author":[{"embeddable":true,"href":"https:\/\/groupe-grim.com\/bmw\/wp-json\/wp\/v2\/users\/15"}],"replies":[{"embeddable":true,"href":"https:\/\/groupe-grim.com\/bmw\/wp-json\/wp\/v2\/comments?post=41038"}],"version-history":[{"count":3,"href":"https:\/\/groupe-grim.com\/bmw\/wp-json\/wp\/v2\/posts\/41038\/revisions"}],"predecessor-version":[{"id":41048,"href":"https:\/\/groupe-grim.com\/bmw\/wp-json\/wp\/v2\/posts\/41038\/revisions\/41048"}],"wp:featuredmedia":[{"embeddable":true,"href":"https:\/\/groupe-grim.com\/bmw\/wp-json\/wp\/v2\/media\/41046"}],"wp:attachment":[{"href":"https:\/\/groupe-grim.com\/bmw\/wp-json\/wp\/v2\/media?parent=41038"}],"wp:term":[{"taxonomy":"category","embeddable":true,"href":"https:\/\/groupe-grim.com\/bmw\/wp-json\/wp\/v2\/categories?post=41038"},{"taxonomy":"post_tag","embeddable":true,"href":"https:\/\/groupe-grim.com\/bmw\/wp-json\/wp\/v2\/tags?post=41038"}],"curies":[{"name":"wp","href":"https:\/\/api.w.org\/{rel}","templated":true}]}}