{"id":41485,"date":"2026-04-27T11:28:23","date_gmt":"2026-04-27T09:28:23","guid":{"rendered":"https:\/\/groupe-grim.com\/bmw\/?p=41485"},"modified":"2026-04-21T12:02:23","modified_gmt":"2026-04-21T10:02:23","slug":"bmw-x1-2","status":"publish","type":"post","link":"https:\/\/groupe-grim.com\/bmw\/bmw-x1-2\/","title":{"rendered":"BMW X1 : le SUV premium compact le plus polyvalent de sa cat\u00e9gorie"},"content":{"rendered":"\n<p>La <strong>BMW X1<\/strong> s\u2019impose comme une r\u00e9f\u00e9rence incontournable sur le segment des SUV premium compacts. Alliant design affirm\u00e9, technologies avanc\u00e9es et large choix de motorisations, elle r\u00e9pond parfaitement aux attentes des conducteurs modernes. Que vous recherchiez un v\u00e9hicule familial, urbain ou \u00e9lectrifi\u00e9, la <strong>BMW X1<\/strong> offre une solution adapt\u00e9e \u00e0 chaque besoin.<\/p>\n\n\n\n<p>Disponible en versions essence, diesel, hybride rechargeable et 100 % \u00e9lectrique avec la BMW iX1, ce mod\u00e8le incarne toute l\u2019innovation BMW dans un format accessible et polyvalent.<\/p>\n\n\n\n<div style=\"height:30px\" aria-hidden=\"true\" class=\"wp-block-spacer\"><\/div>\n\n\n\n<figure class=\"wp-block-image size-full\"><img loading=\"lazy\" decoding=\"async\" width=\"850\" height=\"478\" src=\"https:\/\/groupe-grim.com\/bmw\/wp-content\/uploads\/2026\/04\/BMW-X1-M35i.jpg\" alt=\"BMW X1 M35i\" class=\"wp-image-41487\" srcset=\"https:\/\/groupe-grim.com\/bmw\/wp-content\/uploads\/2026\/04\/BMW-X1-M35i.jpg 850w, https:\/\/groupe-grim.com\/bmw\/wp-content\/uploads\/2026\/04\/BMW-X1-M35i-480x270.jpg 480w\" sizes=\"(min-width: 0px) and (max-width: 480px) 480px, (min-width: 481px) 850px, 100vw\" \/><figcaption class=\"wp-element-caption\">BMW X1 M35i<\/figcaption><\/figure>\n\n\n\n<div style=\"height:30px\" aria-hidden=\"true\" class=\"wp-block-spacer\"><\/div>\n\n\n\n<h2 class=\"wp-block-heading\">Un SUV pens\u00e9 pour la polyvalence au quotidien<\/h2>\n\n\n\n<div style=\"height:30px\" aria-hidden=\"true\" class=\"wp-block-spacer\"><\/div>\n\n\n\n<p>Avec ses dimensions compactes (4,50 m de long), la <strong>BMW X1<\/strong> est parfaitement adapt\u00e9e \u00e0 une utilisation mixte :<\/p>\n\n\n\n<ul class=\"wp-block-list\">\n<li>\u00c0 l\u2019aise en ville gr\u00e2ce \u00e0 son gabarit ma\u00eetris\u00e9<\/li>\n\n\n\n<li>Confortable sur longs trajets<\/li>\n\n\n\n<li>Id\u00e9ale pour les familles et les professionnels<\/li>\n<\/ul>\n\n\n\n<p>Sa position de conduite sur\u00e9lev\u00e9e am\u00e9liore la visibilit\u00e9 et renforce le sentiment de s\u00e9curit\u00e9.<\/p>\n\n\n\n<div style=\"height:30px\" aria-hidden=\"true\" class=\"wp-block-spacer\"><\/div>\n\n\n\n<h2 class=\"wp-block-heading\">Un design ext\u00e9rieur robuste et moderne<\/h2>\n\n\n\n<div style=\"height:30px\" aria-hidden=\"true\" class=\"wp-block-spacer\"><\/div>\n\n\n\n<p>La <strong>BMW X1<\/strong> adopte un style plus affirm\u00e9 que jamais.<\/p>\n\n\n\n<h3 class=\"wp-block-heading\">Une signature visuelle forte<\/h3>\n\n\n\n<p>Elle se distingue par :<\/p>\n\n\n\n<ul class=\"wp-block-list\">\n<li>Une calandre BMW \u00e9largie et presque carr\u00e9e<\/li>\n\n\n\n<li>Des projecteurs LED effil\u00e9s<\/li>\n\n\n\n<li>Des lignes sculpt\u00e9es et muscl\u00e9es<\/li>\n\n\n\n<li>Une posture plus verticale typ\u00e9e SUV<\/li>\n<\/ul>\n\n\n\n<p>R\u00e9sultat : un design \u00e0 la fois dynamique et statutaire.<\/p>\n\n\n\n<h3 class=\"wp-block-heading\">Des possibilit\u00e9s de personnalisation<\/h3>\n\n\n\n<p>BMW propose :<\/p>\n\n\n\n<ul class=\"wp-block-list\">\n<li>Des jantes jusqu\u2019\u00e0 20 pouces<\/li>\n\n\n\n<li>Plusieurs finitions (xLine, M Sport)<\/li>\n\n\n\n<li>Une large palette de teintes<\/li>\n<\/ul>\n\n\n\n<p>Chaque <strong>BMW X1<\/strong> peut ainsi \u00eatre configur\u00e9e selon vos envies.<\/p>\n\n\n\n<div style=\"height:30px\" aria-hidden=\"true\" class=\"wp-block-spacer\"><\/div>\n\n\n\n<h2 class=\"wp-block-heading\">Un int\u00e9rieur digital et premium<\/h2>\n\n\n\n<div style=\"height:30px\" aria-hidden=\"true\" class=\"wp-block-spacer\"><\/div>\n\n\n\n<p>L\u2019habitacle de la <strong>BMW X1<\/strong> marque une mont\u00e9e en gamme significative.<\/p>\n\n\n\n<h3 class=\"wp-block-heading\">BMW Curved Display : une exp\u00e9rience immersive<\/h3>\n\n\n\n<p>Le poste de conduite int\u00e8gre :<\/p>\n\n\n\n<ul class=\"wp-block-list\">\n<li>Un \u00e9cran conducteur de 10,25 pouces<\/li>\n\n\n\n<li>Un \u00e9cran central tactile de 10,7 pouces<\/li>\n<\/ul>\n\n\n\n<p>Le tout fonctionne avec le <strong>BMW Operating System 9<\/strong>, fluide et intuitif.<\/p>\n\n\n\n<div style=\"height:30px\" aria-hidden=\"true\" class=\"wp-block-spacer\"><\/div>\n\n\n\n<h3 class=\"wp-block-heading\">Une ambiance haut de gamme<\/h3>\n\n\n\n<p>\u00c0 bord :<\/p>\n\n\n\n<ul class=\"wp-block-list\">\n<li>Mat\u00e9riaux premium et finitions soign\u00e9es<\/li>\n\n\n\n<li>Selleries vari\u00e9es (tissu, Sensatec, cuir)<\/li>\n\n\n\n<li>\u00c9clairage d\u2019ambiance personnalisable<\/li>\n<\/ul>\n\n\n\n<p>L\u2019ergonomie est pens\u00e9e pour simplifier chaque interaction.<\/p>\n\n\n\n<div style=\"height:30px\" aria-hidden=\"true\" class=\"wp-block-spacer\"><\/div>\n\n\n\n<figure class=\"wp-block-image size-full\"><img loading=\"lazy\" decoding=\"async\" width=\"850\" height=\"478\" src=\"https:\/\/groupe-grim.com\/bmw\/wp-content\/uploads\/2026\/04\/interieur-BMW-X1.jpg\" alt=\"int\u00e9rieur BMW X1\" class=\"wp-image-41490\" srcset=\"https:\/\/groupe-grim.com\/bmw\/wp-content\/uploads\/2026\/04\/interieur-BMW-X1.jpg 850w, https:\/\/groupe-grim.com\/bmw\/wp-content\/uploads\/2026\/04\/interieur-BMW-X1-480x270.jpg 480w\" sizes=\"(min-width: 0px) and (max-width: 480px) 480px, (min-width: 481px) 850px, 100vw\" \/><\/figure>\n\n\n\n<div style=\"height:30px\" aria-hidden=\"true\" class=\"wp-block-spacer\"><\/div>\n\n\n\n<h2 class=\"wp-block-heading\">Technologies embarqu\u00e9es et aides \u00e0 la conduite<\/h2>\n\n\n\n<div style=\"height:30px\" aria-hidden=\"true\" class=\"wp-block-spacer\"><\/div>\n\n\n\n<p>C&rsquo;est sans aucun doute l\u2019un des SUV compacts les plus avanc\u00e9s technologiquement.<\/p>\n\n\n\n<h3 class=\"wp-block-heading\">Connectivit\u00e9 compl\u00e8te<\/h3>\n\n\n\n<ul class=\"wp-block-list\">\n<li>Apple CarPlay et Android Auto sans fil<\/li>\n\n\n\n<li>Navigation connect\u00e9e avec trafic en temps r\u00e9el<\/li>\n\n\n\n<li>BMW Intelligent Personal Assistant (commande vocale)<\/li>\n<\/ul>\n\n\n\n<h3 class=\"wp-block-heading\">Aides \u00e0 la conduite de derni\u00e8re g\u00e9n\u00e9ration<\/h3>\n\n\n\n<p>Selon les versions :<\/p>\n\n\n\n<ul class=\"wp-block-list\">\n<li>R\u00e9gulateur de vitesse actif avec fonction Stop &amp; Go<\/li>\n\n\n\n<li>Assistant de maintien dans la voie<\/li>\n\n\n\n<li>Freinage d\u2019urgence automatique<\/li>\n\n\n\n<li>Parking Assistant avec cam\u00e9ra de recul<\/li>\n<\/ul>\n\n\n\n<p>Ces syst\u00e8mes am\u00e9liorent la s\u00e9curit\u00e9 et le confort au quotidien.<\/p>\n\n\n\n<div style=\"height:30px\" aria-hidden=\"true\" class=\"wp-block-spacer\"><\/div>\n\n\n\n<h2 class=\"wp-block-heading\">Une gamme de motorisations ultra compl\u00e8te<\/h2>\n\n\n\n<div style=\"height:30px\" aria-hidden=\"true\" class=\"wp-block-spacer\"><\/div>\n\n\n\n<p>La <strong>BMW X1<\/strong> se d\u00e9marque par la diversit\u00e9 de ses motorisations.<\/p>\n\n\n\n<h3 class=\"wp-block-heading\">Motorisations essence et diesel<\/h3>\n\n\n\n<p>Parfaites pour les longs trajets, elle se d\u00e9cline en plusieurs versions essence et diesel.<\/p>\n\n\n\n<ul class=\"wp-block-list\">\n<li><strong>BMW X1 sDrive20i<\/strong> de 170 ch avec une motorisation essence<\/li>\n\n\n\n<li><strong>BMW X1 M35i xDrive<\/strong> de 300 ch avec une motorisation essence<\/li>\n\n\n\n<li><strong>BMW X1 sDrive20d<\/strong> de 163 ch avec une motorisation diesel<\/li>\n\n\n\n<li><strong>BMW X1 xDrive23d<\/strong> de 211 ch avec une motorisation diesel<\/li>\n<\/ul>\n\n\n\n<h3 class=\"wp-block-heading\">Hybride rechargeable : efficience et polyvalence<\/h3>\n\n\n\n<p>Il existe 2 d\u00e9clinaisons en motorisation hybride rechargeable :<\/p>\n\n\n\n<ul class=\"wp-block-list\">\n<li><strong>BMW X1 xDrive25e<\/strong> de 245 ch et 77 km d&rsquo;autonomie \u00e9lectrique<\/li>\n\n\n\n<li><strong>BMW X1 xDrive30e<\/strong> de 326 ch et 77 km d&rsquo;autonomie \u00e9lectrique<\/li>\n<\/ul>\n\n\n\n<p>Id\u00e9al pour rouler en \u00e9lectrique au quotidien tout en conservant une grande autonomie globale.<\/p>\n\n\n\n<h3 class=\"wp-block-heading\">BMW iX1 : le SUV \u00e9lectrique nouvelle g\u00e9n\u00e9ration<\/h3>\n\n\n\n<p>La version 100 % \u00e9lectrique, BMW iX1, est disponible en plusieurs variantes :<\/p>\n\n\n\n<ul class=\"wp-block-list\">\n<li><strong>BMW iX1 eDrive20<\/strong> de 204 ch et 516 km d&rsquo;autonomie WLTP<\/li>\n\n\n\n<li><strong>BMW iX1 eDrive20 Pure Edition<\/strong> de 204 ch et 503 km d&rsquo;autonomie WLTP<\/li>\n\n\n\n<li><strong>BMW iX1 xDrive30<\/strong> de 313 ch et 468 km d&rsquo;autonomie WLTP<\/li>\n<\/ul>\n\n\n\n<p>Elle offre une conduite silencieuse, fluide et r\u00e9active.<\/p>\n\n\n\n<div style=\"height:30px\" aria-hidden=\"true\" class=\"wp-block-spacer\"><\/div>\n\n\n\n<h2 class=\"wp-block-heading\">Performances et plaisir de conduite<\/h2>\n\n\n\n<div style=\"height:30px\" aria-hidden=\"true\" class=\"wp-block-spacer\"><\/div>\n\n\n\n<p>Fid\u00e8le \u00e0 l\u2019ADN BMW, la <strong>X1<\/strong> offre un excellent agr\u00e9ment de conduite :<\/p>\n\n\n\n<ul class=\"wp-block-list\">\n<li>0 \u00e0 100 km\/h en seulement <strong>5,7 s<\/strong> (iX1 xDrive30)<\/li>\n\n\n\n<li>Direction pr\u00e9cise et r\u00e9active<\/li>\n\n\n\n<li>Ch\u00e2ssis \u00e9quilibr\u00e9<\/li>\n<\/ul>\n\n\n\n<p>Que ce soit en thermique, hybride ou \u00e9lectrique, le plaisir de conduire reste intact.<\/p>\n\n\n\n<div style=\"height:30px\" aria-hidden=\"true\" class=\"wp-block-spacer\"><\/div>\n\n\n\n<h2 class=\"wp-block-heading\">Confort et habitabilit\u00e9 : un SUV familial par excellence<\/h2>\n\n\n\n<div style=\"height:30px\" aria-hidden=\"true\" class=\"wp-block-spacer\"><\/div>\n\n\n\n<p>La <strong>BMW X1<\/strong> est con\u00e7ue pour offrir un maximum de confort.<\/p>\n\n\n\n<h3 class=\"wp-block-heading\">Un espace int\u00e9rieur g\u00e9n\u00e9reux<\/h3>\n\n\n\n<ul class=\"wp-block-list\">\n<li>Volume de coffre : <strong>540 L \u00e0 1 600 L<\/strong><\/li>\n\n\n\n<li>Banquette arri\u00e8re modulable<\/li>\n\n\n\n<li>Nombreux rangements<\/li>\n<\/ul>\n\n\n\n<h3 class=\"wp-block-heading\">Un confort premium<\/h3>\n\n\n\n<ul class=\"wp-block-list\">\n<li>Si\u00e8ges ergonomiques<\/li>\n\n\n\n<li>Suspensions efficaces<\/li>\n\n\n\n<li>Excellente insonorisation<\/li>\n<\/ul>\n\n\n\n<p>Elle est id\u00e9ale pour les trajets du quotidien comme pour les longs voyages.<\/p>\n\n\n\n<div style=\"height:30px\" aria-hidden=\"true\" class=\"wp-block-spacer\"><\/div>\n\n\n\n<div class=\"wp-block-buttons is-content-justification-center is-layout-flex wp-container-core-buttons-is-layout-16018d1d wp-block-buttons-is-layout-flex\">\n<div class=\"wp-block-button\"><a class=\"wp-block-button__link wp-element-button\" href=\"https:\/\/configure.bmw.fr\/fr_FR\/configure\/U11\/31EE\/FKTNL,P0C3N,S01AG,S01CB,S01CE,S01DF,S01LX,S0230,S02PA,S02TE,S02TM,S02VB,S02VD,S02VF,S0302,S0337,S03MC,S0428,S0478,S0481,S0494,S04H2,S04NW,S0548,S05AV,S05DM,S0654,S06AE,S06AF,S06PA,S0710,S0760,S0775,S0854,S088N,S08KA,S08R3,S08R9,S08TF,S09T1,S09T2?_gl=1*99c9lo*_gcl_au*MTI4NTg3NDI0LjE3NzYzNDc5Mzc.\" target=\"_blank\" rel=\"noopener\"><mark style=\"background-color:rgba(0, 0, 0, 0)\" class=\"has-inline-color has-white-color\">Configurer la BMW X1<\/mark><\/a><\/div>\n<\/div>\n\n\n\n<div style=\"height:30px\" aria-hidden=\"true\" class=\"wp-block-spacer\"><\/div>\n\n\n\n<figure class=\"wp-block-image size-full\"><img loading=\"lazy\" decoding=\"async\" width=\"850\" height=\"478\" src=\"https:\/\/groupe-grim.com\/bmw\/wp-content\/uploads\/2026\/04\/BMW-X1-xdrive23d.jpg\" alt=\"BMW X1 xDrive23d\" class=\"wp-image-41489\" srcset=\"https:\/\/groupe-grim.com\/bmw\/wp-content\/uploads\/2026\/04\/BMW-X1-xdrive23d.jpg 850w, https:\/\/groupe-grim.com\/bmw\/wp-content\/uploads\/2026\/04\/BMW-X1-xdrive23d-480x270.jpg 480w\" sizes=\"(min-width: 0px) and (max-width: 480px) 480px, (min-width: 481px) 850px, 100vw\" \/><figcaption class=\"wp-element-caption\">BMW X1 xDrive23d<\/figcaption><\/figure>\n\n\n\n<div style=\"height:30px\" aria-hidden=\"true\" class=\"wp-block-spacer\"><\/div>\n\n\n\n<h2 class=\"wp-block-heading\">Une r\u00e9f\u00e9rence sur le march\u00e9 des SUV premium compacts<\/h2>\n\n\n\n<div style=\"height:30px\" aria-hidden=\"true\" class=\"wp-block-spacer\"><\/div>\n\n\n\n<p>La <strong>BMW X1<\/strong> rivalise avec les meilleurs mod\u00e8les du segment gr\u00e2ce \u00e0 :<\/p>\n\n\n\n<ul class=\"wp-block-list\">\n<li>Son large choix de motorisations<\/li>\n\n\n\n<li>Son niveau technologique \u00e9lev\u00e9<\/li>\n\n\n\n<li>Sa qualit\u00e9 de fabrication<\/li>\n<\/ul>\n\n\n\n<p>Elle s\u2019impose comme un choix strat\u00e9gique face aux autres SUV premium.<\/p>\n\n\n\n<div style=\"height:30px\" aria-hidden=\"true\" class=\"wp-block-spacer\"><\/div>\n\n\n\n<h2 class=\"wp-block-heading\">Offres de financement BMW X1 dans le Groupe GRIM<\/h2>\n\n\n\n<p>Dans vos concessions BMW du Groupe GRIM (Albi, Rodez, Montpellier, Aurillac, Valence, Mont\u00e9limar), profitez d\u2019offres de loyers attractives ainsi que des prix r\u00e9duits sur les v\u00e9hicules en stock. <\/p>\n\n\n\n<div style=\"height:30px\" aria-hidden=\"true\" class=\"wp-block-spacer\"><\/div>\n\n\n\n<h2 class=\"wp-block-heading\">Pourquoi choisir la BMW X1 ?<\/h2>\n\n\n\n<div style=\"height:30px\" aria-hidden=\"true\" class=\"wp-block-spacer\"><\/div>\n\n\n\n<ul class=\"wp-block-list\">\n<li>SUV premium compact polyvalent<\/li>\n\n\n\n<li>Motorisations thermiques, hybrides et \u00e9lectriques<\/li>\n\n\n\n<li>Technologies avanc\u00e9es<\/li>\n\n\n\n<li>Confort et habitabilit\u00e9<\/li>\n\n\n\n<li>Forte valeur de revente<\/li>\n<\/ul>\n\n\n\n<p>C\u2019est un v\u00e9hicule parfaitement adapt\u00e9 aux nouveaux usages automobiles.<\/p>\n\n\n\n<div style=\"height:30px\" aria-hidden=\"true\" class=\"wp-block-spacer\"><\/div>\n\n\n\n<h2 class=\"wp-block-heading\">Votre accompagnement dans les concessions BMW Groupe GRIM<\/h2>\n\n\n\n<div style=\"height:30px\" aria-hidden=\"true\" class=\"wp-block-spacer\"><\/div>\n\n\n\n<p>Les \u00e9quipes de vos concessions BMW du Groupe GRIM vous accompagnent \u00e0 chaque \u00e9tape :<\/p>\n\n\n\n<ul class=\"wp-block-list\">\n<li>Analyse personnalis\u00e9e de vos besoins<\/li>\n\n\n\n<li>Choix de la motorisation id\u00e9ale<\/li>\n\n\n\n<li>Solutions de financement sur mesure<\/li>\n\n\n\n<li>Essai du v\u00e9hicule en conditions r\u00e9elles<\/li>\n<\/ul>\n\n\n\n<p>Profitez de notre accompagnement premium pour r\u00e9ussir votre nouveau projet automobile.<\/p>\n\n\n\n<div style=\"height:30px\" aria-hidden=\"true\" class=\"wp-block-spacer\"><\/div>\n\n\n\n<figure class=\"wp-block-image size-full\"><img loading=\"lazy\" decoding=\"async\" width=\"850\" height=\"478\" src=\"https:\/\/groupe-grim.com\/bmw\/wp-content\/uploads\/2026\/04\/BMW-X1-sdrive18d.jpg\" alt=\"BMW X1 sDrive18d\" class=\"wp-image-41488\" srcset=\"https:\/\/groupe-grim.com\/bmw\/wp-content\/uploads\/2026\/04\/BMW-X1-sdrive18d.jpg 850w, https:\/\/groupe-grim.com\/bmw\/wp-content\/uploads\/2026\/04\/BMW-X1-sdrive18d-480x270.jpg 480w\" sizes=\"(min-width: 0px) and (max-width: 480px) 480px, (min-width: 481px) 850px, 100vw\" \/><figcaption class=\"wp-element-caption\">BMW X1 sDrive18d<\/figcaption><\/figure>\n\n\n\n<div style=\"height:30px\" aria-hidden=\"true\" class=\"wp-block-spacer\"><\/div>\n\n\n\n<h2 class=\"wp-block-heading\">FAQ \u2013 BMW X1<\/h2>\n\n\n\n<div style=\"height:30px\" aria-hidden=\"true\" class=\"wp-block-spacer\"><\/div>\n\n\n\n<h3 class=\"wp-block-heading\">Quelle est l\u2019autonomie de la BMW iX1 ?<\/h3>\n\n\n\n<p>Jusqu\u2019\u00e0 <strong>516 km WLTP<\/strong> selon les versions.<\/p>\n\n\n\n<h3 class=\"wp-block-heading\">Quelle motorisation choisir ?<\/h3>\n\n\n\n<ul class=\"wp-block-list\">\n<li>Diesel : longs trajets<\/li>\n\n\n\n<li>Hybride rechargeable : usage mixte<\/li>\n\n\n\n<li>\u00c9lectrique : trajets quotidiens<\/li>\n<\/ul>\n\n\n\n<h3 class=\"wp-block-heading\">Quel est le volume de coffre ?<\/h3>\n\n\n\n<p>De <strong>540 \u00e0 1 545 litres<\/strong>.<\/p>\n\n\n\n<h3 class=\"wp-block-heading\">La BMW X1 est-elle disponible en leasing ?<\/h3>\n\n\n\n<p>Oui, elle est disponible en <strong>LLD sans apport<\/strong> et en LOA dans le r\u00e9seau de concessions BMW du Groupe GRIM.<\/p>\n\n\n\n<h3 class=\"wp-block-heading\">Combien consomme une BMW X1 ?<\/h3>\n\n\n\n<ul class=\"wp-block-list\">\n<li>Diesel : d\u00e8s <strong>5,8 l\/100 km<\/strong><\/li>\n\n\n\n<li>\u00c9lectrique : d\u00e8s <strong>17,3 kWh\/100 km<\/strong><\/li>\n<\/ul>\n\n\n\n<div style=\"height:30px\" aria-hidden=\"true\" class=\"wp-block-spacer\"><\/div>\n\n\n\n<h2 class=\"wp-block-heading\">Conclusion : la BMW X1, un choix strat\u00e9gique et durable<\/h2>\n\n\n\n<div style=\"height:30px\" aria-hidden=\"true\" class=\"wp-block-spacer\"><\/div>\n\n\n\n<p>La BMW X1 s\u2019impose comme l\u2019un des meilleurs SUV premium compacts du march\u00e9. Gr\u00e2ce \u00e0 sa polyvalence, ses technologies avanc\u00e9es et sa large gamme de motorisations, elle r\u00e9pond \u00e0 toutes les attentes.<\/p>\n\n\n\n<p>Que vous optiez pour une version thermique, hybride rechargeable ou 100 % \u00e9lectrique avec la BMW iX1, vous faites le choix d\u2019un v\u00e9hicule performant, moderne et adapt\u00e9 \u00e0 votre quotidien.<\/p>\n\n\n\n<p>\ud83d\udc49 <strong>D\u00e9couvrez la BMW X1 dans vos concessions BMW Groupe GRIM<\/strong> et r\u00e9servez d\u00e8s maintenant votre essai pour vivre l\u2019exp\u00e9rience BMW.<\/p>\n\n\n\n<div style=\"height:30px\" aria-hidden=\"true\" class=\"wp-block-spacer\"><\/div>\n\n\n\n<div class=\"wp-block-buttons is-content-justification-center is-layout-flex wp-container-core-buttons-is-layout-16018d1d wp-block-buttons-is-layout-flex\">\n<div class=\"wp-block-button\"><a class=\"wp-block-button__link wp-element-button\" href=\"https:\/\/groupe-grim.com\/rendez-vous\/?brand=bmw\"><mark style=\"background-color:rgba(0, 0, 0, 0)\" class=\"has-inline-color has-white-color\">Contactez nous<\/mark><\/a><\/div>\n\n\n\n<div class=\"wp-block-button\"><a class=\"wp-block-button__link wp-element-button\" href=\"https:\/\/groupe-grim.com\/rendez-vous\/?brand=bmw\"><mark style=\"background-color:rgba(0, 0, 0, 0)\" class=\"has-inline-color has-white-color\">Prendre rdv<\/mark><\/a><\/div>\n<\/div>\n\n\n\n<div style=\"height:100px\" aria-hidden=\"true\" class=\"wp-block-spacer\"><\/div>\n<span class=\"et_bloom_bottom_trigger\"><\/span>","protected":false},"excerpt":{"rendered":"<p>La BMW X1 s\u2019impose comme une r\u00e9f\u00e9rence incontournable sur le segment des SUV premium compacts. Alliant design affirm\u00e9, technologies avanc\u00e9es et large choix de motorisations, elle r\u00e9pond parfaitement aux attentes des conducteurs modernes. Que vous recherchiez un v\u00e9hicule familial, urbain ou \u00e9lectrifi\u00e9, la BMW X1 offre une solution adapt\u00e9e \u00e0 chaque besoin. Disponible en versions [&hellip;]<\/p>\n","protected":false},"author":15,"featured_media":41487,"comment_status":"open","ping_status":"open","sticky":false,"template":"","format":"standard","meta":{"_et_pb_use_builder":"off","_et_pb_old_content":"","_et_gb_content_width":"","footnotes":""},"categories":[11],"tags":[],"class_list":["post-41485","post","type-post","status-publish","format-standard","has-post-thumbnail","hentry","category-actualites"],"_links":{"self":[{"href":"https:\/\/groupe-grim.com\/bmw\/wp-json\/wp\/v2\/posts\/41485","targetHints":{"allow":["GET"]}}],"collection":[{"href":"https:\/\/groupe-grim.com\/bmw\/wp-json\/wp\/v2\/posts"}],"about":[{"href":"https:\/\/groupe-grim.com\/bmw\/wp-json\/wp\/v2\/types\/post"}],"author":[{"embeddable":true,"href":"https:\/\/groupe-grim.com\/bmw\/wp-json\/wp\/v2\/users\/15"}],"replies":[{"embeddable":true,"href":"https:\/\/groupe-grim.com\/bmw\/wp-json\/wp\/v2\/comments?post=41485"}],"version-history":[{"count":3,"href":"https:\/\/groupe-grim.com\/bmw\/wp-json\/wp\/v2\/posts\/41485\/revisions"}],"predecessor-version":[{"id":41492,"href":"https:\/\/groupe-grim.com\/bmw\/wp-json\/wp\/v2\/posts\/41485\/revisions\/41492"}],"wp:featuredmedia":[{"embeddable":true,"href":"https:\/\/groupe-grim.com\/bmw\/wp-json\/wp\/v2\/media\/41487"}],"wp:attachment":[{"href":"https:\/\/groupe-grim.com\/bmw\/wp-json\/wp\/v2\/media?parent=41485"}],"wp:term":[{"taxonomy":"category","embeddable":true,"href":"https:\/\/groupe-grim.com\/bmw\/wp-json\/wp\/v2\/categories?post=41485"},{"taxonomy":"post_tag","embeddable":true,"href":"https:\/\/groupe-grim.com\/bmw\/wp-json\/wp\/v2\/tags?post=41485"}],"curies":[{"name":"wp","href":"https:\/\/api.w.org\/{rel}","templated":true}]}}