{"id":1179,"date":"2022-12-13T08:59:20","date_gmt":"2022-12-13T08:59:20","guid":{"rendered":"https:\/\/groupe-grim.com\/cupra\/?p=1179"},"modified":"2024-09-11T15:44:57","modified_gmt":"2024-09-11T15:44:57","slug":"cupra-x-abt-formule-e","status":"publish","type":"post","link":"https:\/\/groupe-grim.com\/cupra\/cupra-x-abt-formule-e\/","title":{"rendered":"CUPRA x ABT REJOIGNENT LA FORMULE E"},"content":{"rendered":"\n<figure class=\"wp-block-image aligncenter size-large\"><img loading=\"lazy\" decoding=\"async\" width=\"1024\" height=\"683\" src=\"https:\/\/groupe-grim.com\/cupra\/wp-content\/uploads\/2022\/12\/CUPRA-further-strengthens-its-commitment-to-electric-motorsport-as-it-joins-ABT-to-compete-in-Formula-E_02_HQ-1-1024x683.jpg\" alt=\"CUPRA x ABT\" class=\"wp-image-1181\" srcset=\"https:\/\/groupe-grim.com\/cupra\/wp-content\/uploads\/2022\/12\/CUPRA-further-strengthens-its-commitment-to-electric-motorsport-as-it-joins-ABT-to-compete-in-Formula-E_02_HQ-1-980x653.jpg 980w, https:\/\/groupe-grim.com\/cupra\/wp-content\/uploads\/2022\/12\/CUPRA-further-strengthens-its-commitment-to-electric-motorsport-as-it-joins-ABT-to-compete-in-Formula-E_02_HQ-1-480x320.jpg 480w\" sizes=\"(min-width: 0px) and (max-width: 480px) 480px, (min-width: 481px) and (max-width: 980px) 980px, (min-width: 981px) 1024px, 100vw\" \/><\/figure>\n\n\n\n<p><\/p>\n\n\n\n<ul class=\"wp-block-list\">\n<li><strong>\u00c0 partir de 2023, l&rsquo;\u00e9quipe ABT CUPRA sera engag\u00e9e dans l&rsquo;ABB FIA Formula E, le championnat qui fait entrer la course de voitures \u00e9lectriques en plein c\u0153ur des villes les plus embl\u00e9matiques du monde<\/strong>.<\/li>\n<\/ul>\n\n\n\n<ul class=\"wp-block-list\">\n<li><strong>Forte de son succ\u00e8s en FIA ETCR et en Extreme E, CUPRA franchira tout naturellement une nouvelle \u00e9tape en prouvant qu&rsquo;\u00e9lectrification et performance vont parfaitement de pair<\/strong>.<\/li>\n<\/ul>\n\n\n\n<ul class=\"wp-block-list\">\n<li><strong>CUPRA s&rsquo;associera \u00e0 ABT Sportsline sous le nom d&rsquo;ABT CUPRA Formula E Team, avec les pilotes Robin Frijns (Pays-Bas) et Nico M\u00fcller (Suisse) qui seront engag\u00e9s pour la premi\u00e8re saison de l&rsquo;\u00e9quipe<\/strong>.<\/li>\n<\/ul>\n\n\n\n<p><\/p>\n\n\n\n<h2 class=\"wp-block-heading\">CUPRA R\u00c9INVENTE LE SPORT AUTOMOBILE.<\/h2>\n\n\n\n<p><\/p>\n\n\n\n<p><a href=\"http:\/\/cupra.fr\/\" target=\"_blank\" rel=\"noopener\">CUPRA <\/a>a pass\u00e9 les quatre derni\u00e8res ann\u00e9es \u00e0 r\u00e9inventer le sport automobile et \u00e0 tout donner pour gagner. En effet, la marque a d\u00e9velopp\u00e9 l&rsquo;e-Racer &#8211; la premi\u00e8re voiture de tourisme 100 % \u00e9lectrique au monde &#8211; et r\u00e9alis\u00e9 de belles performances dans des comp\u00e9titions telles que les championnats FIA ETCR et Extreme E. Le sport automobile est au c\u0153ur de l&rsquo;ADN de CUPRA, qui est une marque qui a de grandes ambitions pour une comp\u00e9tition plus durable.<\/p>\n\n\n\n<p><\/p>\n\n\n\n<p><\/p>\n\n\n\n<figure class=\"wp-block-embed aligncenter is-type-video is-provider-youtube wp-block-embed-youtube wp-embed-aspect-16-9 wp-has-aspect-ratio\"><div class=\"wp-block-embed__wrapper\">\n<iframe loading=\"lazy\" title=\"CUPRA further strengthens its commitment to electric motorsport as it joins ABT\" width=\"1080\" height=\"608\" src=\"https:\/\/www.youtube.com\/embed\/DSFLbSW2wtg?feature=oembed\"  allow=\"accelerometer; autoplay; clipboard-write; encrypted-media; gyroscope; picture-in-picture; web-share\" referrerpolicy=\"strict-origin-when-cross-origin\" allowfullscreen><\/iframe>\n<\/div><\/figure>\n\n\n\n<p><\/p>\n\n\n\n<p>Alors qu&rsquo;elle ambitionne de devenir une marque enti\u00e8rement \u00e9lectrifi\u00e9e d&rsquo;ici 2030, CUPRA est d\u00e9sormais pr\u00eate pour la prochaine \u00e9tape de son d\u00e9veloppement. En effet, la marque rejoindra ABT pour participer \u00e0 la saison 2023 de Formule E, le principal championnat de voitures \u00e9lectriques au monde. C&rsquo;est une \u00e9tape logique pour CUPRA, qui s&rsquo;efforce de transformer le monde de la comp\u00e9tition, et de prouver qu&rsquo;\u00e9lectrification et performance vont parfaitement de pair.<\/p>\n\n\n\n<p>L&rsquo;ABB FIA Formula E &#8211; le premier championnat du monde enti\u00e8rement \u00e9lectrique de la FIA, et le seul sport qui a \u00e9t\u00e9 certifi\u00e9 net z\u00e9ro carbone depuis sa cr\u00e9ation &#8211; et CUPRA partagent le m\u00eame ADN. De plus, les deux touchent un public vari\u00e9 qui partage une mentalit\u00e9 commune. Il s&rsquo;agit d&rsquo;un groupe compos\u00e9 de passionn\u00e9s de technologie et d&rsquo;innovation, qui fusionnent les mondes physique et num\u00e9rique. \u00c0 l&rsquo;instar de CUPRA, la Formule E est pr\u00e9sente dans le m\u00e9tavers avec un jeu de course blockchain officiel, et les deux marques attirent des individus qui valorisent le d\u00e9veloppement durable, et qui sont passionn\u00e9s par la comp\u00e9tition et la performance.<\/p>\n\n\n\n<p><\/p>\n\n\n\n<div class=\"wp-block-columns is-layout-flex wp-container-core-columns-is-layout-9d6595d7 wp-block-columns-is-layout-flex\">\n<div class=\"wp-block-column is-layout-flow wp-block-column-is-layout-flow\">\n<figure class=\"wp-block-image size-large\"><img loading=\"lazy\" decoding=\"async\" width=\"1024\" height=\"687\" src=\"https:\/\/groupe-grim.com\/cupra\/wp-content\/uploads\/2022\/12\/CUPRA-further-strengthens-its-commitment-to-electric-motorsport-as-it-joins-ABT-to-compete-in-Formula-E_03_HQ-1024x687.jpg\" alt=\"\" class=\"wp-image-1185\" srcset=\"https:\/\/groupe-grim.com\/cupra\/wp-content\/uploads\/2022\/12\/CUPRA-further-strengthens-its-commitment-to-electric-motorsport-as-it-joins-ABT-to-compete-in-Formula-E_03_HQ-980x658.jpg 980w, https:\/\/groupe-grim.com\/cupra\/wp-content\/uploads\/2022\/12\/CUPRA-further-strengthens-its-commitment-to-electric-motorsport-as-it-joins-ABT-to-compete-in-Formula-E_03_HQ-480x322.jpg 480w\" sizes=\"(min-width: 0px) and (max-width: 480px) 480px, (min-width: 481px) and (max-width: 980px) 980px, (min-width: 981px) 1024px, 100vw\" \/><\/figure>\n<\/div>\n\n\n\n<div class=\"wp-block-column is-layout-flow wp-block-column-is-layout-flow\">\n<figure class=\"wp-block-image size-large\"><img loading=\"lazy\" decoding=\"async\" width=\"1024\" height=\"683\" src=\"https:\/\/groupe-grim.com\/cupra\/wp-content\/uploads\/2022\/12\/CUPRA-further-strengthens-its-commitment-to-electric-motorsport-as-it-joins-ABT-to-compete-in-Formula-E_04_HQ-1024x683.jpg\" alt=\"\" class=\"wp-image-1186\" srcset=\"https:\/\/groupe-grim.com\/cupra\/wp-content\/uploads\/2022\/12\/CUPRA-further-strengthens-its-commitment-to-electric-motorsport-as-it-joins-ABT-to-compete-in-Formula-E_04_HQ-980x653.jpg 980w, https:\/\/groupe-grim.com\/cupra\/wp-content\/uploads\/2022\/12\/CUPRA-further-strengthens-its-commitment-to-electric-motorsport-as-it-joins-ABT-to-compete-in-Formula-E_04_HQ-480x320.jpg 480w\" sizes=\"(min-width: 0px) and (max-width: 480px) 480px, (min-width: 481px) and (max-width: 980px) 980px, (min-width: 981px) 1024px, 100vw\" \/><\/figure>\n<\/div>\n\n\n\n<div class=\"wp-block-column is-layout-flow wp-block-column-is-layout-flow\">\n<figure class=\"wp-block-image size-large\"><img loading=\"lazy\" decoding=\"async\" width=\"1024\" height=\"683\" src=\"https:\/\/groupe-grim.com\/cupra\/wp-content\/uploads\/2022\/12\/CUPRA-further-strengthens-its-commitment-to-electric-motorsport-as-it-joins-ABT-to-compete-in-Formula-E_01_HQ-1024x683.jpg\" alt=\"\" class=\"wp-image-1187\" srcset=\"https:\/\/groupe-grim.com\/cupra\/wp-content\/uploads\/2022\/12\/CUPRA-further-strengthens-its-commitment-to-electric-motorsport-as-it-joins-ABT-to-compete-in-Formula-E_01_HQ-980x653.jpg 980w, https:\/\/groupe-grim.com\/cupra\/wp-content\/uploads\/2022\/12\/CUPRA-further-strengthens-its-commitment-to-electric-motorsport-as-it-joins-ABT-to-compete-in-Formula-E_01_HQ-480x320.jpg 480w\" sizes=\"(min-width: 0px) and (max-width: 480px) 480px, (min-width: 481px) and (max-width: 980px) 980px, (min-width: 981px) 1024px, 100vw\" \/><\/figure>\n<\/div>\n<\/div>\n\n\n\n<blockquote class=\"wp-block-quote is-layout-flow wp-block-quote-is-layout-flow\">\n<p>\u00a0\u00bb La course automobile est au c\u0153ur de l&rsquo;ADN de CUPRA &#8211; et chez CUPRA, nous avons \u00e0 c\u0153ur de gagner. C&rsquo;est le bon moment pour faire le prochain pas et rejoindre la plus grande comp\u00e9tition de sport automobile \u00e9lectrique au monde. Je suis impatient de voir l&rsquo;\u00e9quipe ABT CUPRA Formula E participer \u00e0 des courses au c\u0153ur de certaines des villes les plus embl\u00e9matiques du monde. Rejoindre la Formule E, qui est une plateforme unique de sport automobile, souligne notre ambition de devenir une marque v\u00e9ritablement pertinente \u00e0 l&rsquo;\u00e9chelle mondiale, avec pour objectif d&rsquo;\u00eatre une source d&rsquo;inspiration pour le monde entier depuis Barcelone. \u00ab\u00a0<\/p>\n<cite>a d\u00e9clar\u00e9 Wayne Griffiths, PDG de CUPRA<\/cite><\/blockquote>\n\n\n\n<p><\/p>\n\n\n\n<p>Les pilotes Robin Frijns (Pays-Bas) et Nico M\u00fcller (Suisse) seront engag\u00e9s pour la saison 2023 de Formule E. Gr\u00e2ce aux capacit\u00e9s d&rsquo;innovation technique \u00e0 la visibilit\u00e9 mondiale offertes par la Formule E, la participation de l&rsquo;\u00e9quipe ABT CUPRA \u00e0 la \u00ab\u00a0K\u00f6nigKlasse\u00a0\u00bb des plateformes de course haute performance 100 % \u00e9lectriques aura un impact \u00e9norme sur la marque. ABT et CUPRA renforceront leur relation en tant que partenaires principaux de l&rsquo;\u00e9quipe, et Mahindra Racing sera le fournisseur de la technologie du groupe motopropulseur.<\/p>\n\n\n\n<p><\/p>\n\n\n\n<div class=\"wp-block-columns is-layout-flex wp-container-core-columns-is-layout-9d6595d7 wp-block-columns-is-layout-flex\">\n<div class=\"wp-block-column is-layout-flow wp-block-column-is-layout-flow\">\n<figure class=\"wp-block-image size-large\"><img loading=\"lazy\" decoding=\"async\" width=\"1024\" height=\"683\" src=\"https:\/\/groupe-grim.com\/cupra\/wp-content\/uploads\/2022\/12\/CUPRA-further-strengthens-its-commitment-to-electric-motorsport-as-it-joins-ABT-to-compete-in-Formula-E_07_HQ-1024x683.jpg\" alt=\"\" class=\"wp-image-1188\" srcset=\"https:\/\/groupe-grim.com\/cupra\/wp-content\/uploads\/2022\/12\/CUPRA-further-strengthens-its-commitment-to-electric-motorsport-as-it-joins-ABT-to-compete-in-Formula-E_07_HQ-980x653.jpg 980w, https:\/\/groupe-grim.com\/cupra\/wp-content\/uploads\/2022\/12\/CUPRA-further-strengthens-its-commitment-to-electric-motorsport-as-it-joins-ABT-to-compete-in-Formula-E_07_HQ-480x320.jpg 480w\" sizes=\"(min-width: 0px) and (max-width: 480px) 480px, (min-width: 481px) and (max-width: 980px) 980px, (min-width: 981px) 1024px, 100vw\" \/><\/figure>\n<\/div>\n\n\n\n<div class=\"wp-block-column is-layout-flow wp-block-column-is-layout-flow\">\n<figure class=\"wp-block-image size-large\"><img loading=\"lazy\" decoding=\"async\" width=\"1024\" height=\"683\" src=\"https:\/\/groupe-grim.com\/cupra\/wp-content\/uploads\/2022\/12\/CUPRA-further-strengthens-its-commitment-to-electric-motorsport-as-it-joins-ABT-to-compete-in-Formula-E_08_HQ-1024x683.jpg\" alt=\"\" class=\"wp-image-1189\" srcset=\"https:\/\/groupe-grim.com\/cupra\/wp-content\/uploads\/2022\/12\/CUPRA-further-strengthens-its-commitment-to-electric-motorsport-as-it-joins-ABT-to-compete-in-Formula-E_08_HQ-980x653.jpg 980w, https:\/\/groupe-grim.com\/cupra\/wp-content\/uploads\/2022\/12\/CUPRA-further-strengthens-its-commitment-to-electric-motorsport-as-it-joins-ABT-to-compete-in-Formula-E_08_HQ-480x320.jpg 480w\" sizes=\"(min-width: 0px) and (max-width: 480px) 480px, (min-width: 481px) and (max-width: 980px) 980px, (min-width: 981px) 1024px, 100vw\" \/><\/figure>\n<\/div>\n<\/div>\n\n\n\n<p>CUPRA est d\u00e9j\u00e0 partenaire d&rsquo;ABT en Extreme E, et les deux marques font figure de pionniers de la course \u00e9lectrique. ABT a rencontr\u00e9 un succ\u00e8s important en Formule E avec sa propre \u00e9quipe. De son c\u00f4t\u00e9, CUPRA a commenc\u00e9 son aventure dans le sport automobile \u00e9lectrique en d\u00e9veloppant l&rsquo;e-Racer, la premi\u00e8re voiture de tourisme 100 % \u00e9lectrique au monde. Leur partenariat actuel est la preuve de la vision commune de CUPRA et d&rsquo;ABT de r\u00e9inventer le monde du sport automobile gr\u00e2ce \u00e0 l&rsquo;\u00e9lectrification.<\/p>\n\n\n\n<p>Le d\u00e9veloppement de l&rsquo;e-Racer a permis \u00e0 CUPRA de participer \u00e0 la FIA ETCR World Cup, le premier championnat de voitures de tourisme 100 % \u00e9lectriques au monde. L&rsquo;\u00e9quipe s&rsquo;est d&rsquo;ailleurs illustr\u00e9e en remportant les titres de champion des pilotes et des constructeurs en 2021 et 2022. De plus, les pilotes de l&rsquo;\u00e9quipe CUPRA EKS ont occup\u00e9 les trois premi\u00e8res places du classement final de la saison 2022. Et pour la deuxi\u00e8me ann\u00e9e cons\u00e9cutive, la CUPRA e-Racer s&rsquo;est impos\u00e9e et de loin, comme la voiture la plus rapide et la plus fiable de la comp\u00e9tition.&nbsp;<\/p>\n\n\n\n<p><\/p>\n\n\n\n<div class=\"wp-block-columns is-layout-flex wp-container-core-columns-is-layout-9d6595d7 wp-block-columns-is-layout-flex\">\n<div class=\"wp-block-column is-layout-flow wp-block-column-is-layout-flow\">\n<figure class=\"wp-block-image size-large\"><img loading=\"lazy\" decoding=\"async\" width=\"1024\" height=\"683\" src=\"https:\/\/groupe-grim.com\/cupra\/wp-content\/uploads\/2022\/12\/CUPRA-further-strengthens-its-commitment-to-electric-motorsport-as-it-joins-ABT-to-compete-in-Formula-E_09_HQ-1024x683.jpg\" alt=\"\" class=\"wp-image-1190\" srcset=\"https:\/\/groupe-grim.com\/cupra\/wp-content\/uploads\/2022\/12\/CUPRA-further-strengthens-its-commitment-to-electric-motorsport-as-it-joins-ABT-to-compete-in-Formula-E_09_HQ-980x653.jpg 980w, https:\/\/groupe-grim.com\/cupra\/wp-content\/uploads\/2022\/12\/CUPRA-further-strengthens-its-commitment-to-electric-motorsport-as-it-joins-ABT-to-compete-in-Formula-E_09_HQ-480x320.jpg 480w\" sizes=\"(min-width: 0px) and (max-width: 480px) 480px, (min-width: 481px) and (max-width: 980px) 980px, (min-width: 981px) 1024px, 100vw\" \/><\/figure>\n<\/div>\n\n\n\n<div class=\"wp-block-column is-layout-flow wp-block-column-is-layout-flow\">\n<figure class=\"wp-block-image size-large\"><img loading=\"lazy\" decoding=\"async\" width=\"1024\" height=\"683\" src=\"https:\/\/groupe-grim.com\/cupra\/wp-content\/uploads\/2022\/12\/CUPRA-further-strengthens-its-commitment-to-electric-motorsport-as-it-joins-ABT-to-compete-in-Formula-E_10_HQ-1024x683.jpg\" alt=\"\" class=\"wp-image-1191\" srcset=\"https:\/\/groupe-grim.com\/cupra\/wp-content\/uploads\/2022\/12\/CUPRA-further-strengthens-its-commitment-to-electric-motorsport-as-it-joins-ABT-to-compete-in-Formula-E_10_HQ-980x653.jpg 980w, https:\/\/groupe-grim.com\/cupra\/wp-content\/uploads\/2022\/12\/CUPRA-further-strengthens-its-commitment-to-electric-motorsport-as-it-joins-ABT-to-compete-in-Formula-E_10_HQ-480x320.jpg 480w\" sizes=\"(min-width: 0px) and (max-width: 480px) 480px, (min-width: 481px) and (max-width: 980px) 980px, (min-width: 981px) 1024px, 100vw\" \/><\/figure>\n<\/div>\n\n\n\n<div class=\"wp-block-column is-layout-flow wp-block-column-is-layout-flow\">\n<figure class=\"wp-block-image size-large\"><img loading=\"lazy\" decoding=\"async\" width=\"1024\" height=\"683\" src=\"https:\/\/groupe-grim.com\/cupra\/wp-content\/uploads\/2022\/12\/CUPRA-further-strengthens-its-commitment-to-electric-motorsport-as-it-joins-ABT-to-compete-in-Formula-E_11_HQ-1024x683.jpg\" alt=\"\" class=\"wp-image-1192\" srcset=\"https:\/\/groupe-grim.com\/cupra\/wp-content\/uploads\/2022\/12\/CUPRA-further-strengthens-its-commitment-to-electric-motorsport-as-it-joins-ABT-to-compete-in-Formula-E_11_HQ-980x653.jpg 980w, https:\/\/groupe-grim.com\/cupra\/wp-content\/uploads\/2022\/12\/CUPRA-further-strengthens-its-commitment-to-electric-motorsport-as-it-joins-ABT-to-compete-in-Formula-E_11_HQ-480x320.jpg 480w\" sizes=\"(min-width: 0px) and (max-width: 480px) 480px, (min-width: 481px) and (max-width: 980px) 980px, (min-width: 981px) 1024px, 100vw\" \/><\/figure>\n<\/div>\n<\/div>\n\n\n\n<p>La participation de CUPRA \u00e0 l&rsquo;Extreme E &#8211; le championnat mondial de v\u00e9hicules tout-terrain \u00e9lectriques qui attire l&rsquo;attention sur les environnements naturels qui sont menac\u00e9s par le changement climatique &#8211; s&rsquo;inscrit dans le cadre de l&rsquo;\u00e9volution de la marque vers une gamme enti\u00e8rement \u00e9lectrifi\u00e9e d&rsquo;ici la fin de la d\u00e9cennie. CUPRA partage la conviction du championnat quant \u00e0 l&rsquo;importance de mettre en lumi\u00e8re les probl\u00e8mes caus\u00e9s par le changement climatique.<\/p>\n\n\n\n<p>En 2018, CUPRA avait d\u00e9j\u00e0 l&rsquo;ambition de r\u00e9inventer la course automobile. Gr\u00e2ce \u00e0 quelques grands r\u00eaveurs pleinement motiv\u00e9s, la marque a continu\u00e9 \u00e0 relever les d\u00e9fis de la comp\u00e9tition au plus haut niveau, et \u00e0 inaugurer de nouveaux formats de sport, cr\u00e9ant ainsi de nouvelles \u00e9motions et exp\u00e9riences.<\/p>\n\n\n\n<p><\/p>\n\n\n\n<p class=\"has-text-align-center has-white-color has-black-background-color has-text-color has-background has-link-color wp-elements-3ab2785c04885fc527969196269d702c\"><strong><a href=\"https:\/\/www.groupe-grim.com\/rendez-vous\/\">Prendre RDV en ligne<\/a><\/strong><\/p>\n\n\n\n<p><\/p>\n\n\n\n<p class=\"has-text-align-center has-white-color has-black-background-color has-text-color has-background has-link-color wp-elements-44bf1fc55a8b83092b2cb471418ce2f6\"><strong>40 Avenue Georges Pompidou &#8211; 15000 Aurillac &#8211; 04 71 64 58 44<\/strong><\/p>\n\n\n\n<p><\/p>\n\n\n\n<p class=\"has-text-align-center\"><br>Pour tout renseignement sur&nbsp;<strong>CUPRA :<\/strong><\/p>\n\n\n\n<p class=\"has-text-align-center\"><a href=\"tel:0805021414\"><strong>08 05 02 14 14 (appel gratuit)<\/strong><\/a>&nbsp;du lundi au dimanche de 9h00 \u00e0 22h00<\/p>\n\n\n\n<p class=\"has-text-align-center\"><a href=\"https:\/\/www.groupe-grim.com\/rendez-vous\/\">Essayer un v\u00e9hicule<\/a>&nbsp;I&nbsp;<a href=\"https:\/\/www.grim-occasion.com\/reprise-de-votre-vehicule\/\" target=\"_blank\" rel=\"noreferrer noopener\">Demander une offre de reprise<\/a>&nbsp;I&nbsp;<a href=\"https:\/\/www.groupe-grim.com\/rendez-vous\/\">Demander Une offre de financement<\/a>&nbsp;I&nbsp;<a href=\"https:\/\/www.grim-occasion.com\/voitures\/?_brand=jaguar%2Cland-rover\" target=\"_blank\" rel=\"noreferrer noopener\">GRIM Occasion<\/a><\/p>\n\n\n\n<p class=\"has-text-align-center\">CUPRA \u2022 Aurillac \u2013 Saint Flour<\/p>\n\n\n\n<p><\/p>\n","protected":false},"excerpt":{"rendered":"<p>CUPRA renforce son engagement dans le sport automobile \u00e9lectrique en rejoignant le championnat de Formule E avec ABT.<\/p>\n","protected":false},"author":2,"featured_media":1180,"comment_status":"closed","ping_status":"closed","sticky":false,"template":"","format":"standard","meta":{"_et_pb_use_builder":"off","_et_pb_old_content":"","_et_gb_content_width":"","two_page_speed":[],"footnotes":""},"categories":[5],"tags":[],"class_list":["post-1179","post","type-post","status-publish","format-standard","has-post-thumbnail","hentry","category-actualites-cupra"],"_links":{"self":[{"href":"https:\/\/groupe-grim.com\/cupra\/wp-json\/wp\/v2\/posts\/1179","targetHints":{"allow":["GET"]}}],"collection":[{"href":"https:\/\/groupe-grim.com\/cupra\/wp-json\/wp\/v2\/posts"}],"about":[{"href":"https:\/\/groupe-grim.com\/cupra\/wp-json\/wp\/v2\/types\/post"}],"author":[{"embeddable":true,"href":"https:\/\/groupe-grim.com\/cupra\/wp-json\/wp\/v2\/users\/2"}],"replies":[{"embeddable":true,"href":"https:\/\/groupe-grim.com\/cupra\/wp-json\/wp\/v2\/comments?post=1179"}],"version-history":[{"count":5,"href":"https:\/\/groupe-grim.com\/cupra\/wp-json\/wp\/v2\/posts\/1179\/revisions"}],"predecessor-version":[{"id":7302,"href":"https:\/\/groupe-grim.com\/cupra\/wp-json\/wp\/v2\/posts\/1179\/revisions\/7302"}],"wp:featuredmedia":[{"embeddable":true,"href":"https:\/\/groupe-grim.com\/cupra\/wp-json\/wp\/v2\/media\/1180"}],"wp:attachment":[{"href":"https:\/\/groupe-grim.com\/cupra\/wp-json\/wp\/v2\/media?parent=1179"}],"wp:term":[{"taxonomy":"category","embeddable":true,"href":"https:\/\/groupe-grim.com\/cupra\/wp-json\/wp\/v2\/categories?post=1179"},{"taxonomy":"post_tag","embeddable":true,"href":"https:\/\/groupe-grim.com\/cupra\/wp-json\/wp\/v2\/tags?post=1179"}],"curies":[{"name":"wp","href":"https:\/\/api.w.org\/{rel}","templated":true}]}}