{"id":1212,"date":"2022-12-26T14:25:45","date_gmt":"2022-12-26T14:25:45","guid":{"rendered":"https:\/\/groupe-grim.com\/cupra\/?p=1212"},"modified":"2024-09-11T15:46:01","modified_gmt":"2024-09-11T15:46:01","slug":"cupra-tavascan","status":"publish","type":"post","link":"https:\/\/groupe-grim.com\/cupra\/cupra-tavascan\/","title":{"rendered":"CUPRA TAVASCAN"},"content":{"rendered":"\n<ul class=\"wp-block-list\">\n<li><a href=\"https:\/\/www.cupraofficial.fr\/\" target=\"_blank\" rel=\"noopener\">CUPRA <\/a>et Primavera Sound d\u00e9voilent la programmation de l&rsquo;\u00e9dition 2023 du festival, avec le concept \u00ab\u00a0Mirroring you, I&rsquo;ll be your mirror\u00a0\u00bb (En te refl\u00e9tant, je serai ton miroir)<\/li>\n\n\n\n<li>La CUPRA Tavascan est plus proche que jamais, un r\u00eave qui deviendra bient\u00f4t r\u00e9alit\u00e9<\/li>\n\n\n\n<li>CUPRA lancera Metahype l&rsquo;ann\u00e9e prochaine, un nouvel espace de collaboration dans le m\u00e9tavers qui sera pr\u00e9sent\u00e9 pour la premi\u00e8re fois lors de l&rsquo;annonce de la programmation<\/li>\n<\/ul>\n\n\n\n<p>La collaboration entre CUPRA et Primavera Sound, le plus grand festival d&rsquo;Europe, se poursuivra en 2023, une ann\u00e9e qui sera marqu\u00e9e par de nouvelles exp\u00e9riences.<\/p>\n\n\n\n<p><\/p>\n\n\n\n<figure class=\"wp-block-embed aligncenter is-type-video is-provider-youtube wp-block-embed-youtube wp-embed-aspect-16-9 wp-has-aspect-ratio\"><div class=\"wp-block-embed__wrapper\">\n<iframe loading=\"lazy\" title=\"CUPRA teases the Tavascan and Metahype through the 2023 Primavera Sound line up\" width=\"1080\" height=\"608\" src=\"https:\/\/www.youtube.com\/embed\/Ashz8XOhcTU?feature=oembed\"  allow=\"accelerometer; autoplay; clipboard-write; encrypted-media; gyroscope; picture-in-picture\" allowfullscreen><\/iframe>\n<\/div><\/figure>\n\n\n\n<p><\/p>\n\n\n\n<p>Et pour la toute premi\u00e8re fois, la prochaine \u00e9dition r\u00e9unira les tous nouveaux et les plus grands talents de la musique, non seulement \u00e0 Barcelone mais \u00e9galement \u00e0 Madrid. CUPRA et Primavera Sound d\u00e9voileront la programmation commune aux deux \u00e9v\u00e9nements, et offriront un aper\u00e7u de l&rsquo;avenir de CUPRA au travers d&rsquo;une nouvelle exp\u00e9rience dynamique ; une vid\u00e9o qui m\u00e9lange les mondes r\u00e9el et virtuel.<\/p>\n\n\n\n<p>Organis\u00e9s dans deux villes embl\u00e9matiques, les deux festivals se refl\u00e8teront l&rsquo;un l&rsquo;autre, \u00e0 l&rsquo;image du concept de lancement des \u00e9v\u00e9nements : \u00ab\u00a0Mirroring you, I&rsquo;ll be your Mirror\u00a0\u00bb (En te refl\u00e9tant, je serai ton miroir).<\/p>\n\n\n\n<p>L&rsquo;histoire qui accompagnera la pr\u00e9sentation de la programmation se d\u00e9roulera dans le Metahype de CUPRA, un miroir du monde r\u00e9el au sein d&rsquo;un univers num\u00e9rique augment\u00e9. C&rsquo;est l\u00e0 que deux avatars utiliseront la CUPRA Tavascan pour se rendre aux \u00e9v\u00e9nements PRIMAVERA SOUND virtuels de Barcelone et de Madrid.<\/p>\n\n\n\n<p><\/p>\n\n\n\n<div class=\"wp-block-columns is-layout-flex wp-container-core-columns-is-layout-9d6595d7 wp-block-columns-is-layout-flex\">\n<div class=\"wp-block-column is-layout-flow wp-block-column-is-layout-flow\">\n<figure class=\"wp-block-image size-large\"><img loading=\"lazy\" decoding=\"async\" width=\"1024\" height=\"576\" src=\"https:\/\/groupe-grim.com\/cupra\/wp-content\/uploads\/2022\/12\/CUPRA-teases-the-Tavascan-and-Metahype-through-the-2023-Primavera-Sound-line-up_01_HQ-1-1024x576.png\" alt=\"CUPRA Tavascan\" class=\"wp-image-1216\" srcset=\"https:\/\/groupe-grim.com\/cupra\/wp-content\/uploads\/2022\/12\/CUPRA-teases-the-Tavascan-and-Metahype-through-the-2023-Primavera-Sound-line-up_01_HQ-1-980x551.png 980w, https:\/\/groupe-grim.com\/cupra\/wp-content\/uploads\/2022\/12\/CUPRA-teases-the-Tavascan-and-Metahype-through-the-2023-Primavera-Sound-line-up_01_HQ-1-480x270.png 480w\" sizes=\"(min-width: 0px) and (max-width: 480px) 480px, (min-width: 481px) and (max-width: 980px) 980px, (min-width: 981px) 1024px, 100vw\" \/><\/figure>\n<\/div>\n\n\n\n<div class=\"wp-block-column is-layout-flow wp-block-column-is-layout-flow\">\n<figure class=\"wp-block-image size-large\"><img loading=\"lazy\" decoding=\"async\" width=\"1024\" height=\"576\" src=\"https:\/\/groupe-grim.com\/cupra\/wp-content\/uploads\/2022\/12\/CUPRA-teases-the-Tavascan-and-Metahype-through-the-2023-Primavera-Sound-line-up_02_HQ-1024x576.png\" alt=\"CUPRA Tavascan\" class=\"wp-image-1217\" srcset=\"https:\/\/groupe-grim.com\/cupra\/wp-content\/uploads\/2022\/12\/CUPRA-teases-the-Tavascan-and-Metahype-through-the-2023-Primavera-Sound-line-up_02_HQ-980x551.png 980w, https:\/\/groupe-grim.com\/cupra\/wp-content\/uploads\/2022\/12\/CUPRA-teases-the-Tavascan-and-Metahype-through-the-2023-Primavera-Sound-line-up_02_HQ-480x270.png 480w\" sizes=\"(min-width: 0px) and (max-width: 480px) 480px, (min-width: 481px) and (max-width: 980px) 980px, (min-width: 981px) 1024px, 100vw\" \/><\/figure>\n<\/div>\n<\/div>\n\n\n\n<blockquote class=\"wp-block-quote is-layout-flow wp-block-quote-is-layout-flow\">\n<p><strong>\u00ab\u00a0CUPRA confirme son ambition d&rsquo;\u00eatre toujours l\u00e0 o\u00f9 on ne l&rsquo;attend pas. L&rsquo;annonce de la programmation de l&rsquo;\u00e9dition 2023 du festival de musique Primavera Sound met non seulement l&rsquo;accent sur certains des plus grands artistes live, mais elle marque \u00e9galement la naissance d&rsquo;une toute nouvelle \u00e9dition jumelle. Le slogan \u00ab\u00a0Mirroring you, I&rsquo;ll be your mirror\u00a0\u00bb est une d\u00e9claration d&rsquo;intention envers notre public : gr\u00e2ce \u00e0 nos produits et \u00e0 nos exp\u00e9riences uniques, nous voulons \u00eatre le miroir des prochaines g\u00e9n\u00e9rations, \u00e0 la fois dans le monde r\u00e9el et dans le m\u00e9tavers\u00a0\u00bb<\/strong><\/p>\n<cite>a d\u00e9clar\u00e9 Antonino Labate, Directeur de la Strat\u00e9gie, du D\u00e9veloppement Commercial et des Op\u00e9rations de CUPRA dans le monde.<\/cite><\/blockquote>\n\n\n\n<p>Metahype est un univers qui fait office d&rsquo;espace collaboratif dans lequel des marques, des start-ups et des cr\u00e9ateurs de contenu proposent une grande vari\u00e9t\u00e9 d&rsquo;\u00e9v\u00e9nements, de rencontres et d&rsquo;exp\u00e9riences, permettant aux individus de cr\u00e9er et de partager de la culture.<\/p>\n\n\n\n<p><\/p>\n\n\n\n<div class=\"wp-block-columns is-layout-flex wp-container-core-columns-is-layout-9d6595d7 wp-block-columns-is-layout-flex\">\n<div class=\"wp-block-column is-layout-flow wp-block-column-is-layout-flow\">\n<figure class=\"wp-block-image size-large\"><img loading=\"lazy\" decoding=\"async\" width=\"1024\" height=\"576\" src=\"https:\/\/groupe-grim.com\/cupra\/wp-content\/uploads\/2022\/12\/CUPRA-teases-the-Tavascan-and-Metahype-through-the-2023-Primavera-Sound-line-up_03_HQ-1024x576.png\" alt=\"CUPRA Tavascan\" class=\"wp-image-1218\" srcset=\"https:\/\/groupe-grim.com\/cupra\/wp-content\/uploads\/2022\/12\/CUPRA-teases-the-Tavascan-and-Metahype-through-the-2023-Primavera-Sound-line-up_03_HQ-980x551.png 980w, https:\/\/groupe-grim.com\/cupra\/wp-content\/uploads\/2022\/12\/CUPRA-teases-the-Tavascan-and-Metahype-through-the-2023-Primavera-Sound-line-up_03_HQ-480x270.png 480w\" sizes=\"(min-width: 0px) and (max-width: 480px) 480px, (min-width: 481px) and (max-width: 980px) 980px, (min-width: 981px) 1024px, 100vw\" \/><\/figure>\n<\/div>\n\n\n\n<div class=\"wp-block-column is-layout-flow wp-block-column-is-layout-flow\">\n<figure class=\"wp-block-image size-large\"><img loading=\"lazy\" decoding=\"async\" width=\"1024\" height=\"576\" src=\"https:\/\/groupe-grim.com\/cupra\/wp-content\/uploads\/2022\/12\/CUPRA-teases-the-Tavascan-and-Metahype-through-the-2023-Primavera-Sound-line-up_04_HQ-1024x576.png\" alt=\"CUPRA Tavascan\" class=\"wp-image-1219\" srcset=\"https:\/\/groupe-grim.com\/cupra\/wp-content\/uploads\/2022\/12\/CUPRA-teases-the-Tavascan-and-Metahype-through-the-2023-Primavera-Sound-line-up_04_HQ-980x551.png 980w, https:\/\/groupe-grim.com\/cupra\/wp-content\/uploads\/2022\/12\/CUPRA-teases-the-Tavascan-and-Metahype-through-the-2023-Primavera-Sound-line-up_04_HQ-480x270.png 480w\" sizes=\"(min-width: 0px) and (max-width: 480px) 480px, (min-width: 481px) and (max-width: 980px) 980px, (min-width: 981px) 1024px, 100vw\" \/><\/figure>\n<\/div>\n<\/div>\n\n\n\n<p>Avec une ouverture pr\u00e9vue au premier semestre 2023, Metahype repr\u00e9sente une exp\u00e9rience que CUPRA a cr\u00e9\u00e9e dans le m\u00e9tavers, de sorte \u00e0 renforcer les liens avec une nouvelle communaut\u00e9 qui est n\u00e9e avec le num\u00e9rique, et en suscitant l&rsquo;int\u00e9r\u00eat des g\u00e9n\u00e9rations futures.<\/p>\n\n\n\n<p>Gr\u00e2ce \u00e0 cet univers, la CUPRA Tavascan est encore plus proche que jamais. Un r\u00eave qui deviendra une r\u00e9alit\u00e9 d\u00e8s 2024, alors que CUPRA continue d&rsquo;\u00e9lectrifier son avenir.<\/p>\n\n\n\n<p>Ce partenariat permet \u00e0 CUPRA de renforcer sa passion pour la musique. Gr\u00e2ce \u00e0 ses relations avec Primavera Sound et Boiler Room, l&rsquo;une des plus grandes plateformes de streaming live de musique \u00e9lectronique au monde, la marque automobile continuera \u00e0 cr\u00e9er des exp\u00e9riences uniques et \u00e9motionnelles, ainsi qu&rsquo;\u00e0 inspirer les nouvelles g\u00e9n\u00e9rations depuis Barcelone.<\/p>\n\n\n\n<p><\/p>\n\n\n\n<p class=\"has-text-align-center has-white-color has-black-background-color has-text-color has-background has-link-color wp-elements-3ab2785c04885fc527969196269d702c\"><strong><a href=\"https:\/\/www.groupe-grim.com\/rendez-vous\/\">Prendre RDV en ligne<\/a><\/strong><\/p>\n\n\n\n<p><\/p>\n\n\n\n<p class=\"has-text-align-center has-white-color has-black-background-color has-text-color has-background has-link-color wp-elements-44bf1fc55a8b83092b2cb471418ce2f6\"><strong>40 Avenue Georges Pompidou &#8211; 15000 Aurillac &#8211; 04 71 64 58 44<\/strong><\/p>\n\n\n\n<p><\/p>\n\n\n\n<p class=\"has-text-align-center\"><br>Pour tout renseignement sur&nbsp;<strong>CUPRA :<\/strong><\/p>\n\n\n\n<p class=\"has-text-align-center\"><a href=\"tel:0805021414\"><strong>08 05 02 14 14 (appel gratuit)<\/strong><\/a>&nbsp;du lundi au dimanche de 9h00 \u00e0 22h00<\/p>\n\n\n\n<p class=\"has-text-align-center\"><a href=\"https:\/\/www.groupe-grim.com\/rendez-vous\/\">Essayer un v\u00e9hicule<\/a>&nbsp;I&nbsp;<a href=\"https:\/\/www.grim-occasion.com\/reprise-de-votre-vehicule\/\" target=\"_blank\" rel=\"noreferrer noopener\">Demander une offre de reprise<\/a>&nbsp;I&nbsp;<a href=\"https:\/\/www.groupe-grim.com\/rendez-vous\/\">Demander Une offre de financement<\/a>&nbsp;I&nbsp;<a href=\"https:\/\/www.grim-occasion.com\/voitures\/?_brand=jaguar%2Cland-rover\" target=\"_blank\" rel=\"noreferrer noopener\">GRIM Occasion<\/a><\/p>\n\n\n\n<p class=\"has-text-align-center\">CUPRA \u2022 Aurillac \u2013 Saint Flour<\/p>\n\n\n\n<p class=\"has-text-align-left\"><\/p>\n","protected":false},"excerpt":{"rendered":"<p>La CUPRA Tavascan est encore plus proche que jamais. Un r\u00eave qui deviendra une r\u00e9alit\u00e9 d\u00e8s 2024, alors que CUPRA continue d&rsquo;\u00e9lectrifier son avenir.<\/p>\n","protected":false},"author":2,"featured_media":1214,"comment_status":"closed","ping_status":"closed","sticky":false,"template":"","format":"standard","meta":{"_et_pb_use_builder":"off","_et_pb_old_content":"","_et_gb_content_width":"","two_page_speed":[],"footnotes":""},"categories":[5],"tags":[],"class_list":["post-1212","post","type-post","status-publish","format-standard","has-post-thumbnail","hentry","category-actualites-cupra"],"_links":{"self":[{"href":"https:\/\/groupe-grim.com\/cupra\/wp-json\/wp\/v2\/posts\/1212","targetHints":{"allow":["GET"]}}],"collection":[{"href":"https:\/\/groupe-grim.com\/cupra\/wp-json\/wp\/v2\/posts"}],"about":[{"href":"https:\/\/groupe-grim.com\/cupra\/wp-json\/wp\/v2\/types\/post"}],"author":[{"embeddable":true,"href":"https:\/\/groupe-grim.com\/cupra\/wp-json\/wp\/v2\/users\/2"}],"replies":[{"embeddable":true,"href":"https:\/\/groupe-grim.com\/cupra\/wp-json\/wp\/v2\/comments?post=1212"}],"version-history":[{"count":4,"href":"https:\/\/groupe-grim.com\/cupra\/wp-json\/wp\/v2\/posts\/1212\/revisions"}],"predecessor-version":[{"id":7304,"href":"https:\/\/groupe-grim.com\/cupra\/wp-json\/wp\/v2\/posts\/1212\/revisions\/7304"}],"wp:featuredmedia":[{"embeddable":true,"href":"https:\/\/groupe-grim.com\/cupra\/wp-json\/wp\/v2\/media\/1214"}],"wp:attachment":[{"href":"https:\/\/groupe-grim.com\/cupra\/wp-json\/wp\/v2\/media?parent=1212"}],"wp:term":[{"taxonomy":"category","embeddable":true,"href":"https:\/\/groupe-grim.com\/cupra\/wp-json\/wp\/v2\/categories?post=1212"},{"taxonomy":"post_tag","embeddable":true,"href":"https:\/\/groupe-grim.com\/cupra\/wp-json\/wp\/v2\/tags?post=1212"}],"curies":[{"name":"wp","href":"https:\/\/api.w.org\/{rel}","templated":true}]}}