{"id":1401,"date":"2023-01-02T13:56:44","date_gmt":"2023-01-02T13:56:44","guid":{"rendered":"https:\/\/groupe-grim.com\/cupra\/?p=1401"},"modified":"2024-09-11T15:46:32","modified_gmt":"2024-09-11T15:46:32","slug":"cupra-terramar","status":"publish","type":"post","link":"https:\/\/groupe-grim.com\/cupra\/cupra-terramar\/","title":{"rendered":"CUPRA D\u00c9VOILE LA CUPRA TERRAMAR"},"content":{"rendered":"\n<ul class=\"wp-block-list\">\n<li>Les employ\u00e9s d&rsquo;Audi Hongrie ont pu d\u00e9couvrir le nouveau SUV \u00e9lectrifi\u00e9 de CUPRA, qui sera produit dans l&rsquo;usine Audi \u00e0 partir de 2024<\/li>\n\n\n\n<li>Le PDG de CUPRA, Wayne Griffiths, leur a souhait\u00e9 la bienvenue dans la tribu CUPRA, tandis qu&rsquo;Alfons Dintner, PDG d&rsquo;Audi Hongrie, a d\u00e9crit la CUPRA Terramar comme un \u00ab\u00a0mod\u00e8le inspirant\u00a0\u00bb.<\/li>\n\n\n\n<li>Longue de 4,5 m\u00e8tres, avec des proportions audacieuses et un design impressionnant, la CUPRA Terramar sera disponible en version thermique et hybride rechargeable, avec une autonomie en mode tout \u00e9lectrique d&rsquo;environ 100 kilom\u00e8tres<\/li>\n<\/ul>\n\n\n\n<p>CUPRA reste un mod\u00e8le d&rsquo;inspiration pour le reste du monde, m\u00eame \u00e0 1 900 kilom\u00e8tres de Barcelone. C&rsquo;est \u00e0 Gy\u0151r en Hongrie, que la marque challenger qui brise les conventions a d\u00e9voil\u00e9 la nouvelle CUPRA Terramar, son premier SUV \u00e9lectrifi\u00e9, devant 200 employ\u00e9s de l&rsquo;usine Audi Hongrie. Situ\u00e9e dans l&rsquo;une des zones industrielles les plus importantes du pays, c&rsquo;est dans cette derni\u00e8re que le nouveau mod\u00e8le sera produit, aux c\u00f4t\u00e9s d&rsquo;autres mod\u00e8les Audi. C&rsquo;est \u00e0 l&rsquo;occasion d&rsquo;un \u00e9v\u00e9nement auquel ont particip\u00e9 Wayne Griffiths, PDG de CUPRA, Markus Haupt, Vice-Pr\u00e9sident Ex\u00e9cutif de SEAT S.A. pour la Production et la Logistique, Alfons Dintner, PDG d&rsquo;Audi Hongrie, Zolt\u00e1n Les membres du Conseil d&rsquo;Administration de la production d&rsquo;Audi Hongrie, et d&rsquo;autres repr\u00e9sentants d&rsquo;Audi Hongrie, que les employ\u00e9s ont pu voir de pr\u00e8s le v\u00e9hicule, qu&rsquo;ils seront eux-m\u00eames charg\u00e9s de fabriquer \u00e0 partir de 2024.<\/p>\n\n\n\n<p><\/p>\n\n\n\n<figure class=\"wp-block-embed is-type-video is-provider-youtube wp-block-embed-youtube wp-embed-aspect-16-9 wp-has-aspect-ratio\"><div class=\"wp-block-embed__wrapper\">\n<iframe loading=\"lazy\" title=\"CUPRA odhalila model Terramar p\u0159ed zam\u011bstnanci Audi Hungaria | CUPRA\" width=\"1080\" height=\"608\" src=\"https:\/\/www.youtube.com\/embed\/zYw0nOZOVy0?feature=oembed\"  allow=\"accelerometer; autoplay; clipboard-write; encrypted-media; gyroscope; picture-in-picture\" allowfullscreen><\/iframe>\n<\/div><\/figure>\n\n\n\n<p><\/p>\n\n\n\n<blockquote class=\"wp-block-quote is-layout-flow wp-block-quote-is-layout-flow\">\n<p>&nbsp;\u00ab\u00a0Nous voyons loin, avec une mentalit\u00e9 \u00e0 contre-courant, et nous ferons de grandes choses tous ensemble\u00a0\u00bb.<\/p>\n<cite>a d\u00e9clar\u00e9 Wayne Griffiths avant de d\u00e9voiler la CUPRA Terramar.<\/cite><\/blockquote>\n\n\n\n<blockquote class=\"wp-block-quote is-layout-flow wp-block-quote-is-layout-flow\">\n<p>&nbsp;\u00ab\u00a0Ce mod\u00e8le combine \u00e9motion, fra\u00eecheur et sportivit\u00e9 avec l&rsquo;\u00e9lectrification, et nous propulse sur le march\u00e9 des SUV, l&rsquo;un des segments \u00e0 la croissance la plus rapide en Europe. R\u00e9unis tous ensemble au sein de la Tribu CUPRA Audi Hongrie, nous allons produire cette ic\u00f4ne unique, qui refl\u00e8te parfaitement l&rsquo;ADN de CUPRA\u00a0\u00bb.<\/p>\n<cite>Apr\u00e8s avoir d\u00e9voil\u00e9 la voiture et vu la r\u00e9action \u00e9tonnante des employ\u00e9s, le PDG de CUPRA s&rsquo;est directement adress\u00e9 \u00e0 eux pour leur souhaiter la bienvenue dans la Tribu.<\/cite><\/blockquote>\n\n\n\n<div class=\"wp-block-columns is-layout-flex wp-container-core-columns-is-layout-9d6595d7 wp-block-columns-is-layout-flex\">\n<div class=\"wp-block-column is-layout-flow wp-block-column-is-layout-flow\">\n<figure class=\"wp-block-image size-large\"><img loading=\"lazy\" decoding=\"async\" width=\"1024\" height=\"683\" src=\"https:\/\/groupe-grim.com\/cupra\/wp-content\/uploads\/2023\/01\/tab0.resizedViewPort.scale_.assetRootXL-1024x683.jpg\" alt=\"CUPRA TERRAMAR\" class=\"wp-image-1407\" srcset=\"https:\/\/groupe-grim.com\/cupra\/wp-content\/uploads\/2023\/01\/tab0.resizedViewPort.scale_.assetRootXL-980x654.jpg 980w, https:\/\/groupe-grim.com\/cupra\/wp-content\/uploads\/2023\/01\/tab0.resizedViewPort.scale_.assetRootXL-480x320.jpg 480w\" sizes=\"(min-width: 0px) and (max-width: 480px) 480px, (min-width: 481px) and (max-width: 980px) 980px, (min-width: 981px) 1024px, 100vw\" \/><\/figure>\n<\/div>\n\n\n\n<div class=\"wp-block-column is-layout-flow wp-block-column-is-layout-flow\">\n<figure class=\"wp-block-image size-large\"><img loading=\"lazy\" decoding=\"async\" width=\"1024\" height=\"683\" src=\"https:\/\/groupe-grim.com\/cupra\/wp-content\/uploads\/2023\/01\/tab1.resizedViewPort.scale_.assetRootXL-1024x683.jpg\" alt=\"CUPRA TERRAMAR\" class=\"wp-image-1406\" srcset=\"https:\/\/groupe-grim.com\/cupra\/wp-content\/uploads\/2023\/01\/tab1.resizedViewPort.scale_.assetRootXL-980x654.jpg 980w, https:\/\/groupe-grim.com\/cupra\/wp-content\/uploads\/2023\/01\/tab1.resizedViewPort.scale_.assetRootXL-480x320.jpg 480w\" sizes=\"(min-width: 0px) and (max-width: 480px) 480px, (min-width: 481px) and (max-width: 980px) 980px, (min-width: 981px) 1024px, 100vw\" \/><\/figure>\n<\/div>\n<\/div>\n\n\n\n<p>Un avenir qui inspire. Pour Alfons Dintner, PDG d&rsquo;Audi Hongrie, la CUPRA Terramar est&nbsp;\u00ab\u00a0un mod\u00e8le inspirant, un \u00e9l\u00e9ment puissant de l&rsquo;avenir de notre outil de production\u00a0\u00bb. \u00c0 cet \u00e9gard, M. Dintner a \u00e9galement d\u00e9di\u00e9 quelques mots \u00e0 CUPRA, reconnaissant&nbsp;\u00ab\u00a0tout le chemin parcouru et ses grandes perspectives\u00a0\u00bb, tout en soulignant la pr\u00e9paration minutieuse de l&rsquo;usine afin de produire la CUPRA Terramar :&nbsp;\u00ab\u00a0Ce sera un mod\u00e8le produit avec la plus haute qualit\u00e9\u00a0\u00bb.<\/p>\n\n\n\n<p><\/p>\n\n\n\n<div class=\"wp-block-columns is-layout-flex wp-container-core-columns-is-layout-9d6595d7 wp-block-columns-is-layout-flex\">\n<div class=\"wp-block-column is-layout-flow wp-block-column-is-layout-flow\">\n<figure class=\"wp-block-image size-large\"><img loading=\"lazy\" decoding=\"async\" width=\"1024\" height=\"683\" src=\"https:\/\/groupe-grim.com\/cupra\/wp-content\/uploads\/2023\/01\/tab0.resizedViewPort.scale_.assetRootXL-1-1024x683.jpg\" alt=\"CUPRA TERRAMAR\" class=\"wp-image-1408\" srcset=\"https:\/\/groupe-grim.com\/cupra\/wp-content\/uploads\/2023\/01\/tab0.resizedViewPort.scale_.assetRootXL-1-980x654.jpg 980w, https:\/\/groupe-grim.com\/cupra\/wp-content\/uploads\/2023\/01\/tab0.resizedViewPort.scale_.assetRootXL-1-480x320.jpg 480w\" sizes=\"(min-width: 0px) and (max-width: 480px) 480px, (min-width: 481px) and (max-width: 980px) 980px, (min-width: 981px) 1024px, 100vw\" \/><\/figure>\n<\/div>\n\n\n\n<div class=\"wp-block-column is-layout-flow wp-block-column-is-layout-flow\">\n<figure class=\"wp-block-image size-large\"><img loading=\"lazy\" decoding=\"async\" width=\"1024\" height=\"683\" src=\"https:\/\/groupe-grim.com\/cupra\/wp-content\/uploads\/2023\/01\/tab1.resizedViewPort.scale_.assetRootXL-1-1024x683.jpg\" alt=\"CUPRA TERRAMAR\" class=\"wp-image-1409\" srcset=\"https:\/\/groupe-grim.com\/cupra\/wp-content\/uploads\/2023\/01\/tab1.resizedViewPort.scale_.assetRootXL-1-980x654.jpg 980w, https:\/\/groupe-grim.com\/cupra\/wp-content\/uploads\/2023\/01\/tab1.resizedViewPort.scale_.assetRootXL-1-480x320.jpg 480w\" sizes=\"(min-width: 0px) and (max-width: 480px) 480px, (min-width: 481px) and (max-width: 980px) 980px, (min-width: 981px) 1024px, 100vw\" \/><\/figure>\n<\/div>\n<\/div>\n\n\n\n<div class=\"wp-block-columns is-layout-flex wp-container-core-columns-is-layout-9d6595d7 wp-block-columns-is-layout-flex\">\n<div class=\"wp-block-column is-layout-flow wp-block-column-is-layout-flow\">\n<figure class=\"wp-block-image size-large\"><img loading=\"lazy\" decoding=\"async\" width=\"1024\" height=\"655\" src=\"https:\/\/groupe-grim.com\/cupra\/wp-content\/uploads\/2023\/01\/tab2.resizedViewPort.scale_.assetRootXL-1024x655.jpg\" alt=\"CUPRA TERRAMAR\" class=\"wp-image-1411\" srcset=\"https:\/\/groupe-grim.com\/cupra\/wp-content\/uploads\/2023\/01\/tab2.resizedViewPort.scale_.assetRootXL-980x627.jpg 980w, https:\/\/groupe-grim.com\/cupra\/wp-content\/uploads\/2023\/01\/tab2.resizedViewPort.scale_.assetRootXL-480x307.jpg 480w\" sizes=\"(min-width: 0px) and (max-width: 480px) 480px, (min-width: 481px) and (max-width: 980px) 980px, (min-width: 981px) 1024px, 100vw\" \/><\/figure>\n<\/div>\n\n\n\n<div class=\"wp-block-column is-layout-flow wp-block-column-is-layout-flow\">\n<figure class=\"wp-block-image size-large\"><img loading=\"lazy\" decoding=\"async\" width=\"1024\" height=\"653\" src=\"https:\/\/groupe-grim.com\/cupra\/wp-content\/uploads\/2023\/01\/tab3.resizedViewPort.scale_.assetRootXL-1-1024x653.jpg\" alt=\"CUPRA TERRAMAR\" class=\"wp-image-1410\" srcset=\"https:\/\/groupe-grim.com\/cupra\/wp-content\/uploads\/2023\/01\/tab3.resizedViewPort.scale_.assetRootXL-1-980x625.jpg 980w, https:\/\/groupe-grim.com\/cupra\/wp-content\/uploads\/2023\/01\/tab3.resizedViewPort.scale_.assetRootXL-1-480x306.jpg 480w\" sizes=\"(min-width: 0px) and (max-width: 480px) 480px, (min-width: 481px) and (max-width: 980px) 980px, (min-width: 981px) 1024px, 100vw\" \/><\/figure>\n<\/div>\n<\/div>\n\n\n\n<p>Un travail d&rsquo;\u00e9quipe \u00e0 1 900 kilom\u00e8tres de distance. La production de la CUPRA Terramar \u00e0 Gy\u0151r est&nbsp;\u00ab\u00a0une mani\u00e8re de poursuivre la forte collaboration entre SEAT S.A. et Audi\u00a0\u00bb&nbsp;a d\u00e9clar\u00e9 M. Griffiths, comme un nouvel exemple de synergies au sein du Groupe Volkswagen. Audi Hongrie produit d\u00e9j\u00e0 les moteurs de la Formentor VZ5, la version cinq cylindres du best-seller de CUPRA. La Formentor, qui s&rsquo;est \u00e9coul\u00e9e \u00e0 plus de 80 000 unit\u00e9s cette ann\u00e9e, est fabriqu\u00e9e chez SEAT Martorell, o\u00f9 est \u00e9galement produite l&rsquo;Audi A1.<\/p>\n\n\n\n<p><\/p>\n\n\n\n<div class=\"wp-block-columns is-layout-flex wp-container-core-columns-is-layout-9d6595d7 wp-block-columns-is-layout-flex\">\n<div class=\"wp-block-column is-layout-flow wp-block-column-is-layout-flow\">\n<figure class=\"wp-block-image size-large\"><img loading=\"lazy\" decoding=\"async\" width=\"1024\" height=\"683\" src=\"https:\/\/groupe-grim.com\/cupra\/wp-content\/uploads\/2023\/01\/tab0.resizedViewPort.scale_.assetRootXL-1-1024x683.webp\" alt=\"CUPRA TERRAMAR\" class=\"wp-image-1413\" srcset=\"https:\/\/groupe-grim.com\/cupra\/wp-content\/uploads\/2023\/01\/tab0.resizedViewPort.scale_.assetRootXL-1-980x653.webp 980w, https:\/\/groupe-grim.com\/cupra\/wp-content\/uploads\/2023\/01\/tab0.resizedViewPort.scale_.assetRootXL-1-480x320.webp 480w\" sizes=\"(min-width: 0px) and (max-width: 480px) 480px, (min-width: 481px) and (max-width: 980px) 980px, (min-width: 981px) 1024px, 100vw\" \/><\/figure>\n<\/div>\n\n\n\n<div class=\"wp-block-column is-layout-flow wp-block-column-is-layout-flow\">\n<figure class=\"wp-block-image size-large\"><img loading=\"lazy\" decoding=\"async\" width=\"1024\" height=\"683\" src=\"https:\/\/groupe-grim.com\/cupra\/wp-content\/uploads\/2023\/01\/tab1.resizedViewPort.scale_.assetRootXL-2-1024x683.jpg\" alt=\"CUPRA TERRAMAR\" class=\"wp-image-1414\" srcset=\"https:\/\/groupe-grim.com\/cupra\/wp-content\/uploads\/2023\/01\/tab1.resizedViewPort.scale_.assetRootXL-2-980x654.jpg 980w, https:\/\/groupe-grim.com\/cupra\/wp-content\/uploads\/2023\/01\/tab1.resizedViewPort.scale_.assetRootXL-2-480x320.jpg 480w\" sizes=\"(min-width: 0px) and (max-width: 480px) 480px, (min-width: 481px) and (max-width: 980px) 980px, (min-width: 981px) 1024px, 100vw\" \/><\/figure>\n<\/div>\n\n\n\n<div class=\"wp-block-column is-layout-flow wp-block-column-is-layout-flow\">\n<figure class=\"wp-block-image size-large\"><img loading=\"lazy\" decoding=\"async\" width=\"1024\" height=\"683\" src=\"https:\/\/groupe-grim.com\/cupra\/wp-content\/uploads\/2023\/01\/tab2.resizedViewPort.scale_.assetRootXL-1-1024x683.jpg\" alt=\"CUPRA TERRAMAR\" class=\"wp-image-1415\" srcset=\"https:\/\/groupe-grim.com\/cupra\/wp-content\/uploads\/2023\/01\/tab2.resizedViewPort.scale_.assetRootXL-1-980x654.jpg 980w, https:\/\/groupe-grim.com\/cupra\/wp-content\/uploads\/2023\/01\/tab2.resizedViewPort.scale_.assetRootXL-1-480x320.jpg 480w\" sizes=\"(min-width: 0px) and (max-width: 480px) 480px, (min-width: 481px) and (max-width: 980px) 980px, (min-width: 981px) 1024px, 100vw\" \/><\/figure>\n<\/div>\n<\/div>\n\n\n\n<p>Une nouvelle ic\u00f4ne pour une nouvelle \u00e8re. Dot\u00e9e d&rsquo;un caract\u00e8re sportif et \u00e9motionnel, la CUPRA Terramar est le premier SUV \u00e9lectrifi\u00e9 de la marque, qui a \u00e9t\u00e9 con\u00e7u pour se d\u00e9marquer sur un segment en plein essor en Europe. Longue de 4,5 m\u00e8tres, elle combine des proportions audacieuses et des \u00e9l\u00e9ments de design impressionnants avec tout l&rsquo;ADN CUPRA, comme par exemple le capot allong\u00e9 et la face avant en nez de requin, qui repr\u00e9sentent la d\u00e9termination. Avec une commercialisation pr\u00e9vue pour 2024, la nouvelle ic\u00f4ne sera disponible avec des motorisations thermiques, mais aussi avec une nouvelle g\u00e9n\u00e9ration de moteurs hybrides rechargeables, qui offrent une autonomie d&rsquo;environ 100 kilom\u00e8tres en mode tout \u00e9lectrique. Baptis\u00e9 en hommage \u00e0 Terramar, Sitges (Espagne), o\u00f9 la marque a commenc\u00e9 son voyage il y a presque cinq ans, ce mod\u00e8le fait partie de la strat\u00e9gie d&rsquo;\u00e9lectrification de CUPRA \u00e0 l&rsquo;horizon 2025, avec deux autres v\u00e9hicules \u00e9lectrifi\u00e9s &#8211; l&rsquo;UrbanRebel et la CUPRA Tavascan.<\/p>\n\n\n\n<p><\/p>\n\n\n\n<p class=\"has-text-align-center has-white-color has-black-background-color has-text-color has-background has-link-color wp-elements-3ab2785c04885fc527969196269d702c\"><strong><a href=\"https:\/\/www.groupe-grim.com\/rendez-vous\/\">Prendre RDV en ligne<\/a><\/strong><\/p>\n\n\n\n<p><\/p>\n\n\n\n<p class=\"has-text-align-center has-white-color has-black-background-color has-text-color has-background has-link-color wp-elements-44bf1fc55a8b83092b2cb471418ce2f6\"><strong>40 Avenue Georges Pompidou &#8211; 15000 Aurillac &#8211; 04 71 64 58 44<\/strong><\/p>\n\n\n\n<p><\/p>\n\n\n\n<p class=\"has-text-align-center\"><br>Pour tout renseignement sur&nbsp;<strong>CUPRA :<\/strong><\/p>\n\n\n\n<p class=\"has-text-align-center\"><a href=\"tel:0805021414\"><strong>08 05 02 14 14 (appel gratuit)<\/strong><\/a>&nbsp;du lundi au dimanche de 9h00 \u00e0 22h00<\/p>\n\n\n\n<p class=\"has-text-align-center\"><a href=\"https:\/\/www.groupe-grim.com\/rendez-vous\/\">Essayer un v\u00e9hicule<\/a>&nbsp;I&nbsp;<a href=\"https:\/\/www.grim-occasion.com\/reprise-de-votre-vehicule\/\" target=\"_blank\" rel=\"noreferrer noopener\">Demander une offre de reprise<\/a>&nbsp;I&nbsp;<a href=\"https:\/\/www.groupe-grim.com\/rendez-vous\/\">Demander Une offre de financement<\/a>&nbsp;I&nbsp;<a href=\"https:\/\/www.grim-occasion.com\/voitures\/?_brand=jaguar%2Cland-rover\" target=\"_blank\" rel=\"noreferrer noopener\">GRIM Occasion<\/a><\/p>\n\n\n\n<p class=\"has-text-align-center\">CUPRA \u2022 Aurillac \u2013 Saint Flour<\/p>\n\n\n\n<p><\/p>\n\n\n\n<p class=\"has-text-align-left\"><\/p>\n","protected":false},"excerpt":{"rendered":"<p>Les employ\u00e9s d&rsquo;Audi Hongrie ont pu d\u00e9couvrir le nouveau CUPRA TERRAMAR, le SUV \u00e9lectrifi\u00e9 de CUPRA, qui sera produit dans l&rsquo;usine Audi \u00e0 partir de 2024.<\/p>\n","protected":false},"author":2,"featured_media":1402,"comment_status":"closed","ping_status":"closed","sticky":false,"template":"","format":"standard","meta":{"_et_pb_use_builder":"off","_et_pb_old_content":"","_et_gb_content_width":"","two_page_speed":[],"footnotes":""},"categories":[5],"tags":[],"class_list":["post-1401","post","type-post","status-publish","format-standard","has-post-thumbnail","hentry","category-actualites-cupra"],"_links":{"self":[{"href":"https:\/\/groupe-grim.com\/cupra\/wp-json\/wp\/v2\/posts\/1401","targetHints":{"allow":["GET"]}}],"collection":[{"href":"https:\/\/groupe-grim.com\/cupra\/wp-json\/wp\/v2\/posts"}],"about":[{"href":"https:\/\/groupe-grim.com\/cupra\/wp-json\/wp\/v2\/types\/post"}],"author":[{"embeddable":true,"href":"https:\/\/groupe-grim.com\/cupra\/wp-json\/wp\/v2\/users\/2"}],"replies":[{"embeddable":true,"href":"https:\/\/groupe-grim.com\/cupra\/wp-json\/wp\/v2\/comments?post=1401"}],"version-history":[{"count":8,"href":"https:\/\/groupe-grim.com\/cupra\/wp-json\/wp\/v2\/posts\/1401\/revisions"}],"predecessor-version":[{"id":7305,"href":"https:\/\/groupe-grim.com\/cupra\/wp-json\/wp\/v2\/posts\/1401\/revisions\/7305"}],"wp:featuredmedia":[{"embeddable":true,"href":"https:\/\/groupe-grim.com\/cupra\/wp-json\/wp\/v2\/media\/1402"}],"wp:attachment":[{"href":"https:\/\/groupe-grim.com\/cupra\/wp-json\/wp\/v2\/media?parent=1401"}],"wp:term":[{"taxonomy":"category","embeddable":true,"href":"https:\/\/groupe-grim.com\/cupra\/wp-json\/wp\/v2\/categories?post=1401"},{"taxonomy":"post_tag","embeddable":true,"href":"https:\/\/groupe-grim.com\/cupra\/wp-json\/wp\/v2\/tags?post=1401"}],"curies":[{"name":"wp","href":"https:\/\/api.w.org\/{rel}","templated":true}]}}