{"id":1427,"date":"2023-01-12T13:41:35","date_gmt":"2023-01-12T13:41:35","guid":{"rendered":"https:\/\/groupe-grim.com\/cupra\/?p=1427"},"modified":"2024-09-11T15:46:52","modified_gmt":"2024-09-11T15:46:52","slug":"race-of-champions-2023","status":"publish","type":"post","link":"https:\/\/groupe-grim.com\/cupra\/race-of-champions-2023\/","title":{"rendered":"CUPRA x RACE OF CHAMPIONS"},"content":{"rendered":"\n<ul class=\"wp-block-list\">\n<li>La CUPRA UrbanRebel Racing Concept retrouve le chemin des circuits \u00e0 l&rsquo;occasion de la Race of Champions, qui r\u00e9unit certains des plus grands pilotes du monde<\/li>\n\n\n\n<li>La Race of Champions est une comp\u00e9tition constitu\u00e9e de face-\u00e0-face avec \u00e9limination directe entre les meilleurs pilotes du monde qui s&rsquo;opposent au volant de voitures identiques<\/li>\n\n\n\n<li>Cette ann\u00e9e, c&rsquo;est au volant de deux CUPRA UrbanRebel Racing Concept 100 % \u00e9lectriques que les pilotes vedettes s&rsquo;affronteront sur le circuit SNOW+ICE<\/li>\n<\/ul>\n\n\n\n<h2 class=\"wp-block-heading\" style=\"text-transform:uppercase\">CUPRA s&rsquo;associe \u00e0 l&rsquo;\u00e9dition 2023 de la Race Of Champions. <\/h2>\n\n\n\n<p><\/p>\n\n\n\n<p>\u00c0 l&rsquo;occasion de cette course qui compte parmi les plus disput\u00e9es au monde, la marque challenger non conventionnelle alignera deux CUPRA UrbanRebel Racing Concept 100 % \u00e9lectriques afin de couronner le meilleur pilote de course de la plan\u00e8te.<\/p>\n\n\n\n<p><\/p>\n\n\n\n<figure class=\"wp-block-image aligncenter size-large\"><img loading=\"lazy\" decoding=\"async\" width=\"1024\" height=\"683\" src=\"https:\/\/groupe-grim.com\/cupra\/wp-content\/uploads\/2023\/01\/CUPRA-partners-with-2023-Race-Of-Champions_01_HQ-2-1024x683.jpg\" alt=\"RACE OF CHAMPIONS\" class=\"wp-image-1431\" srcset=\"https:\/\/groupe-grim.com\/cupra\/wp-content\/uploads\/2023\/01\/CUPRA-partners-with-2023-Race-Of-Champions_01_HQ-2-980x653.jpg 980w, https:\/\/groupe-grim.com\/cupra\/wp-content\/uploads\/2023\/01\/CUPRA-partners-with-2023-Race-Of-Champions_01_HQ-2-480x320.jpg 480w\" sizes=\"(min-width: 0px) and (max-width: 480px) 480px, (min-width: 481px) and (max-width: 980px) 980px, (min-width: 981px) 1024px, 100vw\" \/><figcaption class=\"wp-element-caption\">CUPRA s&rsquo;associe \u00e0 la Race Of Champions 2023, durant laquelle les meilleurs pilotes du monde prendront le volant de l&rsquo;UrbanRebel Racing Concept<\/figcaption><\/figure>\n\n\n\n<p><\/p>\n\n\n\n<p>La Race Of Champions est une comp\u00e9tition \u00e0 \u00e9limination directe, qui r\u00e9unit certains des plus grands pilotes du monde. Ces derniers s&rsquo;affrontent lors d&rsquo;une s\u00e9rie de face-\u00e0-face au volant de voitures identiques, pour tenter d&rsquo;\u00eatre couronn\u00e9s \u00ab\u00a0Champion des champions\u00a0\u00bb.<\/p>\n\n\n\n<p>L&rsquo;\u00e9dition 2023 se d\u00e9roulera \u00e0 Pite Havsbad dans le nord de la Su\u00e8de, \u00e0 pr\u00e8s de 100 km du cercle polaire. Les concurrents prendront le volant de deux CUPRA UrbanRacing Concept. Une voiture de course 100 % \u00e9lectrique qui est l&rsquo;incarnation de ce que l&rsquo;\u00e9lectrification et la performance peuvent accomplir.<\/p>\n\n\n\n<p>La comp\u00e9tition est au c\u0153ur de l&rsquo;ADN de la CUPRA UrbanRebel Concept, qui a \u00e9t\u00e9 con\u00e7ue pour le circuit. Elle d\u00e9veloppe une puissance continue de 250 kW (340 ch), et un pic de 320 kW (435 ch). La voiture est capable de passer de z\u00e9ro \u00e0 100 km\/h en seulement 3,2 secondes.<\/p>\n\n\n\n<p><\/p>\n\n\n\n<figure class=\"wp-block-image aligncenter size-large\"><img loading=\"lazy\" decoding=\"async\" width=\"1024\" height=\"683\" src=\"https:\/\/groupe-grim.com\/cupra\/wp-content\/uploads\/2023\/01\/CUPRA-partners-with-2023-Race-Of-Champions_02_HQ-1024x683.jpg\" alt=\"RACE OF CHAMPIONS\" class=\"wp-image-1432\" srcset=\"https:\/\/groupe-grim.com\/cupra\/wp-content\/uploads\/2023\/01\/CUPRA-partners-with-2023-Race-Of-Champions_02_HQ-980x654.jpg 980w, https:\/\/groupe-grim.com\/cupra\/wp-content\/uploads\/2023\/01\/CUPRA-partners-with-2023-Race-Of-Champions_02_HQ-480x320.jpg 480w\" sizes=\"(min-width: 0px) and (max-width: 480px) 480px, (min-width: 481px) and (max-width: 980px) 980px, (min-width: 981px) 1024px, 100vw\" \/><figcaption class=\"wp-element-caption\">CUPRA s&rsquo;associe \u00e0 la Race Of Champions 2023, durant laquelle les meilleurs pilotes du monde prendront le volant de l&rsquo;UrbanRebel Racing Concept<br><\/figcaption><\/figure>\n\n\n\n<blockquote class=\"wp-block-quote is-layout-flow wp-block-quote-is-layout-flow\">\n<p><strong>\u00ab\u00a0La CUPRA UrbanRebel Racing Concept est l&rsquo;exemple m\u00eame de ce qu&rsquo;il est possible de faire lorsque l&rsquo;on combine la comp\u00e9tition et l&rsquo;\u00e9lectrification. Et la Race Of Champions est l&rsquo;\u00e9v\u00e9nement ultime pour t\u00e9moigner des sensations qu&rsquo;elle peut procurer quand les meilleurs pilotes du monde entier sont au volant\u00a0\u00bb<\/strong>.<\/p>\n<cite>a d\u00e9clar\u00e9 Antonino Labate, directeur de la Strat\u00e9gie et des Op\u00e9rations Commerciales de CUPRA.<\/cite><\/blockquote>\n\n\n\n<p>Cette ann\u00e9e, la Race Of Champions sera la plus extr\u00eame de toutes. En effet, le circuit a \u00e9t\u00e9 construit sur une portion gel\u00e9e de la mer Baltique. De plus, le parcours SNOW+ICE se d\u00e9roulera sur un incroyable trac\u00e9 avec deux pistes parall\u00e8les, et un pont transversal qui maximisera l&rsquo;exp\u00e9rience de course.<\/p>\n\n\n\n<figure class=\"wp-block-image aligncenter size-large\"><img loading=\"lazy\" decoding=\"async\" width=\"1024\" height=\"692\" src=\"https:\/\/groupe-grim.com\/cupra\/wp-content\/uploads\/2023\/01\/CUPRA-partners-with-2023-Race-Of-Champions_03_HQ-1024x692.jpg\" alt=\"RACE OF CHAMPIONS\" class=\"wp-image-1433\" srcset=\"https:\/\/groupe-grim.com\/cupra\/wp-content\/uploads\/2023\/01\/CUPRA-partners-with-2023-Race-Of-Champions_03_HQ-980x662.jpg 980w, https:\/\/groupe-grim.com\/cupra\/wp-content\/uploads\/2023\/01\/CUPRA-partners-with-2023-Race-Of-Champions_03_HQ-480x324.jpg 480w\" sizes=\"(min-width: 0px) and (max-width: 480px) 480px, (min-width: 481px) and (max-width: 980px) 980px, (min-width: 981px) 1024px, 100vw\" \/><figcaption class=\"wp-element-caption\">CUPRA s&rsquo;associe \u00e0 la Race Of Champions 2023, durant laquelle les meilleurs pilotes du monde prendront le volant de l&rsquo;UrbanRebel Racing Concept<br><\/figcaption><\/figure>\n\n\n\n<p>L&rsquo;\u00e9v\u00e8nement r\u00e9unira quelques-uns des meilleurs pilotes du monde, qui se sont illustr\u00e9s dans les principaux championnats de sport automobile &#8211; dont les multiples champions du monde de Formule 1 Mika Hakkinen et Sebastian Vettel, le champion de W Series Jamie Chadwick, ainsi que les champions du monde de Rallye et de Rallycross Johan Kristoffersson, Petter Solberg et Travis Pastrana. Tous s&rsquo;affronteront au volant de voitures absolument identiques, afin de d\u00e9terminer qui est vraiment le plus rapide d&rsquo;entre eux.<\/p>\n\n\n\n<p>La Race Of Champions se d\u00e9roulera les 28 et 29 janvier 2023 \u00e0 Pite Havsbad en Su\u00e8de, \u00e0 60 miles du cercle polaire.<\/p>\n\n\n\n<p><\/p>\n\n\n\n<p class=\"has-text-align-center has-white-color has-black-background-color has-text-color has-background has-link-color wp-elements-3ab2785c04885fc527969196269d702c\"><strong><a href=\"https:\/\/www.groupe-grim.com\/rendez-vous\/\">Prendre RDV en ligne<\/a><\/strong><\/p>\n\n\n\n<p><\/p>\n\n\n\n<p class=\"has-text-align-center has-white-color has-black-background-color has-text-color has-background has-link-color wp-elements-44bf1fc55a8b83092b2cb471418ce2f6\"><strong>40 Avenue Georges Pompidou &#8211; 15000 Aurillac &#8211; 04 71 64 58 44<\/strong><\/p>\n\n\n\n<p><\/p>\n\n\n\n<p class=\"has-text-align-center\"><br>Pour tout renseignement sur&nbsp;<strong>CUPRA :<\/strong><\/p>\n\n\n\n<p class=\"has-text-align-center\"><a href=\"tel:0805021414\"><strong>08 05 02 14 14 (appel gratuit)<\/strong><\/a>&nbsp;du lundi au dimanche de 9h00 \u00e0 22h00<\/p>\n\n\n\n<p class=\"has-text-align-center\"><a href=\"https:\/\/www.groupe-grim.com\/rendez-vous\/\">Essayer un v\u00e9hicule<\/a>&nbsp;I&nbsp;<a href=\"https:\/\/www.grim-occasion.com\/reprise-de-votre-vehicule\/\" target=\"_blank\" rel=\"noreferrer noopener\">Demander une offre de reprise<\/a>&nbsp;I&nbsp;<a href=\"https:\/\/www.groupe-grim.com\/rendez-vous\/\">Demander Une offre de financement<\/a>&nbsp;I&nbsp;<a href=\"https:\/\/www.grim-occasion.com\/voitures\/?_brand=jaguar%2Cland-rover\" target=\"_blank\" rel=\"noreferrer noopener\">GRIM Occasion<\/a><\/p>\n\n\n\n<p class=\"has-text-align-center\">CUPRA \u2022 Aurillac \u2013 Saint Flour<\/p>\n\n\n\n<p><\/p>\n\n\n\n<p class=\"has-text-align-left\"><\/p>\n","protected":false},"excerpt":{"rendered":"<p>CUPRA s&rsquo;associe \u00e0 l&rsquo;\u00e9dition 2023 de la Race Of Champions. \u00c0 l&rsquo;occasion de cette course qui compte parmi les plus disput\u00e9es au monde, la marque challenger non conventionnelle alignera deux CUPRA UrbanRebel Racing Concept 100 % \u00e9lectriques afin de couronner le meilleur pilote de course de la plan\u00e8te. La Race Of Champions est une comp\u00e9tition [&hellip;]<\/p>\n","protected":false},"author":2,"featured_media":1429,"comment_status":"closed","ping_status":"closed","sticky":false,"template":"","format":"standard","meta":{"_et_pb_use_builder":"off","_et_pb_old_content":"","_et_gb_content_width":"","two_page_speed":[],"footnotes":""},"categories":[5],"tags":[],"class_list":["post-1427","post","type-post","status-publish","format-standard","has-post-thumbnail","hentry","category-actualites-cupra"],"_links":{"self":[{"href":"https:\/\/groupe-grim.com\/cupra\/wp-json\/wp\/v2\/posts\/1427","targetHints":{"allow":["GET"]}}],"collection":[{"href":"https:\/\/groupe-grim.com\/cupra\/wp-json\/wp\/v2\/posts"}],"about":[{"href":"https:\/\/groupe-grim.com\/cupra\/wp-json\/wp\/v2\/types\/post"}],"author":[{"embeddable":true,"href":"https:\/\/groupe-grim.com\/cupra\/wp-json\/wp\/v2\/users\/2"}],"replies":[{"embeddable":true,"href":"https:\/\/groupe-grim.com\/cupra\/wp-json\/wp\/v2\/comments?post=1427"}],"version-history":[{"count":5,"href":"https:\/\/groupe-grim.com\/cupra\/wp-json\/wp\/v2\/posts\/1427\/revisions"}],"predecessor-version":[{"id":7306,"href":"https:\/\/groupe-grim.com\/cupra\/wp-json\/wp\/v2\/posts\/1427\/revisions\/7306"}],"wp:featuredmedia":[{"embeddable":true,"href":"https:\/\/groupe-grim.com\/cupra\/wp-json\/wp\/v2\/media\/1429"}],"wp:attachment":[{"href":"https:\/\/groupe-grim.com\/cupra\/wp-json\/wp\/v2\/media?parent=1427"}],"wp:term":[{"taxonomy":"category","embeddable":true,"href":"https:\/\/groupe-grim.com\/cupra\/wp-json\/wp\/v2\/categories?post=1427"},{"taxonomy":"post_tag","embeddable":true,"href":"https:\/\/groupe-grim.com\/cupra\/wp-json\/wp\/v2\/tags?post=1427"}],"curies":[{"name":"wp","href":"https:\/\/api.w.org\/{rel}","templated":true}]}}