{"id":1437,"date":"2023-01-17T15:35:33","date_gmt":"2023-01-17T15:35:33","guid":{"rendered":"https:\/\/groupe-grim.com\/cupra\/?p=1437"},"modified":"2024-09-11T15:47:52","modified_gmt":"2024-09-11T15:47:52","slug":"cupra-x-festival-de-lalpe-dhuez","status":"publish","type":"post","link":"https:\/\/groupe-grim.com\/cupra\/cupra-x-festival-de-lalpe-dhuez\/","title":{"rendered":"CUPRA x FESTIVAL DE L&rsquo;ALPE D&rsquo;HUEZ"},"content":{"rendered":"\n<ul class=\"wp-block-list\">\n<li>CUPRA sera partenaire officiel du Festival de l\u2019Alpe d\u2019Huez qui se tient du 16 au 22 janvier 2023.<\/li>\n\n\n\n<li>CUPRA fournit une flotte de v\u00e9hicules au Festival de l\u2019Alpe d\u2019Huez.<\/li>\n\n\n\n<li>Th\u00e9o Curin, nouvel ambassadeur de la marque CUPRA, remettra le prix d\u2019interpr\u00e9tation masculine lors de la c\u00e9r\u00e9monie de cl\u00f4ture.<\/li>\n<\/ul>\n\n\n\n<p>UPRA annonce, pour la seconde ann\u00e9e cons\u00e9cutive, son partenariat avec le Festival de l\u2019Alpe d\u2019Huez. La jeune marque espagnole non-conventionnelle dont l\u2019\u00e9motion et la performance sont au c\u0153ur de son ADN, sera une nouvelle fois partenaire de l\u2019un des festivals de cin\u00e9ma les plus connus en France.&nbsp;<\/p>\n\n\n\n<p><\/p>\n\n\n\n<figure class=\"wp-block-image aligncenter size-full\"><img loading=\"lazy\" decoding=\"async\" width=\"662\" height=\"985\" src=\"https:\/\/groupe-grim.com\/cupra\/wp-content\/uploads\/2023\/01\/CUPRA_Festival_Alpe_Huez_deuxieme_annee-Images_01.png\" alt=\"CUPRA x FESTIVAL DE L'ALPE D'HUEZ\" class=\"wp-image-1438\" srcset=\"https:\/\/groupe-grim.com\/cupra\/wp-content\/uploads\/2023\/01\/CUPRA_Festival_Alpe_Huez_deuxieme_annee-Images_01.png 662w, https:\/\/groupe-grim.com\/cupra\/wp-content\/uploads\/2023\/01\/CUPRA_Festival_Alpe_Huez_deuxieme_annee-Images_01-480x714.png 480w\" sizes=\"(min-width: 0px) and (max-width: 480px) 480px, (min-width: 481px) 662px, 100vw\" \/><\/figure>\n\n\n\n<p><\/p>\n\n\n\n<p>Le Festival de l\u2019Alpe d\u2019Huez, \u00e9v\u00e9nement culturel majeur, pr\u00e9sente et r\u00e9compense le cin\u00e9ma de com\u00e9die. Certains films devenus incontournables dans le paysage cin\u00e9matographique fran\u00e7ais y ont \u00e9t\u00e9 pr\u00e9sent\u00e9s en avant-premi\u00e8re comme&nbsp;<em>Tout ce qui brille, Bienvenue chez les Ch\u2019tis&nbsp;<\/em>ou encore&nbsp;<em>Baby Sitting&nbsp;<\/em>ou&nbsp;<em>L\u2019Arnacoeur.<\/em><\/p>\n\n\n\n<blockquote class=\"wp-block-quote is-layout-flow wp-block-quote-is-layout-flow\">\n<p>\u00ab&nbsp;<strong>Nous sommes tr\u00e8s heureux d\u2019\u00eatre partenaire du Festival pour cette deuxi\u00e8me ann\u00e9e. CUPRA est une marque dont la musique, le gaming et maintenant le cin\u00e9ma sont des territoires d\u2019expression et contribuent au d\u00e9veloppement de notre identit\u00e9<\/strong>. \u00bb<\/p>\n<cite>d\u00e9clare Robert Breschkow, Directeur de CUPRA France.<\/cite><\/blockquote>\n\n\n\n<p><\/p>\n\n\n\n<p><\/p>\n\n\n\n<figure class=\"wp-block-image aligncenter size-full\"><img loading=\"lazy\" decoding=\"async\" width=\"646\" height=\"910\" src=\"https:\/\/groupe-grim.com\/cupra\/wp-content\/uploads\/2023\/01\/CUPRA_Festival_Alpe_Huez_deuxieme_annee-Images_02.png\" alt=\"CUPRA x FESTIVAL DE L'ALPE D'HUEZ\" class=\"wp-image-1440\" srcset=\"https:\/\/groupe-grim.com\/cupra\/wp-content\/uploads\/2023\/01\/CUPRA_Festival_Alpe_Huez_deuxieme_annee-Images_02.png 646w, https:\/\/groupe-grim.com\/cupra\/wp-content\/uploads\/2023\/01\/CUPRA_Festival_Alpe_Huez_deuxieme_annee-Images_02-480x676.png 480w\" sizes=\"(min-width: 0px) and (max-width: 480px) 480px, (min-width: 481px) 646px, 100vw\" \/><\/figure>\n\n\n\n<p><\/p>\n\n\n\n<p><\/p>\n\n\n\n<p>Pendant toute la dur\u00e9e du Festival, la marque fournit une flotte de v\u00e9hicules (CUPRA Formentor, Born et Leon) pour accompagner les d\u00e9placements des \u00e9quipes sur place.<\/p>\n\n\n\n<p><\/p>\n\n\n\n<p><\/p>\n\n\n\n<div class=\"wp-block-media-text is-stacked-on-mobile\"><figure class=\"wp-block-media-text__media\"><img loading=\"lazy\" decoding=\"async\" width=\"658\" height=\"988\" src=\"https:\/\/groupe-grim.com\/cupra\/wp-content\/uploads\/2023\/01\/CUPRA_Festival_Alpe_Huez_deuxieme_annee-Images_03.png\" alt=\"CUPRA x FESTIVAL DE L'ALPE D'HUEZ\" class=\"wp-image-1441 size-full\" srcset=\"https:\/\/groupe-grim.com\/cupra\/wp-content\/uploads\/2023\/01\/CUPRA_Festival_Alpe_Huez_deuxieme_annee-Images_03.png 658w, https:\/\/groupe-grim.com\/cupra\/wp-content\/uploads\/2023\/01\/CUPRA_Festival_Alpe_Huez_deuxieme_annee-Images_03-480x721.png 480w\" sizes=\"(min-width: 0px) and (max-width: 480px) 480px, (min-width: 481px) 658px, 100vw\" \/><\/figure><div class=\"wp-block-media-text__content\">\n<p>Cette ann\u00e9e, Th\u00e9o Curin, le jeune athl\u00e8te paralympique aux multiples casquettes dont celle de com\u00e9dien, sera pr\u00e9sent pour accompagner CUPRA en tant qu\u2019ambassadeur de la marque. R\u00e9cemment int\u00e9gr\u00e9 au sein de la CUPRA Tribe France, Th\u00e9o remettra le prix d\u2019interpr\u00e9tation masculine du Festival de l\u2019Alpe d\u2019Huez lors de la c\u00e9r\u00e9monie de cl\u00f4ture.<\/p>\n<\/div><\/div>\n\n\n\n<p><\/p>\n\n\n\n<p><\/p>\n\n\n\n<p>En parall\u00e8le, le groupe Jean Lain Mobilit\u00e9s proposera une exp\u00e9rience de conduite sur glace avec le CUPRA Formentor 310ch. Les participants du festival de l\u2019Alpe d\u2019Huez pourront donc participer \u00e0 cette animation riche en sensations fortes&nbsp;!<\/p>\n\n\n\n<p><\/p>\n\n\n\n<p class=\"has-text-align-center has-white-color has-black-background-color has-text-color has-background has-link-color wp-elements-3ab2785c04885fc527969196269d702c\"><strong><a href=\"https:\/\/www.groupe-grim.com\/rendez-vous\/\">Prendre RDV en ligne<\/a><\/strong><\/p>\n\n\n\n<p><\/p>\n\n\n\n<p class=\"has-text-align-center has-white-color has-black-background-color has-text-color has-background has-link-color wp-elements-44bf1fc55a8b83092b2cb471418ce2f6\"><strong>40 Avenue Georges Pompidou &#8211; 15000 Aurillac &#8211; 04 71 64 58 44<\/strong><\/p>\n\n\n\n<p><\/p>\n\n\n\n<p class=\"has-text-align-center\"><br>Pour tout renseignement sur&nbsp;<strong>CUPRA :<\/strong><\/p>\n\n\n\n<p class=\"has-text-align-center\"><a href=\"tel:0805021414\"><strong>08 05 02 14 14 (appel gratuit)<\/strong><\/a>&nbsp;du lundi au dimanche de 9h00 \u00e0 22h00<\/p>\n\n\n\n<p class=\"has-text-align-center\"><a href=\"https:\/\/www.groupe-grim.com\/rendez-vous\/\">Essayer un v\u00e9hicule<\/a>&nbsp;I&nbsp;<a href=\"https:\/\/www.grim-occasion.com\/reprise-de-votre-vehicule\/\" target=\"_blank\" rel=\"noreferrer noopener\">Demander une offre de reprise<\/a>&nbsp;I&nbsp;<a href=\"https:\/\/www.groupe-grim.com\/rendez-vous\/\">Demander Une offre de financement<\/a>&nbsp;I&nbsp;<a href=\"https:\/\/www.grim-occasion.com\/voitures\/?_brand=jaguar%2Cland-rover\" target=\"_blank\" rel=\"noreferrer noopener\">GRIM Occasion<\/a><\/p>\n\n\n\n<p class=\"has-text-align-center\">CUPRA \u2022 Aurillac \u2013 Saint Flour<\/p>\n\n\n\n<p class=\"has-text-align-left\"><\/p>\n","protected":false},"excerpt":{"rendered":"<p>CUPRA sera aux c\u00f4t\u00e9s du Festival de l\u2019Alpe d\u2019Huez pour la deuxi\u00e8me ann\u00e9e cons\u00e9cutive.<\/p>\n","protected":false},"author":2,"featured_media":1443,"comment_status":"closed","ping_status":"closed","sticky":false,"template":"","format":"standard","meta":{"_et_pb_use_builder":"off","_et_pb_old_content":"","_et_gb_content_width":"","two_page_speed":[],"footnotes":""},"categories":[5],"tags":[],"class_list":["post-1437","post","type-post","status-publish","format-standard","has-post-thumbnail","hentry","category-actualites-cupra"],"_links":{"self":[{"href":"https:\/\/groupe-grim.com\/cupra\/wp-json\/wp\/v2\/posts\/1437","targetHints":{"allow":["GET"]}}],"collection":[{"href":"https:\/\/groupe-grim.com\/cupra\/wp-json\/wp\/v2\/posts"}],"about":[{"href":"https:\/\/groupe-grim.com\/cupra\/wp-json\/wp\/v2\/types\/post"}],"author":[{"embeddable":true,"href":"https:\/\/groupe-grim.com\/cupra\/wp-json\/wp\/v2\/users\/2"}],"replies":[{"embeddable":true,"href":"https:\/\/groupe-grim.com\/cupra\/wp-json\/wp\/v2\/comments?post=1437"}],"version-history":[{"count":3,"href":"https:\/\/groupe-grim.com\/cupra\/wp-json\/wp\/v2\/posts\/1437\/revisions"}],"predecessor-version":[{"id":7307,"href":"https:\/\/groupe-grim.com\/cupra\/wp-json\/wp\/v2\/posts\/1437\/revisions\/7307"}],"wp:featuredmedia":[{"embeddable":true,"href":"https:\/\/groupe-grim.com\/cupra\/wp-json\/wp\/v2\/media\/1443"}],"wp:attachment":[{"href":"https:\/\/groupe-grim.com\/cupra\/wp-json\/wp\/v2\/media?parent=1437"}],"wp:term":[{"taxonomy":"category","embeddable":true,"href":"https:\/\/groupe-grim.com\/cupra\/wp-json\/wp\/v2\/categories?post=1437"},{"taxonomy":"post_tag","embeddable":true,"href":"https:\/\/groupe-grim.com\/cupra\/wp-json\/wp\/v2\/tags?post=1437"}],"curies":[{"name":"wp","href":"https:\/\/api.w.org\/{rel}","templated":true}]}}