{"id":1445,"date":"2023-01-23T13:52:55","date_gmt":"2023-01-23T13:52:55","guid":{"rendered":"https:\/\/groupe-grim.com\/cupra\/?p=1445"},"modified":"2024-09-11T15:48:30","modified_gmt":"2024-09-11T15:48:30","slug":"abt-cupra","status":"publish","type":"post","link":"https:\/\/groupe-grim.com\/cupra\/abt-cupra\/","title":{"rendered":"D\u00c9BUTS COMPLIQU\u00c9S POUR ABT CUPRA AU MEXIQUE"},"content":{"rendered":"\n<ul class=\"wp-block-list\">\n<li>Nico M\u00fcller a termin\u00e9 \u00e0 la 14\u00e8me place lors de la premi\u00e8re manche qui s&rsquo;est d\u00e9roul\u00e9e \u00e0 Mexico City.&nbsp;<\/li>\n\n\n\n<li>Son co\u00e9quipier Robin Frijns a \u00e9t\u00e9 contraint \u00e0 l&rsquo;abandon d\u00e8s le d\u00e9but de la course suite \u00e0 une collision. Le N\u00e9erlandais souffre d&rsquo;une fracture de la main.<\/li>\n<\/ul>\n\n\n\n<h2 class=\"wp-block-heading\" style=\"text-transform:uppercase\">L&rsquo;\u00e9quipe ABT CUPRA a connu un d\u00e9but de saison difficile au Mexique. <\/h2>\n\n\n\n<p>Toutefois, malgr\u00e9 des r\u00e9sultats en demie teinte du point de vue de l&rsquo;\u00e9quipe, le cadre exceptionnel de l&rsquo;\u00e9v\u00e8nement, avec notamment des fans tr\u00e8s enthousiastes, permet d&rsquo;\u00eatre optimiste pour le reste de la saison.<\/p>\n\n\n\n<p><\/p>\n\n\n\n<figure class=\"wp-block-image size-large\"><img loading=\"lazy\" decoding=\"async\" width=\"1024\" height=\"683\" src=\"https:\/\/groupe-grim.com\/cupra\/wp-content\/uploads\/2023\/01\/ABT-CUPRA-experiences-tough-Formula-E-in-Mexico_01_HQ-1024x683.jpg\" alt=\"D\u00e9buts compliqu\u00e9s pour ABT CUPRA au Mexique.\" class=\"wp-image-1447\" srcset=\"https:\/\/groupe-grim.com\/cupra\/wp-content\/uploads\/2023\/01\/ABT-CUPRA-experiences-tough-Formula-E-in-Mexico_01_HQ-980x653.jpg 980w, https:\/\/groupe-grim.com\/cupra\/wp-content\/uploads\/2023\/01\/ABT-CUPRA-experiences-tough-Formula-E-in-Mexico_01_HQ-480x320.jpg 480w\" sizes=\"(min-width: 0px) and (max-width: 480px) 480px, (min-width: 481px) and (max-width: 980px) 980px, (min-width: 981px) 1024px, 100vw\" \/><\/figure>\n\n\n\n<p>\u00ab\u00a0C&rsquo;est le premier pas d&rsquo;un long voyage. L&rsquo;\u00e9quipe ABT CUPRA a particip\u00e9 aujourd&rsquo;hui \u00e0 sa premi\u00e8re course en Formule E au Mexique. Nous avons encore un long chemin \u00e0 parcourir, mais nous venons de faire notre premier pas. Je tiens \u00e0 f\u00e9liciter Nico et Robin. Je souhaite un prompt r\u00e9tablissement \u00e0 Robin et j&rsquo;esp\u00e8re qu&rsquo;il sera tr\u00e8s vite de retour au volant de sa voiture\u00a0\u00bb.<\/p>\n\n\n\n<blockquote class=\"wp-block-quote is-layout-flow wp-block-quote-is-layout-flow\">\n<p>\u00ab\u00a0L&rsquo;\u00e9nergie de la foule sur le circuit \u00e9tait incroyable. Un nombre incroyable de jeunes gens qui s&rsquo;amusent avec ce format de course disruptif. C&rsquo;est l&rsquo;avenir du sport automobile\u00a0\u00bb<\/p>\n<cite>a d\u00e9clar\u00e9 Wayne Griffiths, PDG du CUPRA.<\/cite><\/blockquote>\n\n\n\n<blockquote class=\"wp-block-quote is-layout-flow wp-block-quote-is-layout-flow\">\n<p>\u00ab\u00a0D&rsquo;un point de vue sportif, nous nous attendions \u00e0 un d\u00e9but de saison difficile dans un championnat que nous connaissons bien, mais qui d\u00e9marre dans des circonstances compl\u00e8tement diff\u00e9rentes cette ann\u00e9e\u00a0\u00bb<\/p>\n<cite>a d\u00e9clar\u00e9 le directeur de l&rsquo;\u00e9quipe ABT CUPRA, Thomas Biermaier.<\/cite><\/blockquote>\n\n\n\n<figure class=\"wp-block-image size-large\"><img loading=\"lazy\" decoding=\"async\" width=\"1024\" height=\"683\" src=\"https:\/\/groupe-grim.com\/cupra\/wp-content\/uploads\/2023\/01\/ABT-CUPRA-experiences-tough-Formula-E-in-Mexico_02_HQ-1-1024x683.jpg\" alt=\"D\u00e9buts compliqu\u00e9s pour ABT CUPRA au Mexique.\" class=\"wp-image-1448\" srcset=\"https:\/\/groupe-grim.com\/cupra\/wp-content\/uploads\/2023\/01\/ABT-CUPRA-experiences-tough-Formula-E-in-Mexico_02_HQ-1-980x653.jpg 980w, https:\/\/groupe-grim.com\/cupra\/wp-content\/uploads\/2023\/01\/ABT-CUPRA-experiences-tough-Formula-E-in-Mexico_02_HQ-1-480x320.jpg 480w\" sizes=\"(min-width: 0px) and (max-width: 480px) 480px, (min-width: 481px) and (max-width: 980px) 980px, (min-width: 981px) 1024px, 100vw\" \/><\/figure>\n\n\n\n<p>D\u00e8s les diff\u00e9rentes s\u00e9ances d&rsquo;essais, l&rsquo;\u00e9quipe men\u00e9e par Robin Frijns et Nico M\u00fcller s&rsquo;est rendue \u00e0 l&rsquo;\u00e9vidence que le calendrier serr\u00e9 et la courte pr\u00e9paration allaient n\u00e9cessiter un travail cons\u00e9quent de rattrapage.&nbsp;&nbsp;<\/p>\n\n\n\n<p>Robin Frijns et Nico M\u00fcller ont termin\u00e9 respectivement en 18\u00e8me et 19\u00e8me place \u00e0 l\u2019issu des s\u00e9ances de qualification, puis Nico M\u00fcller a gagn\u00e9 quatre places en course. <\/p>\n\n\n\n<blockquote class=\"wp-block-quote is-layout-flow wp-block-quote-is-layout-flow\">\n<p>\u00ab\u00a0Toute l&rsquo;\u00e9quipe et moi-m\u00eame avons \u00e9norm\u00e9ment appris ce week-end. Nous en tirons un premier bilan positif\u00a0\u00bb<\/p>\n<cite>a d\u00e9clar\u00e9 Nico M\u00fcller.<\/cite><\/blockquote>\n\n\n\n<blockquote class=\"wp-block-quote is-layout-flow wp-block-quote-is-layout-flow\">\n<p>\u00ab\u00a0Il s&rsquo;agit d\u00e9sormais d&rsquo;analyser les donn\u00e9es et de s&rsquo;entra\u00eener sur le simulateur, car heureusement, nous avons encore deux semaines avant la prochaine course\u00a0\u00bb.&nbsp;<\/p>\n<\/blockquote>\n\n\n\n<div class=\"wp-block-columns is-layout-flex wp-container-core-columns-is-layout-9d6595d7 wp-block-columns-is-layout-flex\">\n<div class=\"wp-block-column is-layout-flow wp-block-column-is-layout-flow\">\n<figure class=\"wp-block-image size-large\"><img loading=\"lazy\" decoding=\"async\" width=\"1024\" height=\"683\" src=\"https:\/\/groupe-grim.com\/cupra\/wp-content\/uploads\/2023\/01\/ABT-CUPRA-experiences-tough-Formula-E-in-Mexico_03_HQ-1024x683.jpg\" alt=\"D\u00e9buts compliqu\u00e9s pour ABT CUPRA au Mexique.\" class=\"wp-image-1450\" srcset=\"https:\/\/groupe-grim.com\/cupra\/wp-content\/uploads\/2023\/01\/ABT-CUPRA-experiences-tough-Formula-E-in-Mexico_03_HQ-980x653.jpg 980w, https:\/\/groupe-grim.com\/cupra\/wp-content\/uploads\/2023\/01\/ABT-CUPRA-experiences-tough-Formula-E-in-Mexico_03_HQ-480x320.jpg 480w\" sizes=\"(min-width: 0px) and (max-width: 480px) 480px, (min-width: 481px) and (max-width: 980px) 980px, (min-width: 981px) 1024px, 100vw\" \/><\/figure>\n<\/div>\n\n\n\n<div class=\"wp-block-column is-layout-flow wp-block-column-is-layout-flow\">\n<figure class=\"wp-block-image size-large\"><img loading=\"lazy\" decoding=\"async\" width=\"1024\" height=\"683\" src=\"https:\/\/groupe-grim.com\/cupra\/wp-content\/uploads\/2023\/01\/ABT-CUPRA-experiences-tough-Formula-E-in-Mexico_04_HQ-1024x683.jpg\" alt=\"D\u00e9buts compliqu\u00e9s pour ABT CUPRA au Mexique.\" class=\"wp-image-1449\" srcset=\"https:\/\/groupe-grim.com\/cupra\/wp-content\/uploads\/2023\/01\/ABT-CUPRA-experiences-tough-Formula-E-in-Mexico_04_HQ-980x653.jpg 980w, https:\/\/groupe-grim.com\/cupra\/wp-content\/uploads\/2023\/01\/ABT-CUPRA-experiences-tough-Formula-E-in-Mexico_04_HQ-480x320.jpg 480w\" sizes=\"(min-width: 0px) and (max-width: 480px) 480px, (min-width: 481px) and (max-width: 980px) 980px, (min-width: 981px) 1024px, 100vw\" \/><\/figure>\n<\/div>\n<\/div>\n\n\n\n<p>Pour sa deuxi\u00e8me \u00e9tape du calendrier, le championnat de Formule E se dirigera \u00e0 Diriyah en Arabie Saoudite pour deux nouvelles courses qui se d\u00e9rouleront les 27 et 28 janvier. Le Mexique a repr\u00e9sent\u00e9 un cadre id\u00e9al pour l&rsquo;ouverture de la saison gr\u00e2ce \u00e0 un public exceptionnel et \u00e0 une organisation sans faille. L&rsquo;\u00e9quipe ABT CUPRA repart avec une plus grande exp\u00e9rience et de nombreuses donn\u00e9es. Elle mettra toutes ces informations \u00e0 profit pour progresser et \u00eatre fin pr\u00eate lors de la prochaine manche \u00e0 Diriyah.<\/p>\n\n\n\n<p>CUPRA a v\u00e9cu des d\u00e9buts pleins d&rsquo;\u00e9motions en Formule E : la marque a inaugur\u00e9 son partenariat avec ABT en r\u00e9unissant plus de 100 invit\u00e9s et des journalistes internationaux venus du monde entier. Les spectateurs ont pu d\u00e9couvrir le concept UrbanRebel Racing qui \u00e9tait expos\u00e9 dans le Fan Village, et voir le nom de la marque affich\u00e9 tout le long du circuit. Pas moins de quatre membres du conseil d&rsquo;administration, dont le PDG Wayne Griffiths, ont fait le d\u00e9placement pour assister au E-Prix 2023 de Mexico City.<\/p>\n\n\n\n<p><\/p>\n\n\n\n<p class=\"has-text-align-center has-white-color has-black-background-color has-text-color has-background has-link-color wp-elements-3ab2785c04885fc527969196269d702c\"><strong><a href=\"https:\/\/www.groupe-grim.com\/rendez-vous\/\">Prendre RDV en ligne<\/a><\/strong><\/p>\n\n\n\n<p><\/p>\n\n\n\n<p class=\"has-text-align-center has-white-color has-black-background-color has-text-color has-background has-link-color wp-elements-44bf1fc55a8b83092b2cb471418ce2f6\"><strong>40 Avenue Georges Pompidou &#8211; 15000 Aurillac &#8211; 04 71 64 58 44<\/strong><\/p>\n\n\n\n<p><\/p>\n\n\n\n<p class=\"has-text-align-center\"><br>Pour tout renseignement sur&nbsp;<strong>CUPRA :<\/strong><\/p>\n\n\n\n<p class=\"has-text-align-center\"><a href=\"tel:0805021414\"><strong>08 05 02 14 14 (appel gratuit)<\/strong><\/a>&nbsp;du lundi au dimanche de 9h00 \u00e0 22h00<\/p>\n\n\n\n<p class=\"has-text-align-center\"><a href=\"https:\/\/www.groupe-grim.com\/rendez-vous\/\">Essayer un v\u00e9hicule<\/a>&nbsp;I&nbsp;<a href=\"https:\/\/www.grim-occasion.com\/reprise-de-votre-vehicule\/\" target=\"_blank\" rel=\"noreferrer noopener\">Demander une offre de reprise<\/a>&nbsp;I&nbsp;<a href=\"https:\/\/www.groupe-grim.com\/rendez-vous\/\">Demander Une offre de financement<\/a>&nbsp;I&nbsp;<a href=\"https:\/\/www.grim-occasion.com\/voitures\/?_brand=jaguar%2Cland-rover\" target=\"_blank\" rel=\"noreferrer noopener\">GRIM Occasion<\/a><\/p>\n\n\n\n<p class=\"has-text-align-center\">CUPRA \u2022 Aurillac \u2013 Saint Flour<\/p>\n\n\n\n<p><\/p>\n\n\n\n<p class=\"has-text-align-left\"><\/p>\n","protected":false},"excerpt":{"rendered":"<p>Des d\u00e9buts compliqu\u00e9s en Formule E pour ABT CUPRA au Mexique.<\/p>\n","protected":false},"author":2,"featured_media":1446,"comment_status":"closed","ping_status":"closed","sticky":false,"template":"","format":"standard","meta":{"_et_pb_use_builder":"off","_et_pb_old_content":"","_et_gb_content_width":"","two_page_speed":[],"footnotes":""},"categories":[5],"tags":[],"class_list":["post-1445","post","type-post","status-publish","format-standard","has-post-thumbnail","hentry","category-actualites-cupra"],"_links":{"self":[{"href":"https:\/\/groupe-grim.com\/cupra\/wp-json\/wp\/v2\/posts\/1445","targetHints":{"allow":["GET"]}}],"collection":[{"href":"https:\/\/groupe-grim.com\/cupra\/wp-json\/wp\/v2\/posts"}],"about":[{"href":"https:\/\/groupe-grim.com\/cupra\/wp-json\/wp\/v2\/types\/post"}],"author":[{"embeddable":true,"href":"https:\/\/groupe-grim.com\/cupra\/wp-json\/wp\/v2\/users\/2"}],"replies":[{"embeddable":true,"href":"https:\/\/groupe-grim.com\/cupra\/wp-json\/wp\/v2\/comments?post=1445"}],"version-history":[{"count":5,"href":"https:\/\/groupe-grim.com\/cupra\/wp-json\/wp\/v2\/posts\/1445\/revisions"}],"predecessor-version":[{"id":7309,"href":"https:\/\/groupe-grim.com\/cupra\/wp-json\/wp\/v2\/posts\/1445\/revisions\/7309"}],"wp:featuredmedia":[{"embeddable":true,"href":"https:\/\/groupe-grim.com\/cupra\/wp-json\/wp\/v2\/media\/1446"}],"wp:attachment":[{"href":"https:\/\/groupe-grim.com\/cupra\/wp-json\/wp\/v2\/media?parent=1445"}],"wp:term":[{"taxonomy":"category","embeddable":true,"href":"https:\/\/groupe-grim.com\/cupra\/wp-json\/wp\/v2\/categories?post=1445"},{"taxonomy":"post_tag","embeddable":true,"href":"https:\/\/groupe-grim.com\/cupra\/wp-json\/wp\/v2\/tags?post=1445"}],"curies":[{"name":"wp","href":"https:\/\/api.w.org\/{rel}","templated":true}]}}