{"id":1836,"date":"2023-01-31T16:31:11","date_gmt":"2023-01-31T16:31:11","guid":{"rendered":"https:\/\/groupe-grim.com\/cupra\/?p=1836"},"modified":"2024-09-11T15:48:48","modified_gmt":"2024-09-11T15:48:48","slug":"abt-cupra-x-formule-e-2023","status":"publish","type":"post","link":"https:\/\/groupe-grim.com\/cupra\/abt-cupra-x-formule-e-2023\/","title":{"rendered":"ABT CUPRA x FORMULE E 2023"},"content":{"rendered":"\n<ul class=\"wp-block-list\">\n<li><strong>L&rsquo;\u00e9quipe ABT CUPRA est arriv\u00e9e \u00e0 Diriyah et est pr\u00eate \u00e0 continuer sur sa lanc\u00e9e apr\u00e8s ses d\u00e9buts \u00e0 Mexico City<\/strong><\/li>\n\n\n\n<li><strong>Robin Frijns se remettant d&rsquo;une blessure \u00e0 la main, le pilote de r\u00e9serve Kelvin van der Linde vient le remplacer aux c\u00f4t\u00e9s de Nico M\u00fcller<\/strong><\/li>\n\n\n\n<li><strong>La nouvelle Formule E Gen3 sera mise \u00e0 rude \u00e9preuve sur le circuit urbain d&rsquo;Arabie Saoudite<\/strong><\/li>\n<\/ul>\n\n\n\n<p>L&rsquo;\u00e9quipe ABT CUPRA s&rsquo;appr\u00eate \u00e0 relever un nouveau challenge en Formule E ce week-end en Arabie Saoudite. En effet, les 2\u00e8me et 3\u00e8me manches de la saison 2023 du Championnat du monde ABB FIA se d\u00e9rouleront dans les rues charg\u00e9es d&rsquo;histoire de Diriyah.<\/p>\n\n\n\n<p><\/p>\n\n\n\n<figure class=\"wp-block-image aligncenter size-large\"><img loading=\"lazy\" decoding=\"async\" width=\"1024\" height=\"683\" src=\"https:\/\/groupe-grim.com\/cupra\/wp-content\/uploads\/2023\/01\/ABT-CUPRA-team-gears-up-for-Rounds-2-and-3-of-Formula-E-2023-in-Saudi-Arabia-this-weekend_05_HQ-1-1024x683.jpg\" alt=\"ABT CUPRA x FORMULE E 2023\" class=\"wp-image-1838\" srcset=\"https:\/\/groupe-grim.com\/cupra\/wp-content\/uploads\/2023\/01\/ABT-CUPRA-team-gears-up-for-Rounds-2-and-3-of-Formula-E-2023-in-Saudi-Arabia-this-weekend_05_HQ-1-980x654.jpg 980w, https:\/\/groupe-grim.com\/cupra\/wp-content\/uploads\/2023\/01\/ABT-CUPRA-team-gears-up-for-Rounds-2-and-3-of-Formula-E-2023-in-Saudi-Arabia-this-weekend_05_HQ-1-480x320.jpg 480w\" sizes=\"(min-width: 0px) and (max-width: 480px) 480px, (min-width: 481px) and (max-width: 980px) 980px, (min-width: 981px) 1024px, 100vw\" \/><\/figure>\n\n\n\n<p><\/p>\n\n\n\n<p>Robin Frijns \u00e9tant indisponible suite \u00e0 une blessure \u00e0 la main survenue lors de la manche d&rsquo;ouverture de la saison \u00e0 Mexico, c\u2019est le pilote de r\u00e9serve Kelvin van der Linde qui viendra \u00e9pauler Nico M\u00fcller au volant de la Formule E Gen3 de l&rsquo;\u00e9quipe ABT CUPRA. La voiture, qui est la monoplace \u00e9lectrique la plus rapide, la plus l\u00e9g\u00e8re, la plus puissante, la plus efficiente et la plus durable de tous les temps, a donn\u00e9 de bons r\u00e9sultats lors de la premi\u00e8re semaine de course.<\/p>\n\n\n\n<p>Avec pas moins de 21 virages et un trac\u00e9 de 2,495 km, le circuit de Diriyah longe les murs historiques de la ville, qui est un site class\u00e9 au patrimoine mondial de l&rsquo;UNESCO. D\u00e8s le d\u00e9part, les pilotes seront confront\u00e9s \u00e0 un d\u00e9fi de taille, avec un premier secteur technique dans lequel se succ\u00e8dent les virages rapides, qui m\u00e8ne au Bobsleigh Run au niveau du virage 6.<\/p>\n\n\n\n<p>De plus, le circuit constitue un v\u00e9ritable test pour la gestion de l&rsquo;\u00e9nergie et la strat\u00e9gie, avec une longue ligne droite qui vient cl\u00f4turer le tour. La course se d\u00e9roulant de nuit sous un \u00e9clairage LED, il faudra \u00e9galement s&rsquo;attendre \u00e0 voir jaillir des \u00e9tincelles lorsque les pilotes iront au contact.<\/p>\n\n\n\n<p><\/p>\n\n\n\n<p><\/p>\n\n\n\n<div class=\"wp-block-columns is-layout-flex wp-container-core-columns-is-layout-9d6595d7 wp-block-columns-is-layout-flex\">\n<div class=\"wp-block-column is-layout-flow wp-block-column-is-layout-flow\">\n<figure class=\"wp-block-image size-large\"><img loading=\"lazy\" decoding=\"async\" width=\"1024\" height=\"682\" src=\"https:\/\/groupe-grim.com\/cupra\/wp-content\/uploads\/2023\/01\/ABT-CUPRA-team-gears-up-for-Rounds-2-and-3-of-Formula-E-2023-in-Saudi-Arabia-this-weekend_01_HQ-2-1024x682.jpg\" alt=\"ABT CUPRA x FORMULE E 2023\" class=\"wp-image-1843\" srcset=\"https:\/\/groupe-grim.com\/cupra\/wp-content\/uploads\/2023\/01\/ABT-CUPRA-team-gears-up-for-Rounds-2-and-3-of-Formula-E-2023-in-Saudi-Arabia-this-weekend_01_HQ-2-980x653.jpg 980w, https:\/\/groupe-grim.com\/cupra\/wp-content\/uploads\/2023\/01\/ABT-CUPRA-team-gears-up-for-Rounds-2-and-3-of-Formula-E-2023-in-Saudi-Arabia-this-weekend_01_HQ-2-480x320.jpg 480w\" sizes=\"(min-width: 0px) and (max-width: 480px) 480px, (min-width: 481px) and (max-width: 980px) 980px, (min-width: 981px) 1024px, 100vw\" \/><\/figure>\n<\/div>\n\n\n\n<div class=\"wp-block-column is-layout-flow wp-block-column-is-layout-flow\">\n<figure class=\"wp-block-image size-large\"><img loading=\"lazy\" decoding=\"async\" width=\"1024\" height=\"683\" src=\"https:\/\/groupe-grim.com\/cupra\/wp-content\/uploads\/2023\/01\/ABT-CUPRA-team-gears-up-for-Rounds-2-and-3-of-Formula-E-2023-in-Saudi-Arabia-this-weekend_02_HQ-1-1024x683.jpg\" alt=\"ABT CUPRA x FORMULE E 2023\" class=\"wp-image-1842\" srcset=\"https:\/\/groupe-grim.com\/cupra\/wp-content\/uploads\/2023\/01\/ABT-CUPRA-team-gears-up-for-Rounds-2-and-3-of-Formula-E-2023-in-Saudi-Arabia-this-weekend_02_HQ-1-980x653.jpg 980w, https:\/\/groupe-grim.com\/cupra\/wp-content\/uploads\/2023\/01\/ABT-CUPRA-team-gears-up-for-Rounds-2-and-3-of-Formula-E-2023-in-Saudi-Arabia-this-weekend_02_HQ-1-480x320.jpg 480w\" sizes=\"(min-width: 0px) and (max-width: 480px) 480px, (min-width: 481px) and (max-width: 980px) 980px, (min-width: 981px) 1024px, 100vw\" \/><\/figure>\n<\/div>\n<\/div>\n\n\n\n<p><\/p>\n\n\n\n<p>L&rsquo;\u00e9quipe ABT CUPRA tentera de r\u00e9aliser un bon r\u00e9sultat lors de cette deuxi\u00e8me semaine de course, les deux pilotes s&rsquo;effor\u00e7ant d&rsquo;obtenir leurs premiers points de la saison.<\/p>\n\n\n\n<p>Le programme du week-end d\u00e9butera par une s\u00e9ance d&rsquo;essais libres le 26 janvier, avant que soit donn\u00e9 le d\u00e9part de la premi\u00e8re course le vendredi 27 janvier \u00e0 20h (heure locale). La troisi\u00e8me manche se d\u00e9roulera le lendemain soir, avec un d\u00e9part \u00e0 20 heures l\u00e0 encore.<\/p>\n\n\n\n<blockquote class=\"wp-block-quote is-layout-flow wp-block-quote-is-layout-flow\">\n<p>\u00ab\u00a0Bien que nous n&rsquo;ayons pas marqu\u00e9 de points au Mexique, les s\u00e9ances d&rsquo;essais et la course ont \u00e9t\u00e9 importantes pour toute notre \u00e9quipe. Nous avons trouv\u00e9 quelques approches int\u00e9ressantes que nous voulons exploiter \u00e0 Diriyah. Ces deux jours complets de course sont synonymes de beaucoup de temps au volant et d&rsquo;une exp\u00e9rience suppl\u00e9mentaire pr\u00e9cieuse\u00a0\u00bb.<\/p>\n<cite>a d\u00e9clar\u00e9 Nico M\u00fcller<\/cite><\/blockquote>\n\n\n\n<p><\/p>\n\n\n\n<div class=\"wp-block-columns is-layout-flex wp-container-core-columns-is-layout-9d6595d7 wp-block-columns-is-layout-flex\">\n<div class=\"wp-block-column is-layout-flow wp-block-column-is-layout-flow\">\n<figure class=\"wp-block-image size-large\"><img loading=\"lazy\" decoding=\"async\" width=\"1024\" height=\"683\" src=\"https:\/\/groupe-grim.com\/cupra\/wp-content\/uploads\/2023\/01\/ABT-CUPRA-team-gears-up-for-Rounds-2-and-3-of-Formula-E-2023-in-Saudi-Arabia-this-weekend_03_HQ-1024x683.jpg\" alt=\"ABT CUPRA x FORMULE E 2023\" class=\"wp-image-1844\" srcset=\"https:\/\/groupe-grim.com\/cupra\/wp-content\/uploads\/2023\/01\/ABT-CUPRA-team-gears-up-for-Rounds-2-and-3-of-Formula-E-2023-in-Saudi-Arabia-this-weekend_03_HQ-980x653.jpg 980w, https:\/\/groupe-grim.com\/cupra\/wp-content\/uploads\/2023\/01\/ABT-CUPRA-team-gears-up-for-Rounds-2-and-3-of-Formula-E-2023-in-Saudi-Arabia-this-weekend_03_HQ-480x320.jpg 480w\" sizes=\"(min-width: 0px) and (max-width: 480px) 480px, (min-width: 481px) and (max-width: 980px) 980px, (min-width: 981px) 1024px, 100vw\" \/><\/figure>\n<\/div>\n\n\n\n<div class=\"wp-block-column is-layout-flow wp-block-column-is-layout-flow\">\n<figure class=\"wp-block-image size-large\"><img loading=\"lazy\" decoding=\"async\" width=\"1024\" height=\"683\" src=\"https:\/\/groupe-grim.com\/cupra\/wp-content\/uploads\/2023\/01\/ABT-CUPRA-team-gears-up-for-Rounds-2-and-3-of-Formula-E-2023-in-Saudi-Arabia-this-weekend_04_HQ-1024x683.jpg\" alt=\"ABT CUPRA x FORMULE E 2023\" class=\"wp-image-1845\" srcset=\"https:\/\/groupe-grim.com\/cupra\/wp-content\/uploads\/2023\/01\/ABT-CUPRA-team-gears-up-for-Rounds-2-and-3-of-Formula-E-2023-in-Saudi-Arabia-this-weekend_04_HQ-980x653.jpg 980w, https:\/\/groupe-grim.com\/cupra\/wp-content\/uploads\/2023\/01\/ABT-CUPRA-team-gears-up-for-Rounds-2-and-3-of-Formula-E-2023-in-Saudi-Arabia-this-weekend_04_HQ-480x320.jpg 480w\" sizes=\"(min-width: 0px) and (max-width: 480px) 480px, (min-width: 481px) and (max-width: 980px) 980px, (min-width: 981px) 1024px, 100vw\" \/><\/figure>\n<\/div>\n<\/div>\n\n\n\n<blockquote class=\"wp-block-quote is-layout-flow wp-block-quote-is-layout-flow\">\n<p>\u00ab\u00a0J&rsquo;ai essay\u00e9 de me pr\u00e9parer de la meilleure fa\u00e7on possible : physiquement bien s\u00fbr, mais aussi en analysant toutes les donn\u00e9es et, bien entendu, sur simulateur. Les ing\u00e9nieurs et Nico (M\u00fcller) m&rsquo;apportent un pr\u00e9cieux soutien dans ce domaine. Je veux terminer la course et aider l&rsquo;\u00e9quipe \u00e0 aller encore plus loin dans le d\u00e9veloppement de notre projet\u00a0\u00bb.<\/p>\n<cite>a ajout\u00e9 Kelvin Van de Linde<\/cite><\/blockquote>\n\n\n\n<p><\/p>\n\n\n\n<p><\/p>\n\n\n\n<p class=\"has-text-align-center has-white-color has-black-background-color has-text-color has-background has-link-color wp-elements-3ab2785c04885fc527969196269d702c\"><strong><a href=\"https:\/\/www.groupe-grim.com\/rendez-vous\/\">Prendre RDV en ligne<\/a><\/strong><\/p>\n\n\n\n<p><\/p>\n\n\n\n<p class=\"has-text-align-center has-white-color has-black-background-color has-text-color has-background has-link-color wp-elements-44bf1fc55a8b83092b2cb471418ce2f6\"><strong>40 Avenue Georges Pompidou &#8211; 15000 Aurillac &#8211; 04 71 64 58 44<\/strong><\/p>\n\n\n\n<p><\/p>\n\n\n\n<p class=\"has-text-align-center\"><br>Pour tout renseignement sur&nbsp;<strong>CUPRA :<\/strong><\/p>\n\n\n\n<p class=\"has-text-align-center\"><a href=\"tel:0805021414\"><strong>08 05 02 14 14 (appel gratuit)<\/strong><\/a>&nbsp;du lundi au dimanche de 9h00 \u00e0 22h00<\/p>\n\n\n\n<p class=\"has-text-align-center\"><a href=\"https:\/\/www.groupe-grim.com\/rendez-vous\/\">Essayer un v\u00e9hicule<\/a>&nbsp;I&nbsp;<a href=\"https:\/\/www.grim-occasion.com\/reprise-de-votre-vehicule\/\" target=\"_blank\" rel=\"noreferrer noopener\">Demander une offre de reprise<\/a>&nbsp;I&nbsp;<a href=\"https:\/\/www.groupe-grim.com\/rendez-vous\/\">Demander Une offre de financement<\/a>&nbsp;I&nbsp;<a href=\"https:\/\/www.grim-occasion.com\/voitures\/?_brand=jaguar%2Cland-rover\" target=\"_blank\" rel=\"noreferrer noopener\">GRIM Occasion<\/a><\/p>\n\n\n\n<p class=\"has-text-align-center\">CUPRA \u2022 Aurillac \u2013 Saint Flour<\/p>\n\n\n\n<p><\/p>\n\n\n\n<p class=\"has-text-align-center\"><\/p>\n","protected":false},"excerpt":{"rendered":"<p>L&rsquo;\u00e9quipe ABT CUPRA se pr\u00e9pare pour les 2\u00e8me et 3\u00e8me manches du championnat de Formule E 2023 ce week-end en Arabie Saoudite.<\/p>\n","protected":false},"author":2,"featured_media":1849,"comment_status":"closed","ping_status":"closed","sticky":false,"template":"","format":"standard","meta":{"_et_pb_use_builder":"off","_et_pb_old_content":"","_et_gb_content_width":"","two_page_speed":[],"footnotes":""},"categories":[5],"tags":[],"class_list":["post-1836","post","type-post","status-publish","format-standard","has-post-thumbnail","hentry","category-actualites-cupra"],"_links":{"self":[{"href":"https:\/\/groupe-grim.com\/cupra\/wp-json\/wp\/v2\/posts\/1836","targetHints":{"allow":["GET"]}}],"collection":[{"href":"https:\/\/groupe-grim.com\/cupra\/wp-json\/wp\/v2\/posts"}],"about":[{"href":"https:\/\/groupe-grim.com\/cupra\/wp-json\/wp\/v2\/types\/post"}],"author":[{"embeddable":true,"href":"https:\/\/groupe-grim.com\/cupra\/wp-json\/wp\/v2\/users\/2"}],"replies":[{"embeddable":true,"href":"https:\/\/groupe-grim.com\/cupra\/wp-json\/wp\/v2\/comments?post=1836"}],"version-history":[{"count":4,"href":"https:\/\/groupe-grim.com\/cupra\/wp-json\/wp\/v2\/posts\/1836\/revisions"}],"predecessor-version":[{"id":7310,"href":"https:\/\/groupe-grim.com\/cupra\/wp-json\/wp\/v2\/posts\/1836\/revisions\/7310"}],"wp:featuredmedia":[{"embeddable":true,"href":"https:\/\/groupe-grim.com\/cupra\/wp-json\/wp\/v2\/media\/1849"}],"wp:attachment":[{"href":"https:\/\/groupe-grim.com\/cupra\/wp-json\/wp\/v2\/media?parent=1836"}],"wp:term":[{"taxonomy":"category","embeddable":true,"href":"https:\/\/groupe-grim.com\/cupra\/wp-json\/wp\/v2\/categories?post=1836"},{"taxonomy":"post_tag","embeddable":true,"href":"https:\/\/groupe-grim.com\/cupra\/wp-json\/wp\/v2\/tags?post=1836"}],"curies":[{"name":"wp","href":"https:\/\/api.w.org\/{rel}","templated":true}]}}