{"id":1850,"date":"2023-01-31T16:44:52","date_gmt":"2023-01-31T16:44:52","guid":{"rendered":"https:\/\/groupe-grim.com\/cupra\/?p=1850"},"modified":"2024-09-11T15:49:02","modified_gmt":"2024-09-11T15:49:02","slug":"abt-cupra-xe","status":"publish","type":"post","link":"https:\/\/groupe-grim.com\/cupra\/abt-cupra-xe\/","title":{"rendered":"ABT CUPRA XE"},"content":{"rendered":"\n<ul class=\"wp-block-list\">\n<li><strong>CUPRA renforce son engagement dans la comp\u00e9tition \u00e9lectrique en confirmant sa participation \u00e0 la saison 2023 d&rsquo;Extreme E<\/strong><\/li>\n\n\n\n<li><strong>L&rsquo;\u00e9toile montante Klara Andersson rejoint l&rsquo;\u00e9quipe ABT CUPRA XE et devient pilote titulaire aux c\u00f4t\u00e9s de Nasser Al-Attiyah, qui poursuit sa collaboration avec l&rsquo;\u00e9quipe pour la saison 2023<\/strong><\/li>\n\n\n\n<li><strong>L&rsquo;\u00e9quipe d\u00e9voile \u00e9galement une nouvelle livr\u00e9e pour la CUPRA Tavascan XE, une voiture tout-terrain enti\u00e8rement \u00e9lectrique, qui est assortie au design de l&rsquo;UrbanRebel avec une peinture multicouche et un effet cam\u00e9l\u00e9on<\/strong><\/li>\n<\/ul>\n\n\n\n<p>ABT CUPRA XE confirme sa participation \u00e0 la saison 2023 d&rsquo;Extreme E, et d\u00e9voile une nouvelle livr\u00e9e pour la Tavascan XE. L&rsquo;\u00e9quipe en profite \u00e9galement pour d\u00e9voiler le nom de ses pilotes pour cette nouvelle saison. Apr\u00e8s des performances impressionnantes l&rsquo;ann\u00e9e derni\u00e8re, notamment un podium au Chili en septembre et la victoire de l&rsquo;\u00e9quipe \u00e0 l&rsquo;Energy X Prix en Uruguay en novembre, Klara Andersson devient titulaire et rejoint Nasser Al-Attiyah.<\/p>\n\n\n\n<p><\/p>\n\n\n\n<figure class=\"wp-block-embed is-type-video is-provider-youtube wp-block-embed-youtube wp-embed-aspect-16-9 wp-has-aspect-ratio\"><div class=\"wp-block-embed__wrapper\">\n<iframe loading=\"lazy\" title=\"ABT CUPRA XE&#039;s 2023 season is on new livery and Klara Andersson joining Nasser Al Attiyah\" width=\"1080\" height=\"608\" src=\"https:\/\/www.youtube.com\/embed\/4Vk97yErJVQ?start=1&#038;feature=oembed\"  allow=\"accelerometer; autoplay; clipboard-write; encrypted-media; gyroscope; picture-in-picture; web-share\" allowfullscreen><\/iframe>\n<\/div><\/figure>\n\n\n\n<p><\/p>\n\n\n\n<p>Le championnat Extreme E vise \u00e0 encourager les mesures concr\u00e8tes afin de pr\u00e9server la plan\u00e8te. Les courses de voitures \u00e9lectriques tout-terrain dans des environnements naturels menac\u00e9s par le changement climatique mettent en \u00e9vidence la fa\u00e7on dont nous pouvons pr\u00e9venir d&rsquo;autres dommages, et contribuer au d\u00e9veloppement durable. CUPRA est engag\u00e9e en Extreme E depuis le d\u00e9but du championnat avec lequel la marque partage les m\u00eames valeurs. En effet, ce fut la premi\u00e8re marque automobile \u00e0 annoncer sa participation d\u00e8s 2021, en s&rsquo;associant \u00e0 ABT Sportsline en tant que partenaire principal de l&rsquo;\u00e9quipe. L&rsquo;Extreme E est \u00e9galement l&rsquo;une des seules grandes comp\u00e9titions de course automobile \u00e0 aligner des \u00e9quipes de pilotes mixtes. Une caract\u00e9ristique qui correspond \u00e0 l&rsquo;engagement de CUPRA en faveur de l&rsquo;\u00e9galit\u00e9 des sexes. Faire partie de la tribu CUPRA ne se r\u00e9sume pas au genre mais \u00e0 un \u00e9tat d&rsquo;esprit, une mentalit\u00e9 et une attitude.<\/p>\n\n\n\n<p>Apr\u00e8s une deuxi\u00e8me saison qui s&rsquo;est conclue par une sixi\u00e8me place au classement g\u00e9n\u00e9ral, l&rsquo;\u00e9quipe ABT CUPRA XE se concentre d\u00e9sormais sur la r\u00e9gularit\u00e9 des r\u00e9sultats pour sa troisi\u00e8me saison. Durant cette deuxi\u00e8me saison au sein de l&rsquo;\u00e9quipe ABT CUPRA XE, le quintuple vainqueur du Dakar Nasser Al-Attiyah (2011, 2015, 2019, 2022 et l&rsquo;\u00e9dition 2023) fera \u00e9quipe avec l&rsquo;\u00e9toile montante du World RX Klara Andersson.<\/p>\n\n\n\n<p><\/p>\n\n\n\n<div class=\"wp-block-columns is-layout-flex wp-container-core-columns-is-layout-9d6595d7 wp-block-columns-is-layout-flex\">\n<div class=\"wp-block-column is-layout-flow wp-block-column-is-layout-flow\">\n<figure class=\"wp-block-image size-large\"><img loading=\"lazy\" decoding=\"async\" width=\"1024\" height=\"683\" src=\"https:\/\/groupe-grim.com\/cupra\/wp-content\/uploads\/2023\/01\/ABT-CUPRA-XEs-2023-season-is-on-new-livery-and-Klara-Andersson-joining-Nasser-Al-Attiyah-behind-the-wheel_07_HQ-1024x683.jpg\" alt=\"ABT CUPRA XE\" class=\"wp-image-1853\" srcset=\"https:\/\/groupe-grim.com\/cupra\/wp-content\/uploads\/2023\/01\/ABT-CUPRA-XEs-2023-season-is-on-new-livery-and-Klara-Andersson-joining-Nasser-Al-Attiyah-behind-the-wheel_07_HQ-980x653.jpg 980w, https:\/\/groupe-grim.com\/cupra\/wp-content\/uploads\/2023\/01\/ABT-CUPRA-XEs-2023-season-is-on-new-livery-and-Klara-Andersson-joining-Nasser-Al-Attiyah-behind-the-wheel_07_HQ-480x320.jpg 480w\" sizes=\"(min-width: 0px) and (max-width: 480px) 480px, (min-width: 481px) and (max-width: 980px) 980px, (min-width: 981px) 1024px, 100vw\" \/><\/figure>\n<\/div>\n\n\n\n<div class=\"wp-block-column is-layout-flow wp-block-column-is-layout-flow\">\n<figure class=\"wp-block-image size-large\"><img loading=\"lazy\" decoding=\"async\" width=\"1024\" height=\"683\" src=\"https:\/\/groupe-grim.com\/cupra\/wp-content\/uploads\/2023\/01\/ABT-CUPRA-XEs-2023-season-is-on-new-livery-and-Klara-Andersson-joining-Nasser-Al-Attiyah-behind-the-wheel_08_HQ-1024x683.jpg\" alt=\"ABT CUPRA XE\" class=\"wp-image-1856\" srcset=\"https:\/\/groupe-grim.com\/cupra\/wp-content\/uploads\/2023\/01\/ABT-CUPRA-XEs-2023-season-is-on-new-livery-and-Klara-Andersson-joining-Nasser-Al-Attiyah-behind-the-wheel_08_HQ-980x653.jpg 980w, https:\/\/groupe-grim.com\/cupra\/wp-content\/uploads\/2023\/01\/ABT-CUPRA-XEs-2023-season-is-on-new-livery-and-Klara-Andersson-joining-Nasser-Al-Attiyah-behind-the-wheel_08_HQ-480x320.jpg 480w\" sizes=\"(min-width: 0px) and (max-width: 480px) 480px, (min-width: 481px) and (max-width: 980px) 980px, (min-width: 981px) 1024px, 100vw\" \/><\/figure>\n<\/div>\n<\/div>\n\n\n\n<div class=\"wp-block-columns is-layout-flex wp-container-core-columns-is-layout-9d6595d7 wp-block-columns-is-layout-flex\">\n<div class=\"wp-block-column is-layout-flow wp-block-column-is-layout-flow\">\n<figure class=\"wp-block-image size-large\"><img loading=\"lazy\" decoding=\"async\" width=\"1024\" height=\"683\" src=\"https:\/\/groupe-grim.com\/cupra\/wp-content\/uploads\/2023\/01\/ABT-CUPRA-XEs-2023-season-is-on-new-livery-and-Klara-Andersson-joining-Nasser-Al-Attiyah-behind-the-wheel_05_HQ-1-1024x683.jpg\" alt=\"ABT CUPRA XE\" class=\"wp-image-1857\" srcset=\"https:\/\/groupe-grim.com\/cupra\/wp-content\/uploads\/2023\/01\/ABT-CUPRA-XEs-2023-season-is-on-new-livery-and-Klara-Andersson-joining-Nasser-Al-Attiyah-behind-the-wheel_05_HQ-1-980x653.jpg 980w, https:\/\/groupe-grim.com\/cupra\/wp-content\/uploads\/2023\/01\/ABT-CUPRA-XEs-2023-season-is-on-new-livery-and-Klara-Andersson-joining-Nasser-Al-Attiyah-behind-the-wheel_05_HQ-1-480x320.jpg 480w\" sizes=\"(min-width: 0px) and (max-width: 480px) 480px, (min-width: 481px) and (max-width: 980px) 980px, (min-width: 981px) 1024px, 100vw\" \/><\/figure>\n<\/div>\n\n\n\n<div class=\"wp-block-column is-layout-flow wp-block-column-is-layout-flow\">\n<figure class=\"wp-block-image size-large\"><img loading=\"lazy\" decoding=\"async\" width=\"1024\" height=\"683\" src=\"https:\/\/groupe-grim.com\/cupra\/wp-content\/uploads\/2023\/01\/ABT-CUPRA-XEs-2023-season-is-on-new-livery-and-Klara-Andersson-joining-Nasser-Al-Attiyah-behind-the-wheel_06_HQ-1024x683.jpg\" alt=\"ABT CUPRA XE\" class=\"wp-image-1855\" srcset=\"https:\/\/groupe-grim.com\/cupra\/wp-content\/uploads\/2023\/01\/ABT-CUPRA-XEs-2023-season-is-on-new-livery-and-Klara-Andersson-joining-Nasser-Al-Attiyah-behind-the-wheel_06_HQ-980x653.jpg 980w, https:\/\/groupe-grim.com\/cupra\/wp-content\/uploads\/2023\/01\/ABT-CUPRA-XEs-2023-season-is-on-new-livery-and-Klara-Andersson-joining-Nasser-Al-Attiyah-behind-the-wheel_06_HQ-480x320.jpg 480w\" sizes=\"(min-width: 0px) and (max-width: 480px) 480px, (min-width: 481px) and (max-width: 980px) 980px, (min-width: 981px) 1024px, 100vw\" \/><\/figure>\n<\/div>\n<\/div>\n\n\n\n<p>Cette saison, la voiture de l&rsquo;\u00e9quipe arborera une nouvelle livr\u00e9e qui est assortie \u00e0 celle de l&rsquo;UrbanRebel, de l&rsquo;ABT CUPRA GEN3 en Formule E et de la CUPRA e-Racer. Une peinture multicouche qui combine un violet profond et un jaune n\u00e9on, cr\u00e9ant un effet cam\u00e9l\u00e9on sur la carrosserie. La voiture de course tout-terrain 100 % \u00e9lectrique laisse ainsi entrevoir le langage de design qui sera utilis\u00e9 pour la future CUPRA Tavascan de s\u00e9rie. Con\u00e7u \u00e0 Barcelone, ce deuxi\u00e8me mod\u00e8le 100 % \u00e9lectrique de la marque sera commercialis\u00e9 en Europe et sur les march\u00e9s internationaux en 2024.<\/p>\n\n\n\n<p>Le championnat Extreme E contribue \u00e0 renforcer les travaux de recherche sur l&rsquo;\u00e9lectrification de CUPRA, tout en favorisant l&rsquo;\u00e9lectrification, le d\u00e9veloppement durable, la sensibilisation \u00e0 l&rsquo;environnement et l&rsquo;\u00e9galit\u00e9 des sexes.<\/p>\n\n\n\n<blockquote class=\"wp-block-quote is-layout-flow wp-block-quote-is-layout-flow\">\n<p>\u00ab\u00a0notre deuxi\u00e8me saison nous a permis de faire de s\u00e9rieux progr\u00e8s en termes de compr\u00e9hension sur la fa\u00e7on dont nous travaillons au mieux en tant qu&rsquo;\u00e9quipe. Nous avons termin\u00e9 la saison en multipliant les bons r\u00e9sultats, et nous voulons continuer sur cette lanc\u00e9e. Nos objectifs sont clairs : nous voulons nous battre pour le titre. L&rsquo;arriv\u00e9e de Klara dans l&rsquo;\u00e9quipe nous apporte l&rsquo;exp\u00e9rience de la victoire en course, et j&rsquo;ai h\u00e2te de les voir, elle et Nasser, se mesurer \u00e0 nouveau \u00e0 la concurrence.\u00a0\u00bb<\/p>\n<cite>a d\u00e9clar\u00e9 Xavi Serra, responsable de CUPRA Racing&nbsp;<\/cite><\/blockquote>\n\n\n\n<p><\/p>\n\n\n\n<div class=\"wp-block-columns is-layout-flex wp-container-core-columns-is-layout-9d6595d7 wp-block-columns-is-layout-flex\">\n<div class=\"wp-block-column is-layout-flow wp-block-column-is-layout-flow\">\n<figure class=\"wp-block-image size-large\"><img loading=\"lazy\" decoding=\"async\" width=\"1024\" height=\"576\" src=\"https:\/\/groupe-grim.com\/cupra\/wp-content\/uploads\/2023\/01\/ABT-CUPRA-XEs-2023-season-is-on-new-livery-and-Klara-Andersson-joining-Nasser-Al-Attiyah-behind-the-wheel_01_HQ-1024x576.jpg\" alt=\"ABT CUPRA XE\" class=\"wp-image-1854\" srcset=\"https:\/\/groupe-grim.com\/cupra\/wp-content\/uploads\/2023\/01\/ABT-CUPRA-XEs-2023-season-is-on-new-livery-and-Klara-Andersson-joining-Nasser-Al-Attiyah-behind-the-wheel_01_HQ-980x551.jpg 980w, https:\/\/groupe-grim.com\/cupra\/wp-content\/uploads\/2023\/01\/ABT-CUPRA-XEs-2023-season-is-on-new-livery-and-Klara-Andersson-joining-Nasser-Al-Attiyah-behind-the-wheel_01_HQ-480x270.jpg 480w\" sizes=\"(min-width: 0px) and (max-width: 480px) 480px, (min-width: 481px) and (max-width: 980px) 980px, (min-width: 981px) 1024px, 100vw\" \/><\/figure>\n<\/div>\n\n\n\n<div class=\"wp-block-column is-layout-flow wp-block-column-is-layout-flow\">\n<figure class=\"wp-block-image size-large\"><img loading=\"lazy\" decoding=\"async\" width=\"1024\" height=\"683\" src=\"https:\/\/groupe-grim.com\/cupra\/wp-content\/uploads\/2023\/01\/ABT-CUPRA-XEs-2023-season-is-on-new-livery-and-Klara-Andersson-joining-Nasser-Al-Attiyah-behind-the-wheel_02_HQ-1024x683.jpg\" alt=\"ABT CUPRA XE\" class=\"wp-image-1859\" srcset=\"https:\/\/groupe-grim.com\/cupra\/wp-content\/uploads\/2023\/01\/ABT-CUPRA-XEs-2023-season-is-on-new-livery-and-Klara-Andersson-joining-Nasser-Al-Attiyah-behind-the-wheel_02_HQ-980x654.jpg 980w, https:\/\/groupe-grim.com\/cupra\/wp-content\/uploads\/2023\/01\/ABT-CUPRA-XEs-2023-season-is-on-new-livery-and-Klara-Andersson-joining-Nasser-Al-Attiyah-behind-the-wheel_02_HQ-480x320.jpg 480w\" sizes=\"(min-width: 0px) and (max-width: 480px) 480px, (min-width: 481px) and (max-width: 980px) 980px, (min-width: 981px) 1024px, 100vw\" \/><\/figure>\n<\/div>\n<\/div>\n\n\n\n<div class=\"wp-block-columns is-layout-flex wp-container-core-columns-is-layout-9d6595d7 wp-block-columns-is-layout-flex\">\n<div class=\"wp-block-column is-layout-flow wp-block-column-is-layout-flow\">\n<figure class=\"wp-block-image size-large\"><img loading=\"lazy\" decoding=\"async\" width=\"1024\" height=\"683\" src=\"https:\/\/groupe-grim.com\/cupra\/wp-content\/uploads\/2023\/01\/ABT-CUPRA-XEs-2023-season-is-on-new-livery-and-Klara-Andersson-joining-Nasser-Al-Attiyah-behind-the-wheel_03_HQ-1024x683.jpg\" alt=\"ABT CUPRA XE\" class=\"wp-image-1858\" srcset=\"https:\/\/groupe-grim.com\/cupra\/wp-content\/uploads\/2023\/01\/ABT-CUPRA-XEs-2023-season-is-on-new-livery-and-Klara-Andersson-joining-Nasser-Al-Attiyah-behind-the-wheel_03_HQ-980x654.jpg 980w, https:\/\/groupe-grim.com\/cupra\/wp-content\/uploads\/2023\/01\/ABT-CUPRA-XEs-2023-season-is-on-new-livery-and-Klara-Andersson-joining-Nasser-Al-Attiyah-behind-the-wheel_03_HQ-480x320.jpg 480w\" sizes=\"(min-width: 0px) and (max-width: 480px) 480px, (min-width: 481px) and (max-width: 980px) 980px, (min-width: 981px) 1024px, 100vw\" \/><\/figure>\n<\/div>\n\n\n\n<div class=\"wp-block-column is-layout-flow wp-block-column-is-layout-flow\">\n<figure class=\"wp-block-image size-large\"><img loading=\"lazy\" decoding=\"async\" width=\"1024\" height=\"683\" src=\"https:\/\/groupe-grim.com\/cupra\/wp-content\/uploads\/2023\/01\/ABT-CUPRA-XEs-2023-season-is-on-new-livery-and-Klara-Andersson-joining-Nasser-Al-Attiyah-behind-the-wheel_04_HQ-1024x683.jpg\" alt=\"ABT CUPRA XE\" class=\"wp-image-1860\" srcset=\"https:\/\/groupe-grim.com\/cupra\/wp-content\/uploads\/2023\/01\/ABT-CUPRA-XEs-2023-season-is-on-new-livery-and-Klara-Andersson-joining-Nasser-Al-Attiyah-behind-the-wheel_04_HQ-980x654.jpg 980w, https:\/\/groupe-grim.com\/cupra\/wp-content\/uploads\/2023\/01\/ABT-CUPRA-XEs-2023-season-is-on-new-livery-and-Klara-Andersson-joining-Nasser-Al-Attiyah-behind-the-wheel_04_HQ-480x320.jpg 480w\" sizes=\"(min-width: 0px) and (max-width: 480px) 480px, (min-width: 481px) and (max-width: 980px) 980px, (min-width: 981px) 1024px, 100vw\" \/><\/figure>\n<\/div>\n<\/div>\n\n\n\n<p><\/p>\n\n\n\n<p>La CUPRA Tavascan XE dot\u00e9e de sa nouvelle livr\u00e9e sera pr\u00e9sent\u00e9e ce week-end (28 et 29 janvier) \u00e0 Pite Havsbad, en Su\u00e8de. L&rsquo;occasion pour Klara Andersson pour faire des d\u00e9monstrations \u00e0 son volant lors de la Race of Champions. Le premier week-end de course de la saison 2023 d&rsquo;Extreme E se d\u00e9roulera les 11 et 12 mars en Arabie Saoudite.<\/p>\n\n\n\n<p>Cette ann\u00e9e, CUPRA a encore \u00e9largi son \u00e9cosyst\u00e8me d\u00e9di\u00e9 \u00e0 la comp\u00e9tition \u00e9lectrique en rejoignant ABT pour concourir en Formule E. L&rsquo;\u00e9quipe ABT CUPRA a d\u00e9but\u00e9 sa saison de Formule E le 14 janvier dernier \u00e0 Mexico City, et la prochaine course est pr\u00e9vue les 27 et 28 janvier prochains en Arabie Saoudite l\u00e0 encore.<\/p>\n\n\n\n<p><\/p>\n\n\n\n<p class=\"has-text-align-center has-white-color has-black-background-color has-text-color has-background has-link-color wp-elements-3ab2785c04885fc527969196269d702c\"><strong><a href=\"https:\/\/www.groupe-grim.com\/rendez-vous\/\">Prendre RDV en ligne<\/a><\/strong><\/p>\n\n\n\n<p><\/p>\n\n\n\n<p class=\"has-text-align-center has-white-color has-black-background-color has-text-color has-background has-link-color wp-elements-44bf1fc55a8b83092b2cb471418ce2f6\"><strong>40 Avenue Georges Pompidou &#8211; 15000 Aurillac &#8211; 04 71 64 58 44<\/strong><\/p>\n\n\n\n<p><\/p>\n\n\n\n<p class=\"has-text-align-center\"><br>Pour tout renseignement sur&nbsp;<strong>CUPRA :<\/strong><\/p>\n\n\n\n<p class=\"has-text-align-center\"><a href=\"tel:0805021414\"><strong>08 05 02 14 14 (appel gratuit)<\/strong><\/a>&nbsp;du lundi au dimanche de 9h00 \u00e0 22h00<\/p>\n\n\n\n<p class=\"has-text-align-center\"><a href=\"https:\/\/www.groupe-grim.com\/rendez-vous\/\">Essayer un v\u00e9hicule<\/a>&nbsp;I&nbsp;<a href=\"https:\/\/www.grim-occasion.com\/reprise-de-votre-vehicule\/\" target=\"_blank\" rel=\"noreferrer noopener\">Demander une offre de reprise<\/a>&nbsp;I&nbsp;<a href=\"https:\/\/www.groupe-grim.com\/rendez-vous\/\">Demander Une offre de financement<\/a>&nbsp;I&nbsp;<a href=\"https:\/\/www.grim-occasion.com\/voitures\/?_brand=jaguar%2Cland-rover\" target=\"_blank\" rel=\"noreferrer noopener\">GRIM Occasion<\/a><\/p>\n\n\n\n<p class=\"has-text-align-center\">CUPRA \u2022 Aurillac \u2013 Saint Flour<\/p>\n\n\n\n<p><\/p>\n\n\n\n<p><\/p>\n\n\n\n<p><\/p>\n\n\n\n<p class=\"has-text-align-center\"><\/p>\n","protected":false},"excerpt":{"rendered":"<p>La saison 2023 est lanc\u00e9e pour l&rsquo;\u00e9quipe ABT CUPRA XE : une nouvelle livr\u00e9e pour la CUPRA Tavascan XE avec Klara Andersson et Nasser Al-Attiyah au volant.<\/p>\n","protected":false},"author":2,"featured_media":1851,"comment_status":"closed","ping_status":"closed","sticky":false,"template":"","format":"standard","meta":{"_et_pb_use_builder":"off","_et_pb_old_content":"","_et_gb_content_width":"","two_page_speed":[],"footnotes":""},"categories":[5],"tags":[],"class_list":["post-1850","post","type-post","status-publish","format-standard","has-post-thumbnail","hentry","category-actualites-cupra"],"_links":{"self":[{"href":"https:\/\/groupe-grim.com\/cupra\/wp-json\/wp\/v2\/posts\/1850","targetHints":{"allow":["GET"]}}],"collection":[{"href":"https:\/\/groupe-grim.com\/cupra\/wp-json\/wp\/v2\/posts"}],"about":[{"href":"https:\/\/groupe-grim.com\/cupra\/wp-json\/wp\/v2\/types\/post"}],"author":[{"embeddable":true,"href":"https:\/\/groupe-grim.com\/cupra\/wp-json\/wp\/v2\/users\/2"}],"replies":[{"embeddable":true,"href":"https:\/\/groupe-grim.com\/cupra\/wp-json\/wp\/v2\/comments?post=1850"}],"version-history":[{"count":3,"href":"https:\/\/groupe-grim.com\/cupra\/wp-json\/wp\/v2\/posts\/1850\/revisions"}],"predecessor-version":[{"id":7311,"href":"https:\/\/groupe-grim.com\/cupra\/wp-json\/wp\/v2\/posts\/1850\/revisions\/7311"}],"wp:featuredmedia":[{"embeddable":true,"href":"https:\/\/groupe-grim.com\/cupra\/wp-json\/wp\/v2\/media\/1851"}],"wp:attachment":[{"href":"https:\/\/groupe-grim.com\/cupra\/wp-json\/wp\/v2\/media?parent=1850"}],"wp:term":[{"taxonomy":"category","embeddable":true,"href":"https:\/\/groupe-grim.com\/cupra\/wp-json\/wp\/v2\/categories?post=1850"},{"taxonomy":"post_tag","embeddable":true,"href":"https:\/\/groupe-grim.com\/cupra\/wp-json\/wp\/v2\/tags?post=1850"}],"curies":[{"name":"wp","href":"https:\/\/api.w.org\/{rel}","templated":true}]}}