{"id":3405,"date":"2023-08-16T07:55:58","date_gmt":"2023-08-16T07:55:58","guid":{"rendered":"https:\/\/groupe-grim.com\/cupra\/?p=3405"},"modified":"2024-07-25T08:28:53","modified_gmt":"2024-07-25T08:28:53","slug":"lelectrique-selon-cupra","status":"publish","type":"post","link":"https:\/\/groupe-grim.com\/cupra\/lelectrique-selon-cupra\/","title":{"rendered":"L\u2019\u00c9LECTRIQUE SELON CUPRA"},"content":{"rendered":"\n<p><\/p>\n\n\n\n<h1 class=\"wp-block-heading\">CHOISISSEZ VOTRE VOIE.<\/h1>\n\n\n\n<p><\/p>\n\n\n\n<p>Les versions e-HYBRID rechargeables combinent un moteur essence \u00e0 un moteur \u00e9lectrique. Un v\u00e9hicule 100 % \u00e9lectrique est propuls\u00e9 int\u00e9gralement par l\u2019\u00e9nergie \u00e9lectrique.<\/p>\n\n\n\n<div class=\"wp-block-columns is-layout-flex wp-container-core-columns-is-layout-9d6595d7 wp-block-columns-is-layout-flex\">\n<div class=\"wp-block-column is-layout-flow wp-block-column-is-layout-flow\">\n<p><\/p>\n\n\n\n<h4 class=\"wp-block-heading\">e-HYBRID.<\/h4>\n\n\n\n<p>La puissance du thermique, l\u2019efficience de l\u2019\u00e9lectrique, pour le meilleur des deux mondes. Partez pour de longs trajets en mode hybride ou profitez d\u2019une autonomie allant de 55 \u00e0 60 km en mode 100 % \u00e9lectrique. Profitez de la puissance des deux moteurs cumul\u00e9s et d\u2019\u00e9conomie d\u2019\u00e9nergie gr\u00e2ce \u00e0 l\u2019\u00e9nergie \u00e9lectrique.<\/p>\n<\/div>\n\n\n\n<div class=\"wp-block-column is-layout-flow wp-block-column-is-layout-flow\">\n<p><\/p>\n\n\n\n<h4 class=\"wp-block-heading\">100% \u00c9LECTRIQUE.<\/h4>\n\n\n\n<p>Vivez la r\u00e9volution \u00e9lectrique. 100% \u00e9lectrique et z\u00e9ro \u00e9missions \u00e0 chacun de vos d\u00e9placements. Rechargez vous facilement \u00e0 domicile ou \u00e0 une station de recharge et d\u00e9couvrez une nouvelle \u00e8re de performance durable avec le prochain v\u00e9hicule 100 % \u00e9lectrique de la marque : CUPRA Born. <a href=\"https:\/\/www.cupraofficial.fr\/voitures\/modeles\/born?idcmp=sea:10_BRAND:GOOGLE:Electric:cupra+electrique:NA:NA:cupra&amp;dns=true&amp;gclid=EAIaIQobChMIxrOZtJfcgAMVNItoCR0lcgbvEAAYASAAEgLiG_D_BwE&amp;gclsrc=aw.ds\" target=\"_blank\" rel=\"noopener\">CUPRA Born<\/a> conjugue design, performance et plaisir de conduite et garantit une large autonomie pour toujours plus de tranquillit\u00e9.<\/p>\n\n\n\n<p><\/p>\n\n\n\n<p><\/p>\n<\/div>\n<\/div>\n\n\n\n<figure class=\"wp-block-image size-large\"><img loading=\"lazy\" decoding=\"async\" width=\"1024\" height=\"681\" src=\"https:\/\/groupe-grim.com\/cupra\/wp-content\/uploads\/2023\/08\/CUPRA-Born-Vapor-Grey_10_HQ-1-1024x681.jpg\" alt=\"\" class=\"wp-image-3414\" srcset=\"https:\/\/groupe-grim.com\/cupra\/wp-content\/uploads\/2023\/08\/CUPRA-Born-Vapor-Grey_10_HQ-1-980x652.jpg 980w, https:\/\/groupe-grim.com\/cupra\/wp-content\/uploads\/2023\/08\/CUPRA-Born-Vapor-Grey_10_HQ-1-480x319.jpg 480w\" sizes=\"(min-width: 0px) and (max-width: 480px) 480px, (min-width: 481px) and (max-width: 980px) 980px, (min-width: 981px) 1024px, 100vw\" \/><\/figure>\n\n\n\n<p><\/p>\n\n\n\n<p><\/p>\n\n\n\n<h1 class=\"wp-block-heading\">AVANTAGES.<\/h1>\n\n\n\n<p><\/p>\n\n\n\n<p>Les motorisations hybrides rechargeables ou \u00e9lectriques offrent de nombreux avantages : \u00e9conomie d\u2019\u00e9nergie, r\u00e9duction des \u00e9missions, aides \u00e0 l\u2019achat.<\/p>\n\n\n\n<p><\/p>\n\n\n\n<div class=\"wp-block-columns is-layout-flex wp-container-core-columns-is-layout-9d6595d7 wp-block-columns-is-layout-flex\">\n<div class=\"wp-block-column is-layout-flow wp-block-column-is-layout-flow\">\n<h4 class=\"wp-block-heading\">\u00c9missions faibles \u00e0 nulles.<\/h4>\n\n\n\n<p>Les v\u00e9hicules \u00e9lectriques rechargeables vous permettent non seulement de r\u00e9aliser des \u00e9conomies de carburant et d\u2019argent, mais offrent \u00e9galement des \u00e9missions de CO<sup>2<\/sup>&nbsp;r\u00e9duites par rapport aux moteurs conventionnels.<\/p>\n<\/div>\n\n\n\n<div class=\"wp-block-column is-layout-flow wp-block-column-is-layout-flow\">\n<h4 class=\"wp-block-heading\">Des co\u00fbts r\u00e9duits.<\/h4>\n\n\n\n<p>Les v\u00e9hicules hybrides rechargeables permettent des \u00e9conomies d\u2019\u00e9nergie. Dans un cycle d\u2019utilisation normal avec recharge les consommations ainsi que les \u00e9missions sont largement r\u00e9duites.<\/p>\n<\/div>\n<\/div>\n\n\n\n<p><\/p>\n\n\n\n<p><\/p>\n\n\n\n<div class=\"wp-block-columns is-layout-flex wp-container-core-columns-is-layout-9d6595d7 wp-block-columns-is-layout-flex\">\n<div class=\"wp-block-column is-layout-flow wp-block-column-is-layout-flow\">\n<h4 class=\"wp-block-heading\">Subventions, remises et plans d\u2019exon\u00e9ration fiscale. <\/h4>\n\n\n\n<p>De nombreuses incitations sont propos\u00e9es aux conducteurs faisant la transition vers des v\u00e9hicules \u00e9lectriques.<\/p>\n<\/div>\n\n\n\n<div class=\"wp-block-column is-layout-flow wp-block-column-is-layout-flow\">\n<h4 class=\"wp-block-heading\">Plus de restrictions.<\/h4>\n\n\n\n<p>Allez o\u00f9 vous voulez, quand vous voulez. Pr\u00e8s de 300&nbsp;villes europ\u00e9ennes ont instaur\u00e9 des zones \u00e0 faibles \u00e9missions.<\/p>\n<\/div>\n<\/div>\n\n\n\n<p><\/p>\n\n\n\n<p><\/p>\n\n\n\n<p><\/p>\n\n\n\n<figure class=\"wp-block-gallery has-nested-images columns-default is-cropped wp-block-gallery-1 is-layout-flex wp-block-gallery-is-layout-flex\">\n<figure class=\"wp-block-image size-large\"><img loading=\"lazy\" decoding=\"async\" width=\"1024\" height=\"683\" data-id=\"3435\" src=\"https:\/\/groupe-grim.com\/cupra\/wp-content\/uploads\/2023\/08\/CUPRA-LEON-VZ_01_HQ-4-1024x683.jpg\" alt=\"\" class=\"wp-image-3435\" srcset=\"https:\/\/groupe-grim.com\/cupra\/wp-content\/uploads\/2023\/08\/CUPRA-LEON-VZ_01_HQ-4-980x653.jpg 980w, https:\/\/groupe-grim.com\/cupra\/wp-content\/uploads\/2023\/08\/CUPRA-LEON-VZ_01_HQ-4-480x320.jpg 480w\" sizes=\"(min-width: 0px) and (max-width: 480px) 480px, (min-width: 481px) and (max-width: 980px) 980px, (min-width: 981px) 1024px, 100vw\" \/><\/figure>\n\n\n\n<figure class=\"wp-block-image size-large\"><img loading=\"lazy\" decoding=\"async\" width=\"1024\" height=\"664\" data-id=\"3436\" src=\"https:\/\/groupe-grim.com\/cupra\/wp-content\/uploads\/2023\/08\/Covers-come-off-the-CUPRA-Formentor_01_HQ-1-1024x664.jpg\" alt=\"\" class=\"wp-image-3436\" srcset=\"https:\/\/groupe-grim.com\/cupra\/wp-content\/uploads\/2023\/08\/Covers-come-off-the-CUPRA-Formentor_01_HQ-1-980x635.jpg 980w, https:\/\/groupe-grim.com\/cupra\/wp-content\/uploads\/2023\/08\/Covers-come-off-the-CUPRA-Formentor_01_HQ-1-480x311.jpg 480w\" sizes=\"(min-width: 0px) and (max-width: 480px) 480px, (min-width: 481px) and (max-width: 980px) 980px, (min-width: 981px) 1024px, 100vw\" \/><\/figure>\n<\/figure>\n\n\n\n<p><\/p>\n\n\n\n<p><\/p>\n\n\n\n<p><\/p>\n\n\n\n<h1 class=\"wp-block-heading\">RECHARGE.<\/h1>\n\n\n\n<p><\/p>\n\n\n\n<p>La libert\u00e9 absolue d\u2019aller o\u00f9 vous le souhaitez. D\u00e9couvrez des solutions de recharge faciles qui s\u2019int\u00e8grent parfaitement dans votre vie quotidienne.<\/p>\n\n\n\n<p><\/p>\n\n\n\n<div class=\"wp-block-columns is-layout-flex wp-container-core-columns-is-layout-9d6595d7 wp-block-columns-is-layout-flex\">\n<div class=\"wp-block-column is-layout-flow wp-block-column-is-layout-flow\">\n<h4 class=\"wp-block-heading\">Chargement facile, partout.<\/h4>\n\n\n\n<p>Rapidit\u00e9, facilit\u00e9, flexibilit\u00e9. Rechargez votre batterie \u00e0 domicile ou en route, gr\u00e2ce aux stations de charge publiques.<\/p>\n<\/div>\n\n\n\n<div class=\"wp-block-column is-layout-flow wp-block-column-is-layout-flow\">\n<h4 class=\"wp-block-heading\">Temps de charge.<\/h4>\n\n\n\n<p>Une charge compl\u00e8te prend seulement 3&nbsp;heures et 30&nbsp;minutes, ce qui vous donne amplement le temps de profiter de la libert\u00e9 de la mobilit\u00e9 \u00e9lectrique.<\/p>\n<\/div>\n<\/div>\n\n\n\n<p><\/p>\n\n\n\n<p><\/p>\n\n\n\n<div class=\"wp-block-columns is-layout-flex wp-container-core-columns-is-layout-9d6595d7 wp-block-columns-is-layout-flex\">\n<div class=\"wp-block-column is-layout-flow wp-block-column-is-layout-flow\">\n<h4 class=\"wp-block-heading\">Solutions de recharge.<\/h4>\n\n\n\n<p>Simple et rapide, la wallbox est la solution id\u00e9ale de recharge \u00e0 domicile. Elle permet de recharger tous les jours d\u2019une mani\u00e8re rapide et s\u00e9curis\u00e9e. D\u00e9couvrez celle qui vous correspond.<\/p>\n<\/div>\n\n\n\n<div class=\"wp-block-column is-layout-flow wp-block-column-is-layout-flow\">\n<h4 class=\"wp-block-heading\">Des offres adapt\u00e9es<\/h4>\n\n\n\n<p>Il existe une offre pour chacun des profils : particuliers en logement individuel, copropri\u00e9t\u00e9s et professionnels&nbsp; ou recharge sur la route.<\/p>\n<\/div>\n<\/div>\n\n\n\n<p><\/p>\n\n\n\n<p><\/p>\n\n\n\n<p><\/p>\n\n\n\n<p class=\"has-text-align-center has-white-color has-black-background-color has-text-color has-background\"><strong><a href=\"https:\/\/www.groupe-grim.com\/rendez-vous\/cupra.html\">Prendre RDV en concession<\/a><\/strong><\/p>\n\n\n\n<p><\/p>\n\n\n\n<p class=\"has-text-align-center has-white-color has-black-background-color has-text-color has-background\"><strong>40 Avenue Georges Pompidou &#8211; 15000 Aurillac &#8211; 04 67 50 40 92<\/strong><\/p>\n\n\n\n<p><\/p>\n\n\n\n<p><\/p>\n\n\n\n<p class=\"has-text-align-center\">Pour tout renseignement sur<strong>\u00a0Cupra:<\/strong><\/p>\n\n\n\n<p class=\"has-text-align-center\"><a href=\"tel:0805021414\"><strong>04 67 50 40 92 (appel gratuit)<\/strong><\/a>&nbsp;du lundi au dimanche de 9h00 \u00e0 22h00<\/p>\n\n\n\n<p class=\"has-text-align-center\">CUPRA \u2022 Aurillac \u2013 Saint-Flour<\/p>\n","protected":false},"excerpt":{"rendered":"<p>L\u2019innovation \u00e0 l\u2019\u00e9tat pur avec les performances CUPRA alli\u00e9es aux avantages de l\u2019\u00e9lectrique : un couple moteur maximal et des \u00e9missions r\u00e9duites.<\/p>\n","protected":false},"author":2,"featured_media":3421,"comment_status":"closed","ping_status":"closed","sticky":false,"template":"","format":"standard","meta":{"_et_pb_use_builder":"off","_et_pb_old_content":"<!-- wp:paragraph -->\n<p><\/p>\n<!-- \/wp:paragraph -->\n\n<!-- wp:heading {\"level\":1} -->\n<h1 class=\"wp-block-heading\">CHOISISSEZ VOTRE VOIE.<\/h1>\n<!-- \/wp:heading -->\n\n<!-- wp:paragraph -->\n<p><\/p>\n<!-- \/wp:paragraph -->\n\n<!-- wp:paragraph -->\n<p>Les versions e-HYBRID rechargeables combinent un moteur essence \u00e0 un moteur \u00e9lectrique. Un v\u00e9hicule 100 % \u00e9lectrique est propuls\u00e9 int\u00e9gralement par l\u2019\u00e9nergie \u00e9lectrique.<\/p>\n<!-- \/wp:paragraph -->\n\n<!-- wp:columns -->\n<div class=\"wp-block-columns\"><!-- wp:column -->\n<div class=\"wp-block-column\"><!-- wp:paragraph -->\n<p><\/p>\n<!-- \/wp:paragraph -->\n\n<!-- wp:heading {\"level\":4} -->\n<h4 class=\"wp-block-heading\">e-HYBRID.<\/h4>\n<!-- \/wp:heading -->\n\n<!-- wp:paragraph -->\n<p>La puissance du thermique, l\u2019efficience de l\u2019\u00e9lectrique, pour le meilleur des deux mondes. Partez pour de longs trajets en mode hybride ou profitez d\u2019une autonomie allant de 55 \u00e0 60 km en mode 100 % \u00e9lectrique. Profitez de la puissance des deux moteurs cumul\u00e9s et d\u2019\u00e9conomie d\u2019\u00e9nergie gr\u00e2ce \u00e0 l\u2019\u00e9nergie \u00e9lectrique.<\/p>\n<!-- \/wp:paragraph --><\/div>\n<!-- \/wp:column -->\n\n<!-- wp:column -->\n<div class=\"wp-block-column\"><!-- wp:paragraph -->\n<p><\/p>\n<!-- \/wp:paragraph -->\n\n<!-- wp:heading {\"level\":4} -->\n<h4 class=\"wp-block-heading\">100% \u00c9LECTRIQUE.<\/h4>\n<!-- \/wp:heading -->\n\n<!-- wp:paragraph -->\n<p>Vivez la r\u00e9volution \u00e9lectrique. 100% \u00e9lectrique et z\u00e9ro \u00e9missions \u00e0 chacun de vos d\u00e9placements. Rechargez vous facilement \u00e0 domicile ou \u00e0 une station de recharge et d\u00e9couvrez une nouvelle \u00e8re de performance durable avec le prochain v\u00e9hicule 100 % \u00e9lectrique de la marque : CUPRA Born. <a href=\"https:\/\/www.cupraofficial.fr\/voitures\/modeles\/born?idcmp=sea:10_BRAND:GOOGLE:Electric:cupra+electrique:NA:NA:cupra&amp;dns=true&amp;gclid=EAIaIQobChMIxrOZtJfcgAMVNItoCR0lcgbvEAAYASAAEgLiG_D_BwE&amp;gclsrc=aw.ds\">CUPRA Born<\/a> conjugue design, performance et plaisir de conduite et garantit une large autonomie pour toujours plus de tranquillit\u00e9.<\/p>\n<!-- \/wp:paragraph -->\n\n<!-- wp:paragraph -->\n<p><\/p>\n<!-- \/wp:paragraph -->\n\n<!-- wp:paragraph -->\n<p><\/p>\n<!-- \/wp:paragraph --><\/div>\n<!-- \/wp:column --><\/div>\n<!-- \/wp:columns -->\n\n<!-- wp:image {\"id\":3421,\"sizeSlug\":\"large\",\"linkDestination\":\"none\"} -->\n<figure class=\"wp-block-image size-large\"><img src=\"https:\/\/groupe-grim.com\/cupra\/wp-content\/uploads\/2023\/08\/CUPRA-Formentor_01_HQ-2-1024x1024.jpg\" alt=\"\" class=\"wp-image-3421\"\/><\/figure>\n<!-- \/wp:image -->\n\n<!-- wp:paragraph -->\n<p><\/p>\n<!-- \/wp:paragraph -->\n\n<!-- wp:paragraph -->\n<p><\/p>\n<!-- \/wp:paragraph -->\n\n<!-- wp:heading {\"level\":1} -->\n<h1 class=\"wp-block-heading\">AVANTAGES.<\/h1>\n<!-- \/wp:heading -->\n\n<!-- wp:paragraph -->\n<p><\/p>\n<!-- \/wp:paragraph -->\n\n<!-- wp:paragraph -->\n<p>Les motorisations hybrides rechargeables ou \u00e9lectriques offrent de nombreux avantages : \u00e9conomie d\u2019\u00e9nergie, r\u00e9duction des \u00e9missions, aides \u00e0 l\u2019achat.<\/p>\n<!-- \/wp:paragraph -->\n\n<!-- wp:paragraph -->\n<p><\/p>\n<!-- \/wp:paragraph -->\n\n<!-- wp:columns -->\n<div class=\"wp-block-columns\"><!-- wp:column -->\n<div class=\"wp-block-column\"><!-- wp:heading {\"level\":4} -->\n<h4 class=\"wp-block-heading\">\u00c9missions faibles \u00e0 nulles.<\/h4>\n<!-- \/wp:heading -->\n\n<!-- wp:paragraph -->\n<p>Les v\u00e9hicules \u00e9lectriques rechargeables vous permettent non seulement de r\u00e9aliser des \u00e9conomies de carburant et d\u2019argent, mais offrent \u00e9galement des \u00e9missions de CO<sup>2<\/sup>&nbsp;r\u00e9duites par rapport aux moteurs conventionnels.<\/p>\n<!-- \/wp:paragraph --><\/div>\n<!-- \/wp:column -->\n\n<!-- wp:column -->\n<div class=\"wp-block-column\"><!-- wp:heading {\"level\":4} -->\n<h4 class=\"wp-block-heading\">Des co\u00fbts r\u00e9duits.<\/h4>\n<!-- \/wp:heading -->\n\n<!-- wp:paragraph -->\n<p>Les v\u00e9hicules hybrides rechargeables permettent des \u00e9conomies d\u2019\u00e9nergie. Dans un cycle d\u2019utilisation normal avec recharge les consommations ainsi que les \u00e9missions sont largement r\u00e9duites.<\/p>\n<!-- \/wp:paragraph --><\/div>\n<!-- \/wp:column --><\/div>\n<!-- \/wp:columns -->\n\n<!-- wp:paragraph -->\n<p><\/p>\n<!-- \/wp:paragraph -->\n\n<!-- wp:paragraph -->\n<p><\/p>\n<!-- \/wp:paragraph -->\n\n<!-- wp:columns -->\n<div class=\"wp-block-columns\"><!-- wp:column -->\n<div class=\"wp-block-column\"><!-- wp:heading {\"level\":4} -->\n<h4 class=\"wp-block-heading\">Subventions, remises et plans d\u2019exon\u00e9ration fiscale. <\/h4>\n<!-- \/wp:heading -->\n\n<!-- wp:paragraph -->\n<p>De nombreuses incitations sont propos\u00e9es aux conducteurs faisant la transition vers des v\u00e9hicules \u00e9lectriques.<\/p>\n<!-- \/wp:paragraph --><\/div>\n<!-- \/wp:column -->\n\n<!-- wp:column -->\n<div class=\"wp-block-column\"><!-- wp:heading {\"level\":4} -->\n<h4 class=\"wp-block-heading\">Plus de restrictions.<\/h4>\n<!-- \/wp:heading -->\n\n<!-- wp:paragraph -->\n<p>Allez o\u00f9 vous voulez, quand vous voulez. Pr\u00e8s de 300&nbsp;villes europ\u00e9ennes ont instaur\u00e9 des zones \u00e0 faibles \u00e9missions.<\/p>\n<!-- \/wp:paragraph --><\/div>\n<!-- \/wp:column --><\/div>\n<!-- \/wp:columns -->\n\n<!-- wp:paragraph -->\n<p><\/p>\n<!-- \/wp:paragraph -->\n\n<!-- wp:heading {\"level\":1} -->\n<h1 class=\"wp-block-heading\">RECHARGE.<\/h1>\n<!-- \/wp:heading -->\n\n<!-- wp:paragraph -->\n<p><\/p>\n<!-- \/wp:paragraph -->\n\n<!-- wp:paragraph -->\n<p>La libert\u00e9 absolue d\u2019aller o\u00f9 vous le souhaitez. D\u00e9couvrez des solutions de recharge faciles qui s\u2019int\u00e8grent parfaitement dans votre vie quotidienne.<\/p>\n<!-- \/wp:paragraph -->\n\n<!-- wp:paragraph -->\n<p><\/p>\n<!-- \/wp:paragraph -->\n\n<!-- wp:columns -->\n<div class=\"wp-block-columns\"><!-- wp:column -->\n<div class=\"wp-block-column\"><!-- wp:heading {\"level\":4} -->\n<h4 class=\"wp-block-heading\">Chargement facile, partout.<\/h4>\n<!-- \/wp:heading -->\n\n<!-- wp:paragraph -->\n<p>Rapidit\u00e9, facilit\u00e9, flexibilit\u00e9. Rechargez votre batterie \u00e0 domicile ou en route, gr\u00e2ce aux stations de charge publiques.<\/p>\n<!-- \/wp:paragraph --><\/div>\n<!-- \/wp:column -->\n\n<!-- wp:column -->\n<div class=\"wp-block-column\"><!-- wp:heading {\"level\":4} -->\n<h4 class=\"wp-block-heading\">Temps de charge.<\/h4>\n<!-- \/wp:heading -->\n\n<!-- wp:paragraph -->\n<p>Une charge compl\u00e8te prend seulement 3&nbsp;heures et 30&nbsp;minutes, ce qui vous donne amplement le temps de profiter de la libert\u00e9 de la mobilit\u00e9 \u00e9lectrique.<\/p>\n<!-- \/wp:paragraph --><\/div>\n<!-- \/wp:column --><\/div>\n<!-- \/wp:columns -->\n\n<!-- wp:paragraph -->\n<p><\/p>\n<!-- \/wp:paragraph -->\n\n<!-- wp:columns -->\n<div class=\"wp-block-columns\"><!-- wp:column -->\n<div class=\"wp-block-column\"><!-- wp:heading {\"level\":4} -->\n<h4 class=\"wp-block-heading\">Solutions de recharge.<\/h4>\n<!-- \/wp:heading -->\n\n<!-- wp:paragraph -->\n<p>Simple et rapide, la wallbox est la solution id\u00e9ale de recharge \u00e0 domicile. Elle permet de recharger tous les jours d\u2019une mani\u00e8re rapide et s\u00e9curis\u00e9e. D\u00e9couvrez celle qui vous correspond.<\/p>\n<!-- \/wp:paragraph --><\/div>\n<!-- \/wp:column -->\n\n<!-- wp:column -->\n<div class=\"wp-block-column\"><!-- wp:heading {\"level\":4} -->\n<h4 class=\"wp-block-heading\">Des offres adapt\u00e9es<\/h4>\n<!-- \/wp:heading -->\n\n<!-- wp:paragraph -->\n<p>Il existe une offre pour chacun des profils : particuliers en logement individuel, copropri\u00e9t\u00e9s et professionnels&nbsp; ou recharge sur la route.<\/p>\n<!-- \/wp:paragraph --><\/div>\n<!-- \/wp:column --><\/div>\n<!-- \/wp:columns -->","_et_gb_content_width":"","two_page_speed":[],"footnotes":""},"categories":[5],"tags":[],"class_list":["post-3405","post","type-post","status-publish","format-standard","has-post-thumbnail","hentry","category-actualites-cupra"],"_links":{"self":[{"href":"https:\/\/groupe-grim.com\/cupra\/wp-json\/wp\/v2\/posts\/3405","targetHints":{"allow":["GET"]}}],"collection":[{"href":"https:\/\/groupe-grim.com\/cupra\/wp-json\/wp\/v2\/posts"}],"about":[{"href":"https:\/\/groupe-grim.com\/cupra\/wp-json\/wp\/v2\/types\/post"}],"author":[{"embeddable":true,"href":"https:\/\/groupe-grim.com\/cupra\/wp-json\/wp\/v2\/users\/2"}],"replies":[{"embeddable":true,"href":"https:\/\/groupe-grim.com\/cupra\/wp-json\/wp\/v2\/comments?post=3405"}],"version-history":[{"count":24,"href":"https:\/\/groupe-grim.com\/cupra\/wp-json\/wp\/v2\/posts\/3405\/revisions"}],"predecessor-version":[{"id":6790,"href":"https:\/\/groupe-grim.com\/cupra\/wp-json\/wp\/v2\/posts\/3405\/revisions\/6790"}],"wp:featuredmedia":[{"embeddable":true,"href":"https:\/\/groupe-grim.com\/cupra\/wp-json\/wp\/v2\/media\/3421"}],"wp:attachment":[{"href":"https:\/\/groupe-grim.com\/cupra\/wp-json\/wp\/v2\/media?parent=3405"}],"wp:term":[{"taxonomy":"category","embeddable":true,"href":"https:\/\/groupe-grim.com\/cupra\/wp-json\/wp\/v2\/categories?post=3405"},{"taxonomy":"post_tag","embeddable":true,"href":"https:\/\/groupe-grim.com\/cupra\/wp-json\/wp\/v2\/tags?post=3405"}],"curies":[{"name":"wp","href":"https:\/\/api.w.org\/{rel}","templated":true}]}}