{"id":3775,"date":"2023-09-11T09:34:54","date_gmt":"2023-09-11T09:34:54","guid":{"rendered":"https:\/\/groupe-grim.com\/cupra\/?p=3775"},"modified":"2024-09-13T15:40:22","modified_gmt":"2024-09-13T15:40:22","slug":"formentor","status":"publish","type":"post","link":"https:\/\/groupe-grim.com\/cupra\/formentor\/","title":{"rendered":"POURQUOI CHOISIR LA CUPRA FORMENTOR ? PRIX, CONFIGURATIONS ET ESSAIS"},"content":{"rendered":"\n<div style=\"display: flex; justify-content: center; align-items: center;\">\n    <iframe loading=\"lazy\" width=\"560\" height=\"315\" src=\"https:\/\/player.vimeo.com\/video\/440582383?dnt=1&amp;background=1\" allowfullscreen webkitallowfullscreen=\"\" mozallowfullscreen=\"\"><\/iframe>\n<\/div>\n\n\n\n<div style=\"height:50px\" aria-hidden=\"true\" class=\"wp-block-spacer\"><\/div>\n\n\n\n<div class=\"wp-block-buttons alignwide is-content-justification-center is-layout-flex wp-container-core-buttons-is-layout-16018d1d wp-block-buttons-is-layout-flex\">\n<div class=\"wp-block-button has-custom-width wp-block-button__width-50 is-style-outline is-style-outline--1\"><a class=\"wp-block-button__link has-text-align-center wp-element-button\" href=\"https:\/\/www.groupe-grim.com\/rendez-vous\/cupra.html\"><strong>Prendre Rendez-vous pour l&rsquo;essayer<\/strong><\/a><\/div>\n<\/div>\n\n\n\n<div style=\"height:50px\" aria-hidden=\"true\" class=\"wp-block-spacer\"><\/div>\n\n\n\n<p>La <strong>CUPRA Formentor<\/strong>, en tant que premier mod\u00e8le enti\u00e8rement con\u00e7u par <a href=\"https:\/\/groupe-grim.com\/cupra\/\">CUPRA<\/a>, a marqu\u00e9 une \u00e9tape majeure dans l&rsquo;\u00e9volution de la marque. Proposant une gamme de motorisations diversifi\u00e9e, elle se distingue notamment par une variante essence de 310 ch et une version hybride rechargeable offrant <strong>une autonomie de 50 kilom\u00e8tres en mode \u00e9lectrique<\/strong>.<\/p>\n\n\n\n<p>Inspir\u00e9e par le charme du cap de <a href=\"https:\/\/www.google.com\/maps\/place\/Cap+de+Formentor,+07460,+Bal%C3%A9ares,+Espagne\/data=!4m2!3m1!1s0x12bd870ea89d4aa5:0x303bc9c39350952e?sa=X&amp;ved=2ahUKEwjX6KzEnJuBAxWwdqQEHXQ3DcMQ8gF6BAhtEAA&amp;ved=2ahUKEwjX6KzEnJuBAxWwdqQEHXQ3DcMQ8gF6BAh1EAE\" target=\"_blank\" rel=\"noopener\">Majorque<\/a>, cette<strong> voiture crossover est une fusion de performance et d&rsquo;esth\u00e9tique<\/strong>. Elle combine un design ext\u00e9rieur audacieux \u00e0 un int\u00e9rieur sur mesure, tout en int\u00e9grant les derni\u00e8res innovations technologiques, dont un \u00e9cran d&rsquo;info-divertissement de 12 pouces. La Formentor est plus qu&rsquo;une voiture : elle est une exp\u00e9rience de conduite dynamique et intuitive, positionnant CUPRA au c\u0153ur du segment en expansion des CUV.<\/p>\n\n\n\n<div style=\"height:50px\" aria-hidden=\"true\" class=\"wp-block-spacer\"><\/div>\n\n\n\n<h2 class=\"wp-block-heading\">D\u00e9couvrez la CUPRA Formentor sous tous les angles : <\/h2>\n\n\n\n<p>Plongez au c\u0153ur du design de la CUPRA Formentor \u00e0 360\u00b0 et explorez en d\u00e9tail ses \u00e9quipements et leurs sp\u00e9cificit\u00e9s.<\/p>\n\n\n\n<div style=\"height:50px\" aria-hidden=\"true\" class=\"wp-block-spacer\"><\/div>\n\n\n\n<div style=\"display: flex; justify-content: center; align-items: center;\">\n    <iframe loading=\"lazy\" width=\"560\" height=\"315\" src=\"https:\/\/my.matterport.com\/show\/?m=tLLEKhb7oQ3\" allowfullscreen><\/iframe>\n<\/div>\n\n\n\n<div style=\"height:50px\" aria-hidden=\"true\" class=\"wp-block-spacer\"><\/div>\n\n\n\n<h2 class=\"wp-block-heading\">Design et esth\u00e9tique du mod\u00e8le Formentor.<\/h2>\n\n\n\n<p>La CUPRA Formentor est une voiture impressionnante, dessin\u00e9e pour mettre en avant ses nombreux atouts. Elle combine \u00e9l\u00e9gance et passion, offrant une exp\u00e9rience visuelle unique.<\/p>\n\n\n\n<p>La CUPRA Formentor est basse, accentuant son allure sportive. L&rsquo;orientation visuelle vers l&rsquo;arri\u00e8re et la longueur de son capot renforcent son dynamisme.<\/p>\n\n\n\n<blockquote class=\"wp-block-quote is-layout-flow wp-block-quote-is-layout-flow\">\n<p>\u00ab\u00a0Quand on regarde la CUPRA Formentor, on est frapp\u00e9 par l&rsquo;\u00e9quilibre de ses formes, la puissance de ses contours, la finesse de ses finitions et l&rsquo;harmonie de ses couleurs. Je suis convaincu que cette voiture \u00e9veille un d\u00e9sir profond\u00a0\u00bb<\/p>\n<cite>Alejandro Mesonero-Romanos, responsable du design.<\/cite><\/blockquote>\n\n\n\n<h2 class=\"wp-block-heading\">Les Caract\u00e9ristiques techniques<\/h2>\n\n\n\n<p>Se sentir en vie, c&rsquo;est ce que promet la CUPRA Formentor. \u00c0 chaque acc\u00e9l\u00e9ration, l&rsquo;adr\u00e9naline monte, rappelant la pure essence de la marque. Avec une <strong>puissance impressionnante de 310 CH<\/strong>, elle passe de <strong>0 \u00e0 100 km\/h en seulement 4,9 secondes<\/strong>. Sa <strong>vitesse maximale ?<\/strong> Un \u00e9poustouflant <strong>250 km\/h<\/strong>. Et pour garantir une r\u00e9ponse optimale sur la route, elle offre un <strong>couple de 400 Nm<\/strong>. La Formentor n&rsquo;est pas uniquement une voiture, c&rsquo;est une exp\u00e9rience, une invitation \u00e0 repousser les limites.<\/p>\n\n\n\n<div style=\"height:50px\" aria-hidden=\"true\" class=\"wp-block-spacer\"><\/div>\n\n\n\n<h3 class=\"wp-block-heading\">Motorisation : types de moteurs disponibles, puissance, consommation, \u00e9missions.<\/h3>\n\n\n\n<div style=\"height:50px\" aria-hidden=\"true\" class=\"wp-block-spacer\"><\/div>\n\n\n\n<div class=\"wp-block-columns is-layout-flex wp-container-core-columns-is-layout-9d6595d7 wp-block-columns-is-layout-flex\">\n<div class=\"wp-block-column is-layout-flow wp-block-column-is-layout-flow\">\n<h4 class=\"wp-block-heading has-text-align-left\"><strong>Formentor E-Hybrid 1.4 e-HYBRID 204CH DSG6<\/strong><\/h4>\n\n\n\n<figure class=\"wp-block-image aligncenter size-full\"><img loading=\"lazy\" decoding=\"async\" width=\"500\" height=\"279\" src=\"https:\/\/groupe-grim.com\/cupra\/wp-content\/uploads\/2023\/09\/new-cupra-formentor-with-an-innovating-and-dynamic-design-cuf.jpg\" alt=\"Formentor E-Hybrid 1.4 e-HYBRID 204CH DSG6\" class=\"wp-image-3785\" srcset=\"https:\/\/groupe-grim.com\/cupra\/wp-content\/uploads\/2023\/09\/new-cupra-formentor-with-an-innovating-and-dynamic-design-cuf.jpg 500w, https:\/\/groupe-grim.com\/cupra\/wp-content\/uploads\/2023\/09\/new-cupra-formentor-with-an-innovating-and-dynamic-design-cuf-480x268.jpg 480w\" sizes=\"(min-width: 0px) and (max-width: 480px) 480px, (min-width: 481px) 500px, 100vw\" \/><\/figure>\n\n\n\n<div style=\"height:50px\" aria-hidden=\"true\" class=\"wp-block-spacer\"><\/div>\n\n\n\n<ul class=\"wp-block-list\">\n<li><strong>Type de Moteur<\/strong> : E-Hybrid<\/li>\n\n\n\n<li><strong>Transmission<\/strong> : Automatique\/E-Hybrid<\/li>\n\n\n\n<li><strong>Caract\u00e9ristiques du moteur<\/strong> :\n<ul class=\"wp-block-list\">\n<li><strong>Puissance Max.<\/strong> : 204 CH<\/li>\n\n\n\n<li><strong>Autonomie \u00e9lectrique<\/strong> : 59 km<\/li>\n<\/ul>\n<\/li>\n\n\n\n<li><strong>Principales caract\u00e9ristiques<\/strong> :\n<ul class=\"wp-block-list\">\n<li>Projecteurs Matrix LED et bandeau lumineux \u00ab Infinite Light \u00bb<\/li>\n\n\n\n<li>\u00c9clairage de bienvenue<\/li>\n\n\n\n<li>Jantes en alliage 18\u201d<\/li>\n\n\n\n<li>Freins CUPRA 312mm<\/li>\n\n\n\n<li>Acc\u00e8s et d\u00e9marrage mains-libres (syst\u00e8me Kessy)<\/li>\n\n\n\n<li>Si\u00e8ges Sport<\/li>\n\n\n\n<li>\u00c9clairage d&rsquo;ambiance personnalis\u00e9<\/li>\n\n\n\n<li>Digital Cockpit 10,25\u00a0\u00bb<\/li>\n\n\n\n<li>Syst\u00e8me de navigation 3D sur \u00e9cran tactile HD 10&Prime;<\/li>\n<\/ul>\n<\/li>\n<\/ul>\n<\/div>\n\n\n\n<div class=\"wp-block-column is-layout-flow wp-block-column-is-layout-flow\">\n<h4 class=\"wp-block-heading\"><strong>Formentor VZ E-Hybrid 1.4 TSI 245CH e-HYBRID DSG6<\/strong><\/h4>\n\n\n\n<figure class=\"wp-block-image aligncenter size-full\"><img loading=\"lazy\" decoding=\"async\" width=\"500\" height=\"279\" src=\"https:\/\/groupe-grim.com\/cupra\/wp-content\/uploads\/2023\/09\/Formentor-VZ-E-Hybrid-1.4-TSI-245CH-e-HYBRID-DSG6.jpg\" alt=\"CUPRA Formentor\" class=\"wp-image-3788\" srcset=\"https:\/\/groupe-grim.com\/cupra\/wp-content\/uploads\/2023\/09\/Formentor-VZ-E-Hybrid-1.4-TSI-245CH-e-HYBRID-DSG6.jpg 500w, https:\/\/groupe-grim.com\/cupra\/wp-content\/uploads\/2023\/09\/Formentor-VZ-E-Hybrid-1.4-TSI-245CH-e-HYBRID-DSG6-480x268.jpg 480w\" sizes=\"(min-width: 0px) and (max-width: 480px) 480px, (min-width: 481px) 500px, 100vw\" \/><\/figure>\n\n\n\n<div style=\"height:50px\" aria-hidden=\"true\" class=\"wp-block-spacer\"><\/div>\n\n\n\n<ul class=\"wp-block-list\">\n<li><strong>Type de Moteur<\/strong> : E-Hybrid<\/li>\n\n\n\n<li><strong>Transmission<\/strong> : Automatique\/E-Hybrid<\/li>\n\n\n\n<li><strong>Caract\u00e9ristiques du moteur<\/strong> :\n<ul class=\"wp-block-list\">\n<li><strong>Puissance Max.<\/strong> : 204 CH<\/li>\n\n\n\n<li><strong>Autonomie \u00e9lectrique<\/strong> : 59 km<\/li>\n<\/ul>\n<\/li>\n\n\n\n<li><strong>Principales caract\u00e9ristiques<\/strong> :\n<ul class=\"wp-block-list\">\n<li>Projecteurs Matrix LED et bandeau lumineux \u00ab Infinite Light \u00bb<\/li>\n\n\n\n<li>\u00c9clairage de bienvenue<\/li>\n\n\n\n<li>Jantes en alliage 18\u201d<\/li>\n\n\n\n<li>Freins CUPRA 312mm<\/li>\n\n\n\n<li>Acc\u00e8s et d\u00e9marrage mains-libres (syst\u00e8me Kessy)<\/li>\n\n\n\n<li>Si\u00e8ges Sport<\/li>\n\n\n\n<li>\u00c9clairage d&rsquo;ambiance personnalis\u00e9<\/li>\n\n\n\n<li>Digital Cockpit 10,25\u00a0\u00bb<\/li>\n\n\n\n<li>Syst\u00e8me de navigation 3D sur \u00e9cran tactile HD 10&Prime;<\/li>\n<\/ul>\n<\/li>\n<\/ul>\n<\/div>\n<\/div>\n\n\n\n<div class=\"wp-block-buttons alignwide is-content-justification-center is-layout-flex wp-container-core-buttons-is-layout-16018d1d wp-block-buttons-is-layout-flex\">\n<div class=\"wp-block-button has-custom-width wp-block-button__width-50 is-style-outline is-style-outline--2\"><a class=\"wp-block-button__link has-text-align-center wp-element-button\" href=\"https:\/\/groupe-grim.com\/cupra\/wp-content\/uploads\/2023\/09\/fiche-tarifaire-cupra-formentor-1.pdf\" target=\"_blank\" rel=\"noreferrer noopener\"><strong>Voir la fiche technique et tarifaire de la Cupra Formentor<\/strong><\/a><\/div>\n<\/div>\n\n\n\n<div style=\"height:50px\" aria-hidden=\"true\" class=\"wp-block-spacer\"><\/div>\n\n\n\n<table style=\"width: 100%; border-collapse: collapse;\">\n    <thead>\n        <tr>\n            <th colspan=\"2\" style=\"background-color: #006169; color: white; padding: 10px;\">Les dimensions du v\u00e9hicule<\/th>\n        <\/tr>\n    <\/thead>\n    <tbody>\n        <tr style=\"background-color: #f2f2f2;\">\n            <td style=\"padding: 10px; border: 1px solid #006169;\">Longueur<\/td>\n            <td style=\"padding: 10px; border: 1px solid #006169;\">4 450 mm<\/td>\n        <\/tr>\n        <tr>\n            <td style=\"padding: 10px; border: 1px solid #006169;\">Largeur<\/td>\n            <td style=\"padding: 10px; border: 1px solid #006169;\">1 839 mm<\/td>\n        <\/tr>\n        <tr style=\"background-color: #f2f2f2;\">\n            <td style=\"padding: 10px; border: 1px solid #006169;\">Hauteur<\/td>\n            <td style=\"padding: 10px; border: 1px solid #006169;\">1 511 mm<\/td>\n        <\/tr>\n        <tr>\n            <td style=\"padding: 10px; border: 1px solid #006169;\">Empattement<\/td>\n            <td style=\"padding: 10px; border: 1px solid #006169;\">2 680 mm<\/td>\n        <\/tr>\n        <tr style=\"background-color: #f2f2f2;\">\n            <td style=\"padding: 10px; border: 1px solid #006169;\">Voies AV<\/td>\n            <td style=\"padding: 10px; border: 1px solid #006169;\">1 585 mm<\/td>\n        <\/tr>\n        <tr>\n            <td style=\"padding: 10px; border: 1px solid #006169;\">Voies AR<\/td>\n            <td style=\"padding: 10px; border: 1px solid #006169;\">1 559 mm<\/td>\n        <\/tr>\n        <tr style=\"background-color: #f2f2f2;\">\n            <td style=\"padding: 10px; border: 1px solid #006169;\">Volume du coffre<\/td>\n            <td style=\"padding: 10px; border: 1px solid #006169;\">420 dm3<\/td>\n        <\/tr>\n    <\/tbody>\n<\/table>\n\n\n\n<div class=\"wp-block-group is-layout-constrained wp-block-group-is-layout-constrained\">\n<div style=\"height:50px\" aria-hidden=\"true\" class=\"wp-block-spacer\"><\/div>\n\n\n\n<h2 class=\"wp-block-heading\"><strong>Confort et int\u00e9rieur<\/strong><\/h2>\n\n\n\n<div style=\"height:50px\" aria-hidden=\"true\" class=\"wp-block-spacer\"><\/div>\n<\/div>\n\n\n\n<div class=\"wp-block-columns is-layout-flex wp-container-core-columns-is-layout-9d6595d7 wp-block-columns-is-layout-flex\">\n<div class=\"wp-block-column is-vertically-aligned-center is-layout-flow wp-block-column-is-layout-flow\">\n<p>La CUPRA Formentor est <strong>con\u00e7ue pour offrir une exp\u00e9rience de conduite ultime<\/strong>, avec toutes les informations essentielles centr\u00e9es directement devant le conducteur gr\u00e2ce \u00e0 un cockpit digital de 10,25&Prime; et un syst\u00e8me de navigation de 12&Prime;. <\/p>\n\n\n\n<p><strong>L&rsquo;int\u00e9rieur est un m\u00e9lange de sophistication et de performance<\/strong>, avec des si\u00e8ges baquets \u00ab CUP Bucket \u00bb disponibles en plusieurs finitions, dont le cuir Bleu P\u00e9trole, le cuir noir et le cuir Nappa marron. Chaque si\u00e8ge est con\u00e7u pour offrir confort et stabilit\u00e9 lors de la conduite sportive. <\/p>\n\n\n\n<p>Les d\u00e9tails en cuivre, pr\u00e9sents partout dans l&rsquo;habitacle, ajoutent une touche d&rsquo;exclusivit\u00e9. Le volant CUPRA, orn\u00e9 de surpiq\u00fbres Copper, et le p\u00e9dalier en aluminium renforcent cette sensation de sportivit\u00e9 et de luxe. Chaque d\u00e9tail de la Formentor est pens\u00e9 pour enrichir l&rsquo;exp\u00e9rience de conduite.<\/p>\n\n\n\n<figure class=\"wp-block-gallery has-nested-images columns-default is-cropped wp-block-gallery-3 is-layout-flex wp-block-gallery-is-layout-flex\">\n<figure class=\"wp-block-image size-large\"><img loading=\"lazy\" decoding=\"async\" width=\"500\" height=\"279\" data-id=\"3799\" src=\"https:\/\/groupe-grim.com\/cupra\/wp-content\/uploads\/2023\/09\/navigation-cupra-formentor.jpg\" alt=\"CUPRA Formentor\" class=\"wp-image-3799\" srcset=\"https:\/\/groupe-grim.com\/cupra\/wp-content\/uploads\/2023\/09\/navigation-cupra-formentor.jpg 500w, https:\/\/groupe-grim.com\/cupra\/wp-content\/uploads\/2023\/09\/navigation-cupra-formentor-480x268.jpg 480w\" sizes=\"(min-width: 0px) and (max-width: 480px) 480px, (min-width: 481px) 500px, 100vw\" \/><\/figure>\n\n\n\n<figure class=\"wp-block-image size-large\"><img loading=\"lazy\" decoding=\"async\" width=\"500\" height=\"279\" data-id=\"3800\" src=\"https:\/\/groupe-grim.com\/cupra\/wp-content\/uploads\/2023\/09\/volant-cupra-formentor.jpg\" alt=\"CUPRA Formentor\" class=\"wp-image-3800\" srcset=\"https:\/\/groupe-grim.com\/cupra\/wp-content\/uploads\/2023\/09\/volant-cupra-formentor.jpg 500w, https:\/\/groupe-grim.com\/cupra\/wp-content\/uploads\/2023\/09\/volant-cupra-formentor-480x268.jpg 480w\" sizes=\"(min-width: 0px) and (max-width: 480px) 480px, (min-width: 481px) 500px, 100vw\" \/><\/figure>\n\n\n\n<figure class=\"wp-block-image size-large\"><img loading=\"lazy\" decoding=\"async\" width=\"500\" height=\"279\" data-id=\"3801\" src=\"https:\/\/groupe-grim.com\/cupra\/wp-content\/uploads\/2023\/09\/interieur-cupra-formentor.jpg\" alt=\"CUPRA Formentor\" class=\"wp-image-3801\" srcset=\"https:\/\/groupe-grim.com\/cupra\/wp-content\/uploads\/2023\/09\/interieur-cupra-formentor.jpg 500w, https:\/\/groupe-grim.com\/cupra\/wp-content\/uploads\/2023\/09\/interieur-cupra-formentor-480x268.jpg 480w\" sizes=\"(min-width: 0px) and (max-width: 480px) 480px, (min-width: 481px) 500px, 100vw\" \/><\/figure>\n<\/figure>\n<\/div>\n<\/div>\n\n\n\n<p>La CUPRA Formentor offre une gamme vari\u00e9e de finitions de si\u00e8ges, chacune con\u00e7ue pour r\u00e9pondre \u00e0 des besoins sp\u00e9cifiques tout en garantissant confort et esth\u00e9tique :<\/p>\n\n\n\n<ol class=\"wp-block-list\">\n<li><strong>Si\u00e8ges baquets \u00ab CUP Bucket \u00bb en cuir Bleu P\u00e9trole<\/strong> : Ces si\u00e8ges sont sp\u00e9cialement con\u00e7us pour offrir un maintien optimal lors des conduites sportives, garantissant \u00e0 la fois confort et stabilit\u00e9.<\/li>\n\n\n\n<li><strong>Si\u00e8ges baquets \u00ab CUP Bucket \u00bb en cuir noir<\/strong> : Dot\u00e9s de surpiq\u00fbres exclusives en Copper et du logo CUPRA sur l&rsquo;appui-t\u00eate, ils apportent une touche de sophistication pure \u00e0 l&rsquo;int\u00e9rieur du v\u00e9hicule.<\/li>\n\n\n\n<li><strong>Si\u00e8ges baquets \u00ab Dinamica Nappa \u00bb en cuir marron<\/strong> : Combinant le cuir Nappa fin avec le tissu Dinamica noir, ces si\u00e8ges offrent une esth\u00e9tique contemporaine tout en \u00e9tant respirants.<\/li>\n\n\n\n<li><strong>Si\u00e8ges baquets en cuir Bleu P\u00e9trole<\/strong> : Ces si\u00e8ges, ainsi que la planche de bord, sont rev\u00eatus de similicuir Bleu P\u00e9trole, rehauss\u00e9 par des surpiq\u00fbres Copper exclusives, pour un look vraiment distingu\u00e9.<\/li>\n\n\n\n<li><strong>Si\u00e8ges baquets en cuir Noir<\/strong> : Inspir\u00e9s des mod\u00e8les de course, ces si\u00e8ges en cuir noir ajoutent une touche suppl\u00e9mentaire de sophistication \u00e0 l&rsquo;int\u00e9rieur.<\/li>\n\n\n\n<li><strong>Sellerie en textile noir<\/strong> : Ces si\u00e8ges robustes en textile noir sont associ\u00e9s \u00e0 un int\u00e9rieur noir classique, offrant une qualit\u00e9 standard sans compromis.<\/li>\n<\/ol>\n\n\n\n<figure class=\"wp-block-image size-large\"><img loading=\"lazy\" decoding=\"async\" width=\"1024\" height=\"572\" src=\"https:\/\/groupe-grim.com\/cupra\/wp-content\/uploads\/2023\/09\/finitions-siege-cupra-formentor-1024x572.jpg\" alt=\"CUPRA Formentor\" class=\"wp-image-3804\" srcset=\"https:\/\/groupe-grim.com\/cupra\/wp-content\/uploads\/2023\/09\/finitions-siege-cupra-formentor-1024x572.jpg 1024w, https:\/\/groupe-grim.com\/cupra\/wp-content\/uploads\/2023\/09\/finitions-siege-cupra-formentor-980x547.jpg 980w, https:\/\/groupe-grim.com\/cupra\/wp-content\/uploads\/2023\/09\/finitions-siege-cupra-formentor-480x268.jpg 480w\" sizes=\"(min-width: 0px) and (max-width: 480px) 480px, (min-width: 481px) and (max-width: 980px) 980px, (min-width: 981px) 1024px, 100vw\" \/><\/figure>\n\n\n\n<div style=\"height:50px\" aria-hidden=\"true\" class=\"wp-block-spacer\"><\/div>\n\n\n\n<div class=\"wp-block-buttons alignwide is-content-justification-center is-layout-flex wp-container-core-buttons-is-layout-16018d1d wp-block-buttons-is-layout-flex\">\n<div class=\"wp-block-button has-custom-width wp-block-button__width-50 is-style-outline is-style-outline--4\"><a class=\"wp-block-button__link has-text-align-center wp-element-button\" href=\"https:\/\/www.cupraofficial.fr\/configurateur\/w\/engine?wf=cupra-fr&amp;id=ePl9IIpVw_Cws2OQj6efq663r7kZiucdfXxAgs6BIfoG-u4BJkZABKItgQiWLLCEjmOgrp-xo26goQtQ3s3QRMHJxAkUI26mZgog4BioFFsLAAOcI7s&amp;adbuc=9\" target=\"_blank\" rel=\"noreferrer noopener\"><strong>D\u00e9couvrez le configurateur<\/strong> <strong>Cupra Formentor<\/strong><\/a><\/div>\n<\/div>\n\n\n\n<div style=\"height:50px\" aria-hidden=\"true\" class=\"wp-block-spacer\"><\/div>\n\n\n\n<p>Chaque finition est soigneusement pens\u00e9e pour offrir aux conducteurs et aux passagers une exp\u00e9rience de conduite in\u00e9gal\u00e9e, alliant fonctionnalit\u00e9 et esth\u00e9tique.<\/p>\n\n\n\n<h3 class=\"wp-block-heading\">La CUPRA Formentor est une fusion parfaite entre robustesse et \u00e9l\u00e9gance. <\/h3>\n\n\n\n<div style=\"height:50px\" aria-hidden=\"true\" class=\"wp-block-spacer\"><\/div>\n\n\n\n<p>Sa carrosserie bicolore \u00e9voque la force d&rsquo;un tout-terrain, mais son design raffin\u00e9 all\u00e8ge sa silhouette, la distinguant des SUV traditionnels. Son \u00e9clairage arri\u00e8re \u00ab\u00a0infinite light\u00a0\u00bb et sa couleur ext\u00e9rieure exclusive bleu p\u00e9trole mat amplifient son allure ext\u00e9rieure. \u00c0 l&rsquo;int\u00e9rieur, le raffinement est \u00e0 son comble : un \u00e9clairage de bienvenue unique, un volant CUPRA, des si\u00e8ges baquets en cuir et un tableau de bord flottant qui \u00e9voque modernit\u00e9 et sportivit\u00e9. Les accents chrom\u00e9s fonc\u00e9s et noirs brillants, ainsi que les si\u00e8ges sport \u00e0 dossier en carbone, renforcent son caract\u00e8re haut de gamme. Dans la CUPRA Formentor, chaque trajet devient une exp\u00e9rience de luxe et de performance.<\/p>\n\n\n\n<div style=\"height:50px\" aria-hidden=\"true\" class=\"wp-block-spacer\"><\/div>\n\n\n\n<h2 class=\"wp-block-heading\">S\u00e9curit\u00e9 in\u00e9gal\u00e9e<\/h2>\n\n\n\n<figure class=\"wp-block-image size-large\"><img loading=\"lazy\" decoding=\"async\" width=\"1024\" height=\"765\" src=\"https:\/\/groupe-grim.com\/cupra\/wp-content\/uploads\/2023\/09\/test-securite-formentor-1024x765.jpg\" alt=\"CUPRA Formentor\" class=\"wp-image-3807\" srcset=\"https:\/\/groupe-grim.com\/cupra\/wp-content\/uploads\/2023\/09\/test-securite-formentor-980x732.jpg 980w, https:\/\/groupe-grim.com\/cupra\/wp-content\/uploads\/2023\/09\/test-securite-formentor-480x359.jpg 480w\" sizes=\"(min-width: 0px) and (max-width: 480px) 480px, (min-width: 481px) and (max-width: 980px) 980px, (min-width: 981px) 1024px, 100vw\" \/><\/figure>\n\n\n\n<p>Couronn\u00e9e de 5 \u00e9toiles par Euro NCAP.<\/p>\n\n\n\n<p>La CUPRA Formentor se distingue comme le premier mod\u00e8le de CUPRA \u00e0 passer sous le microscope d&rsquo;<strong>Euro NCAP<\/strong>. Soumis aux crit\u00e8res les plus rigoureux et actuels, ce CUV a brillamment d\u00e9croch\u00e9 la note parfaite de 5 \u00e9toiles. Elle garantit ainsi une protection optimale pour tous ses occupants, qu&rsquo;il s&rsquo;agisse d&rsquo;adultes ou d&rsquo;enfants, tout en veillant \u00e0 la s\u00e9curit\u00e9 des usagers de la route les plus expos\u00e9s.<\/p>\n\n\n\n<div style=\"height:50px\" aria-hidden=\"true\" class=\"wp-block-spacer\"><\/div>\n\n\n\n<h2 class=\"wp-block-heading\"><strong>Essais et avis<\/strong><\/h2>\n\n\n\n<p>Embarquez pour une aventure \u00e9pique de 4 000 km \u00e0 travers les paysages envo\u00fbtants de l&rsquo;Espagne, \u00e0<strong> bord de la CUPRA Formentor<\/strong>. Chaque roadtrip est une d\u00e9couverte, un m\u00e9lange d&rsquo;exp\u00e9riences humaines et m\u00e9caniques, et cette cinqui\u00e8me \u00e9dition promet de vous captiver. La CUPRA Formentor ne sera pas seulement le moyen de transport, mais le coeur m\u00eame de cette aventure. D\u00e9couvrez chaque virage, chaque arr\u00eat et chaque moment m\u00e9morable dans cette vid\u00e9o d&rsquo;essai. Pr\u00e9parez-vous \u00e0 \u00eatre transport\u00e9.<\/p>\n\n\n\n<div style=\"height:50px\" aria-hidden=\"true\" class=\"wp-block-spacer\"><\/div>\n\n\n\n<figure class=\"wp-block-embed is-type-video is-provider-youtube wp-block-embed-youtube wp-embed-aspect-16-9 wp-has-aspect-ratio\"><div class=\"wp-block-embed__wrapper\">\n<iframe loading=\"lazy\" title=\"Essai longue dur\u00e9e  - 4 000 km en Cupra Formentor e-hybrid 245 ch : confirmation d&#039;un succ\u00e8s\" width=\"1080\" height=\"608\" src=\"https:\/\/www.youtube.com\/embed\/Bi2-WbVoJdw?feature=oembed\"  allow=\"accelerometer; autoplay; clipboard-write; encrypted-media; gyroscope; picture-in-picture; web-share\" allowfullscreen><\/iframe>\n<\/div><\/figure>\n\n\n\n<div style=\"height:50px\" aria-hidden=\"true\" class=\"wp-block-spacer\"><\/div>\n\n\n\n<h2 class=\"wp-block-heading\">Lib\u00e9rez votre passion pour le ski avec la CUPRA Formentor !<\/h2>\n\n\n\n<p>Imaginez-vous ajustant avec aisance<strong> le porte-skis extensible de la CUPRA Formentor<\/strong>. Gr\u00e2ce au porte-skis X-tender, le chargement devient un jeu d&rsquo;enfant. Il coulisse en douceur, permettant un acc\u00e8s facile \u00e0 votre \u00e9quipement. Et avec la capacit\u00e9 de charger jusqu&rsquo;\u00e0 4 paires de skis, vous \u00eates pr\u00eat pour une aventure en montagne avec vos amis ou votre famille.<\/p>\n\n\n\n<div style=\"height:50px\" aria-hidden=\"true\" class=\"wp-block-spacer\"><\/div>\n\n\n\n<figure class=\"wp-block-image size-large\"><img loading=\"lazy\" decoding=\"async\" width=\"1024\" height=\"572\" src=\"https:\/\/groupe-grim.com\/cupra\/wp-content\/uploads\/2023\/09\/cupra-formentor-ski-1024x572.jpg\" alt=\"CUPRA Formentor\" class=\"wp-image-3815\" srcset=\"https:\/\/groupe-grim.com\/cupra\/wp-content\/uploads\/2023\/09\/cupra-formentor-ski-1024x572.jpg 1024w, https:\/\/groupe-grim.com\/cupra\/wp-content\/uploads\/2023\/09\/cupra-formentor-ski-980x547.jpg 980w, https:\/\/groupe-grim.com\/cupra\/wp-content\/uploads\/2023\/09\/cupra-formentor-ski-480x268.jpg 480w\" sizes=\"(min-width: 0px) and (max-width: 480px) 480px, (min-width: 481px) and (max-width: 980px) 980px, (min-width: 981px) 1024px, 100vw\" \/><\/figure>\n\n\n\n<div style=\"height:50px\" aria-hidden=\"true\" class=\"wp-block-spacer\"><\/div>\n\n\n\n<p><strong>PASSEZ PLUS DE TEMPS SUR LES PISTES.<\/strong><\/p>\n\n\n\n<p>La CUPRA Formentor est con\u00e7ue pour vous faciliter la vie. Son syst\u00e8me de chargement intuitif vous permet de gagner du temps, afin que vous puissiez profiter pleinement de chaque instant sur les pistes. Fini les tracas de chargement et d\u00e9chargement laborieux. Avec la CUPRA Formentor, tout est pens\u00e9 pour votre confort et votre passion du ski.<\/p>\n\n\n\n<h2 class=\"wp-block-heading\">Avec la CUPRA Formentor, emportez votre passion pour le cyclisme o\u00f9 que vous alliez.<\/h2>\n\n\n\n<p><strong>Con\u00e7ue pour les aventuriers \u00e0 deux roues<\/strong>, la CUPRA Formentor offre la capacit\u00e9 de transporter jusqu&rsquo;\u00e0 trois v\u00e9los. Gr\u00e2ce \u00e0 un syst\u00e8me de chargement et de d\u00e9chargement simplifi\u00e9, vous gagnez du temps pour ce qui compte vraiment : p\u00e9daler et explorer. La fixation sur le toit est con\u00e7ue pour une mise en place automatique de votre v\u00e9lo, garantissant une s\u00e9curit\u00e9 optimale pendant le trajet.<\/p>\n\n\n\n<p>Et si vous partez en groupe ? Pas de souci. Le support pour v\u00e9los sur l&rsquo;attelage de remorque est l\u00e0 pour vous. Il se fixe en un clin d&rsquo;\u0153il sur la boule d&rsquo;attelage en acier, assurant une stabilit\u00e9 et une efficacit\u00e9 maximales. Avec la CUPRA Formentor, chaque trajet devient une invitation \u00e0 l&rsquo;aventure.<\/p>\n\n\n\n<figure class=\"wp-block-image size-large\"><img loading=\"lazy\" decoding=\"async\" width=\"1024\" height=\"572\" src=\"https:\/\/groupe-grim.com\/cupra\/wp-content\/uploads\/2023\/09\/cupra-formentor-accessoires-velo-1024x572.jpg\" alt=\"CUPRA Formentor\" class=\"wp-image-3817\" srcset=\"https:\/\/groupe-grim.com\/cupra\/wp-content\/uploads\/2023\/09\/cupra-formentor-accessoires-velo-1024x572.jpg 1024w, https:\/\/groupe-grim.com\/cupra\/wp-content\/uploads\/2023\/09\/cupra-formentor-accessoires-velo-980x547.jpg 980w, https:\/\/groupe-grim.com\/cupra\/wp-content\/uploads\/2023\/09\/cupra-formentor-accessoires-velo-480x268.jpg 480w\" sizes=\"(min-width: 0px) and (max-width: 480px) 480px, (min-width: 481px) and (max-width: 980px) 980px, (min-width: 981px) 1024px, 100vw\" \/><\/figure>\n\n\n\n<h2 class=\"wp-block-heading\">CUPRA Formentor<\/h2>\n\n\n\n<div class=\"wp-block-columns is-layout-flex wp-container-core-columns-is-layout-9d6595d7 wp-block-columns-is-layout-flex\">\n<div class=\"wp-block-column is-layout-flow wp-block-column-is-layout-flow\">\n<p><strong>Mod\u00e8le pr\u00e9sent\u00e9 : VZ 2.0 TSI 310 ch DSG7 4Drive<\/strong><\/p>\n\n\n\n<p>\u00c9missions de CO2 mixte : 191 &#8211; 197 g\/km.<br>Consommation mixte :&nbsp;8,4 &#8211; 8,7 L\/100km.<\/p>\n<\/div>\n\n\n\n<div class=\"wp-block-column is-layout-flow wp-block-column-is-layout-flow\">\n<figure class=\"wp-block-image size-full\"><img loading=\"lazy\" decoding=\"async\" width=\"500\" height=\"374\" src=\"https:\/\/groupe-grim.com\/cupra\/wp-content\/uploads\/2023\/09\/co2-cupra-formentor.jpg\" alt=\"CUPRA Formentor\" class=\"wp-image-3813\" srcset=\"https:\/\/groupe-grim.com\/cupra\/wp-content\/uploads\/2023\/09\/co2-cupra-formentor.jpg 500w, https:\/\/groupe-grim.com\/cupra\/wp-content\/uploads\/2023\/09\/co2-cupra-formentor-480x359.jpg 480w\" sizes=\"(min-width: 0px) and (max-width: 480px) 480px, (min-width: 481px) 500px, 100vw\" \/><\/figure>\n<\/div>\n<\/div>\n\n\n\n<h2 class=\"wp-block-heading\">Ou est fabriqu\u00e9 la Cupra Formentor ?<\/h2>\n\n\n\n<p>La CUPRA Formentor est le fruit d&rsquo;une <strong>collaboration europ\u00e9enne<\/strong>. Elle est assembl\u00e9e dans <strong>deux usines majeures<\/strong> : l&rsquo;une situ\u00e9e \u00e0 Martorell en <strong>Espagne<\/strong>, refl\u00e9tant le charme et la passion espagnols, et l&rsquo;autre \u00e0 Kvasiny en <strong>R\u00e9publique Tch\u00e8que<\/strong>, t\u00e9moignant de l&rsquo;excellence et de la pr\u00e9cision tch\u00e8ques. Ces deux sites d&rsquo;assemblage garantissent que chaque Formentor est construit avec le plus grand soin, combinant le meilleur des deux mondes pour produire un v\u00e9hicule d&rsquo;exception.<\/p>\n\n\n\n<div style=\"height:56px\" aria-hidden=\"true\" class=\"wp-block-spacer\"><\/div>\n\n\n\n<div style=\"height:56px\" aria-hidden=\"true\" class=\"wp-block-spacer\"><\/div>\n\n\n\n<h2 class=\"wp-block-heading\">\u00c9dition limit\u00e9e du Cupra Formentor<\/h2>\n\n\n\n<p>D\u00e9couvrez la <a href=\"https:\/\/groupe-grim.com\/cupra\/cupra-formentor-vz5\/\">CUPRA Formentor VZ5 BAT Limited Edition<\/a>, une incarnation audacieuse de l&rsquo;excellence automobile. Cette \u00e9dition sp\u00e9ciale, avec sa teinte sombre et myst\u00e9rieuse, promet une exp\u00e9rience de conduite intensifi\u00e9e, riche en \u00e9motions. La Formentor VZ5 ne se contente pas d&rsquo;ajouter une nuance \u00e0 son caract\u00e8re d\u00e9j\u00e0 progressif, elle r\u00e9v\u00e8le une facette plus profonde et audacieuse avec cette \u00e9dition BAT. Et pour garantir son exclusivit\u00e9, la production est limit\u00e9e \u00e0 seulement 500 exemplaires. Chaque d\u00e9tail, tant ext\u00e9rieur qu&rsquo;int\u00e9rieur, a \u00e9t\u00e9 pens\u00e9 pour accentuer l&rsquo;aspect \u00e9motionnel de ce SUV haute performance. Ne manquez pas l&rsquo;opportunit\u00e9 de poss\u00e9der une pi\u00e8ce d&rsquo;exception, une fusion parfaite entre design audacieux et performance in\u00e9gal\u00e9e.<\/p>\n\n\n\n<h2 class=\"wp-block-heading\">SUV Cupra Formentor<\/h2>\n\n\n\n<p>Ce crossover de haute vol\u00e9e fusionne l&rsquo;essence m\u00eame de la marque CUPRA avec des avanc\u00e9es technologiques avant-gardistes, un design ext\u00e9rieur captivant, un int\u00e9rieur sur-mesure raffin\u00e9, et des sp\u00e9cifications m\u00e9caniques \u00e0 la fois \u00e9labor\u00e9es et performantes. Nomm\u00e9 en hommage au renomm\u00e9 cap de Majorque, le Formentor est \u00e9quip\u00e9 des technologies les plus r\u00e9centes en mati\u00e8re de connectivit\u00e9 et de s\u00e9curit\u00e9, incluant un syst\u00e8me d&rsquo;info-divertissement innovant avec un \u00e9cran de 12 pouces et les dispositifs d&rsquo;assistance \u00e0 la conduite les plus avanc\u00e9s.<\/p>\n\n\n\n<p>La CUPRA Formentor se pr\u00e9sente comme une fusion parfaite de sophistication et d&rsquo;innovation, offrant une exp\u00e9rience de conduite \u00e0 la fois dynamique et fluide. Elle s&rsquo;inscrit dans la cat\u00e9gorie des CUV, un segment de march\u00e9 en forte croissance qui promet de prosp\u00e9rer dans les ann\u00e9es futures.<\/p>\n\n\n\n<h2 class=\"wp-block-heading\">Prenez rendez-vous pour l&rsquo;essayer<\/h2>\n\n\n\n<div style=\"height:44px\" aria-hidden=\"true\" class=\"wp-block-spacer\"><\/div>\n\n\n\n<div class=\"wp-block-buttons alignwide is-content-justification-center is-layout-flex wp-container-core-buttons-is-layout-16018d1d wp-block-buttons-is-layout-flex\">\n<div class=\"wp-block-button has-custom-width wp-block-button__width-50 is-style-outline is-style-outline--5\"><a class=\"wp-block-button__link has-text-align-center wp-element-button\" href=\"https:\/\/www.groupe-grim.com\/rendez-vous\/cupra.html\"><strong>Prendre Rendez-vous pour l&rsquo;essayer<\/strong><\/a><\/div>\n<\/div>\n\n\n\n<div style=\"height:44px\" aria-hidden=\"true\" class=\"wp-block-spacer\"><\/div>\n\n\n\n<p>Depuis plus de trois d\u00e9cennies, le groupe GRIM s&rsquo;est impos\u00e9 comme une r\u00e9f\u00e9rence incontournable dans le monde de l&rsquo;automobile. En tant que<strong> concessionnaire expert de la CUPRA Formentor<\/strong>, nous sommes fiers de mettre notre expertise et notre passion au service de nos clients. Que vous soyez curieux de d\u00e9couvrir les performances de ce mod\u00e8le ou que vous envisagiez de l&rsquo;adopter, nous vous invitons \u00e0 prendre rendez-vous. Pour votre confort, nous avons simplifi\u00e9 le processus : vous pouvez r\u00e9server votre essai en ligne ou nous contacter gratuitement par t\u00e9l\u00e9phone. Venez vivre l&rsquo;exp\u00e9rience CUPRA Formentor avec le groupe GRIM, votre partenaire automobile de confiance.<\/p>\n","protected":false},"excerpt":{"rendered":"<p>D\u00e9couvrez la CUPRA Formentor sous tous ses angles : cet article vous offre une immersion compl\u00e8te dans ce mod\u00e8le r\u00e9volutionnaire, vous permettant de comprendre pourquoi elle pourrait bien \u00eatre le prochain choix id\u00e9al pour votre garage.<\/p>\n","protected":false},"author":1,"featured_media":3779,"comment_status":"closed","ping_status":"closed","sticky":false,"template":"","format":"standard","meta":{"_et_pb_use_builder":"off","_et_pb_old_content":"","_et_gb_content_width":"1080","two_page_speed":[],"footnotes":""},"categories":[5],"tags":[],"class_list":["post-3775","post","type-post","status-publish","format-standard","has-post-thumbnail","hentry","category-actualites-cupra"],"_links":{"self":[{"href":"https:\/\/groupe-grim.com\/cupra\/wp-json\/wp\/v2\/posts\/3775","targetHints":{"allow":["GET"]}}],"collection":[{"href":"https:\/\/groupe-grim.com\/cupra\/wp-json\/wp\/v2\/posts"}],"about":[{"href":"https:\/\/groupe-grim.com\/cupra\/wp-json\/wp\/v2\/types\/post"}],"author":[{"embeddable":true,"href":"https:\/\/groupe-grim.com\/cupra\/wp-json\/wp\/v2\/users\/1"}],"replies":[{"embeddable":true,"href":"https:\/\/groupe-grim.com\/cupra\/wp-json\/wp\/v2\/comments?post=3775"}],"version-history":[{"count":36,"href":"https:\/\/groupe-grim.com\/cupra\/wp-json\/wp\/v2\/posts\/3775\/revisions"}],"predecessor-version":[{"id":7372,"href":"https:\/\/groupe-grim.com\/cupra\/wp-json\/wp\/v2\/posts\/3775\/revisions\/7372"}],"wp:featuredmedia":[{"embeddable":true,"href":"https:\/\/groupe-grim.com\/cupra\/wp-json\/wp\/v2\/media\/3779"}],"wp:attachment":[{"href":"https:\/\/groupe-grim.com\/cupra\/wp-json\/wp\/v2\/media?parent=3775"}],"wp:term":[{"taxonomy":"category","embeddable":true,"href":"https:\/\/groupe-grim.com\/cupra\/wp-json\/wp\/v2\/categories?post=3775"},{"taxonomy":"post_tag","embeddable":true,"href":"https:\/\/groupe-grim.com\/cupra\/wp-json\/wp\/v2\/tags?post=3775"}],"curies":[{"name":"wp","href":"https:\/\/api.w.org\/{rel}","templated":true}]}}