{"id":4401,"date":"2024-09-19T09:02:00","date_gmt":"2024-09-19T09:02:00","guid":{"rendered":"https:\/\/groupe-grim.com\/cupra\/?p=4401"},"modified":"2024-09-19T15:49:53","modified_gmt":"2024-09-19T15:49:53","slug":"cupra-raval","status":"publish","type":"post","link":"https:\/\/groupe-grim.com\/cupra\/cupra-raval\/","title":{"rendered":"LA CUPRA RAVAL : SYMBOLE DE PERFORMANCE ET D&rsquo;INNOVATION"},"content":{"rendered":"\n<p>La <strong>Cupra Raval<\/strong>, dont la sortie est pr\u00e9vue en 2025, marque une nouvelle \u00e9tape dans l\u2019\u00e9volution de la marque espagnole <a href=\"https:\/\/groupe-grim.com\/cupra\/marque-cupra\/\">Cupra<\/a>. Ce mod\u00e8le 100 % \u00e9lectrique allie performance, innovation, et design urbain avant-gardiste. Cupra pr\u00e9voit de r\u00e9volutionner la mobilit\u00e9 dans les environnements urbains avec ce v\u00e9hicule, destin\u00e9 aux conducteurs modernes \u00e0 la recherche d&rsquo;une voiture qui marie style, technologie et \u00e9cologie.<\/p>\n\n\n\n<div style=\"height:30px\" aria-hidden=\"true\" class=\"wp-block-spacer\"><\/div>\n\n\n\n<h2 class=\"wp-block-heading\" style=\"font-size:18px\">UN DESIGN FUTURISTE<\/h2>\n\n\n\n<div style=\"height:20px\" aria-hidden=\"true\" class=\"wp-block-spacer\"><\/div>\n\n\n\n<p>La <strong>Cupra Raval<\/strong> se distingue par un design qui repousse les limites de la cr\u00e9ativit\u00e9 automobile. Inspir\u00e9e par le c\u00e9l\u00e8bre quartier Raval de Barcelone, cette voiture int\u00e8gre des \u00e9l\u00e9ments de l\u2019art de rue, de l\u2019architecture et de la culture urbaine. Les lignes ext\u00e9rieures sont audacieuses et sculpt\u00e9es pour capter l\u2019attention, tandis que la signature lumineuse \u00e0 LED donne une allure futuriste au v\u00e9hicule. En choisissant des mat\u00e9riaux durables et recycl\u00e9s, Cupra souligne son engagement pour un design premium respectueux de l\u2019environnement.<\/p>\n\n\n\n<p>Le design int\u00e9rieur suit la m\u00eame ligne directrice, avec un habitacle spacieux et une technologie de pointe. La <strong>Cupra Raval<\/strong> incarne l\u2019approche \u00e9co-responsable de la marque, tout en offrant un style et un confort exceptionnels. Pr\u00e9parez-vous \u00e0 d\u00e9couvrir un int\u00e9rieur \u00e0 la fois moderne et \u00e9cologique lors de la sortie de ce mod\u00e8le en 2025.<\/p>\n\n\n\n<div style=\"height:20px\" aria-hidden=\"true\" class=\"wp-block-spacer\"><\/div>\n\n\n\n<figure class=\"wp-block-image size-large\"><img loading=\"lazy\" decoding=\"async\" width=\"1024\" height=\"576\" src=\"https:\/\/groupe-grim.com\/cupra\/wp-content\/uploads\/2023\/10\/cupra-raval-1024x576.jpg\" alt=\"cupra-raval\" class=\"wp-image-7392\" srcset=\"https:\/\/groupe-grim.com\/cupra\/wp-content\/uploads\/2023\/10\/cupra-raval-980x551.jpg 980w, https:\/\/groupe-grim.com\/cupra\/wp-content\/uploads\/2023\/10\/cupra-raval-480x270.jpg 480w\" sizes=\"(min-width: 0px) and (max-width: 480px) 480px, (min-width: 481px) and (max-width: 980px) 980px, (min-width: 981px) 1024px, 100vw\" \/><\/figure>\n\n\n\n<div style=\"height:30px\" aria-hidden=\"true\" class=\"wp-block-spacer\"><\/div>\n\n\n\n<h2 class=\"wp-block-heading\" style=\"font-size:18px\">UNE MOTORISATION 100% \u00c9LECTRIQUE PERFORMANTE <\/h2>\n\n\n\n<div style=\"height:20px\" aria-hidden=\"true\" class=\"wp-block-spacer\"><\/div>\n\n\n\n<p>Bien que sa sortie soit encore \u00e0 venir, la <strong>Cupra Raval<\/strong> promet d\u00e9j\u00e0 des performances remarquables gr\u00e2ce \u00e0 une motorisation 100 % \u00e9lectrique de derni\u00e8re g\u00e9n\u00e9ration. Ce mod\u00e8le est con\u00e7u pour offrir une autonomie impressionnante et une conduite dynamique, id\u00e9ale aussi bien en ville que sur autoroute. Avec une acc\u00e9l\u00e9ration rapide et fluide, elle devrait r\u00e9pondre aux attentes des conducteurs qui cherchent \u00e0 allier plaisir de conduite et respect de l&rsquo;environnement.<\/p>\n\n\n\n<p>Les technologies d&rsquo;optimisation de la gestion \u00e9nerg\u00e9tique permettront de maximiser l\u2019autonomie de la <strong>Cupra Raval<\/strong>, tout en minimisant le temps de recharge. De plus, le v\u00e9hicule int\u00e9grera un syst\u00e8me de recharge rapide, pratique pour les conducteurs urbains soucieux de r\u00e9duire leur empreinte carbone sans sacrifier les performances.<\/p>\n\n\n\n<div style=\"height:30px\" aria-hidden=\"true\" class=\"wp-block-spacer\"><\/div>\n\n\n\n<h2 class=\"wp-block-heading\" style=\"font-size:18px\">TECHNOLOGIE ET CONNECTIVIT\u00c9 AU COEUR DE L&rsquo;EXP\u00c9RIENCE DE CONDUITE <\/h2>\n\n\n\n<div style=\"height:20px\" aria-hidden=\"true\" class=\"wp-block-spacer\"><\/div>\n\n\n\n<p>L\u2019exp\u00e9rience de conduite de la <strong>Cupra Raval<\/strong>, pr\u00e9vue pour 2025, s\u2019annonce comme une v\u00e9ritable immersion technologique. \u00c9quip\u00e9e d\u2019un tableau de bord enti\u00e8rement num\u00e9rique et d&rsquo;un syst\u00e8me d\u2019infodivertissement derni\u00e8re g\u00e9n\u00e9ration, elle permettra une connectivit\u00e9 intuitive, avec des interfaces compatibles Apple CarPlay et Android Auto. Les conducteurs pourront ainsi rester connect\u00e9s tout en b\u00e9n\u00e9ficiant d\u2019une navigation fluide et d\u2019une interaction facilit\u00e9e avec leur v\u00e9hicule.<\/p>\n\n\n\n<p>Par ailleurs, la <strong>Cupra Raval<\/strong> sera dot\u00e9e de nombreux syst\u00e8mes d\u2019assistance \u00e0 la conduite avanc\u00e9s, garantissant une s\u00e9curit\u00e9 optimale. Les syst\u00e8mes tels que le r\u00e9gulateur de vitesse adaptatif, l\u2019assistant de maintien de voie et le freinage d\u2019urgence autonome sont attendus pour faciliter la conduite en ville, tout en assurant un haut niveau de s\u00e9curit\u00e9.<\/p>\n\n\n\n<div style=\"height:20px\" aria-hidden=\"true\" class=\"wp-block-spacer\"><\/div>\n\n\n\n<figure class=\"wp-block-image size-large\"><img loading=\"lazy\" decoding=\"async\" width=\"1024\" height=\"683\" src=\"https:\/\/groupe-grim.com\/cupra\/wp-content\/uploads\/2023\/10\/interieur-cupra-raval-1024x683.jpg\" alt=\"interieur-cupra-raval\" class=\"wp-image-7394\" srcset=\"https:\/\/groupe-grim.com\/cupra\/wp-content\/uploads\/2023\/10\/interieur-cupra-raval-980x654.jpg 980w, https:\/\/groupe-grim.com\/cupra\/wp-content\/uploads\/2023\/10\/interieur-cupra-raval-480x320.jpg 480w\" sizes=\"(min-width: 0px) and (max-width: 480px) 480px, (min-width: 481px) and (max-width: 980px) 980px, (min-width: 981px) 1024px, 100vw\" \/><\/figure>\n\n\n\n<div style=\"height:30px\" aria-hidden=\"true\" class=\"wp-block-spacer\"><\/div>\n\n\n\n<h2 class=\"wp-block-heading\" style=\"font-size:18px\">CUPRA RAVAL : UN ENGAGEMENT POUR LA MOBILIT\u00c9 DURABLE<\/h2>\n\n\n\n<div style=\"height:20px\" aria-hidden=\"true\" class=\"wp-block-spacer\"><\/div>\n\n\n\n<p>La <strong>Cupra Raval<\/strong> incarne l\u2019engagement de Cupra pour une mobilit\u00e9 plus durable, en phase avec les besoins des villes modernes. Enti\u00e8rement \u00e9lectrique, elle permettra de r\u00e9duire les \u00e9missions de CO2 et participera activement \u00e0 la cr\u00e9ation d\u2019un environnement plus propre. D\u00e8s sa sortie en 2025, elle sera un symbole fort de la transition \u00e9nerg\u00e9tique de Cupra.<\/p>\n\n\n\n<p>En plus d&rsquo;\u00eatre \u00e9coresponsable, la production de la <strong>Cupra Raval<\/strong> reposera sur des proc\u00e9d\u00e9s respectueux de l&rsquo;environnement, avec une attention particuli\u00e8re port\u00e9e \u00e0 l\u2019utilisation de mat\u00e9riaux recycl\u00e9s. Cupra vise \u00e0 minimiser l&#8217;empreinte \u00e9cologique de ses v\u00e9hicules tout au long de leur cycle de vie, et ce mod\u00e8le promet d\u2019\u00eatre une avanc\u00e9e majeure dans cette direction.<\/p>\n\n\n\n<div style=\"height:20px\" aria-hidden=\"true\" class=\"wp-block-spacer\"><\/div>\n\n\n\n<div class=\"wp-block-buttons is-content-justification-center is-layout-flex wp-container-core-buttons-is-layout-16018d1d wp-block-buttons-is-layout-flex\">\n<div class=\"wp-block-button\"><a class=\"wp-block-button__link wp-element-button\" href=\"https:\/\/www.groupe-grim.com\/rendez-vous\/cupra.html\" style=\"border-radius:0px\"><mark style=\"background-color:rgba(0, 0, 0, 0)\" class=\"has-inline-color has-white-color\">D\u00e9couvrez nos v\u00e9hicules \u00e9lectriques<\/mark><\/a><\/div>\n<\/div>\n\n\n\n<div style=\"height:50px\" aria-hidden=\"true\" class=\"wp-block-spacer\"><\/div>\n\n\n\n<h2 class=\"wp-block-heading\" style=\"font-size:18px\">LA CUPRA RAVAL ET LA VIE URBAINE : UNE ALLIANCE PARFAITE <\/h2>\n\n\n\n<div style=\"height:20px\" aria-hidden=\"true\" class=\"wp-block-spacer\"><\/div>\n\n\n\n<p>La <strong>Cupra Raval<\/strong> sera con\u00e7ue pour les conducteurs urbains \u00e0 la recherche d\u2019un v\u00e9hicule compact, agile et \u00e9cologique. Ses dimensions r\u00e9duites et sa maniabilit\u00e9 devraient permettre de se d\u00e9placer facilement dans les rues \u00e9troites et de trouver des places de stationnement avec plus de facilit\u00e9, tout en offrant un confort in\u00e9gal\u00e9 \u00e0 ses occupants.<\/p>\n\n\n\n<p>Sa motorisation \u00e9lectrique silencieuse contribuera \u00e0 r\u00e9duire la pollution sonore en ville, tout en am\u00e9liorant la qualit\u00e9 de l&rsquo;air. De plus, la <strong>Cupra Raval<\/strong> sera compatible avec les infrastructures de recharge existantes, facilitant la vie des conducteurs urbains en leur offrant des solutions pratiques, \u00e0 domicile ou dans les espaces publics.<\/p>\n\n\n\n<div style=\"height:20px\" aria-hidden=\"true\" class=\"wp-block-spacer\"><\/div>\n\n\n\n<figure class=\"wp-block-image size-large\"><img loading=\"lazy\" decoding=\"async\" width=\"1024\" height=\"576\" src=\"https:\/\/groupe-grim.com\/cupra\/wp-content\/uploads\/2023\/10\/cupra-raval-exterieur-1024x576.jpg\" alt=\"cupra-raval-exterieur\" class=\"wp-image-7397\" srcset=\"https:\/\/groupe-grim.com\/cupra\/wp-content\/uploads\/2023\/10\/cupra-raval-exterieur-980x551.jpg 980w, https:\/\/groupe-grim.com\/cupra\/wp-content\/uploads\/2023\/10\/cupra-raval-exterieur-480x270.jpg 480w\" sizes=\"(min-width: 0px) and (max-width: 480px) 480px, (min-width: 481px) and (max-width: 980px) 980px, (min-width: 981px) 1024px, 100vw\" \/><\/figure>\n\n\n\n<div style=\"height:30px\" aria-hidden=\"true\" class=\"wp-block-spacer\"><\/div>\n\n\n\n<h2 class=\"wp-block-heading\" style=\"font-size:18px\">LA CUPRA RAVAL : LE FUTUR DE CUPRA <\/h2>\n\n\n\n<div style=\"height:20px\" aria-hidden=\"true\" class=\"wp-block-spacer\"><\/div>\n\n\n\n<p>En conclusion, la <strong>Cupra Raval<\/strong> s&rsquo;annonce comme une r\u00e9volution dans l\u2019univers de la mobilit\u00e9 urbaine, avec un design audacieux, des performances \u00e9lectriques impressionnantes, et un engagement fort pour la durabilit\u00e9. Pr\u00e9vue pour 2025, elle incarne parfaitement la vision de Cupra pour un avenir o\u00f9 innovation technologique et respect de l&rsquo;environnement se rejoignent.<\/p>\n\n\n\n<p>Ce mod\u00e8le 100 % \u00e9lectrique est pr\u00eat \u00e0 relever les d\u00e9fis de la mobilit\u00e9 moderne, en offrant aux conducteurs un v\u00e9hicule \u00e0 la fois styl\u00e9, performant et respectueux de l\u2019environnement. Avec la <strong>Cupra Raval<\/strong>, la marque espagnole continue de red\u00e9finir les standards de l&rsquo;industrie automobile. <\/p>\n\n\n\n<div style=\"height:50px\" aria-hidden=\"true\" class=\"wp-block-spacer\"><\/div>\n\n\n\n<p class=\"has-text-align-center has-white-color has-black-background-color has-text-color has-background has-link-color wp-elements-3ab2785c04885fc527969196269d702c\"><strong><a href=\"https:\/\/www.groupe-grim.com\/rendez-vous\/\">Prendre RDV en ligne<\/a><\/strong><\/p>\n\n\n\n<p><\/p>\n\n\n\n<p class=\"has-text-align-center has-white-color has-black-background-color has-text-color has-background has-link-color wp-elements-44bf1fc55a8b83092b2cb471418ce2f6\"><strong>40 Avenue Georges Pompidou &#8211; 15000 Aurillac &#8211; 04 71 64 58 44<\/strong><\/p>\n\n\n\n<p><\/p>\n\n\n\n<p class=\"has-text-align-center\"><br>Pour tout renseignement sur&nbsp;<strong>CUPRA :<\/strong><\/p>\n\n\n\n<p class=\"has-text-align-center\"><a href=\"tel:0805021414\"><strong>08 05 02 14 14 (appel gratuit)<\/strong><\/a>&nbsp;du lundi au dimanche de 9h00 \u00e0 22h00<\/p>\n\n\n\n<p class=\"has-text-align-center\"><a href=\"https:\/\/www.groupe-grim.com\/rendez-vous\/\">Essayer un v\u00e9hicule<\/a>&nbsp;I&nbsp;<a href=\"https:\/\/www.grim-occasion.com\/reprise-de-votre-vehicule\/\" target=\"_blank\" rel=\"noreferrer noopener\">Demander une offre de reprise<\/a>&nbsp;I&nbsp;<a href=\"https:\/\/www.groupe-grim.com\/rendez-vous\/\">Demander Une offre de financement<\/a>&nbsp;I&nbsp;<a href=\"https:\/\/www.grim-occasion.com\/voitures\/?_brand=jaguar%2Cland-rover\" target=\"_blank\" rel=\"noreferrer noopener\">GRIM Occasion<\/a><\/p>\n\n\n\n<p class=\"has-text-align-center\">CUPRA \u2022 Aurillac \u2013 Saint Flour<\/p>\n","protected":false},"excerpt":{"rendered":"<p>CUPRA Raval, la citadine \u00e9lectrique qui bouscule les conventions et g\u00e9n\u00e8re des \u00e9motions.<\/p>\n","protected":false},"author":2,"featured_media":4402,"comment_status":"closed","ping_status":"closed","sticky":false,"template":"","format":"standard","meta":{"_et_pb_use_builder":"off","_et_pb_old_content":"","_et_gb_content_width":"","two_page_speed":[],"footnotes":""},"categories":[5],"tags":[],"class_list":["post-4401","post","type-post","status-publish","format-standard","has-post-thumbnail","hentry","category-actualites-cupra"],"_links":{"self":[{"href":"https:\/\/groupe-grim.com\/cupra\/wp-json\/wp\/v2\/posts\/4401","targetHints":{"allow":["GET"]}}],"collection":[{"href":"https:\/\/groupe-grim.com\/cupra\/wp-json\/wp\/v2\/posts"}],"about":[{"href":"https:\/\/groupe-grim.com\/cupra\/wp-json\/wp\/v2\/types\/post"}],"author":[{"embeddable":true,"href":"https:\/\/groupe-grim.com\/cupra\/wp-json\/wp\/v2\/users\/2"}],"replies":[{"embeddable":true,"href":"https:\/\/groupe-grim.com\/cupra\/wp-json\/wp\/v2\/comments?post=4401"}],"version-history":[{"count":16,"href":"https:\/\/groupe-grim.com\/cupra\/wp-json\/wp\/v2\/posts\/4401\/revisions"}],"predecessor-version":[{"id":7410,"href":"https:\/\/groupe-grim.com\/cupra\/wp-json\/wp\/v2\/posts\/4401\/revisions\/7410"}],"wp:featuredmedia":[{"embeddable":true,"href":"https:\/\/groupe-grim.com\/cupra\/wp-json\/wp\/v2\/media\/4402"}],"wp:attachment":[{"href":"https:\/\/groupe-grim.com\/cupra\/wp-json\/wp\/v2\/media?parent=4401"}],"wp:term":[{"taxonomy":"category","embeddable":true,"href":"https:\/\/groupe-grim.com\/cupra\/wp-json\/wp\/v2\/categories?post=4401"},{"taxonomy":"post_tag","embeddable":true,"href":"https:\/\/groupe-grim.com\/cupra\/wp-json\/wp\/v2\/tags?post=4401"}],"curies":[{"name":"wp","href":"https:\/\/api.w.org\/{rel}","templated":true}]}}