{"id":4631,"date":"2023-10-30T15:53:58","date_gmt":"2023-10-30T15:53:58","guid":{"rendered":"https:\/\/groupe-grim.com\/cupra\/?p=4631"},"modified":"2024-09-13T15:39:04","modified_gmt":"2024-09-13T15:39:04","slug":"nouvelle-vision-et-ambition-pour-cupra","status":"publish","type":"post","link":"https:\/\/groupe-grim.com\/cupra\/nouvelle-vision-et-ambition-pour-cupra\/","title":{"rendered":"CUPRA PR\u00c9SENTE SA VISION ET SON AMBITION \u00c0 L&rsquo;HORIZON 2025"},"content":{"rendered":"\n<p>\u00c0 ce jour, la marque a livr\u00e9 pr\u00e8s de 200 000 unit\u00e9s et a vu son chiffre d&rsquo;affaires passer de 430 millions d&rsquo;euros en 2018 \u00e0 pr\u00e8s de 2,2 milliards d&rsquo;euros en 2021. Soit bien au-del\u00e0 de toutes les pr\u00e9visions. Cette ann\u00e9e, <a href=\"https:\/\/www.cupraofficial.com\/\" target=\"_blank\" rel=\"noopener\">CUPRA <\/a>entend doubler ses ventes, son chiffre d&rsquo;affaires ainsi que son r\u00e9seau mondial de CUPRA Masters et de CUPRA City Garages.<\/p>\n\n\n\n<p><\/p>\n\n\n\n<p><\/p>\n\n\n\n<figure class=\"wp-block-gallery has-nested-images columns-default is-cropped wp-block-gallery-1 is-layout-flex wp-block-gallery-is-layout-flex\">\n<figure class=\"wp-block-image size-large\"><img loading=\"lazy\" decoding=\"async\" width=\"1024\" height=\"683\" data-id=\"4635\" src=\"https:\/\/groupe-grim.com\/cupra\/wp-content\/uploads\/2023\/10\/CUPRA_Impulse-Event_01_HQ-1024x683.jpeg\" alt=\"CUPRA pr\u00e9sente sa vision et son ambition \u00e0 l'horizon 2025.\n\n\" class=\"wp-image-4635\" srcset=\"https:\/\/groupe-grim.com\/cupra\/wp-content\/uploads\/2023\/10\/CUPRA_Impulse-Event_01_HQ-980x653.jpeg 980w, https:\/\/groupe-grim.com\/cupra\/wp-content\/uploads\/2023\/10\/CUPRA_Impulse-Event_01_HQ-480x320.jpeg 480w\" sizes=\"(min-width: 0px) and (max-width: 480px) 480px, (min-width: 481px) and (max-width: 980px) 980px, (min-width: 981px) 1024px, 100vw\" \/><\/figure>\n<\/figure>\n\n\n\n<p><\/p>\n\n\n\n<p><\/p>\n\n\n\n<p>D&rsquo;ici 2025, CUPRA fera son entr\u00e9e dans une nouvelle \u00e8re avec trois nouveaux mod\u00e8les \u00e9lectrifi\u00e9s &#8211; la CUPRA Terramar*, la CUPRA Tavascan* et la CUPRA UrbanRebel* &#8211; tout en renouvelant ses gammes actuelles.<\/p>\n\n\n\n<p><\/p>\n\n\n\n<p><\/p>\n\n\n\n<blockquote class=\"wp-block-quote is-layout-flow wp-block-quote-is-layout-flow\">\n<p><strong>\u00ab\u00a0Ce soir, nous d\u00e9voilons toute la gamme d&rsquo;ic\u00f4nes de la prochaine g\u00e9n\u00e9ration de CUPRA qui sera lanc\u00e9e d&rsquo;ici 2025. D&rsquo;ici 2025, notre objectif est de livrer 500 000 voitures par an \u00e0 moyen terme, de poursuivre notre d\u00e9veloppement \u00e0 l&rsquo;international sur de nouveaux march\u00e9s et de p\u00e9n\u00e9trer de nouveaux segments. La tribu CUPRA s&rsquo;engage \u00e0 faire en sorte que tout cela se produise, ce sont les gens qui comptent. Parce qu&rsquo;au final, c&rsquo;est les gens qui font la marque \u00ab\u00a0.<\/strong><\/p>\n<cite>a d\u00e9clar\u00e9 Wayne Griffiths, PDG de CUPRA.<\/cite><\/blockquote>\n\n\n\n<p><\/p>\n\n\n\n<p><\/p>\n\n\n\n<p>L&rsquo;\u00e9v\u00e9nement Unstoppable Impulse s&rsquo;est d\u00e9roul\u00e9 \u00e0 Terramar (Sitges), en pr\u00e9sence de la presse internationale, des institutions, des partenaires et des ambassadeurs de CUPRA tels que la footballeuse Alexia Putellas, laur\u00e9ate du Ballon d&rsquo;Or et du titre de meilleure joueuse FIFA. Des repr\u00e9sentants du Groupe Volkswagen mais aussi des familles Porsche et Pi\u00ebch ont \u00e9galement fait le d\u00e9placement.<\/p>\n\n\n\n<p><\/p>\n\n\n\n<p><\/p>\n\n\n\n<div class=\"wp-block-columns is-layout-flex wp-container-core-columns-is-layout-9d6595d7 wp-block-columns-is-layout-flex\">\n<div class=\"wp-block-column is-layout-flow wp-block-column-is-layout-flow\">\n<figure class=\"wp-block-gallery has-nested-images columns-default is-cropped wp-block-gallery-2 is-layout-flex wp-block-gallery-is-layout-flex\">\n<figure class=\"wp-block-image size-large\"><img loading=\"lazy\" decoding=\"async\" width=\"1024\" height=\"683\" data-id=\"4640\" src=\"https:\/\/groupe-grim.com\/cupra\/wp-content\/uploads\/2023\/10\/CUPRA_Impulse-Event_02_HQ-1024x683.jpeg\" alt=\"CUPRA pr\u00e9sente sa vision et son ambition \u00e0 l'horizon 2025.\n\" class=\"wp-image-4640\" srcset=\"https:\/\/groupe-grim.com\/cupra\/wp-content\/uploads\/2023\/10\/CUPRA_Impulse-Event_02_HQ-980x653.jpeg 980w, https:\/\/groupe-grim.com\/cupra\/wp-content\/uploads\/2023\/10\/CUPRA_Impulse-Event_02_HQ-480x320.jpeg 480w\" sizes=\"(min-width: 0px) and (max-width: 480px) 480px, (min-width: 481px) and (max-width: 980px) 980px, (min-width: 981px) 1024px, 100vw\" \/><\/figure>\n<\/figure>\n<\/div>\n\n\n\n<div class=\"wp-block-column is-layout-flow wp-block-column-is-layout-flow\">\n<figure class=\"wp-block-gallery has-nested-images columns-default is-cropped wp-block-gallery-3 is-layout-flex wp-block-gallery-is-layout-flex\">\n<figure class=\"wp-block-image size-large\"><img loading=\"lazy\" decoding=\"async\" width=\"1024\" height=\"683\" data-id=\"4641\" src=\"https:\/\/groupe-grim.com\/cupra\/wp-content\/uploads\/2023\/10\/CUPRA_Impulse-Event_03_HQ-1024x683.jpeg\" alt=\"CUPRA pr\u00e9sente sa vision et son ambition \u00e0 l'horizon 2025.\n\" class=\"wp-image-4641\" srcset=\"https:\/\/groupe-grim.com\/cupra\/wp-content\/uploads\/2023\/10\/CUPRA_Impulse-Event_03_HQ-980x653.jpeg 980w, https:\/\/groupe-grim.com\/cupra\/wp-content\/uploads\/2023\/10\/CUPRA_Impulse-Event_03_HQ-480x320.jpeg 480w\" sizes=\"(min-width: 0px) and (max-width: 480px) 480px, (min-width: 481px) and (max-width: 980px) 980px, (min-width: 981px) 1024px, 100vw\" \/><\/figure>\n<\/figure>\n<\/div>\n<\/div>\n\n\n\n<p><\/p>\n\n\n\n<p><\/p>\n\n\n\n<p><\/p>\n\n\n\n<h4 class=\"wp-block-heading\">L&rsquo;incroyable parcours de CUPRA.<\/h4>\n\n\n\n<p>CUPRA a \u00e9t\u00e9 lanc\u00e9e en 2018 avec l&rsquo;ambition de r\u00e9inventer la sportivit\u00e9 contemporaine, sous l&rsquo;impulsion de quelques fid\u00e8les qui voulaient d\u00e9fier le statu quo.<\/p>\n\n\n\n<p>La CUPRA Ateca f\u00fbt le premier v\u00e9hicule \u00e0 incarner l&rsquo;ambition et le caract\u00e8re de la marque challenger. Un mod\u00e8le unique sur son segment.<\/p>\n\n\n\n<p>Deux ans plus tard arrivait la CUPRA Leon, la Reine des Leon. Il s&rsquo;agissait du premier mod\u00e8le de la marque dot\u00e9 d&rsquo;une large gamme de moteurs puissants, et de la toute premi\u00e8re CUPRA \u00e9lectrifi\u00e9e gr\u00e2ce \u00e0 son moteur hybride rechargeable hautes performances.<\/p>\n\n\n\n<p>Celle-ci a \u00e9t\u00e9 suivie par la CUPRA Formentor, le premier mod\u00e8le cr\u00e9\u00e9 exclusivement pour CUPRA. Avec pr\u00e8s de 100 000 unit\u00e9s vendues dans le monde \u00e0 ce jour, ce Crossover a connu un \u00e9norme succ\u00e8s et est d\u00e9sormais le mod\u00e8le le plus vendu de la soci\u00e9t\u00e9.<\/p>\n\n\n\n<p>Puis la CUPRA Born est arriv\u00e9e. La premi\u00e8re voiture 100 % \u00e9lectrique prouve qu&rsquo;\u00e9lectrification et performance vont parfaitement de pair. Mais les v\u00e9hicules ne repr\u00e9sentent qu&rsquo;une partie de l&rsquo;histoire.<\/p>\n\n\n\n<p>La CUPRA Tribe est l&rsquo;un des \u00e9l\u00e9ments cl\u00e9s du succ\u00e8s de CUPRA.<\/p>\n\n\n\n<p><\/p>\n\n\n\n<blockquote class=\"wp-block-quote is-layout-flow wp-block-quote-is-layout-flow\">\n<p><strong>\u00ab\u00a0Jour apr\u00e8s jour, la tribu CUPRA fa\u00e7onne l&rsquo;essence de notre marque : une attitude disruptive, un esprit rebelle et une mentalit\u00e9 \u00e0 contre-courant. Aujourd&rsquo;hui, nous pr\u00e9sentons le nouveau membre de la tribu : TV Boy. C&rsquo;est quelqu&rsquo;un qui poss\u00e8de un esprit rebelle qui brise les fronti\u00e8res pour inspirer la prochaine g\u00e9n\u00e9ration \u00e0 travers son art.\u00a0\u00bb<\/strong><\/p>\n<cite>a d\u00e9clar\u00e9 Antonino Labate, Directeur de la Strat\u00e9gie, du D\u00e9veloppement Commercial et des Op\u00e9rations de CUPRA.<\/cite><\/blockquote>\n\n\n\n<p><\/p>\n\n\n\n<p>\u00c0 pr\u00e9sent, CUPRA se tourne vers l&rsquo;avenir avec de nouvelles ic\u00f4nes pour une nouvelle \u00e8re.<\/p>\n\n\n\n<p><\/p>\n\n\n\n<p><\/p>\n\n\n\n<figure class=\"wp-block-embed is-type-video is-provider-youtube wp-block-embed-youtube wp-embed-aspect-16-9 wp-has-aspect-ratio\"><div class=\"wp-block-embed__wrapper\">\n<iframe loading=\"lazy\" title=\"CUPRA showcases its vision and ambition until 2025\" width=\"1080\" height=\"608\" src=\"https:\/\/www.youtube.com\/embed\/4f9PsFoF28c?feature=oembed\"  allow=\"accelerometer; autoplay; clipboard-write; encrypted-media; gyroscope; picture-in-picture; web-share\" allowfullscreen><\/iframe>\n<\/div><\/figure>\n\n\n\n<p><\/p>\n\n\n\n<p><\/p>\n\n\n\n<h4 class=\"wp-block-heading\">CUPRA Terramar* : le premier SUV \u00e9lectrifi\u00e9 de la marque<\/h4>\n\n\n\n<p>La technologie hybride rechargeable a montr\u00e9 que l&rsquo;\u00e9lectrification faisait partie int\u00e9grante de l&rsquo;ADN de CUPRA. Et \u00e0 ce titre, le nombre de v\u00e9hicules qui b\u00e9n\u00e9ficient de cette technologie s&rsquo;est d\u00e9velopp\u00e9 pour englober une grande partie de la gamme de la marque. Mais CUPRA va encore plus loin.<\/p>\n\n\n\n<p>D&rsquo;ici 2024, la gamme de mod\u00e8les hybrides rechargeables offrira encore plus d&rsquo;options et une plus grande autonomie.<\/p>\n\n\n\n<p>Prochain mod\u00e8le qui rejoindra la gamme, la CUPRA Terramar est un SUV qui rend hommage \u00e0 Terramar, Sitges, qui combine des proportions audacieuses et un design impressionnant. Ce SUV \u00e9motionnel, sportif et \u00e9lectrifi\u00e9 permettra \u00e0 l&rsquo;entreprise de monter en gamme sur le segment des SUV qui conna\u00eet la plus forte croissance en Europe. Il sera produit en Hongrie, dans l&rsquo;usine Audi de Gy\u00f6r.<\/p>\n\n\n\n<p>La CUPRA Terramar sera disponible dans des versions thermiques mais aussi dans une toute nouvelle g\u00e9n\u00e9ration de moteur hybride rechargeable qui permettra de parcourir environ 100 km en mode tout \u00e9lectrique.<\/p>\n\n\n\n<p>La gamme e-HYBRID met l&rsquo;accent sur la performance et la sportivit\u00e9 contemporaine. Elle fait partie d&rsquo;un projet plus vaste dans lequel CUPRA poursuit la r\u00e9volution de l&rsquo;\u00e9lectrification.<\/p>\n\n\n\n<p><\/p>\n\n\n\n<p><\/p>\n\n\n\n<blockquote class=\"wp-block-quote is-layout-flow wp-block-quote-is-layout-flow\">\n<p><strong>\u00ab\u00a0Terramar est l&rsquo;endroit o\u00f9 tout a commenc\u00e9 pour CUPRA. Notre nouveau SUV sportif hybride combine parfaitement des proportions audacieuses avec un long capot impressionnant. Son museau de requin souligne la r\u00e9silience et la d\u00e9termination \u00e0 gagner<\/strong>. <strong>En r\u00e9fl\u00e9chissant \u00e0 ce que le conducteur va ressentir, nous lui offrons une exp\u00e9rience unique avec les derni\u00e8res technologies, gr\u00e2ce \u00e0 un concept d&rsquo;habitacle qui est orient\u00e9 vers lui. En somme, un SUV de 4,5 m de long, avec tout l&rsquo;ADN de CUPRA, qui s&rsquo;appr\u00eate \u00e0 chambouler l&rsquo;un des segments les plus comp\u00e9titifs\u00a0\u00bb.<\/strong><\/p>\n<cite>a d\u00e9clar\u00e9 Jorge Diez, Directeur du Design de CUPRA.<\/cite><\/blockquote>\n\n\n\n<p><\/p>\n\n\n\n<h4 class=\"wp-block-heading\">CUPRA Tavascan* : le r\u00eave devient r\u00e9alit\u00e9.<\/h4>\n\n\n\n<p>La CUPRA Tavascan* repr\u00e9sente la prochaine \u00e9tape dans ce projet de grande envergure. Cette voiture incarne la vision \u00e9lectrifi\u00e9e de CUPRA et restera fid\u00e8le au concept-car de 2019. Certains \u00e9l\u00e9ments de design ont d\u00e9j\u00e0 \u00e9t\u00e9 largement \u00e9voqu\u00e9s dans le concept CUPRA Tavascan Extreme E de 2021. La CUPRA Tavascan* ne se contentera pas seulement de concr\u00e9tiser la vision de l&rsquo;\u00e9lectrification contemporaine. Elle soutiendra \u00e9galement le d\u00e9veloppement international de la marque en amenant CUPRA sur de nouveaux march\u00e9s. Ce nouveau mod\u00e8le sera commercialis\u00e9 en 2024.<\/p>\n\n\n\n<p><\/p>\n\n\n\n<figure class=\"wp-block-gallery has-nested-images columns-default is-cropped wp-block-gallery-4 is-layout-flex wp-block-gallery-is-layout-flex\">\n<figure class=\"wp-block-image size-large\"><img loading=\"lazy\" decoding=\"async\" width=\"1024\" height=\"576\" data-id=\"4647\" src=\"https:\/\/groupe-grim.com\/cupra\/wp-content\/uploads\/2023\/10\/CUPRA-range_01_HQ-2-1024x576.jpg\" alt=\"CUPRA pr\u00e9sente sa vision et son ambition \u00e0 l'horizon 2025.\n\" class=\"wp-image-4647\" srcset=\"https:\/\/groupe-grim.com\/cupra\/wp-content\/uploads\/2023\/10\/CUPRA-range_01_HQ-2-980x551.jpg 980w, https:\/\/groupe-grim.com\/cupra\/wp-content\/uploads\/2023\/10\/CUPRA-range_01_HQ-2-480x270.jpg 480w\" sizes=\"(min-width: 0px) and (max-width: 480px) 480px, (min-width: 481px) and (max-width: 980px) 980px, (min-width: 981px) 1024px, 100vw\" \/><\/figure>\n<\/figure>\n\n\n\n<p><\/p>\n\n\n\n<p><\/p>\n\n\n\n<h4 class=\"wp-block-heading\">CUPRA UrbanRebel* : bousculer les conventions et g\u00e9n\u00e9rer des \u00e9motions.<\/h4>\n\n\n\n<p>En 2025, CUPRA lancera l&rsquo;UrbanRebel*, sa citadine \u00e9lectrique. Un v\u00e9hicule qui emm\u00e8nera la marque bien au-del\u00e0 de ses fronti\u00e8res traditionnelles. L&rsquo;UrbanRebel* est port\u00e9e par l&rsquo;\u00e9motion. Il s&rsquo;agit d&rsquo;un v\u00e9hicule con\u00e7u et d\u00e9velopp\u00e9 pour un monde \u00e9lectrique plus rebelle.&nbsp;<\/p>\n\n\n\n<p>Cette traction \u00e9lectrique est bas\u00e9e sur la plateforme MEB Small du Groupe Volkswagen, afin de proposer un v\u00e9hicule urbain hautes performances et \u00e9motionnel.<\/p>\n\n\n\n<p><\/p>\n\n\n\n<p><\/p>\n\n\n\n<div class=\"wp-block-columns is-layout-flex wp-container-core-columns-is-layout-9d6595d7 wp-block-columns-is-layout-flex\">\n<div class=\"wp-block-column is-layout-flow wp-block-column-is-layout-flow\">\n<figure class=\"wp-block-gallery has-nested-images columns-default is-cropped wp-block-gallery-5 is-layout-flex wp-block-gallery-is-layout-flex\">\n<figure class=\"wp-block-image size-large\"><img loading=\"lazy\" decoding=\"async\" width=\"1024\" height=\"576\" data-id=\"4648\" src=\"https:\/\/groupe-grim.com\/cupra\/wp-content\/uploads\/2023\/10\/CUPRA-Urban-Rebel_01_HQ-1024x576.jpg\" alt=\"CUPRA pr\u00e9sente sa vision et son ambition \u00e0 l'horizon 2025.\n\" class=\"wp-image-4648\" srcset=\"https:\/\/groupe-grim.com\/cupra\/wp-content\/uploads\/2023\/10\/CUPRA-Urban-Rebel_01_HQ-980x551.jpg 980w, https:\/\/groupe-grim.com\/cupra\/wp-content\/uploads\/2023\/10\/CUPRA-Urban-Rebel_01_HQ-480x270.jpg 480w\" sizes=\"(min-width: 0px) and (max-width: 480px) 480px, (min-width: 481px) and (max-width: 980px) 980px, (min-width: 981px) 1024px, 100vw\" \/><\/figure>\n<\/figure>\n<\/div>\n\n\n\n<div class=\"wp-block-column is-layout-flow wp-block-column-is-layout-flow\">\n<figure class=\"wp-block-gallery has-nested-images columns-default is-cropped wp-block-gallery-6 is-layout-flex wp-block-gallery-is-layout-flex\">\n<figure class=\"wp-block-image size-large\"><img loading=\"lazy\" decoding=\"async\" width=\"1024\" height=\"576\" data-id=\"4649\" src=\"https:\/\/groupe-grim.com\/cupra\/wp-content\/uploads\/2023\/10\/CUPRA-Urban-Rebel_02_HQ-1024x576.jpg\" alt=\"CUPRA pr\u00e9sente sa vision et son ambition \u00e0 l'horizon 2025.\n\" class=\"wp-image-4649\" srcset=\"https:\/\/groupe-grim.com\/cupra\/wp-content\/uploads\/2023\/10\/CUPRA-Urban-Rebel_02_HQ-980x551.jpg 980w, https:\/\/groupe-grim.com\/cupra\/wp-content\/uploads\/2023\/10\/CUPRA-Urban-Rebel_02_HQ-480x270.jpg 480w\" sizes=\"(min-width: 0px) and (max-width: 480px) 480px, (min-width: 481px) and (max-width: 980px) 980px, (min-width: 981px) 1024px, 100vw\" \/><\/figure>\n<\/figure>\n<\/div>\n<\/div>\n\n\n\n<p><\/p>\n\n\n\n<p><\/p>\n\n\n\n<p><\/p>\n\n\n\n<div class=\"wp-block-columns is-layout-flex wp-container-core-columns-is-layout-9d6595d7 wp-block-columns-is-layout-flex\">\n<div class=\"wp-block-column is-layout-flow wp-block-column-is-layout-flow\">\n<figure class=\"wp-block-gallery has-nested-images columns-default is-cropped wp-block-gallery-7 is-layout-flex wp-block-gallery-is-layout-flex\">\n<figure class=\"wp-block-image size-large\"><img loading=\"lazy\" decoding=\"async\" width=\"1024\" height=\"576\" data-id=\"4650\" src=\"https:\/\/groupe-grim.com\/cupra\/wp-content\/uploads\/2023\/10\/CUPRA-Urban-Rebel_03_HQ-1024x576.jpg\" alt=\"CUPRA pr\u00e9sente sa vision et son ambition \u00e0 l'horizon 2025.\n\" class=\"wp-image-4650\" srcset=\"https:\/\/groupe-grim.com\/cupra\/wp-content\/uploads\/2023\/10\/CUPRA-Urban-Rebel_03_HQ-980x551.jpg 980w, https:\/\/groupe-grim.com\/cupra\/wp-content\/uploads\/2023\/10\/CUPRA-Urban-Rebel_03_HQ-480x270.jpg 480w\" sizes=\"(min-width: 0px) and (max-width: 480px) 480px, (min-width: 481px) and (max-width: 980px) 980px, (min-width: 981px) 1024px, 100vw\" \/><\/figure>\n<\/figure>\n<\/div>\n\n\n\n<div class=\"wp-block-column is-layout-flow wp-block-column-is-layout-flow\">\n<figure class=\"wp-block-gallery has-nested-images columns-default is-cropped wp-block-gallery-8 is-layout-flex wp-block-gallery-is-layout-flex\">\n<figure class=\"wp-block-image size-large\"><img loading=\"lazy\" decoding=\"async\" width=\"1024\" height=\"576\" data-id=\"4651\" src=\"https:\/\/groupe-grim.com\/cupra\/wp-content\/uploads\/2023\/10\/CUPRA-Urban-Rebel_04_HQ-1024x576.jpg\" alt=\"CUPRA pr\u00e9sente sa vision et son ambition \u00e0 l'horizon 2025.\n\" class=\"wp-image-4651\" srcset=\"https:\/\/groupe-grim.com\/cupra\/wp-content\/uploads\/2023\/10\/CUPRA-Urban-Rebel_04_HQ-980x551.jpg 980w, https:\/\/groupe-grim.com\/cupra\/wp-content\/uploads\/2023\/10\/CUPRA-Urban-Rebel_04_HQ-480x270.jpg 480w\" sizes=\"(min-width: 0px) and (max-width: 480px) 480px, (min-width: 481px) and (max-width: 980px) 980px, (min-width: 981px) 1024px, 100vw\" \/><\/figure>\n<\/figure>\n<\/div>\n\n\n\n<div class=\"wp-block-column is-layout-flow wp-block-column-is-layout-flow\">\n<figure class=\"wp-block-gallery has-nested-images columns-default is-cropped wp-block-gallery-9 is-layout-flex wp-block-gallery-is-layout-flex\">\n<figure class=\"wp-block-image size-large\"><img loading=\"lazy\" decoding=\"async\" width=\"1024\" height=\"576\" data-id=\"4652\" src=\"https:\/\/groupe-grim.com\/cupra\/wp-content\/uploads\/2023\/10\/CUPRA-Urban-Rebel_05_HQ-1024x576.jpg\" alt=\"CUPRA pr\u00e9sente sa vision et son ambition \u00e0 l'horizon 2025.\n\" class=\"wp-image-4652\" srcset=\"https:\/\/groupe-grim.com\/cupra\/wp-content\/uploads\/2023\/10\/CUPRA-Urban-Rebel_05_HQ-980x551.jpg 980w, https:\/\/groupe-grim.com\/cupra\/wp-content\/uploads\/2023\/10\/CUPRA-Urban-Rebel_05_HQ-480x270.jpg 480w\" sizes=\"(min-width: 0px) and (max-width: 480px) 480px, (min-width: 481px) and (max-width: 980px) 980px, (min-width: 981px) 1024px, 100vw\" \/><\/figure>\n<\/figure>\n<\/div>\n<\/div>\n\n\n\n<p><\/p>\n\n\n\n<p><\/p>\n\n\n\n<p><\/p>\n\n\n\n<blockquote class=\"wp-block-quote is-layout-flow wp-block-quote-is-layout-flow\">\n<p><strong>\u201cLa CUPRA UrbanRebel sera le plus gros projet de notre entreprise pour les prochaines ann\u00e9es. C\u2019est la cl\u00e9 de notre transformation vers une marque enti\u00e8rement \u00e9lectrifi\u00e9e.<\/strong>\u00a0<strong>Nous dirigeons le d\u00e9veloppement de la famille de v\u00e9hicules qui d\u00e9mocratisera la mobilit\u00e9 urbaine durable, pour diff\u00e9rentes marques au sein du groupe Volkswagen.\u201d<\/strong><\/p>\n<cite>d\u00e9clare Werner Tietz, Vice-Pr\u00e9sident pour la rechercher et d\u00e9veloppement chez CUPRA.<\/cite><\/blockquote>\n\n\n\n<p><\/p>\n\n\n\n<p>Avec une longueur de 4,03 m, l&rsquo;UrbanRebel* est un mod\u00e8le de durabilit\u00e9, int\u00e9grant des polym\u00e8res recycl\u00e9s avanc\u00e9s et des mat\u00e9riaux bio-sourc\u00e9s. Une conception qui repousse les limites de ce qui est r\u00e9alisable pour proposer un v\u00e9hicule plus respectueux de l&rsquo;environnement.<\/p>\n\n\n\n<p><\/p>\n\n\n\n<p><\/p>\n\n\n\n<div class=\"wp-block-columns is-layout-flex wp-container-core-columns-is-layout-9d6595d7 wp-block-columns-is-layout-flex\">\n<div class=\"wp-block-column is-layout-flow wp-block-column-is-layout-flow\">\n<figure class=\"wp-block-gallery has-nested-images columns-default is-cropped wp-block-gallery-10 is-layout-flex wp-block-gallery-is-layout-flex\">\n<figure class=\"wp-block-image size-large\"><img loading=\"lazy\" decoding=\"async\" width=\"1024\" height=\"576\" data-id=\"4657\" src=\"https:\/\/groupe-grim.com\/cupra\/wp-content\/uploads\/2023\/10\/CUPRA-Urban-Rebel_06_HQ-1024x576.jpg\" alt=\"CUPRA pr\u00e9sente sa vision et son ambition \u00e0 l'horizon 2025.\n\" class=\"wp-image-4657\" srcset=\"https:\/\/groupe-grim.com\/cupra\/wp-content\/uploads\/2023\/10\/CUPRA-Urban-Rebel_06_HQ-980x551.jpg 980w, https:\/\/groupe-grim.com\/cupra\/wp-content\/uploads\/2023\/10\/CUPRA-Urban-Rebel_06_HQ-480x270.jpg 480w\" sizes=\"(min-width: 0px) and (max-width: 480px) 480px, (min-width: 481px) and (max-width: 980px) 980px, (min-width: 981px) 1024px, 100vw\" \/><\/figure>\n<\/figure>\n<\/div>\n\n\n\n<div class=\"wp-block-column is-layout-flow wp-block-column-is-layout-flow\">\n<figure class=\"wp-block-gallery has-nested-images columns-default is-cropped wp-block-gallery-11 is-layout-flex wp-block-gallery-is-layout-flex\">\n<figure class=\"wp-block-image size-large\"><img loading=\"lazy\" decoding=\"async\" width=\"1024\" height=\"576\" data-id=\"4658\" src=\"https:\/\/groupe-grim.com\/cupra\/wp-content\/uploads\/2023\/10\/CUPRA-Urban-Rebel_07_HQ-1024x576.jpg\" alt=\"CUPRA pr\u00e9sente sa vision et son ambition \u00e0 l'horizon 2025.\n\" class=\"wp-image-4658\" srcset=\"https:\/\/groupe-grim.com\/cupra\/wp-content\/uploads\/2023\/10\/CUPRA-Urban-Rebel_07_HQ-980x551.jpg 980w, https:\/\/groupe-grim.com\/cupra\/wp-content\/uploads\/2023\/10\/CUPRA-Urban-Rebel_07_HQ-480x270.jpg 480w\" sizes=\"(min-width: 0px) and (max-width: 480px) 480px, (min-width: 481px) and (max-width: 980px) 980px, (min-width: 981px) 1024px, 100vw\" \/><\/figure>\n<\/figure>\n<\/div>\n\n\n\n<div class=\"wp-block-column is-layout-flow wp-block-column-is-layout-flow\">\n<figure class=\"wp-block-gallery has-nested-images columns-default is-cropped wp-block-gallery-12 is-layout-flex wp-block-gallery-is-layout-flex\">\n<figure class=\"wp-block-image size-large\"><img loading=\"lazy\" decoding=\"async\" width=\"1024\" height=\"625\" data-id=\"4662\" src=\"https:\/\/groupe-grim.com\/cupra\/wp-content\/uploads\/2023\/10\/CUPRA-Urban-Rebel_08_HQ-1024x625.jpg\" alt=\"CUPRA pr\u00e9sente sa vision et son ambition \u00e0 l'horizon 2025.\n\" class=\"wp-image-4662\" srcset=\"https:\/\/groupe-grim.com\/cupra\/wp-content\/uploads\/2023\/10\/CUPRA-Urban-Rebel_08_HQ-980x599.jpg 980w, https:\/\/groupe-grim.com\/cupra\/wp-content\/uploads\/2023\/10\/CUPRA-Urban-Rebel_08_HQ-480x293.jpg 480w\" sizes=\"(min-width: 0px) and (max-width: 480px) 480px, (min-width: 481px) and (max-width: 980px) 980px, (min-width: 981px) 1024px, 100vw\" \/><\/figure>\n<\/figure>\n<\/div>\n<\/div>\n\n\n\n<p><\/p>\n\n\n\n<p><\/p>\n\n\n\n<div class=\"wp-block-columns is-layout-flex wp-container-core-columns-is-layout-9d6595d7 wp-block-columns-is-layout-flex\">\n<div class=\"wp-block-column is-layout-flow wp-block-column-is-layout-flow\">\n<figure class=\"wp-block-gallery has-nested-images columns-default is-cropped wp-block-gallery-13 is-layout-flex wp-block-gallery-is-layout-flex\">\n<figure class=\"wp-block-image size-large\"><img loading=\"lazy\" decoding=\"async\" width=\"1024\" height=\"606\" data-id=\"4660\" src=\"https:\/\/groupe-grim.com\/cupra\/wp-content\/uploads\/2023\/10\/CUPRA-Urban-Rebel_09_HQ-1-1024x606.jpg\" alt=\"CUPRA pr\u00e9sente sa vision et son ambition \u00e0 l'horizon 2025.\n\" class=\"wp-image-4660\" srcset=\"https:\/\/groupe-grim.com\/cupra\/wp-content\/uploads\/2023\/10\/CUPRA-Urban-Rebel_09_HQ-1-980x580.jpg 980w, https:\/\/groupe-grim.com\/cupra\/wp-content\/uploads\/2023\/10\/CUPRA-Urban-Rebel_09_HQ-1-480x284.jpg 480w\" sizes=\"(min-width: 0px) and (max-width: 480px) 480px, (min-width: 481px) and (max-width: 980px) 980px, (min-width: 981px) 1024px, 100vw\" \/><\/figure>\n<\/figure>\n<\/div>\n\n\n\n<div class=\"wp-block-column is-layout-flow wp-block-column-is-layout-flow\">\n<figure class=\"wp-block-gallery has-nested-images columns-default is-cropped wp-block-gallery-14 is-layout-flex wp-block-gallery-is-layout-flex\">\n<figure class=\"wp-block-image size-large\"><img loading=\"lazy\" decoding=\"async\" width=\"1024\" height=\"631\" data-id=\"4661\" src=\"https:\/\/groupe-grim.com\/cupra\/wp-content\/uploads\/2023\/10\/CUPRA-Urban-Rebel_10_HQ-1024x631.jpg\" alt=\"CUPRA pr\u00e9sente sa vision et son ambition \u00e0 l'horizon 2025.\n\" class=\"wp-image-4661\" srcset=\"https:\/\/groupe-grim.com\/cupra\/wp-content\/uploads\/2023\/10\/CUPRA-Urban-Rebel_10_HQ-980x604.jpg 980w, https:\/\/groupe-grim.com\/cupra\/wp-content\/uploads\/2023\/10\/CUPRA-Urban-Rebel_10_HQ-480x296.jpg 480w\" sizes=\"(min-width: 0px) and (max-width: 480px) 480px, (min-width: 481px) and (max-width: 980px) 980px, (min-width: 981px) 1024px, 100vw\" \/><\/figure>\n<\/figure>\n<\/div>\n\n\n\n<div class=\"wp-block-column is-layout-flow wp-block-column-is-layout-flow\">\n<figure class=\"wp-block-gallery has-nested-images columns-default is-cropped wp-block-gallery-15 is-layout-flex wp-block-gallery-is-layout-flex\">\n<figure class=\"wp-block-image size-large\"><img loading=\"lazy\" decoding=\"async\" width=\"1024\" height=\"614\" data-id=\"4663\" src=\"https:\/\/groupe-grim.com\/cupra\/wp-content\/uploads\/2023\/10\/CUPRA-Urban-Rebel_11_HQ-1024x614.jpg\" alt=\"CUPRA pr\u00e9sente sa vision et son ambition \u00e0 l'horizon 2025.\n\" class=\"wp-image-4663\" srcset=\"https:\/\/groupe-grim.com\/cupra\/wp-content\/uploads\/2023\/10\/CUPRA-Urban-Rebel_11_HQ-980x587.jpg 980w, https:\/\/groupe-grim.com\/cupra\/wp-content\/uploads\/2023\/10\/CUPRA-Urban-Rebel_11_HQ-480x288.jpg 480w\" sizes=\"(min-width: 0px) and (max-width: 480px) 480px, (min-width: 481px) and (max-width: 980px) 980px, (min-width: 981px) 1024px, 100vw\" \/><\/figure>\n<\/figure>\n<\/div>\n<\/div>\n\n\n\n<p><\/p>\n\n\n\n<p><\/p>\n\n\n\n<p>Pour ce faire, diff\u00e9rentes technologies ont \u00e9galement \u00e9t\u00e9 utilis\u00e9es avec une fabrication par impression 3D et tricotage 3D, ou encore une conception param\u00e9trique afin d&rsquo;am\u00e9liorer les performances et la qualit\u00e9 per\u00e7ue.<\/p>\n\n\n\n<p>Gr\u00e2ce au gain de poids tant \u00e0 l&rsquo;int\u00e9rieur qu&rsquo;\u00e0 l&rsquo;ext\u00e9rieur, le moteur de 226 ch (166&nbsp;kW) permet \u00e0 la citadine \u00e9lectrique d&rsquo;atteindre les 100 km\/h en seulement 6,9 secondes, tandis que la batterie lui conf\u00e8re une autonomie jusqu&rsquo;\u00e0 440 km (en fonction de la version).<\/p>\n\n\n\n<p>Con\u00e7ue et d\u00e9velopp\u00e9e \u00e0 Barcelone, la CUPRA UrbanRebel* sera commercialis\u00e9e en 2025. La production est pr\u00e9vue \u00e0 Martorell, dans le cadre du programme Strategic Project for Economic Recovery and Transformation (PERTE en espagnol) pour les v\u00e9hicules \u00e9lectriques et connect\u00e9s (VEC en espagnol).<\/p>\n\n\n\n<p><\/p>\n\n\n\n<p><\/p>\n\n\n\n<div class=\"wp-block-columns is-layout-flex wp-container-core-columns-is-layout-9d6595d7 wp-block-columns-is-layout-flex\">\n<div class=\"wp-block-column is-layout-flow wp-block-column-is-layout-flow\">\n<figure class=\"wp-block-gallery has-nested-images columns-default is-cropped wp-block-gallery-16 is-layout-flex wp-block-gallery-is-layout-flex\">\n<figure class=\"wp-block-image size-large\"><img loading=\"lazy\" decoding=\"async\" width=\"1024\" height=\"678\" data-id=\"4664\" src=\"https:\/\/groupe-grim.com\/cupra\/wp-content\/uploads\/2023\/10\/CUPRA-Urban-Rebel_12_HQ-1024x678.jpg\" alt=\"CUPRA pr\u00e9sente sa vision et son ambition \u00e0 l'horizon 2025.\n\" class=\"wp-image-4664\" srcset=\"https:\/\/groupe-grim.com\/cupra\/wp-content\/uploads\/2023\/10\/CUPRA-Urban-Rebel_12_HQ-980x649.jpg 980w, https:\/\/groupe-grim.com\/cupra\/wp-content\/uploads\/2023\/10\/CUPRA-Urban-Rebel_12_HQ-480x318.jpg 480w\" sizes=\"(min-width: 0px) and (max-width: 480px) 480px, (min-width: 481px) and (max-width: 980px) 980px, (min-width: 981px) 1024px, 100vw\" \/><\/figure>\n<\/figure>\n<\/div>\n\n\n\n<div class=\"wp-block-column is-layout-flow wp-block-column-is-layout-flow\">\n<figure class=\"wp-block-gallery has-nested-images columns-default is-cropped wp-block-gallery-17 is-layout-flex wp-block-gallery-is-layout-flex\">\n<figure class=\"wp-block-image size-large\"><img loading=\"lazy\" decoding=\"async\" width=\"1024\" height=\"683\" data-id=\"4665\" src=\"https:\/\/groupe-grim.com\/cupra\/wp-content\/uploads\/2023\/10\/CUPRA-Urban-Rebel_13_HQ-1024x683.jpg\" alt=\"CUPRA pr\u00e9sente sa vision et son ambition \u00e0 l'horizon 2025.\n\" class=\"wp-image-4665\" srcset=\"https:\/\/groupe-grim.com\/cupra\/wp-content\/uploads\/2023\/10\/CUPRA-Urban-Rebel_13_HQ-980x653.jpg 980w, https:\/\/groupe-grim.com\/cupra\/wp-content\/uploads\/2023\/10\/CUPRA-Urban-Rebel_13_HQ-480x320.jpg 480w\" sizes=\"(min-width: 0px) and (max-width: 480px) 480px, (min-width: 481px) and (max-width: 980px) 980px, (min-width: 981px) 1024px, 100vw\" \/><\/figure>\n<\/figure>\n<\/div>\n\n\n\n<div class=\"wp-block-column is-layout-flow wp-block-column-is-layout-flow\">\n<figure class=\"wp-block-gallery has-nested-images columns-default is-cropped wp-block-gallery-18 is-layout-flex wp-block-gallery-is-layout-flex\">\n<figure class=\"wp-block-image size-large\"><img loading=\"lazy\" decoding=\"async\" width=\"1024\" height=\"662\" data-id=\"4666\" src=\"https:\/\/groupe-grim.com\/cupra\/wp-content\/uploads\/2023\/10\/CUPRA-Urban-Rebel_14_HQ-1024x662.jpg\" alt=\"CUPRA pr\u00e9sente sa vision et son ambition \u00e0 l'horizon 2025.\n\" class=\"wp-image-4666\" srcset=\"https:\/\/groupe-grim.com\/cupra\/wp-content\/uploads\/2023\/10\/CUPRA-Urban-Rebel_14_HQ-980x634.jpg 980w, https:\/\/groupe-grim.com\/cupra\/wp-content\/uploads\/2023\/10\/CUPRA-Urban-Rebel_14_HQ-480x311.jpg 480w\" sizes=\"(min-width: 0px) and (max-width: 480px) 480px, (min-width: 481px) and (max-width: 980px) 980px, (min-width: 981px) 1024px, 100vw\" \/><\/figure>\n<\/figure>\n<\/div>\n<\/div>\n\n\n\n<p><\/p>\n\n\n\n<p><\/p>\n\n\n\n<p><\/p>\n\n\n\n<div class=\"wp-block-columns is-layout-flex wp-container-core-columns-is-layout-9d6595d7 wp-block-columns-is-layout-flex\">\n<div class=\"wp-block-column is-layout-flow wp-block-column-is-layout-flow\">\n<figure class=\"wp-block-gallery has-nested-images columns-default is-cropped wp-block-gallery-19 is-layout-flex wp-block-gallery-is-layout-flex\">\n<figure class=\"wp-block-image size-large\"><img loading=\"lazy\" decoding=\"async\" width=\"1024\" height=\"636\" data-id=\"4668\" src=\"https:\/\/groupe-grim.com\/cupra\/wp-content\/uploads\/2023\/10\/CUPRA-Urban-Rebel_15_HQ-1024x636.jpg\" alt=\"CUPRA pr\u00e9sente sa vision et son ambition \u00e0 l'horizon 2025.\n\" class=\"wp-image-4668\" srcset=\"https:\/\/groupe-grim.com\/cupra\/wp-content\/uploads\/2023\/10\/CUPRA-Urban-Rebel_15_HQ-980x609.jpg 980w, https:\/\/groupe-grim.com\/cupra\/wp-content\/uploads\/2023\/10\/CUPRA-Urban-Rebel_15_HQ-480x298.jpg 480w\" sizes=\"(min-width: 0px) and (max-width: 480px) 480px, (min-width: 481px) and (max-width: 980px) 980px, (min-width: 981px) 1024px, 100vw\" \/><\/figure>\n<\/figure>\n<\/div>\n\n\n\n<div class=\"wp-block-column is-layout-flow wp-block-column-is-layout-flow\">\n<figure class=\"wp-block-gallery has-nested-images columns-default is-cropped wp-block-gallery-20 is-layout-flex wp-block-gallery-is-layout-flex\">\n<figure class=\"wp-block-image size-large\"><img loading=\"lazy\" decoding=\"async\" width=\"1024\" height=\"683\" data-id=\"4669\" src=\"https:\/\/groupe-grim.com\/cupra\/wp-content\/uploads\/2023\/10\/CUPRA-Urban-Rebel_16_HQ-1024x683.jpg\" alt=\"CUPRA pr\u00e9sente sa vision et son ambition \u00e0 l'horizon 2025.\n\" class=\"wp-image-4669\" srcset=\"https:\/\/groupe-grim.com\/cupra\/wp-content\/uploads\/2023\/10\/CUPRA-Urban-Rebel_16_HQ-980x653.jpg 980w, https:\/\/groupe-grim.com\/cupra\/wp-content\/uploads\/2023\/10\/CUPRA-Urban-Rebel_16_HQ-480x320.jpg 480w\" sizes=\"(min-width: 0px) and (max-width: 480px) 480px, (min-width: 481px) and (max-width: 980px) 980px, (min-width: 981px) 1024px, 100vw\" \/><\/figure>\n<\/figure>\n<\/div>\n\n\n\n<div class=\"wp-block-column is-layout-flow wp-block-column-is-layout-flow\">\n<figure class=\"wp-block-gallery has-nested-images columns-default is-cropped wp-block-gallery-21 is-layout-flex wp-block-gallery-is-layout-flex\">\n<figure class=\"wp-block-image size-large\"><img loading=\"lazy\" decoding=\"async\" width=\"1024\" height=\"683\" data-id=\"4667\" src=\"https:\/\/groupe-grim.com\/cupra\/wp-content\/uploads\/2023\/10\/CUPRA-Urban-Rebel_17_HQ-1024x683.jpg\" alt=\"CUPRA pr\u00e9sente sa vision et son ambition \u00e0 l'horizon 2025.\n\" class=\"wp-image-4667\" srcset=\"https:\/\/groupe-grim.com\/cupra\/wp-content\/uploads\/2023\/10\/CUPRA-Urban-Rebel_17_HQ-980x653.jpg 980w, https:\/\/groupe-grim.com\/cupra\/wp-content\/uploads\/2023\/10\/CUPRA-Urban-Rebel_17_HQ-480x320.jpg 480w\" sizes=\"(min-width: 0px) and (max-width: 480px) 480px, (min-width: 481px) and (max-width: 980px) 980px, (min-width: 981px) 1024px, 100vw\" \/><\/figure>\n<\/figure>\n<\/div>\n<\/div>\n\n\n\n<p><\/p>\n\n\n\n<p><\/p>\n\n\n\n<blockquote class=\"wp-block-quote is-layout-flow wp-block-quote-is-layout-flow\">\n<p><strong>\u00ab\u00a0Pour CUPRA, l&rsquo;UrbanRebel* est plus qu&rsquo;une simple voiture. C&rsquo;est le mod\u00e8le qui va d\u00e9mocratiser la mobilit\u00e9 \u00e9lectrique urbaine. \u00c9motionnelle, amusante \u00e0 conduire et en m\u00eame temps accessible. Nous prouvons que les voitures \u00e9lectriques ne doivent pas \u00eatre ennuyeuses. Ce sera l&rsquo;entr\u00e9e de la prochaine g\u00e9n\u00e9ration dans notre gamme. \u00ab\u00a0<\/strong><\/p>\n<cite>a d\u00e9clar\u00e9 Wayne Griffiths lors de l&rsquo;\u00e9v\u00e9nement Impulse.<\/cite><\/blockquote>\n\n\n\n<p><\/p>\n\n\n\n<p>Dans le cadre du projet Future : Fast Forward, l&rsquo;entreprise a cr\u00e9\u00e9 un groupe constitu\u00e9 de 62 partenaires nationaux et internationaux pour faire de l&rsquo;Espagne un p\u00f4le europ\u00e9en de la mobilit\u00e9 \u00e9lectrique.<\/p>\n\n\n\n<p>Il y a de cela quelques semaines, CUPRA a pr\u00e9sent\u00e9 un projet visant \u00e0 r\u00e9unir 10\u00a0milliards d&rsquo;euros pour \u00e9lectrifier l&rsquo;Espagne avec le Groupe Volkswagen et les partenaires de Future : Fast Forward, soit le plus grand investissement industriel de l&rsquo;histoire du pays.<\/p>\n\n\n\n<p><\/p>\n\n\n\n<p><\/p>\n\n\n\n<div class=\"wp-block-columns is-layout-flex wp-container-core-columns-is-layout-9d6595d7 wp-block-columns-is-layout-flex\">\n<div class=\"wp-block-column is-layout-flow wp-block-column-is-layout-flow\">\n<figure class=\"wp-block-gallery has-nested-images columns-default is-cropped wp-block-gallery-22 is-layout-flex wp-block-gallery-is-layout-flex\">\n<figure class=\"wp-block-image size-large\"><img loading=\"lazy\" decoding=\"async\" width=\"1024\" height=\"666\" data-id=\"4673\" src=\"https:\/\/groupe-grim.com\/cupra\/wp-content\/uploads\/2023\/10\/CUPRA-Urban-Rebel_19_HQ-1024x666.jpg\" alt=\"CUPRA pr\u00e9sente sa vision et son ambition \u00e0 l'horizon 2025.\n\" class=\"wp-image-4673\" srcset=\"https:\/\/groupe-grim.com\/cupra\/wp-content\/uploads\/2023\/10\/CUPRA-Urban-Rebel_19_HQ-980x637.jpg 980w, https:\/\/groupe-grim.com\/cupra\/wp-content\/uploads\/2023\/10\/CUPRA-Urban-Rebel_19_HQ-480x312.jpg 480w\" sizes=\"(min-width: 0px) and (max-width: 480px) 480px, (min-width: 481px) and (max-width: 980px) 980px, (min-width: 981px) 1024px, 100vw\" \/><\/figure>\n<\/figure>\n<\/div>\n\n\n\n<div class=\"wp-block-column is-layout-flow wp-block-column-is-layout-flow\">\n<figure class=\"wp-block-gallery has-nested-images columns-default is-cropped wp-block-gallery-23 is-layout-flex wp-block-gallery-is-layout-flex\">\n<figure class=\"wp-block-image size-large\"><img loading=\"lazy\" decoding=\"async\" width=\"1024\" height=\"682\" data-id=\"4674\" src=\"https:\/\/groupe-grim.com\/cupra\/wp-content\/uploads\/2023\/10\/CUPRA-Urban-Rebel_18_HQ-1024x682.jpg\" alt=\"CUPRA pr\u00e9sente sa vision et son ambition \u00e0 l'horizon 2025.\n\" class=\"wp-image-4674\" srcset=\"https:\/\/groupe-grim.com\/cupra\/wp-content\/uploads\/2023\/10\/CUPRA-Urban-Rebel_18_HQ-980x652.jpg 980w, https:\/\/groupe-grim.com\/cupra\/wp-content\/uploads\/2023\/10\/CUPRA-Urban-Rebel_18_HQ-480x320.jpg 480w\" sizes=\"(min-width: 0px) and (max-width: 480px) 480px, (min-width: 481px) and (max-width: 980px) 980px, (min-width: 981px) 1024px, 100vw\" \/><\/figure>\n<\/figure>\n<\/div>\n\n\n\n<div class=\"wp-block-column is-layout-flow wp-block-column-is-layout-flow\">\n<figure class=\"wp-block-gallery has-nested-images columns-default is-cropped wp-block-gallery-24 is-layout-flex wp-block-gallery-is-layout-flex\">\n<figure class=\"wp-block-image size-large\"><img loading=\"lazy\" decoding=\"async\" width=\"1024\" height=\"683\" data-id=\"4675\" src=\"https:\/\/groupe-grim.com\/cupra\/wp-content\/uploads\/2023\/10\/CUPRA-Urban-Rebel_20_HQ-1024x683.jpg\" alt=\"CUPRA pr\u00e9sente sa vision et son ambition \u00e0 l'horizon 2025.\n\" class=\"wp-image-4675\" srcset=\"https:\/\/groupe-grim.com\/cupra\/wp-content\/uploads\/2023\/10\/CUPRA-Urban-Rebel_20_HQ-980x653.jpg 980w, https:\/\/groupe-grim.com\/cupra\/wp-content\/uploads\/2023\/10\/CUPRA-Urban-Rebel_20_HQ-480x320.jpg 480w\" sizes=\"(min-width: 0px) and (max-width: 480px) 480px, (min-width: 481px) and (max-width: 980px) 980px, (min-width: 981px) 1024px, 100vw\" \/><\/figure>\n<\/figure>\n<\/div>\n<\/div>\n\n\n\n<p><\/p>\n\n\n\n<p><\/p>\n\n\n\n<blockquote class=\"wp-block-quote is-layout-flow wp-block-quote-is-layout-flow\">\n<p><strong>\u00ab\u00a0Nous savons exactement o\u00f9 nous voulons aller, et je vous promets que ce ne sera pas ennuyeux. Chaque mod\u00e8le que nous lancerons sur le march\u00e9 aura une longueur d&rsquo;avance sur notre voyage<\/strong>. <strong>Nous resterons fid\u00e8les \u00e0 nous-m\u00eames et nous serons authentiques car c&rsquo;est tout l&rsquo;esprit de la CUPRA Tribe. Nous allons le faire \u00e0 la mani\u00e8re de CUPRA, comme nous l&rsquo;avons toujours fait. L&rsquo;avenir est \u00e9lectrique. CUPRA est le futur.\u00a0\u00bb<\/strong><\/p>\n<cite>a d\u00e9clar\u00e9 Wayne Griffiths.<\/cite><\/blockquote>\n\n\n\n<p><\/p>\n\n\n\n<p>Lors de l&rsquo;\u00e9v\u00e9nement Impulse, CUPRA a donn\u00e9 un aper\u00e7u des prochaines versions de ses gammes actuelles (<a href=\"https:\/\/www.cupraofficial.com\/cars\/cupra-range\/leon\" target=\"_blank\" rel=\"noopener\">CUPRA Leon<\/a>, <a href=\"https:\/\/www.cupraofficial.com\/cars\/cupra-range\/formentor\" target=\"_blank\" rel=\"noopener\">CUPRA Formentor<\/a> et <a href=\"https:\/\/www.cupraofficial.com\/cars\/cupra-range\/born\" target=\"_blank\" rel=\"noopener\">CUPRA Born<\/a>), qui seront lanc\u00e9es d&rsquo;ici 2025.<\/p>\n\n\n\n<p><\/p>\n\n\n\n<p><\/p>\n\n\n\n<p class=\"has-text-align-center has-white-color has-black-background-color has-text-color has-background\"><strong><a href=\"https:\/\/www.groupe-grim.com\/rendez-vous\/cupra.html\">Prendre RDV en concession<\/a><\/strong><\/p>\n\n\n\n<p><\/p>\n\n\n\n<p class=\"has-text-align-center has-white-color has-black-background-color has-text-color has-background\"><strong>40 Avenue Georges Pompidou &#8211; 15000 Aurillac &#8211; 04 67 50 40 92<\/strong><\/p>\n\n\n\n<p><\/p>\n\n\n\n<p class=\"has-text-align-center\">Pour tout renseignement sur<strong>&nbsp;Cupra:<\/strong><\/p>\n\n\n\n<p class=\"has-text-align-center\"><a href=\"tel:0805021414\"><strong>04 67 50 40 92 (appel gratuit)<\/strong><\/a>&nbsp;du lundi au dimanche de 9h00 \u00e0 22h00<\/p>\n\n\n\n<p class=\"has-text-align-center\">CUPRA \u2022 Aurillac \u2013 Saint-Flour<\/p>\n","protected":false},"excerpt":{"rendered":"<p>CUPRA r\u00e9v\u00e8le ses ambitieux projets pour l&rsquo;avenir, avec de nouvelles ic\u00f4nes pour une nouvelle \u00e8re.<\/p>\n","protected":false},"author":2,"featured_media":4632,"comment_status":"closed","ping_status":"closed","sticky":false,"template":"","format":"standard","meta":{"_et_pb_use_builder":"off","_et_pb_old_content":"","_et_gb_content_width":"","two_page_speed":[],"footnotes":""},"categories":[5],"tags":[],"class_list":["post-4631","post","type-post","status-publish","format-standard","has-post-thumbnail","hentry","category-actualites-cupra"],"_links":{"self":[{"href":"https:\/\/groupe-grim.com\/cupra\/wp-json\/wp\/v2\/posts\/4631","targetHints":{"allow":["GET"]}}],"collection":[{"href":"https:\/\/groupe-grim.com\/cupra\/wp-json\/wp\/v2\/posts"}],"about":[{"href":"https:\/\/groupe-grim.com\/cupra\/wp-json\/wp\/v2\/types\/post"}],"author":[{"embeddable":true,"href":"https:\/\/groupe-grim.com\/cupra\/wp-json\/wp\/v2\/users\/2"}],"replies":[{"embeddable":true,"href":"https:\/\/groupe-grim.com\/cupra\/wp-json\/wp\/v2\/comments?post=4631"}],"version-history":[{"count":22,"href":"https:\/\/groupe-grim.com\/cupra\/wp-json\/wp\/v2\/posts\/4631\/revisions"}],"predecessor-version":[{"id":7369,"href":"https:\/\/groupe-grim.com\/cupra\/wp-json\/wp\/v2\/posts\/4631\/revisions\/7369"}],"wp:featuredmedia":[{"embeddable":true,"href":"https:\/\/groupe-grim.com\/cupra\/wp-json\/wp\/v2\/media\/4632"}],"wp:attachment":[{"href":"https:\/\/groupe-grim.com\/cupra\/wp-json\/wp\/v2\/media?parent=4631"}],"wp:term":[{"taxonomy":"category","embeddable":true,"href":"https:\/\/groupe-grim.com\/cupra\/wp-json\/wp\/v2\/categories?post=4631"},{"taxonomy":"post_tag","embeddable":true,"href":"https:\/\/groupe-grim.com\/cupra\/wp-json\/wp\/v2\/tags?post=4631"}],"curies":[{"name":"wp","href":"https:\/\/api.w.org\/{rel}","templated":true}]}}