{"id":4710,"date":"2023-11-16T17:00:14","date_gmt":"2023-11-16T17:00:14","guid":{"rendered":"https:\/\/groupe-grim.com\/cupra\/?p=4710"},"modified":"2024-09-11T16:00:49","modified_gmt":"2024-09-11T16:00:49","slug":"cupra-city-garage","status":"publish","type":"post","link":"https:\/\/groupe-grim.com\/cupra\/cupra-city-garage\/","title":{"rendered":"CUPRA FRANCE OUVRE LE CUPRA CITY GARAGE PARIS"},"content":{"rendered":"\n<p>CUPRA, la jeune marque automobile qui inspire le monde depuis Barcelone, franchit une \u00e9tape dans son expansion mondiale avec l&rsquo;ouverture du CUPRA City Garage Paris. Situ\u00e9 dans l&rsquo;un des quartiers les plus exclusifs de la capitale, au 1 Boulevard de la Madeleine, ce nouvel espace qui ouvre ses portes ce 4 novembre va bien au-del\u00e0 du simple showroom pour offrir un environnement exp\u00e9rientiel unique, fusionnant l&rsquo;essence m\u00eame de la marque avec la culture urbaine.<\/p>\n\n\n\n<p>Avec les City Garages, CUPRA souhaite se rapprocher des villes et de leur culture, en accueillant des \u00e9v\u00e9nements et des expositions, mais aussi en contribuant au d\u00e9veloppement de collaborations avec des talents locaux. Situ\u00e9s dans des lieux exclusifs et embl\u00e9matiques des plus grandes villes du monde, ces nouveaux espaces permettent \u00e0 la marque d&rsquo;offrir une exp\u00e9rience client non conventionnelle et unique.<\/p>\n\n\n\n<p>Cette inauguration est donc marqu\u00e9e par une collaboration avec le tout nouvel ambassadeur de CUPRA, le c\u00e9l\u00e8bre Chef p\u00e2tissier fran\u00e7ais Jeffrey Cagnes. Con\u00e7ues sp\u00e9cialement pour le lieu, les p\u00e2tisseries multiculturelles de Jeffrey Cagnes r\u00e9sonnent avec ses origines m\u00e9diterran\u00e9ennes, en parfaite harmonie avec L\u2019ADN de CUPRA n\u00e9e en 2018 \u00e0 Barcelone. Ainsi, la carte propos\u00e9e par Jeffrey r\u00e9invente certains desserts espagnols iconiques tout en incorporant des grands classiques fran\u00e7ais pour cr\u00e9er une exp\u00e9rience gourmande, unissant ainsi Paris et Barcelone.<\/p>\n\n\n\n<p><\/p>\n\n\n\n<p><\/p>\n\n\n\n<figure class=\"wp-block-gallery has-nested-images columns-default is-cropped wp-block-gallery-1 is-layout-flex wp-block-gallery-is-layout-flex\">\n<figure class=\"wp-block-image size-large\"><img loading=\"lazy\" decoding=\"async\" width=\"1024\" height=\"576\" data-id=\"4712\" src=\"https:\/\/groupe-grim.com\/cupra\/wp-content\/uploads\/2023\/11\/CUPRA_France_ouvre_le_CUPRA_City_Garage_Paris-Images-4-1-1024x576.jpg\" alt=\"CUPRA France ouvre le CUPRA City Garage Paris.\" class=\"wp-image-4712\" srcset=\"https:\/\/groupe-grim.com\/cupra\/wp-content\/uploads\/2023\/11\/CUPRA_France_ouvre_le_CUPRA_City_Garage_Paris-Images-4-1-980x551.jpg 980w, https:\/\/groupe-grim.com\/cupra\/wp-content\/uploads\/2023\/11\/CUPRA_France_ouvre_le_CUPRA_City_Garage_Paris-Images-4-1-480x270.jpg 480w\" sizes=\"(min-width: 0px) and (max-width: 480px) 480px, (min-width: 481px) and (max-width: 980px) 980px, (min-width: 981px) 1024px, 100vw\" \/><\/figure>\n<\/figure>\n\n\n\n<p><\/p>\n\n\n\n<p><\/p>\n\n\n\n<p><\/p>\n\n\n\n<blockquote class=\"wp-block-quote is-layout-flow wp-block-quote-is-layout-flow\">\n<p><strong>\u00ab\u00a0Ouvrir notre premier CUPRA City Garage en France marque une \u00e9tape significative pour la marque. Paris est l&rsquo;une des villes les plus embl\u00e9matiques au monde, au c\u0153ur de la culture europ\u00e9enne, avec des liens forts avec notre ville d&rsquo;origine, Barcelone, gr\u00e2ce \u00e0 une passion partag\u00e9e pour le design, l&rsquo;architecture et la gastronomie. Paris incarne une tradition de non-conformit\u00e9 qui correspond parfaitement \u00e0 l&rsquo;identit\u00e9 de CUPRA\u00a0\u00bb.<\/strong><\/p>\n<cite>a d\u00e9clar\u00e9 Wayne Griffiths, CEO de CUPRA.<\/cite><\/blockquote>\n\n\n\n<p><\/p>\n\n\n\n<blockquote class=\"wp-block-quote is-layout-flow wp-block-quote-is-layout-flow\">\n<p><strong>\u00ab\u00a0L&rsquo;ouverture de cet espace au c\u0153ur de Paris, d\u00e9di\u00e9 \u00e0 la d\u00e9couverte de notre univers unique, nous remplit de fiert\u00e9. Gr\u00e2ce aux City Garages, nous favorisons des synergies avec les villes et encourageons de nouvelles collaborations. \u00c0 Paris, nous aspirons \u00e0 \u00e9tablir des liens profonds avec la culture urbaine et le design mais aussi \u00e0 d\u00e9velopper des liens avec des talents locaux comme avec notre nouvel ambassadeur CUPRA, le talentueux chef p\u00e2tissier Jeffrey Cagnes<\/strong>\u00ab\u00a0.<\/p>\n<cite>souligne Robert Breschkow, Directeur de SEAT et CUPRA France.<\/cite><\/blockquote>\n\n\n\n<p><\/p>\n\n\n\n<p><\/p>\n\n\n\n<div class=\"wp-block-columns is-layout-flex wp-container-core-columns-is-layout-9d6595d7 wp-block-columns-is-layout-flex\">\n<div class=\"wp-block-column is-layout-flow wp-block-column-is-layout-flow\">\n<figure class=\"wp-block-gallery has-nested-images columns-default is-cropped wp-block-gallery-2 is-layout-flex wp-block-gallery-is-layout-flex\">\n<figure class=\"wp-block-image size-large\"><img loading=\"lazy\" decoding=\"async\" width=\"1024\" height=\"661\" data-id=\"4716\" src=\"https:\/\/groupe-grim.com\/cupra\/wp-content\/uploads\/2023\/11\/CUPRA_France_ouvre_le_CUPRA_City_Garage_Paris-Images-3-1024x661.png\" alt=\"\" class=\"wp-image-4716\" srcset=\"https:\/\/groupe-grim.com\/cupra\/wp-content\/uploads\/2023\/11\/CUPRA_France_ouvre_le_CUPRA_City_Garage_Paris-Images-3-1024x661.png 1024w, https:\/\/groupe-grim.com\/cupra\/wp-content\/uploads\/2023\/11\/CUPRA_France_ouvre_le_CUPRA_City_Garage_Paris-Images-3-980x632.png 980w, https:\/\/groupe-grim.com\/cupra\/wp-content\/uploads\/2023\/11\/CUPRA_France_ouvre_le_CUPRA_City_Garage_Paris-Images-3-480x310.png 480w\" sizes=\"(min-width: 0px) and (max-width: 480px) 480px, (min-width: 481px) and (max-width: 980px) 980px, (min-width: 981px) 1024px, 100vw\" \/><\/figure>\n<\/figure>\n<\/div>\n\n\n\n<div class=\"wp-block-column is-layout-flow wp-block-column-is-layout-flow\">\n<figure class=\"wp-block-gallery has-nested-images columns-default is-cropped wp-block-gallery-3 is-layout-flex wp-block-gallery-is-layout-flex\">\n<figure class=\"wp-block-image size-large\"><img loading=\"lazy\" decoding=\"async\" width=\"1024\" height=\"682\" data-id=\"4714\" src=\"https:\/\/groupe-grim.com\/cupra\/wp-content\/uploads\/2023\/11\/CUPRA_France_ouvre_le_CUPRA_City_Garage_Paris-Images-6-1024x682.jpg\" alt=\"\" class=\"wp-image-4714\" srcset=\"https:\/\/groupe-grim.com\/cupra\/wp-content\/uploads\/2023\/11\/CUPRA_France_ouvre_le_CUPRA_City_Garage_Paris-Images-6-980x653.jpg 980w, https:\/\/groupe-grim.com\/cupra\/wp-content\/uploads\/2023\/11\/CUPRA_France_ouvre_le_CUPRA_City_Garage_Paris-Images-6-480x320.jpg 480w\" sizes=\"(min-width: 0px) and (max-width: 480px) 480px, (min-width: 481px) and (max-width: 980px) 980px, (min-width: 981px) 1024px, 100vw\" \/><\/figure>\n<\/figure>\n<\/div>\n\n\n\n<div class=\"wp-block-column is-layout-flow wp-block-column-is-layout-flow\">\n<figure class=\"wp-block-gallery has-nested-images columns-default is-cropped wp-block-gallery-4 is-layout-flex wp-block-gallery-is-layout-flex\">\n<figure class=\"wp-block-image size-large\"><img loading=\"lazy\" decoding=\"async\" width=\"1024\" height=\"683\" data-id=\"4715\" src=\"https:\/\/groupe-grim.com\/cupra\/wp-content\/uploads\/2023\/11\/CUPRA_France_ouvre_le_CUPRA_City_Garage_Paris-Images-8-1024x683.jpg\" alt=\"\" class=\"wp-image-4715\" srcset=\"https:\/\/groupe-grim.com\/cupra\/wp-content\/uploads\/2023\/11\/CUPRA_France_ouvre_le_CUPRA_City_Garage_Paris-Images-8-980x654.jpg 980w, https:\/\/groupe-grim.com\/cupra\/wp-content\/uploads\/2023\/11\/CUPRA_France_ouvre_le_CUPRA_City_Garage_Paris-Images-8-480x320.jpg 480w\" sizes=\"(min-width: 0px) and (max-width: 480px) 480px, (min-width: 481px) and (max-width: 980px) 980px, (min-width: 981px) 1024px, 100vw\" \/><\/figure>\n<\/figure>\n<\/div>\n<\/div>\n\n\n\n<p><\/p>\n\n\n\n<p><\/p>\n\n\n\n<p><\/p>\n\n\n\n<blockquote class=\"wp-block-quote is-layout-flow wp-block-quote-is-layout-flow\">\n<p><strong>\u201cJe suis ravi de faire partie de la CUPRA Tribe. La m\u00e9canique d\u2019une voiture est aussi pr\u00e9cise que le grammage d\u2019une recette. Le dessin des lignes, les trac\u00e9s \u00e9l\u00e9gants sont autant de codes qui s&rsquo;inscrivent dans nos deux univers. Cette collaboration me permet d\u2019ouvrir le champ des possibles sur de nouvelles saveurs, des parti pris plus audacieux, en alliant des origines gustatives diff\u00e9rentes. C\u2019est le propre de mon patrimoine familial, multiculturel, latin. J&rsquo;ai par ailleurs trouv\u00e9 dans l\u2019\u00e9quipe CUPRA des personnes toutes aussi passionn\u00e9es et rigoureuses que ceux du monde de la p\u00e2tisserie, et qui ont \u00e0 c\u0153ur d\u2019offrir le meilleur \u00e0 leur client\u00e8le\u00a0\u00bb.<\/strong><\/p>\n<cite>explique le Chef p\u00e2tissier, Jeffrey Cagnes<\/cite><\/blockquote>\n\n\n\n<p><\/p>\n\n\n\n<p><\/p>\n\n\n\n<figure class=\"wp-block-gallery has-nested-images columns-default is-cropped wp-block-gallery-5 is-layout-flex wp-block-gallery-is-layout-flex\">\n<figure class=\"wp-block-image size-large\"><img loading=\"lazy\" decoding=\"async\" width=\"1024\" height=\"682\" data-id=\"4717\" src=\"https:\/\/groupe-grim.com\/cupra\/wp-content\/uploads\/2023\/11\/CUPRA_France_ouvre_le_CUPRA_City_Garage_Paris-Images-5-1024x682.jpg\" alt=\"\" class=\"wp-image-4717\" srcset=\"https:\/\/groupe-grim.com\/cupra\/wp-content\/uploads\/2023\/11\/CUPRA_France_ouvre_le_CUPRA_City_Garage_Paris-Images-5-980x653.jpg 980w, https:\/\/groupe-grim.com\/cupra\/wp-content\/uploads\/2023\/11\/CUPRA_France_ouvre_le_CUPRA_City_Garage_Paris-Images-5-480x320.jpg 480w\" sizes=\"(min-width: 0px) and (max-width: 480px) 480px, (min-width: 481px) and (max-width: 980px) 980px, (min-width: 981px) 1024px, 100vw\" \/><\/figure>\n<\/figure>\n\n\n\n<p><\/p>\n\n\n\n<p><\/p>\n\n\n\n<p><\/p>\n\n\n\n<p>L&rsquo;expansion internationale des CUPRA City Garages s&rsquo;acc\u00e9l\u00e8re. La marque a d\u00e9j\u00e0 ouvert des City Garages \u00e0 Mexico, Milan, Lisbonne, Rotterdam, Munich ou Sydney, et en a r\u00e9cemment ajout\u00e9 un autre \u00e0 Berlin. Madrid est la prochaine ville pr\u00e9vue pour accueillir un CUPRA City Garage d\u00e9but 2024, apr\u00e8s Paris.<\/p>\n\n\n\n<p>Cette expansion continue s&rsquo;accompagne de chiffres de vente records pour la marque, qui a d\u00e9j\u00e0 vendu plus de 450 000 voitures depuis son lancement en 2018.<\/p>\n\n\n\n<p><\/p>\n\n\n\n<p><\/p>\n\n\n\n<p><\/p>\n\n\n\n<figure class=\"wp-block-gallery has-nested-images columns-default is-cropped wp-block-gallery-6 is-layout-flex wp-block-gallery-is-layout-flex\">\n<figure class=\"wp-block-image size-large\"><img loading=\"lazy\" decoding=\"async\" width=\"1024\" height=\"576\" data-id=\"4718\" src=\"https:\/\/groupe-grim.com\/cupra\/wp-content\/uploads\/2023\/11\/CUPRA_France_ouvre_le_CUPRA_City_Garage_Paris-Images-1-1024x576.png\" alt=\"\" class=\"wp-image-4718\" srcset=\"https:\/\/groupe-grim.com\/cupra\/wp-content\/uploads\/2023\/11\/CUPRA_France_ouvre_le_CUPRA_City_Garage_Paris-Images-1-1024x576.png 1024w, https:\/\/groupe-grim.com\/cupra\/wp-content\/uploads\/2023\/11\/CUPRA_France_ouvre_le_CUPRA_City_Garage_Paris-Images-1-980x551.png 980w, https:\/\/groupe-grim.com\/cupra\/wp-content\/uploads\/2023\/11\/CUPRA_France_ouvre_le_CUPRA_City_Garage_Paris-Images-1-480x270.png 480w\" sizes=\"(min-width: 0px) and (max-width: 480px) 480px, (min-width: 481px) and (max-width: 980px) 980px, (min-width: 981px) 1024px, 100vw\" \/><\/figure>\n<\/figure>\n\n\n\n<p><\/p>\n\n\n\n<p><\/p>\n\n\n\n<p><\/p>\n\n\n\n<p class=\"has-text-align-center has-white-color has-black-background-color has-text-color has-background has-link-color wp-elements-bba4d489c3b06acdd7360dac574d6872\"><strong><a href=\"https:\/\/www.groupe-grim.com\/rendez-vous\/cupra.html\">Prendre RDV en concession<\/a><\/strong><\/p>\n\n\n\n<p><\/p>\n\n\n\n<p class=\"has-text-align-center has-white-color has-black-background-color has-text-color has-background has-link-color wp-elements-ed6970dd31db68aaff190443a502c8c8\"><strong>40 Avenue Georges Pompidou \u2013 15000 Aurillac \u2013 04 67 50 40 92<\/strong><\/p>\n\n\n\n<p><\/p>\n\n\n\n<p class=\"has-text-align-center\">Pour tout renseignement sur<strong>&nbsp;Cupra:<\/strong><\/p>\n\n\n\n<p class=\"has-text-align-center\"><a href=\"tel:0805021414\"><strong>04 67 50 40 92 (appel gratuit)<\/strong><\/a>&nbsp;du lundi au dimanche de 9h00 \u00e0 22h00<\/p>\n\n\n\n<p class=\"has-text-align-center\">CUPRA \u2022 Aurillac \u2013 Saint-Flour<\/p>\n","protected":false},"excerpt":{"rendered":"<p>CUPRA ouvre le CUPRA City Garage Paris dans un quartier embl\u00e9matique de la capitale, entre Madeleine et Op\u00e9ra.<\/p>\n","protected":false},"author":2,"featured_media":4711,"comment_status":"closed","ping_status":"closed","sticky":false,"template":"","format":"standard","meta":{"_et_pb_use_builder":"off","_et_pb_old_content":"","_et_gb_content_width":"","two_page_speed":[],"footnotes":""},"categories":[5],"tags":[],"class_list":["post-4710","post","type-post","status-publish","format-standard","has-post-thumbnail","hentry","category-actualites-cupra"],"_links":{"self":[{"href":"https:\/\/groupe-grim.com\/cupra\/wp-json\/wp\/v2\/posts\/4710","targetHints":{"allow":["GET"]}}],"collection":[{"href":"https:\/\/groupe-grim.com\/cupra\/wp-json\/wp\/v2\/posts"}],"about":[{"href":"https:\/\/groupe-grim.com\/cupra\/wp-json\/wp\/v2\/types\/post"}],"author":[{"embeddable":true,"href":"https:\/\/groupe-grim.com\/cupra\/wp-json\/wp\/v2\/users\/2"}],"replies":[{"embeddable":true,"href":"https:\/\/groupe-grim.com\/cupra\/wp-json\/wp\/v2\/comments?post=4710"}],"version-history":[{"count":3,"href":"https:\/\/groupe-grim.com\/cupra\/wp-json\/wp\/v2\/posts\/4710\/revisions"}],"predecessor-version":[{"id":7319,"href":"https:\/\/groupe-grim.com\/cupra\/wp-json\/wp\/v2\/posts\/4710\/revisions\/7319"}],"wp:featuredmedia":[{"embeddable":true,"href":"https:\/\/groupe-grim.com\/cupra\/wp-json\/wp\/v2\/media\/4711"}],"wp:attachment":[{"href":"https:\/\/groupe-grim.com\/cupra\/wp-json\/wp\/v2\/media?parent=4710"}],"wp:term":[{"taxonomy":"category","embeddable":true,"href":"https:\/\/groupe-grim.com\/cupra\/wp-json\/wp\/v2\/categories?post=4710"},{"taxonomy":"post_tag","embeddable":true,"href":"https:\/\/groupe-grim.com\/cupra\/wp-json\/wp\/v2\/tags?post=4710"}],"curies":[{"name":"wp","href":"https:\/\/api.w.org\/{rel}","templated":true}]}}