{"id":6600,"date":"2024-06-24T22:00:00","date_gmt":"2024-06-24T22:00:00","guid":{"rendered":"https:\/\/groupe-grim.com\/cupra\/?p=6600"},"modified":"2024-06-25T06:49:22","modified_gmt":"2024-06-25T06:49:22","slug":"nouvelle-cupra-born-vz","status":"publish","type":"post","link":"https:\/\/groupe-grim.com\/cupra\/nouvelle-cupra-born-vz\/","title":{"rendered":"OUVERTURE DES COMMANDES DE LA NOUVELLE CUPRA BORN VZ 100% \u00c9LECTRIQUE"},"content":{"rendered":"\n<p><\/p>\n\n\n\n<ul class=\"wp-block-list\">\n<li><strong>Avec ses 326 ch et 545 Nm de couple, la CUPRA Born VZ est d\u00e9sormais disponible \u00e0 la commande<\/strong><\/li>\n\n\n\n<li><strong>Plus performante, elle \u00e9tablit le 0 \u00e0 100 km\/h en seulement 5,6 secondes et atteint une vitesse maximale de 200 km\/h<\/strong><\/li>\n\n\n\n<li><strong>Le comportement dynamique de la voiture a \u00e9t\u00e9 am\u00e9lior\u00e9 gr\u00e2ce \u00e0 une meilleure sensation au niveau de la p\u00e9dale de frein, \u00e0 une suspension raffermie et \u00e0 une direction plus pr\u00e9cise<\/strong><\/li>\n\n\n\n<li><strong>La CUPRA Born VZ b\u00e9n\u00e9ficie d\u2019une batterie am\u00e9lior\u00e9e de 79 kWh offrant jusqu\u2019\u00e0 599 km d\u2019autonomie<\/strong><\/li>\n\n\n\n<li><strong>Elle est propos\u00e9e \u00e0 partir de 399\u20ac\/mois<sup>1<\/sup>&nbsp;(46&nbsp;490\u20ac)<\/strong><\/li>\n<\/ul>\n\n\n\n<p><\/p>\n\n\n\n<figure class=\"wp-block-image size-large\"><img loading=\"lazy\" decoding=\"async\" width=\"1024\" height=\"683\" src=\"https:\/\/groupe-grim.com\/cupra\/wp-content\/uploads\/2024\/06\/CUPRA-takes-its-impulse-further-with-the-new-CUPRA-Born-VZ_03_HQ-1-1024x683.webp\" alt=\"Nouvelle CUPRA Born VZ\" class=\"wp-image-6602\" srcset=\"https:\/\/groupe-grim.com\/cupra\/wp-content\/uploads\/2024\/06\/CUPRA-takes-its-impulse-further-with-the-new-CUPRA-Born-VZ_03_HQ-1-980x653.webp 980w, https:\/\/groupe-grim.com\/cupra\/wp-content\/uploads\/2024\/06\/CUPRA-takes-its-impulse-further-with-the-new-CUPRA-Born-VZ_03_HQ-1-480x320.webp 480w\" sizes=\"(min-width: 0px) and (max-width: 480px) 480px, (min-width: 481px) and (max-width: 980px) 980px, (min-width: 981px) 1024px, 100vw\" \/><\/figure>\n\n\n\n<p><\/p>\n\n\n\n<p><\/p>\n\n\n\n<h3 class=\"wp-block-heading\">CUPRA D\u00c9VOILE LE TARIF DE SA NOUVELLE CUPRA BORN VZ.<\/h3>\n\n\n\n<p>La CUPRA Born, lanc\u00e9e fin 2021, a \u00e9t\u00e9 le premier mod\u00e8le 100% \u00e9lectrique de la marque, alliant parfaitement \u00e9lectrification et performance. Cette nouvelle version plus puissante vient \u00e9tablir de nouveaux standards dans sa cat\u00e9gorie.<\/p>\n\n\n\n<p>Abr\u00e9viation de Veloz en espagnol, VZ signifie&nbsp;<em>rapide<\/em>&nbsp;ce qui fait r\u00e9f\u00e9rence aux caract\u00e9ristiques de cette nouvelle CUPRA Born VZ. Elle reprend la technologie avanc\u00e9e du groupe motopropulseur de la CUPRA Born tout en augmentant sa puissance \u00e0 326 ch pour un couple de 545 Nm, qui sont directement transmis aux roues arri\u00e8re. Cela se traduit concr\u00e8tement par un 0 \u00e0 100 km\/h en seulement 5,6 secondes. De plus, la vitesse maximale a elle aussi \u00e9t\u00e9 augment\u00e9e et est d\u00e9sormais limit\u00e9e \u00e0 200 km\/h, soit 40 km\/h de plus que les versions disponibles au catalogue actuellement.<\/p>\n\n\n\n<p>Cette nouvelle version de la berline compacte 100% \u00e9lectrique b\u00e9n\u00e9ficie aussi d\u2019une suspension aux r\u00e9glages optimis\u00e9s, d\u2019une direction plus pr\u00e9cise et d\u2019un freinage accru. La combinaison de ces \u00e9l\u00e9ments lui conf\u00e8re les meilleures performances de la gamme CUPRA Born et font d\u2019elle, l\u2019une des voitures les plus abouties et les plus efficaces de son segment.<\/p>\n\n\n\n<p>Pour autant, le gain de performances ne se fait pas aux d\u00e9pens de l&rsquo;efficience. En effet, la CUPRA Born VZ est capable de parcourir jusqu&rsquo;\u00e0 599 km. La batterie a elle aussi \u00e9t\u00e9 am\u00e9lior\u00e9e et offre d\u00e9sormais une capacit\u00e9 nette de 79 kWh (+2 kWh). La technologie embarqu\u00e9e est toujours aussi efficace&nbsp;: la batterie peut \u00eatre charg\u00e9e \u00e0 domicile \u00e0 l&rsquo;aide d&rsquo;une wallbox en courant alternatif (AC) de 11 kW, ou sur une borne de recharge rapide en courant continu (DC) de 185 kW.<\/p>\n\n\n\n<p>A l\u2019int\u00e9rieur, les si\u00e8ges CUP Bucket de s\u00e9rie sont exclusivement disponibles dans cette version de la CUPRA Born. Ils offrent une sensation d&rsquo;assise plus basse de sorte \u00e0 offrir une position de conduite plus sportive. De plus, les si\u00e8ges CUP Bucket de la CUPRA Born VZ sont fabriqu\u00e9s \u00e0 partir de textile SEAQUAL\u00ae YARN recycl\u00e9 et de DINAMICA qui contient 73 % de polyester recycl\u00e9.<\/p>\n\n\n\n<p>A bord, la CUPRA Born VZ est \u00e9quip\u00e9e d&rsquo;un nouveau syst\u00e8me d&rsquo;infodivertissement avec un \u00e9cran de 12,9 pouces (+0,9 pouce par rapport \u00e0 la CUPRA Born actuelle). Ce dernier inclut une nouvelle barre tactile r\u00e9tro-\u00e9clair\u00e9e, qui permet de r\u00e9gler directement la climatisation et le volume. De plus, la CUPRA Born VZ int\u00e8gre un syst\u00e8me audio Hi-Fi incluant 10 haut-parleurs et d\u00e9veloppant 425 watts, qui a \u00e9t\u00e9 d\u00e9velopp\u00e9 en collaboration avec les experts du son Sennheiser Mobility.<\/p>\n\n\n\n<p>La CUPRA Born VZ est propos\u00e9e \u00e0 partir de&nbsp;<strong>399\u20ac\/mois<sup>1<\/sup>&nbsp;(46&nbsp;490\u20ac).<\/strong><\/p>\n\n\n\n<p>Elle est disponible en 6 couleurs diff\u00e9rentes&nbsp;: Argent Geyser, Gris Brume, Bleu Aurore, Blanc Nevada dont 2 nouveaux coloris, Vert Esterel et Noir Minuit. La CUPRA Born VZ est d\u00e9sormais disponible \u00e0 la commande et les livraisons d\u00e9buteront apr\u00e8s l\u2019\u00e9t\u00e9.<\/p>\n\n\n\n<p><\/p>\n\n\n\n<h3 class=\"wp-block-heading\">LOYER ET TARIF (A PARTIR DE).<\/h3>\n\n\n\n<figure class=\"wp-block-table\"><table><tbody><tr><td><strong>CUPRA Born VZ<\/strong><\/td><td>326CH (240kW)<\/td><\/tr><tr><td><strong>Prix<\/strong><\/td><td>399\u20ac\/mois<sup>1<\/sup>&nbsp;(46.490\u20ac)<\/td><\/tr><\/tbody><\/table><\/figure>\n\n\n\n<p><\/p>\n\n\n\n<h3 class=\"wp-block-heading\">CARACT\u00c9RISTIQUES TECHNIQUES DE LA CUPRA BORN VZ.<\/h3>\n\n\n\n<p><strong>BORN VZ (240kW)<\/strong><\/p>\n\n\n\n<figure class=\"wp-block-table\"><table><tbody><tr><td>Puissance maximale<\/td><td>326CH (240kW)<\/td><\/tr><tr><td>Transmission<\/td><td>Propulsion<\/td><\/tr><tr><td>Couple maximal<\/td><td>545 Nm<\/td><\/tr><tr><td>Batterie<\/td><td>79 kWh (capacit\u00e9 nette)<\/td><\/tr><tr><td>Autonomie (WLTP)<\/td><td>Jusqu\u2019\u00e0 599 km<\/td><\/tr><tr><td>Consommation<\/td><td>14,7 \u2013 17,3 kWh\/100km<\/td><\/tr><tr><td>0 \u00e0 100 km\/h<\/td><td>5.6 sec<\/td><\/tr><tr><td>Vitesse maximale<\/td><td>200 km\/h<\/td><\/tr><\/tbody><\/table><\/figure>\n\n\n\n<p><sup>1<\/sup><em>LOA de 37 mois &amp; 30&nbsp;000 km avec 8&nbsp;500\u20ac d\u2019apport<\/em><\/p>\n\n\n\n<p><\/p>\n\n\n\n<p class=\"has-text-align-center has-white-color has-black-background-color has-text-color has-background has-link-color wp-elements-3ab2785c04885fc527969196269d702c\"><strong><a href=\"https:\/\/www.groupe-grim.com\/rendez-vous\/\">Prendre RDV en ligne<\/a><\/strong><\/p>\n\n\n\n<p><\/p>\n\n\n\n<p class=\"has-text-align-center has-white-color has-black-background-color has-text-color has-background has-link-color wp-elements-44bf1fc55a8b83092b2cb471418ce2f6\"><strong>40 Avenue Georges Pompidou &#8211; 15000 Aurillac &#8211; 04 71 64 58 44<\/strong><\/p>\n\n\n\n<p><\/p>\n\n\n\n<p class=\"has-text-align-center\"><br>Pour tout renseignement sur&nbsp;<strong>CUPRA :<\/strong><\/p>\n\n\n\n<p class=\"has-text-align-center\"><a href=\"tel:0805021414\"><strong>08 05 02 14 14 (appel gratuit)<\/strong><\/a>&nbsp;du lundi au dimanche de 9h00 \u00e0 22h00<\/p>\n\n\n\n<p class=\"has-text-align-center\"><a href=\"https:\/\/www.groupe-grim.com\/rendez-vous\/\">Essayer un v\u00e9hicule<\/a>&nbsp;I&nbsp;<a href=\"https:\/\/www.grim-occasion.com\/reprise-de-votre-vehicule\/\" target=\"_blank\" rel=\"noreferrer noopener\">Demander une offre de reprise<\/a>&nbsp;I&nbsp;<a href=\"https:\/\/www.groupe-grim.com\/rendez-vous\/\">Demander Une offre de financement<\/a>&nbsp;I&nbsp;<a href=\"https:\/\/www.grim-occasion.com\/voitures\/?_brand=jaguar%2Cland-rover\" target=\"_blank\" rel=\"noreferrer noopener\">GRIM Occasion<\/a><\/p>\n\n\n\n<p class=\"has-text-align-center\">CUPRA \u2022 Aurillac \u2013 Saint Flour<\/p>\n","protected":false},"excerpt":{"rendered":"<p>Cette nouvelle version plus puissante vient \u00e9tablir de nouveaux standards dans sa cat\u00e9gorie.<\/p>\n","protected":false},"author":2,"featured_media":6601,"comment_status":"closed","ping_status":"closed","sticky":false,"template":"","format":"standard","meta":{"_et_pb_use_builder":"off","_et_pb_old_content":"","_et_gb_content_width":"","two_page_speed":[],"footnotes":""},"categories":[5],"tags":[],"class_list":["post-6600","post","type-post","status-publish","format-standard","has-post-thumbnail","hentry","category-actualites-cupra"],"_links":{"self":[{"href":"https:\/\/groupe-grim.com\/cupra\/wp-json\/wp\/v2\/posts\/6600","targetHints":{"allow":["GET"]}}],"collection":[{"href":"https:\/\/groupe-grim.com\/cupra\/wp-json\/wp\/v2\/posts"}],"about":[{"href":"https:\/\/groupe-grim.com\/cupra\/wp-json\/wp\/v2\/types\/post"}],"author":[{"embeddable":true,"href":"https:\/\/groupe-grim.com\/cupra\/wp-json\/wp\/v2\/users\/2"}],"replies":[{"embeddable":true,"href":"https:\/\/groupe-grim.com\/cupra\/wp-json\/wp\/v2\/comments?post=6600"}],"version-history":[{"count":2,"href":"https:\/\/groupe-grim.com\/cupra\/wp-json\/wp\/v2\/posts\/6600\/revisions"}],"predecessor-version":[{"id":6610,"href":"https:\/\/groupe-grim.com\/cupra\/wp-json\/wp\/v2\/posts\/6600\/revisions\/6610"}],"wp:featuredmedia":[{"embeddable":true,"href":"https:\/\/groupe-grim.com\/cupra\/wp-json\/wp\/v2\/media\/6601"}],"wp:attachment":[{"href":"https:\/\/groupe-grim.com\/cupra\/wp-json\/wp\/v2\/media?parent=6600"}],"wp:term":[{"taxonomy":"category","embeddable":true,"href":"https:\/\/groupe-grim.com\/cupra\/wp-json\/wp\/v2\/categories?post=6600"},{"taxonomy":"post_tag","embeddable":true,"href":"https:\/\/groupe-grim.com\/cupra\/wp-json\/wp\/v2\/tags?post=6600"}],"curies":[{"name":"wp","href":"https:\/\/api.w.org\/{rel}","templated":true}]}}