{"id":6794,"date":"2024-08-09T06:18:00","date_gmt":"2024-08-09T06:18:00","guid":{"rendered":"https:\/\/groupe-grim.com\/cupra\/?p=6794"},"modified":"2024-11-14T14:08:25","modified_gmt":"2024-11-14T14:08:25","slug":"cupra-electriques","status":"publish","type":"post","link":"https:\/\/groupe-grim.com\/cupra\/cupra-electriques\/","title":{"rendered":"CUPRA \u00c9LECTRIQUES : D\u00c9COUVREZ LA GAMME DE V\u00c9HICULES 100% \u00c9LECTRIQUES CUPRA"},"content":{"rendered":"\n<p>Le monde de l&rsquo;automobile est en pleine mutation avec la mont\u00e9e en puissance des v\u00e9hicules \u00e9lectriques. Cupra, marque r\u00e9put\u00e9e pour son design audacieux et ses performances sportives, embrasse cette r\u00e9volution verte en offrant une gamme de Cupra \u00e9lectriques, des v\u00e9hicules 100% \u00e9lectriques.<\/p>\n\n\n\n<p>Dans cet article, nous vous pr\u00e9sentons les mod\u00e8les embl\u00e9matiques de cette gamme qui allient technologie de pointe, respect de l\u2019environnement, et plaisir de conduite.<\/p>\n\n\n\n<div style=\"height:30px\" aria-hidden=\"true\" class=\"wp-block-spacer\"><\/div>\n\n\n\n<h2 class=\"wp-block-heading\" style=\"font-size:18px\">CUPRA \u00c9LECTRIQUES : LES INITIATIVES \u00c9COLOGIQUES DE LA MARQUE<\/h2>\n\n\n\n<div style=\"height:10px\" aria-hidden=\"true\" class=\"wp-block-spacer\"><\/div>\n\n\n\n<p>Cupra s&rsquo;engage activement dans la promotion de la durabilit\u00e9 et de l&rsquo;innovation \u00e9cologique. La marque investit dans des technologies de pointe pour d\u00e9velopper des Cupra \u00e9lectriques, des v\u00e9hicules plus respectueux de l&rsquo;environnement tout en maintenant des performances exceptionnelles.<\/p>\n\n\n\n<div style=\"height:10px\" aria-hidden=\"true\" class=\"wp-block-spacer\"><\/div>\n\n\n\n<h3 class=\"wp-block-heading\" style=\"font-size:15px\">PRODUCTION DURABLE <\/h3>\n\n\n\n<div style=\"height:10px\" aria-hidden=\"true\" class=\"wp-block-spacer\"><\/div>\n\n\n\n<p>Cupra travaille \u00e0 r\u00e9duire l&#8217;empreinte carbone de ses processus de production. Cela inclut l&rsquo;utilisation de mat\u00e9riaux recycl\u00e9s et durables, ainsi que des m\u00e9thodes de fabrication plus efficaces sur le plan \u00e9nerg\u00e9tique. La marque vise \u00e9galement \u00e0 atteindre la neutralit\u00e9 carbone dans ses usines, notamment pour la production des Cupra \u00e9lectriques.<\/p>\n\n\n\n<div style=\"height:20px\" aria-hidden=\"true\" class=\"wp-block-spacer\"><\/div>\n\n\n\n<figure class=\"wp-block-image size-large\"><img loading=\"lazy\" decoding=\"async\" width=\"1024\" height=\"285\" src=\"https:\/\/groupe-grim.com\/cupra\/wp-content\/uploads\/2024\/08\/cupra-electriques-charge-1024x285.jpg\" alt=\"cupra-electriques-charge\" class=\"wp-image-6800\" srcset=\"https:\/\/groupe-grim.com\/cupra\/wp-content\/uploads\/2024\/08\/cupra-electriques-charge-980x273.jpg 980w, https:\/\/groupe-grim.com\/cupra\/wp-content\/uploads\/2024\/08\/cupra-electriques-charge-480x134.jpg 480w\" sizes=\"(min-width: 0px) and (max-width: 480px) 480px, (min-width: 481px) and (max-width: 980px) 980px, (min-width: 981px) 1024px, 100vw\" \/><\/figure>\n\n\n\n<div style=\"height:30px\" aria-hidden=\"true\" class=\"wp-block-spacer\"><\/div>\n\n\n\n<h3 class=\"wp-block-heading\" style=\"font-size:15px\">INNOVATION TEHNOLOGIQUE<\/h3>\n\n\n\n<p>L&rsquo;innovation est au c\u0153ur de la strat\u00e9gie de Cupra. La marque investit dans la recherche et le d\u00e9veloppement pour am\u00e9liorer continuellement l&rsquo;efficacit\u00e9 de ses batteries et syst\u00e8mes de recharge. Les partenariats avec des entreprises technologiques de premier plan permettent \u00e0 Cupra de rester \u00e0 la pointe de l&rsquo;industrie automobile \u00e9lectrique.<\/p>\n\n\n\n<div style=\"height:30px\" aria-hidden=\"true\" class=\"wp-block-spacer\"><\/div>\n\n\n\n<h2 class=\"wp-block-heading\" style=\"font-size:18px\">CUPRA \u00c9LECTRIQUES : PR\u00c9SENTATION DE LA GAMME 100% \u00c9LECTRIQUE<\/h2>\n\n\n\n<div style=\"height:10px\" aria-hidden=\"true\" class=\"wp-block-spacer\"><\/div>\n\n\n\n<h3 class=\"wp-block-heading\" style=\"font-size:15px\">CUPRA \u00c9LECTRIQUES : LA CUPRA BORN<\/h3>\n\n\n\n<div style=\"height:10px\" aria-hidden=\"true\" class=\"wp-block-spacer\"><\/div>\n\n\n\n<p>La Cupra Born marque l&rsquo;entr\u00e9e de la marque dans l&rsquo;\u00e8re \u00e9lectrique avec un mod\u00e8le qui ne fait aucun compromis sur la performance et le style. Ce v\u00e9hicule incarne l&rsquo;essence des Cupra \u00e9lectriques avec son design avant-gardiste et ses caract\u00e9ristiques techniques de pointe.<\/p>\n\n\n\n<div style=\"height:10px\" aria-hidden=\"true\" class=\"wp-block-spacer\"><\/div>\n\n\n\n<h4 class=\"wp-block-heading\" style=\"font-size:13px\">DESIGN ET EXT\u00c9RIEUR <\/h4>\n\n\n\n<div style=\"height:10px\" aria-hidden=\"true\" class=\"wp-block-spacer\"><\/div>\n\n\n\n<p>La Cupra Born se distingue par son esth\u00e9tique audacieuse. Sa silhouette est dynamique et sportive, soulign\u00e9e par des lignes nettes et des proportions harmonieuses. Les phares LED agressifs et la calandre hexagonale donnent \u00e0 la CUPRA Born une pr\u00e9sence imposante sur la route. Les jantes en alliage l\u00e9ger, disponibles en plusieurs designs, ajoutent une touche de sophistication.<\/p>\n\n\n\n<div style=\"height:20px\" aria-hidden=\"true\" class=\"wp-block-spacer\"><\/div>\n\n\n\n<figure class=\"wp-block-image size-large\"><img loading=\"lazy\" decoding=\"async\" width=\"1300\" height=\"731\" src=\"https:\/\/groupe-grim.com\/cupra\/wp-content\/uploads\/2024\/08\/cupra-electriques-born-edited.jpg\" alt=\"cupra-electriques-born\" class=\"wp-image-6802\" srcset=\"https:\/\/groupe-grim.com\/cupra\/wp-content\/uploads\/2024\/08\/cupra-electriques-born-edited.jpg 1300w, https:\/\/groupe-grim.com\/cupra\/wp-content\/uploads\/2024\/08\/cupra-electriques-born-edited-1280x720.jpg 1280w, https:\/\/groupe-grim.com\/cupra\/wp-content\/uploads\/2024\/08\/cupra-electriques-born-edited-980x551.jpg 980w, https:\/\/groupe-grim.com\/cupra\/wp-content\/uploads\/2024\/08\/cupra-electriques-born-edited-480x270.jpg 480w\" sizes=\"(min-width: 0px) and (max-width: 480px) 480px, (min-width: 481px) and (max-width: 980px) 980px, (min-width: 981px) and (max-width: 1280px) 1280px, (min-width: 1281px) 1300px, 100vw\" \/><\/figure>\n\n\n\n<div style=\"height:30px\" aria-hidden=\"true\" class=\"wp-block-spacer\"><\/div>\n\n\n\n<h4 class=\"wp-block-heading\" style=\"font-size:13px\">PERFORMANCES ET AUTONOMIE<\/h4>\n\n\n\n<div style=\"height:10px\" aria-hidden=\"true\" class=\"wp-block-spacer\"><\/div>\n\n\n\n<p>Sous le capot, la Cupra Born est \u00e9quip\u00e9e d&rsquo;un moteur \u00e9lectrique puissant qui d\u00e9livre une acc\u00e9l\u00e9ration rapide et une conduite r\u00e9active. Elle fait partie des Cupra \u00e9lectriques et est disponible en plusieurs versions de batterie, offrant une autonomie pouvant aller jusqu&rsquo;\u00e0 540 km sur une seule charge, selon le cycle WLTP. Cette performance est compl\u00e9t\u00e9e par une recharge rapide, permettant de r\u00e9cup\u00e9rer 100 km d&rsquo;autonomie en seulement 7 minutes sur une borne de charge rapide.<\/p>\n\n\n\n<div style=\"height:10px\" aria-hidden=\"true\" class=\"wp-block-spacer\"><\/div>\n\n\n\n<h4 class=\"wp-block-heading\" style=\"font-size:13px\">INT\u00c9RIEUR ET TECHNOLOGIE <\/h4>\n\n\n\n<div style=\"height:10px\" aria-hidden=\"true\" class=\"wp-block-spacer\"><\/div>\n\n\n\n<p>\u00c0 l&rsquo;int\u00e9rieur, la Cupra Born propose un habitacle futuriste avec des mat\u00e9riaux haut de gamme et une attention aux d\u00e9tails qui refl\u00e8te le savoir-faire de la marque. Le tableau de bord num\u00e9rique et l&rsquo;\u00e9cran tactile central de 12 pouces int\u00e8grent les derni\u00e8res technologies de connectivit\u00e9, y compris la compatibilit\u00e9 avec Apple CarPlay et Android Auto. Le syst\u00e8me de navigation intelligent et les aides \u00e0 la conduite avanc\u00e9es offrent une exp\u00e9rience de conduite sans stress.<\/p>\n\n\n\n<div style=\"height:20px\" aria-hidden=\"true\" class=\"wp-block-spacer\"><\/div>\n\n\n\n<figure class=\"wp-block-image size-large\"><img loading=\"lazy\" decoding=\"async\" width=\"1300\" height=\"731\" src=\"https:\/\/groupe-grim.com\/cupra\/wp-content\/uploads\/2024\/08\/cupra-electrique-interieur-born-edited.jpg\" alt=\"cupra-electrique-interieur-born\" class=\"wp-image-6804\" srcset=\"https:\/\/groupe-grim.com\/cupra\/wp-content\/uploads\/2024\/08\/cupra-electrique-interieur-born-edited.jpg 1300w, https:\/\/groupe-grim.com\/cupra\/wp-content\/uploads\/2024\/08\/cupra-electrique-interieur-born-edited-1280x720.jpg 1280w, https:\/\/groupe-grim.com\/cupra\/wp-content\/uploads\/2024\/08\/cupra-electrique-interieur-born-edited-980x551.jpg 980w, https:\/\/groupe-grim.com\/cupra\/wp-content\/uploads\/2024\/08\/cupra-electrique-interieur-born-edited-480x270.jpg 480w\" sizes=\"(min-width: 0px) and (max-width: 480px) 480px, (min-width: 481px) and (max-width: 980px) 980px, (min-width: 981px) and (max-width: 1280px) 1280px, (min-width: 1281px) 1300px, 100vw\" \/><\/figure>\n\n\n\n<div style=\"height:30px\" aria-hidden=\"true\" class=\"wp-block-spacer\"><\/div>\n\n\n\n<h3 class=\"wp-block-heading\" style=\"font-size:15px\">CUPRA \u00c9LECTRIQUES : LE CUPRA TAVASCAN<\/h3>\n\n\n\n<div style=\"height:10px\" aria-hidden=\"true\" class=\"wp-block-spacer\"><\/div>\n\n\n\n<p>Le Cupra Tavascan, encore en phase conceptuelle, promet de red\u00e9finir les standards des SUV \u00e9lectriques. Ce mod\u00e8le incarne la vision future des Cupra \u00e9lectriques en mati\u00e8re de mobilit\u00e9 \u00e9lectrique, combinant un design audacieux et des performances \u00e9lectriques exceptionnelles.<\/p>\n\n\n\n<div style=\"height:10px\" aria-hidden=\"true\" class=\"wp-block-spacer\"><\/div>\n\n\n\n<h4 class=\"wp-block-heading\" style=\"font-size:13px\">DESIGN ET EXT\u00c9RIEUR <\/h4>\n\n\n\n<div style=\"height:10px\" aria-hidden=\"true\" class=\"wp-block-spacer\"><\/div>\n\n\n\n<p>Le Tavascan se distingue par son look futuriste et son a\u00e9rodynamisme optimis\u00e9. Les lignes fluides et les surfaces sculpt\u00e9es cr\u00e9ent une silhouette imposante et \u00e9l\u00e9gante. Les d\u00e9tails en cuivre et les \u00e9l\u00e9ments de design exclusifs de Cupra ajoutent une touche unique.<\/p>\n\n\n\n<div style=\"height:20px\" aria-hidden=\"true\" class=\"wp-block-spacer\"><\/div>\n\n\n\n<figure class=\"wp-block-gallery has-nested-images columns-default is-cropped wp-block-gallery-1 is-layout-flex wp-block-gallery-is-layout-flex\">\n<figure class=\"wp-block-image size-large\"><img loading=\"lazy\" decoding=\"async\" width=\"1024\" height=\"686\" data-id=\"6805\" src=\"https:\/\/groupe-grim.com\/cupra\/wp-content\/uploads\/2024\/08\/cupra-electriques-tavascan-1024x686.jpg\" alt=\"cupra-electriques-tavascan\" class=\"wp-image-6805\" srcset=\"https:\/\/groupe-grim.com\/cupra\/wp-content\/uploads\/2024\/08\/cupra-electriques-tavascan-980x657.jpg 980w, https:\/\/groupe-grim.com\/cupra\/wp-content\/uploads\/2024\/08\/cupra-electriques-tavascan-480x322.jpg 480w\" sizes=\"(min-width: 0px) and (max-width: 480px) 480px, (min-width: 481px) and (max-width: 980px) 980px, (min-width: 981px) 1024px, 100vw\" \/><\/figure>\n\n\n\n<figure class=\"wp-block-image size-large\"><img loading=\"lazy\" decoding=\"async\" width=\"1024\" height=\"686\" data-id=\"6806\" src=\"https:\/\/groupe-grim.com\/cupra\/wp-content\/uploads\/2024\/08\/cupra-electriques-cupra-tavascan-interieur-1024x686.jpg\" alt=\"cupra-electriques-cupra-tavascan-interieur\" class=\"wp-image-6806\" srcset=\"https:\/\/groupe-grim.com\/cupra\/wp-content\/uploads\/2024\/08\/cupra-electriques-cupra-tavascan-interieur-980x657.jpg 980w, https:\/\/groupe-grim.com\/cupra\/wp-content\/uploads\/2024\/08\/cupra-electriques-cupra-tavascan-interieur-480x322.jpg 480w\" sizes=\"(min-width: 0px) and (max-width: 480px) 480px, (min-width: 481px) and (max-width: 980px) 980px, (min-width: 981px) 1024px, 100vw\" \/><\/figure>\n<\/figure>\n\n\n\n<div style=\"height:30px\" aria-hidden=\"true\" class=\"wp-block-spacer\"><\/div>\n\n\n\n<h4 class=\"wp-block-heading\" style=\"font-size:13px\">PERFORMANCES ET AUTONOMIE<\/h4>\n\n\n\n<div style=\"height:10px\" aria-hidden=\"true\" class=\"wp-block-spacer\"><\/div>\n\n\n\n<p>\u00c9quip\u00e9 de deux moteurs \u00e9lectriques, le Tavascan d\u00e9livre une puissance combin\u00e9e de 306 chevaux, permettant une acc\u00e9l\u00e9ration de 0 \u00e0 100 km\/h en moins de 6,5 secondes. En tant que membre des Cupra \u00e9lectriques, sa batterie haute capacit\u00e9 offre une autonomie estim\u00e9e \u00e0 plus de 450 km, garantissant polyvalence et libert\u00e9 de mouvement pour les longs trajets.<\/p>\n\n\n\n<div style=\"height:10px\" aria-hidden=\"true\" class=\"wp-block-spacer\"><\/div>\n\n\n\n<h4 class=\"wp-block-heading\" style=\"font-size:13px\">INT\u00c9RIEUR ET TECHNOLOGIE <\/h4>\n\n\n\n<div style=\"height:10px\" aria-hidden=\"true\" class=\"wp-block-spacer\"><\/div>\n\n\n\n<p>L&rsquo;int\u00e9rieur du Tavascan est un v\u00e9ritable chef-d&rsquo;\u0153uvre de design et de technologie. Le cockpit num\u00e9rique immersif et les si\u00e8ges sport en Alcantara cr\u00e9ent une ambiance sportive et luxueuse. Les fonctionnalit\u00e9s de r\u00e9alit\u00e9 augment\u00e9e et les syst\u00e8mes d&rsquo;assistance avanc\u00e9s promettent une exp\u00e9rience de conduite de pointe.<\/p>\n\n\n\n<div style=\"height:25px\" aria-hidden=\"true\" class=\"wp-block-spacer\"><\/div>\n\n\n\n<div class=\"wp-block-buttons is-content-justification-center is-layout-flex wp-container-core-buttons-is-layout-16018d1d wp-block-buttons-is-layout-flex\">\n<div class=\"wp-block-button\"><a class=\"wp-block-button__link wp-element-button\" href=\"https:\/\/www.groupe-grim.com\/rendez-vous\/cupra.html\" style=\"border-radius:0px\"><mark style=\"background-color:rgba(0, 0, 0, 0)\" class=\"has-inline-color has-white-color\">D\u00e9couvrez nos CUPRA \u00e9lectriques<\/mark><\/a><\/div>\n<\/div>\n\n\n\n<div style=\"height:40px\" aria-hidden=\"true\" class=\"wp-block-spacer\"><\/div>\n\n\n\n<h2 class=\"wp-block-heading\" style=\"font-size:18px\">LES AVANTAGES DE LA MOBILIT\u00c9 \u00c9LECTRIQUE AVEC CUPRA <\/h2>\n\n\n\n<div style=\"height:10px\" aria-hidden=\"true\" class=\"wp-block-spacer\"><\/div>\n\n\n\n<p>Passer \u00e0 un v\u00e9hicule 100% \u00e9lectrique pr\u00e9sente de nombreux avantages, tant pour l&rsquo;environnement que pour le conducteur. Voici quelques raisons pour lesquelles choisir un v\u00e9hicule \u00e9lectrique Cupra est une excellente d\u00e9cision :<\/p>\n\n\n\n<div style=\"height:10px\" aria-hidden=\"true\" class=\"wp-block-spacer\"><\/div>\n\n\n\n<h3 class=\"wp-block-heading\" style=\"font-size:15px\">\u00c9CONOMIE DE CARBURANT ET R\u00c9DUCTION DES CO\u00dbTS <\/h3>\n\n\n\n<div style=\"height:10px\" aria-hidden=\"true\" class=\"wp-block-spacer\"><\/div>\n\n\n\n<p>Les v\u00e9hicules \u00e9lectriques Cupra sont beaucoup plus \u00e9conomiques \u00e0 utiliser que leurs homologues \u00e0 combustion interne. Les co\u00fbts de recharge sont nettement inf\u00e9rieurs aux co\u00fbts de carburant, et les v\u00e9hicules \u00e9lectriques n\u00e9cessitent moins d&rsquo;entretien, ce qui se traduit par des \u00e9conomies suppl\u00e9mentaires \u00e0 long terme.<\/p>\n\n\n\n<div style=\"height:10px\" aria-hidden=\"true\" class=\"wp-block-spacer\"><\/div>\n\n\n\n<h3 class=\"wp-block-heading\" style=\"font-size:15px\">IMPACT ENVIRONNEMENTAL R\u00c9DUIT <\/h3>\n\n\n\n<div style=\"height:10px\" aria-hidden=\"true\" class=\"wp-block-spacer\"><\/div>\n\n\n\n<p>En optant pour un v\u00e9hicule \u00e9lectrique Cupra, vous contribuez \u00e0 r\u00e9duire les \u00e9missions de CO2 et autres polluants nocifs. Les v\u00e9hicules \u00e9lectriques n&rsquo;\u00e9mettent pas de gaz d&rsquo;\u00e9chappement, ce qui contribue \u00e0 am\u00e9liorer la qualit\u00e9 de l&rsquo;air et \u00e0 lutter contre le changement climatique.<\/p>\n\n\n\n<div style=\"height:10px\" aria-hidden=\"true\" class=\"wp-block-spacer\"><\/div>\n\n\n\n<h3 class=\"wp-block-heading\" style=\"font-size:15px\">EXP\u00c9RIENCE DE CONDUITE AM\u00c9LIOR\u00c9E<\/h3>\n\n\n\n<div style=\"height:10px\" aria-hidden=\"true\" class=\"wp-block-spacer\"><\/div>\n\n\n\n<p>Les v\u00e9hicules \u00e9lectriques Cupra offrent une conduite silencieuse et fluide. L&rsquo;absence de vibrations du moteur et la r\u00e9ponse imm\u00e9diate de l&rsquo;acc\u00e9l\u00e9ration \u00e9lectrique cr\u00e9ent une exp\u00e9rience de conduite agr\u00e9able et sereine. De plus, les v\u00e9hicules \u00e9lectriques b\u00e9n\u00e9ficient souvent de privil\u00e8ges comme l&rsquo;acc\u00e8s aux zones \u00e0 faibles \u00e9missions et des places de stationnement r\u00e9serv\u00e9es.<\/p>\n\n\n\n<div style=\"height:30px\" aria-hidden=\"true\" class=\"wp-block-spacer\"><\/div>\n\n\n\n<h2 class=\"wp-block-heading\" style=\"font-size:18px\">ADOPTEZ L&rsquo;\u00c9LECTRIQUE AVEC CUPRA<\/h2>\n\n\n\n<div style=\"height:10px\" aria-hidden=\"true\" class=\"wp-block-spacer\"><\/div>\n\n\n\n<p>La gamme de v\u00e9hicules 100% \u00e9lectriques de Cupra repr\u00e9sente l&rsquo;avenir de la mobilit\u00e9 automobile. Avec des mod\u00e8les comme le Cupra Born et le Cupra Tavascan, la marque prouve qu&rsquo;il est possible de combiner performance, design et durabilit\u00e9. En choisissant un v\u00e9hicule \u00e9lectrique Cupra, vous faites non seulement un choix \u00e9cologique, mais vous b\u00e9n\u00e9ficiez \u00e9galement des derni\u00e8res innovations technologiques et d&rsquo;une exp\u00e9rience de conduite in\u00e9gal\u00e9e.<\/p>\n\n\n\n<p>Chez Cupra, nous sommes d\u00e9termin\u00e9s \u00e0 repousser les limites de l&rsquo;automobile pour cr\u00e9er un avenir plus propre et plus excitant. Venez d\u00e9couvrir nos mod\u00e8les \u00e9lectriques et rejoignez la r\u00e9volution verte avec Cupra. Pour plus d&rsquo;informations, visitez notre site officiel et explorez nos offres exclusives.<\/p>\n\n\n\n<div style=\"height:50px\" aria-hidden=\"true\" class=\"wp-block-spacer\"><\/div>\n\n\n\n<p class=\"has-text-align-center has-white-color has-black-background-color has-text-color has-background has-link-color wp-elements-3ab2785c04885fc527969196269d702c\"><strong><a href=\"https:\/\/www.groupe-grim.com\/rendez-vous\/\">Prendre RDV en ligne<\/a><\/strong><\/p>\n\n\n\n<p><\/p>\n\n\n\n<p class=\"has-text-align-center has-white-color has-black-background-color has-text-color has-background has-link-color wp-elements-44bf1fc55a8b83092b2cb471418ce2f6\"><strong>40 Avenue Georges Pompidou &#8211; 15000 Aurillac &#8211; 04 71 64 58 44<\/strong><\/p>\n\n\n\n<p><\/p>\n\n\n\n<p class=\"has-text-align-center\"><br>Pour tout renseignement sur&nbsp;<strong>CUPRA :<\/strong><\/p>\n\n\n\n<p class=\"has-text-align-center\"><a href=\"tel:0805021414\"><strong>08 05 02 14 14 (appel gratuit)<\/strong><\/a>&nbsp;du lundi au dimanche de 9h00 \u00e0 22h00<\/p>\n\n\n\n<p class=\"has-text-align-center\"><a href=\"https:\/\/www.groupe-grim.com\/rendez-vous\/\">Essayer un v\u00e9hicule<\/a>&nbsp;I&nbsp;<a href=\"https:\/\/www.grim-occasion.com\/reprise-de-votre-vehicule\/\" target=\"_blank\" rel=\"noreferrer noopener\">Demander une offre de reprise<\/a>&nbsp;I&nbsp;<a href=\"https:\/\/www.groupe-grim.com\/rendez-vous\/\">Demander Une offre de financement<\/a>&nbsp;I&nbsp;<a href=\"https:\/\/www.grim-occasion.com\/voitures\/?_brand=jaguar%2Cland-rover\" target=\"_blank\" rel=\"noreferrer noopener\">GRIM Occasion<\/a><\/p>\n\n\n\n<p class=\"has-text-align-center\">CUPRA \u2022 Aurillac \u2013 Saint Flour<\/p>\n","protected":false},"excerpt":{"rendered":"<p>Dans cet article, nous vous pr\u00e9sentons les mod\u00e8les phares de cette gamme qui combinent technologie avanc\u00e9e, respect de l&rsquo;environnement et plaisir de conduite.<\/p>\n","protected":false},"author":5,"featured_media":6806,"comment_status":"closed","ping_status":"closed","sticky":false,"template":"","format":"standard","meta":{"_et_pb_use_builder":"off","_et_pb_old_content":"","_et_gb_content_width":"","two_page_speed":[],"footnotes":""},"categories":[5],"tags":[],"class_list":["post-6794","post","type-post","status-publish","format-standard","has-post-thumbnail","hentry","category-actualites-cupra"],"_links":{"self":[{"href":"https:\/\/groupe-grim.com\/cupra\/wp-json\/wp\/v2\/posts\/6794","targetHints":{"allow":["GET"]}}],"collection":[{"href":"https:\/\/groupe-grim.com\/cupra\/wp-json\/wp\/v2\/posts"}],"about":[{"href":"https:\/\/groupe-grim.com\/cupra\/wp-json\/wp\/v2\/types\/post"}],"author":[{"embeddable":true,"href":"https:\/\/groupe-grim.com\/cupra\/wp-json\/wp\/v2\/users\/5"}],"replies":[{"embeddable":true,"href":"https:\/\/groupe-grim.com\/cupra\/wp-json\/wp\/v2\/comments?post=6794"}],"version-history":[{"count":29,"href":"https:\/\/groupe-grim.com\/cupra\/wp-json\/wp\/v2\/posts\/6794\/revisions"}],"predecessor-version":[{"id":8557,"href":"https:\/\/groupe-grim.com\/cupra\/wp-json\/wp\/v2\/posts\/6794\/revisions\/8557"}],"wp:featuredmedia":[{"embeddable":true,"href":"https:\/\/groupe-grim.com\/cupra\/wp-json\/wp\/v2\/media\/6806"}],"wp:attachment":[{"href":"https:\/\/groupe-grim.com\/cupra\/wp-json\/wp\/v2\/media?parent=6794"}],"wp:term":[{"taxonomy":"category","embeddable":true,"href":"https:\/\/groupe-grim.com\/cupra\/wp-json\/wp\/v2\/categories?post=6794"},{"taxonomy":"post_tag","embeddable":true,"href":"https:\/\/groupe-grim.com\/cupra\/wp-json\/wp\/v2\/tags?post=6794"}],"curies":[{"name":"wp","href":"https:\/\/api.w.org\/{rel}","templated":true}]}}