{"id":7428,"date":"2024-09-30T10:00:00","date_gmt":"2024-09-30T10:00:00","guid":{"rendered":"https:\/\/groupe-grim.com\/cupra\/?p=7428"},"modified":"2024-09-23T15:02:13","modified_gmt":"2024-09-23T15:02:13","slug":"cupra-transition-ecologique","status":"publish","type":"post","link":"https:\/\/groupe-grim.com\/cupra\/cupra-transition-ecologique\/","title":{"rendered":"CUPRA ET LA TRANSITION \u00c9COLOGIQUE : UN ENGAGEMENT DURABLE"},"content":{"rendered":"\n<p>En 2024, la marque espagnole ne se contente pas d\u2019offrir des v\u00e9hicules performants ; elle embrasse \u00e9galement une <strong>philosophie durable<\/strong> qui repose sur l\u2019innovation, l\u2019\u00e9lectrification et l\u2019engagement envers l\u2019environnement. Cet article explore comment CUPRA contribue \u00e0 un avenir plus vert, tout en pr\u00e9servant son ADN sportif.<\/p>\n\n\n\n<p><\/p>\n\n\n\n<h2 class=\"wp-block-heading\" style=\"font-size:18px\">UN ENGAGEMENT ENVERS L&rsquo;\u00c9LECTRIFICATION<\/h2>\n\n\n\n<p>L\u2019un des piliers de la strat\u00e9gie \u00e9cologique de CUPRA est l\u2019<strong>\u00e9lectrification<\/strong> de sa gamme de v\u00e9hicules. La marque a d\u00e9j\u00e0 lanc\u00e9 des mod\u00e8les embl\u00e9matiques tels que la <strong>CUPRA Born<\/strong>, un v\u00e9hicule enti\u00e8rement \u00e9lectrique qui allie performance et durabilit\u00e9. Avec une autonomie impressionnante et un temps de recharge optimis\u00e9, la CUPRA Born repr\u00e9sente le futur de la conduite sportive sans les \u00e9missions de CO2. En 2024, CUPRA pr\u00e9voit de continuer \u00e0 \u00e9largir sa gamme \u00e9lectrique, en introduisant de nouveaux mod\u00e8les qui r\u00e9pondent aux besoins vari\u00e9s des consommateurs tout en respectant l\u2019environnement.<\/p>\n\n\n\n<p>La <strong>transition vers l\u2019\u00e9lectrique<\/strong> ne se limite pas \u00e0 la simple mise sur le march\u00e9 de voitures \u00e0 batterie. CUPRA investit massivement dans le d\u00e9veloppement de <strong>technologies de recharge<\/strong> innovantes, rendant la possession d\u2019un v\u00e9hicule \u00e9lectrique plus pratique et accessible. Par exemple, la marque explore des solutions de recharge rapide et des infrastructures de recharge intelligentes pour faciliter l\u2019int\u00e9gration des v\u00e9hicules \u00e9lectriques dans la vie quotidienne des conducteurs.<\/p>\n\n\n\n<p><\/p>\n\n\n\n<figure class=\"wp-block-image size-large\"><img loading=\"lazy\" decoding=\"async\" width=\"1024\" height=\"686\" src=\"https:\/\/groupe-grim.com\/cupra\/wp-content\/uploads\/2024\/09\/cupra-tavascan-vz-trim-tavascan-blue-colour-charging-1024x686.jpg\" alt=\"CUPRA ET LA TRANSITION \u00c9COLOGIQUE : UN ENGAGEMENT DURABLE\" class=\"wp-image-7429\" srcset=\"https:\/\/groupe-grim.com\/cupra\/wp-content\/uploads\/2024\/09\/cupra-tavascan-vz-trim-tavascan-blue-colour-charging-980x656.jpg 980w, https:\/\/groupe-grim.com\/cupra\/wp-content\/uploads\/2024\/09\/cupra-tavascan-vz-trim-tavascan-blue-colour-charging-480x322.jpg 480w\" sizes=\"(min-width: 0px) and (max-width: 480px) 480px, (min-width: 481px) and (max-width: 980px) 980px, (min-width: 981px) 1024px, 100vw\" \/><figcaption class=\"wp-element-caption\">CUPRA Tavascan &#8211; 100% \u00e9lectrique<\/figcaption><\/figure>\n\n\n\n<p><\/p>\n\n\n\n<p><\/p>\n\n\n\n<h2 class=\"wp-block-heading\" style=\"font-size:18px\">DES MAT\u00c9RIAUX DURABLES ET RESPONSABLES<\/h2>\n\n\n\n<p>Un autre aspect fondamental de l&rsquo;engagement de CUPRA envers la <strong>durabilit\u00e9<\/strong> est l&rsquo;utilisation de <strong>mat\u00e9riaux recycl\u00e9s et responsables<\/strong> dans la fabrication de ses v\u00e9hicules. La marque s\u2019efforce de minimiser son empreinte carbone en int\u00e9grant des mat\u00e9riaux tels que des plastiques recycl\u00e9s, des textiles durables et des cuirs \u00e9cologiques dans ses mod\u00e8les. Cette d\u00e9marche non seulement r\u00e9duit l\u2019impact environnemental de la production, mais elle permet \u00e9galement de cr\u00e9er des int\u00e9rieurs modernes et esth\u00e9tiques, sans compromettre la qualit\u00e9.<\/p>\n\n\n\n<p>CUPRA met \u00e9galement en place des programmes pour am\u00e9liorer la <strong>durabilit\u00e9 des processus de fabrication<\/strong>. En adoptant des m\u00e9thodes de production plus respectueuses de l\u2019environnement et en optimisant l\u2019utilisation des ressources, la marque r\u00e9duit significativement sa consommation d\u2019eau et d\u2019\u00e9nergie. Ces initiatives t\u00e9moignent d\u2019un v\u00e9ritable engagement \u00e0 construire des voitures qui respectent non seulement les conducteurs, mais aussi la plan\u00e8te.<\/p>\n\n\n\n<p><\/p>\n\n\n\n<figure class=\"wp-block-image size-large\"><img loading=\"lazy\" decoding=\"async\" width=\"1024\" height=\"683\" src=\"https:\/\/groupe-grim.com\/cupra\/wp-content\/uploads\/2024\/09\/la-cupra-born-disposera-de-sieges-concus-en-materiaux-recycles-22967-2-1024x683.jpg\" alt=\"CUPRA ET LA TRANSITION \u00c9COLOGIQUE : UN ENGAGEMENT DURABLE\" class=\"wp-image-7430\" srcset=\"https:\/\/groupe-grim.com\/cupra\/wp-content\/uploads\/2024\/09\/la-cupra-born-disposera-de-sieges-concus-en-materiaux-recycles-22967-2-980x653.jpg 980w, https:\/\/groupe-grim.com\/cupra\/wp-content\/uploads\/2024\/09\/la-cupra-born-disposera-de-sieges-concus-en-materiaux-recycles-22967-2-480x320.jpg 480w\" sizes=\"(min-width: 0px) and (max-width: 480px) 480px, (min-width: 481px) and (max-width: 980px) 980px, (min-width: 981px) 1024px, 100vw\" \/><figcaption class=\"wp-element-caption\">Mat\u00e9riaux recycl\u00e9s<\/figcaption><\/figure>\n\n\n\n<p><\/p>\n\n\n\n<p><\/p>\n\n\n\n<h2 class=\"wp-block-heading\" style=\"font-size:18px\">UN MOD\u00c8LE \u00c9CONOMIQUE CIRCULAIRE<\/h2>\n\n\n\n<p>CUPRA se positionne \u00e9galement en faveur d\u2019un <strong>mod\u00e8le \u00e9conomique circulaire<\/strong>, visant \u00e0 prolonger la vie des mat\u00e9riaux et des produits. Cela signifie que la marque envisage non seulement la phase de production de ses v\u00e9hicules, mais \u00e9galement leur fin de vie. En d\u00e9veloppant des programmes de <strong>recyclage<\/strong> et de <strong>r\u00e9utilisation<\/strong>, CUPRA s\u2019assure que les composants de ses voitures peuvent \u00eatre r\u00e9cup\u00e9r\u00e9s et r\u00e9int\u00e9gr\u00e9s dans le cycle de production.<\/p>\n\n\n\n<p>Ce mod\u00e8le \u00e9conomique circulaire est crucial pour r\u00e9duire le gaspillage et maximiser l\u2019utilisation des ressources. En travaillant avec des partenaires strat\u00e9giques, CUPRA s\u2019efforce d\u2019optimiser le recyclage des mat\u00e9riaux, contribuant ainsi \u00e0 la r\u00e9duction des d\u00e9chets g\u00e9n\u00e9r\u00e9s par l\u2019industrie automobile.<\/p>\n\n\n\n<p><\/p>\n\n\n\n<h2 class=\"wp-block-heading\" style=\"font-size:18px\">SENSIBILISATION ET ENGAGEMENT COMMUNAUTAIRE<\/h2>\n\n\n\n<p>Au-del\u00e0 de la production de v\u00e9hicules \u00e9cologiques, CUPRA s\u2019engage \u00e9galement dans des initiatives de <strong>sensibilisation et d\u2019\u00e9ducation<\/strong> autour des enjeux environnementaux. La marque encourage ses clients et sa communaut\u00e9 \u00e0 adopter des comportements plus durables, que ce soit par des conseils sur l\u2019entretien des v\u00e9hicules \u00e9lectriques ou en promouvant l\u2019utilisation des transports en commun.<\/p>\n\n\n\n<p>CUPRA participe \u00e9galement \u00e0 des \u00e9v\u00e9nements locaux et \u00e0 des projets communautaires qui visent \u00e0 r\u00e9duire l\u2019empreinte carbone des villes. Ces initiatives d\u00e9montrent que la marque ne se contente pas de vendre des voitures, mais qu\u2019elle s\u2019engage activement pour un avenir plus vert.<\/p>\n\n\n\n<p><\/p>\n\n\n\n<h2 class=\"wp-block-heading\" style=\"font-size:18px\">CONCLUSION : UNE ROUTE VERS UN FUTUR DURABLE<\/h2>\n\n\n\n<p>En conclusion, CUPRA incarne une <strong>transition \u00e9cologique<\/strong> n\u00e9cessaire dans le secteur automobile. Gr\u00e2ce \u00e0 son engagement envers l\u2019\u00e9lectrification, l\u2019utilisation de mat\u00e9riaux durables, la promotion d\u2019un mod\u00e8le \u00e9conomique circulaire et des initiatives communautaires, la marque d\u00e9montre que performance et durabilit\u00e9 peuvent aller de pair. Alors que le monde fait face \u00e0 des d\u00e9fis environnementaux sans pr\u00e9c\u00e9dent, CUPRA prouve qu\u2019il est possible de conduire vers un avenir plus durable tout en pr\u00e9servant l\u2019ADN sportif et dynamique qui fait sa renomm\u00e9e. La route vers un futur durable est ouverte, et CUPRA est d\u00e9termin\u00e9e \u00e0 y jouer un r\u00f4le de leader.<\/p>\n\n\n\n<p><\/p>\n\n\n\n<p class=\"has-text-align-center has-white-color has-black-background-color has-text-color has-background has-link-color wp-elements-3ab2785c04885fc527969196269d702c\"><strong><a href=\"https:\/\/www.groupe-grim.com\/rendez-vous\/\">Prendre RDV en ligne<\/a><\/strong><\/p>\n\n\n\n<p><\/p>\n\n\n\n<p class=\"has-text-align-center has-white-color has-black-background-color has-text-color has-background has-link-color wp-elements-44bf1fc55a8b83092b2cb471418ce2f6\"><strong>40 Avenue Georges Pompidou &#8211; 15000 Aurillac &#8211; 04 71 64 58 44<\/strong><\/p>\n\n\n\n<p><\/p>\n\n\n\n<p class=\"has-text-align-center\"><br>Pour tout renseignement sur&nbsp;<strong>CUPRA :<\/strong><\/p>\n\n\n\n<p class=\"has-text-align-center\"><a href=\"tel:0805021414\"><strong>08 05 02 14 14 (appel gratuit)<\/strong><\/a>&nbsp;du lundi au dimanche de 9h00 \u00e0 22h00<\/p>\n\n\n\n<p class=\"has-text-align-center\"><a href=\"https:\/\/www.groupe-grim.com\/rendez-vous\/\">Essayer un v\u00e9hicule<\/a>&nbsp;I&nbsp;<a href=\"https:\/\/www.grim-occasion.com\/reprise-de-votre-vehicule\/\" target=\"_blank\" rel=\"noreferrer noopener\">Demander une offre de reprise<\/a>&nbsp;I&nbsp;<a href=\"https:\/\/www.groupe-grim.com\/rendez-vous\/\">Demander Une offre de financement<\/a>&nbsp;I&nbsp;<a href=\"https:\/\/www.grim-occasion.com\/voitures\/?_brand=jaguar%2Cland-rover\" target=\"_blank\" rel=\"noreferrer noopener\">GRIM Occasion<\/a><\/p>\n\n\n\n<p class=\"has-text-align-center\">CUPRA \u2022 Aurillac \u2013 Saint Flour<\/p>\n","protected":false},"excerpt":{"rendered":"<p>Dans un monde de plus en plus conscient des enjeux environnementaux, CUPRA se positionne comme un acteur majeur de la transition \u00e9cologique dans l\u2019industrie automobile.<\/p>\n","protected":false},"author":2,"featured_media":7431,"comment_status":"closed","ping_status":"closed","sticky":false,"template":"","format":"standard","meta":{"_et_pb_use_builder":"off","_et_pb_old_content":"","_et_gb_content_width":"","two_page_speed":[],"footnotes":""},"categories":[5],"tags":[],"class_list":["post-7428","post","type-post","status-publish","format-standard","has-post-thumbnail","hentry","category-actualites-cupra"],"_links":{"self":[{"href":"https:\/\/groupe-grim.com\/cupra\/wp-json\/wp\/v2\/posts\/7428","targetHints":{"allow":["GET"]}}],"collection":[{"href":"https:\/\/groupe-grim.com\/cupra\/wp-json\/wp\/v2\/posts"}],"about":[{"href":"https:\/\/groupe-grim.com\/cupra\/wp-json\/wp\/v2\/types\/post"}],"author":[{"embeddable":true,"href":"https:\/\/groupe-grim.com\/cupra\/wp-json\/wp\/v2\/users\/2"}],"replies":[{"embeddable":true,"href":"https:\/\/groupe-grim.com\/cupra\/wp-json\/wp\/v2\/comments?post=7428"}],"version-history":[{"count":1,"href":"https:\/\/groupe-grim.com\/cupra\/wp-json\/wp\/v2\/posts\/7428\/revisions"}],"predecessor-version":[{"id":7432,"href":"https:\/\/groupe-grim.com\/cupra\/wp-json\/wp\/v2\/posts\/7428\/revisions\/7432"}],"wp:featuredmedia":[{"embeddable":true,"href":"https:\/\/groupe-grim.com\/cupra\/wp-json\/wp\/v2\/media\/7431"}],"wp:attachment":[{"href":"https:\/\/groupe-grim.com\/cupra\/wp-json\/wp\/v2\/media?parent=7428"}],"wp:term":[{"taxonomy":"category","embeddable":true,"href":"https:\/\/groupe-grim.com\/cupra\/wp-json\/wp\/v2\/categories?post=7428"},{"taxonomy":"post_tag","embeddable":true,"href":"https:\/\/groupe-grim.com\/cupra\/wp-json\/wp\/v2\/tags?post=7428"}],"curies":[{"name":"wp","href":"https:\/\/api.w.org\/{rel}","templated":true}]}}