{"id":7440,"date":"2024-10-07T10:00:00","date_gmt":"2024-10-07T10:00:00","guid":{"rendered":"https:\/\/groupe-grim.com\/cupra\/?p=7440"},"modified":"2024-09-23T15:17:05","modified_gmt":"2024-09-23T15:17:05","slug":"recyclage-batterie-cupra","status":"publish","type":"post","link":"https:\/\/groupe-grim.com\/cupra\/recyclage-batterie-cupra\/","title":{"rendered":"RECYCLAGE ET VALORISATION DES BATTERIES CUPRA : UN ENGAGEMENT DURABLE"},"content":{"rendered":"\n<p>En tant qu\u2019acteur engag\u00e9 dans la durabilit\u00e9, CUPRA ne se contente pas de produire des voitures \u00e9lectriques performantes ; elle s&rsquo;assure \u00e9galement que la fin de vie de leurs batteries est g\u00e9r\u00e9e de mani\u00e8re responsable. Cet article explore les strat\u00e9gies mises en place par CUPRA pour garantir un cycle de vie complet et durable pour ses batteries.<\/p>\n\n\n\n<p><\/p>\n\n\n\n<figure class=\"wp-block-image size-large\"><img loading=\"lazy\" decoding=\"async\" width=\"1024\" height=\"659\" src=\"https:\/\/groupe-grim.com\/cupra\/wp-content\/uploads\/2024\/09\/147953006_large.moteure-Hybrid-1.jpg.3d589e4f27a04dc9c130e4f3727e22c4-1-1024x659.jpg\" alt=\"\" class=\"wp-image-7442\" srcset=\"https:\/\/groupe-grim.com\/cupra\/wp-content\/uploads\/2024\/09\/147953006_large.moteure-Hybrid-1.jpg.3d589e4f27a04dc9c130e4f3727e22c4-1-980x630.jpg 980w, https:\/\/groupe-grim.com\/cupra\/wp-content\/uploads\/2024\/09\/147953006_large.moteure-Hybrid-1.jpg.3d589e4f27a04dc9c130e4f3727e22c4-1-480x309.jpg 480w\" sizes=\"(min-width: 0px) and (max-width: 480px) 480px, (min-width: 481px) and (max-width: 980px) 980px, (min-width: 981px) 1024px, 100vw\" \/><figcaption class=\"wp-element-caption\">CUPRA Batterie<\/figcaption><\/figure>\n\n\n\n<p><\/p>\n\n\n\n<p><\/p>\n\n\n\n<h2 class=\"wp-block-heading\" style=\"font-size:18px\">L\u2019IMPORTANCE DU RECYCLAGE DES BATTERIES<\/h2>\n\n\n\n<p>Les batteries lithium-ion, utilis\u00e9es dans les v\u00e9hicules \u00e9lectriques, sont un \u00e9l\u00e9ment essentiel pour garantir des performances optimales. Cependant, leur fin de vie pose des d\u00e9fis environnementaux significatifs. En effet, si elles ne sont pas correctement recycl\u00e9es, elles peuvent engendrer des risques pour l&rsquo;environnement et la sant\u00e9 humaine. Le recyclage des batteries permet non seulement de r\u00e9duire les d\u00e9chets, mais aussi de r\u00e9cup\u00e9rer des mat\u00e9riaux pr\u00e9cieux tels que le <strong>lithium<\/strong>, le <strong>cobalt<\/strong> et le <strong>nickel<\/strong>. Ces mat\u00e9riaux peuvent ensuite \u00eatre r\u00e9utilis\u00e9s pour produire de nouvelles batteries, cr\u00e9ant ainsi un cycle de vie durable.<\/p>\n\n\n\n<p><\/p>\n\n\n\n<h2 class=\"wp-block-heading\" style=\"font-size:18px\">UNE APPROCHE \u00c9COLOGIQUE<\/h2>\n\n\n\n<p>CUPRA s&rsquo;engage \u00e0 mettre en place des processus de <strong>recyclage \u00e9cologiques<\/strong> tout au long de la cha\u00eene de valeur. Cela commence d\u00e8s la conception des batteries. En int\u00e9grant des mat\u00e9riaux recyclables dans leurs batteries, CUPRA facilite leur traitement en fin de vie. La marque collabore \u00e9galement avec des entreprises sp\u00e9cialis\u00e9es dans le recyclage pour s\u2019assurer que les batteries usag\u00e9es sont trait\u00e9es de mani\u00e8re s\u00fbre et efficace.<\/p>\n\n\n\n<p>Une fois les batteries arriv\u00e9es en fin de vie, elles sont envoy\u00e9es vers des centres de traitement sp\u00e9cialis\u00e9s, o\u00f9 elles sont d\u00e9mont\u00e9es et les mat\u00e9riaux sont s\u00e9par\u00e9s. Cette s\u00e9paration permet de maximiser la r\u00e9cup\u00e9ration des ressources et de minimiser les d\u00e9chets. CUPRA s&rsquo;assure que ces centres respectent des normes strictes en mati\u00e8re de s\u00e9curit\u00e9 et de durabilit\u00e9, garantissant ainsi un traitement \u00e9thique et responsable.<\/p>\n\n\n\n<p><\/p>\n\n\n\n<h2 class=\"wp-block-heading\" style=\"font-size:18px\">VALORISATION DES RESSOURCES RECUP\u00c9R\u00c9ES<\/h2>\n\n\n\n<p>Le recyclage ne se limite pas \u00e0 la simple r\u00e9cup\u00e9ration des mat\u00e9riaux. La <strong>valorisation<\/strong> consiste \u00e0 r\u00e9utiliser ces mat\u00e9riaux dans la fabrication de nouveaux produits. CUPRA explore des avenues innovantes pour r\u00e9int\u00e9grer les mat\u00e9riaux recycl\u00e9s dans sa production. Par exemple, le lithium r\u00e9cup\u00e9r\u00e9 peut \u00eatre r\u00e9utilis\u00e9 pour cr\u00e9er de nouvelles batteries, tandis que d&rsquo;autres mat\u00e9riaux peuvent \u00eatre int\u00e9gr\u00e9s dans des composants automobiles ou d&rsquo;autres industries.<\/p>\n\n\n\n<p>Cette approche favorise non seulement une r\u00e9duction des co\u00fbts de production, mais elle permet \u00e9galement de diminuer la d\u00e9pendance aux mati\u00e8res premi\u00e8res vierges. En favorisant l\u2019\u00e9conomie circulaire, CUPRA contribue \u00e0 un mod\u00e8le \u00e9conomique durable qui r\u00e9pond aux enjeux environnementaux actuels.<\/p>\n\n\n\n<p><\/p>\n\n\n\n<h2 class=\"wp-block-heading\" style=\"font-size:18px\">SENSIBILISATION ET \u00c9DUCATION<\/h2>\n\n\n\n<p>CUPRA ne se contente pas d\u2019agir ; elle s\u2019engage \u00e9galement \u00e0 sensibiliser ses clients et la communaut\u00e9 aux enjeux du recyclage des batteries. La marque organise des campagnes d\u2019information pour \u00e9duquer les consommateurs sur l\u2019importance du recyclage et les pratiques responsables. En encourageant les conducteurs \u00e0 rapporter leurs batteries usag\u00e9es dans des points de collecte appropri\u00e9s, CUPRA joue un r\u00f4le actif dans la promotion d\u2019une culture de durabilit\u00e9.<\/p>\n\n\n\n<p>De plus, CUPRA collabore avec des organisations et des institutions pour d\u00e9velopper des programmes \u00e9ducatifs autour des enjeux de la mobilit\u00e9 durable et du recyclage. Ces initiatives visent \u00e0 cr\u00e9er une conscience collective et \u00e0 inciter les consommateurs \u00e0 participer \u00e0 la protection de l&rsquo;environnement.<\/p>\n\n\n\n<p><\/p>\n\n\n\n<h2 class=\"wp-block-heading\" style=\"font-size:18px\">REGLEMENTATION ET NORMES<\/h2>\n\n\n\n<p>CUPRA se conforme aux r\u00e9glementations en mati\u00e8re de gestion des d\u00e9chets et de recyclage des batteries. En respectant les directives europ\u00e9ennes et nationales, la marque s&rsquo;assure que ses pratiques sont \u00e0 la pointe des normes environnementales. Cela inclut le respect des obligations de collecte, de traitement et de recyclage des batteries, garantissant ainsi une approche responsable et conforme aux exigences l\u00e9gales.<\/p>\n\n\n\n<p><\/p>\n\n\n\n<h2 class=\"wp-block-heading\" style=\"font-size:18px\">CONCLUSION<\/h2>\n\n\n\n<p>En conclusion, le <strong>recyclage<\/strong> et la <strong>valorisation des batteries<\/strong> CUPRA sont au c\u0153ur de l&rsquo;engagement de la marque envers un avenir durable. Gr\u00e2ce \u00e0 des pratiques innovantes et responsables, CUPRA s&rsquo;efforce de garantir que les batteries de ses v\u00e9hicules \u00e9lectriques ont une seconde vie, r\u00e9duisant ainsi leur impact environnemental. En sensibilisant ses clients et en respectant les normes de recyclage, CUPRA d\u00e9montre qu&rsquo;il est possible de concilier performance, innovation et durabilit\u00e9. En int\u00e9grant ces principes dans sa strat\u00e9gie, CUPRA s&rsquo;affirme comme un leader dans la transition vers une mobilit\u00e9 plus respectueuse de l&rsquo;environnement.<\/p>\n\n\n\n<p><\/p>\n\n\n\n\n\n<p><\/p>\n\n\n\n<p><\/p>\n\n\n\n<p class=\"has-text-align-center has-white-color has-black-background-color has-text-color has-background has-link-color wp-elements-3ab2785c04885fc527969196269d702c\"><strong><a href=\"https:\/\/www.groupe-grim.com\/rendez-vous\/\">Prendre RDV en ligne<\/a><\/strong><\/p>\n\n\n\n<p><\/p>\n\n\n\n<p class=\"has-text-align-center has-white-color has-black-background-color has-text-color has-background has-link-color wp-elements-44bf1fc55a8b83092b2cb471418ce2f6\"><strong>40 Avenue Georges Pompidou &#8211; 15000 Aurillac &#8211; 04 71 64 58 44<\/strong><\/p>\n\n\n\n<p><\/p>\n\n\n\n<p class=\"has-text-align-center\"><br>Pour tout renseignement sur&nbsp;<strong>CUPRA :<\/strong><\/p>\n\n\n\n<p class=\"has-text-align-center\"><a href=\"tel:0805021414\"><strong>08 05 02 14 14 (appel gratuit)<\/strong><\/a>&nbsp;du lundi au dimanche de 9h00 \u00e0 22h00<\/p>\n\n\n\n<p class=\"has-text-align-center\"><a href=\"https:\/\/www.groupe-grim.com\/rendez-vous\/\">Essayer un v\u00e9hicule<\/a>&nbsp;I&nbsp;<a href=\"https:\/\/www.grim-occasion.com\/reprise-de-votre-vehicule\/\" target=\"_blank\" rel=\"noreferrer noopener\">Demander une offre de reprise<\/a>&nbsp;I&nbsp;<a href=\"https:\/\/www.groupe-grim.com\/rendez-vous\/\">Demander Une offre de financement<\/a>&nbsp;I&nbsp;<a href=\"https:\/\/www.grim-occasion.com\/voitures\/?_brand=jaguar%2Cland-rover\" target=\"_blank\" rel=\"noreferrer noopener\">GRIM Occasion<\/a><\/p>\n\n\n\n<p class=\"has-text-align-center\">CUPRA \u2022 Aurillac \u2013 Saint Flour<\/p>\n","protected":false},"excerpt":{"rendered":"<p>\u00c0 l&rsquo;heure o\u00f9 la transition \u00e9nerg\u00e9tique prend de plus en plus d&rsquo;importance, le recyclage et la valorisation des batteries deviennent des enjeux cruciaux, notamment pour les v\u00e9hicules \u00e9lectriques de marque CUPRA.<\/p>\n","protected":false},"author":2,"featured_media":7441,"comment_status":"closed","ping_status":"closed","sticky":false,"template":"","format":"standard","meta":{"_et_pb_use_builder":"off","_et_pb_old_content":"","_et_gb_content_width":"","two_page_speed":[],"footnotes":""},"categories":[5],"tags":[],"class_list":["post-7440","post","type-post","status-publish","format-standard","has-post-thumbnail","hentry","category-actualites-cupra"],"_links":{"self":[{"href":"https:\/\/groupe-grim.com\/cupra\/wp-json\/wp\/v2\/posts\/7440","targetHints":{"allow":["GET"]}}],"collection":[{"href":"https:\/\/groupe-grim.com\/cupra\/wp-json\/wp\/v2\/posts"}],"about":[{"href":"https:\/\/groupe-grim.com\/cupra\/wp-json\/wp\/v2\/types\/post"}],"author":[{"embeddable":true,"href":"https:\/\/groupe-grim.com\/cupra\/wp-json\/wp\/v2\/users\/2"}],"replies":[{"embeddable":true,"href":"https:\/\/groupe-grim.com\/cupra\/wp-json\/wp\/v2\/comments?post=7440"}],"version-history":[{"count":1,"href":"https:\/\/groupe-grim.com\/cupra\/wp-json\/wp\/v2\/posts\/7440\/revisions"}],"predecessor-version":[{"id":7443,"href":"https:\/\/groupe-grim.com\/cupra\/wp-json\/wp\/v2\/posts\/7440\/revisions\/7443"}],"wp:featuredmedia":[{"embeddable":true,"href":"https:\/\/groupe-grim.com\/cupra\/wp-json\/wp\/v2\/media\/7441"}],"wp:attachment":[{"href":"https:\/\/groupe-grim.com\/cupra\/wp-json\/wp\/v2\/media?parent=7440"}],"wp:term":[{"taxonomy":"category","embeddable":true,"href":"https:\/\/groupe-grim.com\/cupra\/wp-json\/wp\/v2\/categories?post=7440"},{"taxonomy":"post_tag","embeddable":true,"href":"https:\/\/groupe-grim.com\/cupra\/wp-json\/wp\/v2\/tags?post=7440"}],"curies":[{"name":"wp","href":"https:\/\/api.w.org\/{rel}","templated":true}]}}