{"id":7444,"date":"2024-10-09T10:00:00","date_gmt":"2024-10-09T10:00:00","guid":{"rendered":"https:\/\/groupe-grim.com\/cupra\/?p=7444"},"modified":"2024-09-23T15:26:33","modified_gmt":"2024-09-23T15:26:33","slug":"cupra-et-mobilite-durable","status":"publish","type":"post","link":"https:\/\/groupe-grim.com\/cupra\/cupra-et-mobilite-durable\/","title":{"rendered":"CUPRA ET LA MOBILIT\u00c9 DURABLE : UN ENGAGEMENT POUR L\u2019AVENIR"},"content":{"rendered":"\n<p>En alliant performance, style et respect de l\u2019environnement, CUPRA s&rsquo;engage \u00e0 transformer l&rsquo;exp\u00e9rience de conduite tout en minimisant son impact sur la plan\u00e8te. Cet article explore les initiatives et les strat\u00e9gies de CUPRA pour promouvoir une mobilit\u00e9 durable et responsable.<\/p>\n\n\n\n<p><\/p>\n\n\n\n<figure class=\"wp-block-image aligncenter size-large\"><img loading=\"lazy\" decoding=\"async\" width=\"1024\" height=\"737\" src=\"https:\/\/groupe-grim.com\/cupra\/wp-content\/uploads\/2024\/09\/mobilite-1-1024x737.jpg\" alt=\"CUPRA ET LA MOBILIT\u00c9 DURABLE : UN ENGAGEMENT POUR L\u2019AVENIR\" class=\"wp-image-7446\" srcset=\"https:\/\/groupe-grim.com\/cupra\/wp-content\/uploads\/2024\/09\/mobilite-1-980x706.jpg 980w, https:\/\/groupe-grim.com\/cupra\/wp-content\/uploads\/2024\/09\/mobilite-1-480x346.jpg 480w\" sizes=\"(min-width: 0px) and (max-width: 480px) 480px, (min-width: 481px) and (max-width: 980px) 980px, (min-width: 981px) 1024px, 100vw\" \/><figcaption class=\"wp-element-caption\">Mobilit\u00e9 durable<\/figcaption><\/figure>\n\n\n\n<p><\/p>\n\n\n\n<p><\/p>\n\n\n\n<h2 class=\"wp-block-heading\" style=\"font-size:18px\">UNE GAMME \u00c9LECTRIQUE DYNAMIQUE<\/h2>\n\n\n\n<p>L\u2019un des \u00e9l\u00e9ments cl\u00e9s de l\u2019engagement de CUPRA envers la mobilit\u00e9 durable est le d\u00e9veloppement de sa <strong>gamme de v\u00e9hicules \u00e9lectriques<\/strong>. Avec des mod\u00e8les embl\u00e9matiques tels que la <strong>CUPRA Born<\/strong>, la marque offre une alternative puissante et \u00e9cologique aux v\u00e9hicules traditionnels. La CUPRA Born est non seulement 100 % \u00e9lectrique, mais elle allie \u00e9galement performance et plaisir de conduire, r\u00e9pondant ainsi aux attentes des conducteurs sportifs.<\/p>\n\n\n\n<p>CUPRA ne s&rsquo;arr\u00eate pas l\u00e0. La marque pr\u00e9voit d&rsquo;\u00e9largir sa gamme de v\u00e9hicules \u00e9lectrifi\u00e9s dans les ann\u00e9es \u00e0 venir, en int\u00e9grant des solutions hybrides et des mod\u00e8les enti\u00e8rement \u00e9lectriques. Cette strat\u00e9gie vise \u00e0 r\u00e9pondre \u00e0 la demande croissante des consommateurs pour des v\u00e9hicules plus respectueux de l\u2019environnement, tout en maintenant l\u2019ADN sportif qui caract\u00e9rise CUPRA.<\/p>\n\n\n\n<p><\/p>\n\n\n\n<figure class=\"wp-block-image aligncenter size-large\"><img loading=\"lazy\" decoding=\"async\" width=\"1024\" height=\"576\" src=\"https:\/\/groupe-grim.com\/cupra\/wp-content\/uploads\/2024\/09\/CUPRA-range_01_HQ-1024x576.jpg\" alt=\"CUPRA ET LA MOBILIT\u00c9 DURABLE : UN ENGAGEMENT POUR L\u2019AVENIR\" class=\"wp-image-7448\" srcset=\"https:\/\/groupe-grim.com\/cupra\/wp-content\/uploads\/2024\/09\/CUPRA-range_01_HQ-1024x576.jpg 1024w, https:\/\/groupe-grim.com\/cupra\/wp-content\/uploads\/2024\/09\/CUPRA-range_01_HQ-980x551.jpg 980w, https:\/\/groupe-grim.com\/cupra\/wp-content\/uploads\/2024\/09\/CUPRA-range_01_HQ-480x270.jpg 480w\" sizes=\"(min-width: 0px) and (max-width: 480px) 480px, (min-width: 481px) and (max-width: 980px) 980px, (min-width: 981px) 1024px, 100vw\" \/><figcaption class=\"wp-element-caption\">Gamme \u00e9lectrique CUPRA<\/figcaption><\/figure>\n\n\n\n<p><\/p>\n\n\n\n<p><\/p>\n\n\n\n<h2 class=\"wp-block-heading\" style=\"font-size:18px\">INNOVATIONS TECHNOLOGIQUES<\/h2>\n\n\n\n<p>Pour soutenir sa transition vers une mobilit\u00e9 durable, CUPRA investit dans des <strong>innovations technologiques<\/strong> qui am\u00e9liorent l&rsquo;efficacit\u00e9 \u00e9nerg\u00e9tique et r\u00e9duisent les \u00e9missions. Des syst\u00e8mes de gestion de la batterie avanc\u00e9s permettent d\u2019optimiser la performance des v\u00e9hicules \u00e9lectriques, prolongeant ainsi leur autonomie tout en r\u00e9duisant leur consommation d&rsquo;\u00e9nergie.<\/p>\n\n\n\n<p>De plus, la marque explore des technologies de <strong>recharge rapide<\/strong> qui permettent de recharger les v\u00e9hicules en un temps record, rendant l\u2019exp\u00e9rience de conduite \u00e9lectrique encore plus pratique. Avec l\u2019augmentation des infrastructures de recharge, CUPRA facilite l\u2019adoption de ses v\u00e9hicules \u00e9lectriques, contribuant ainsi \u00e0 un avenir de mobilit\u00e9 durable.<\/p>\n\n\n\n<p><\/p>\n\n\n\n<figure class=\"wp-block-image aligncenter size-full\"><img loading=\"lazy\" decoding=\"async\" width=\"872\" height=\"490\" src=\"https:\/\/groupe-grim.com\/cupra\/wp-content\/uploads\/2024\/09\/the-new-cupra-Born-aurora-blue-colour-at-a-charging-point.jpg\" alt=\"CUPRA ET LA MOBILIT\u00c9 DURABLE : UN ENGAGEMENT POUR L\u2019AVENIR\" class=\"wp-image-7449\" srcset=\"https:\/\/groupe-grim.com\/cupra\/wp-content\/uploads\/2024\/09\/the-new-cupra-Born-aurora-blue-colour-at-a-charging-point.jpg 872w, https:\/\/groupe-grim.com\/cupra\/wp-content\/uploads\/2024\/09\/the-new-cupra-Born-aurora-blue-colour-at-a-charging-point-480x270.jpg 480w\" sizes=\"(min-width: 0px) and (max-width: 480px) 480px, (min-width: 481px) 872px, 100vw\" \/><figcaption class=\"wp-element-caption\">Recharge rapide<\/figcaption><\/figure>\n\n\n\n<p><\/p>\n\n\n\n<p><\/p>\n\n\n\n<h2 class=\"wp-block-heading\" style=\"font-size:18px\">\u00c9CONOMIE CIRCULAIRE ET SUSTAINABILITY<\/h2>\n\n\n\n<p>CUPRA s&rsquo;engage \u00e9galement \u00e0 adopter un <strong>mod\u00e8le \u00e9conomique circulaire<\/strong> dans ses processus de production. Cela signifie que la marque consid\u00e8re l&rsquo;ensemble du cycle de vie de ses v\u00e9hicules, de la conception \u00e0 la production, en passant par la fin de vie. En int\u00e9grant des mat\u00e9riaux recyclables et en optimisant ses m\u00e9thodes de fabrication, CUPRA r\u00e9duit son empreinte \u00e9cologique.<\/p>\n\n\n\n<p>La marque s\u2019efforce de minimiser les d\u00e9chets et d\u2019augmenter la durabilit\u00e9 de ses produits. Par exemple, des mat\u00e9riaux durables et recycl\u00e9s sont utilis\u00e9s dans la fabrication des v\u00e9hicules, permettant ainsi de cr\u00e9er des voitures performantes tout en respectant l&rsquo;environnement. En agissant de la sorte, CUPRA prouve qu\u2019il est possible de concilier luxe, performance et responsabilit\u00e9 environnementale.<\/p>\n\n\n\n<p><\/p>\n\n\n\n<h2 class=\"wp-block-heading\" style=\"font-size:18px\">SENSIBILISATION ET \u00c9DUCATION<\/h2>\n\n\n\n<p>En plus de ses efforts en mati\u00e8re de production, CUPRA joue un r\u00f4le actif dans la <strong>sensibilisation<\/strong> \u00e0 la mobilit\u00e9 durable. La marque s&rsquo;engage \u00e0 \u00e9duquer ses clients sur l&rsquo;importance d&rsquo;adopter des comportements de conduite plus respectueux de l&rsquo;environnement. Cela inclut des conseils sur l&rsquo;entretien des v\u00e9hicules, des informations sur les avantages des v\u00e9hicules \u00e9lectriques et des recommandations pour optimiser l&rsquo;utilisation de l&rsquo;\u00e9nergie.<\/p>\n\n\n\n<p>CUPRA participe \u00e9galement \u00e0 des initiatives communautaires visant \u00e0 promouvoir la mobilit\u00e9 durable. Que ce soit par le biais de partenariats avec des organisations environnementales ou en soutenant des \u00e9v\u00e9nements locaux, la marque cherche \u00e0 inspirer une prise de conscience collective autour des enjeux de la durabilit\u00e9.<\/p>\n\n\n\n<p><\/p>\n\n\n\n<h2 class=\"wp-block-heading\" style=\"font-size:18px\">PARTENARIATS STRAT\u00c9GIQUES<\/h2>\n\n\n\n<p>CUPRA reconna\u00eet l&rsquo;importance de la collaboration pour atteindre ses objectifs en mati\u00e8re de mobilit\u00e9 durable. La marque s&rsquo;associe \u00e0 d&rsquo;autres acteurs de l&rsquo;industrie automobile, ainsi qu&rsquo;\u00e0 des entreprises technologiques et des organisations environnementales, pour d\u00e9velopper des solutions innovantes et durables.<\/p>\n\n\n\n<p>Ces partenariats permettent d&rsquo;\u00e9changer des connaissances et d&rsquo;acc\u00e9l\u00e9rer le d\u00e9veloppement de technologies vertes. En collaborant avec des experts du secteur, CUPRA s\u2019assure de rester \u00e0 la pointe des innovations et de maximiser son impact positif sur l\u2019environnement.<\/p>\n\n\n\n<p><\/p>\n\n\n\n<h2 class=\"wp-block-heading\" style=\"font-size:18px\">CONCLUSION<\/h2>\n\n\n\n<p>En conclusion, <strong>CUPRA<\/strong> s&rsquo;engage fermement en faveur de la <strong>mobilit\u00e9 durable<\/strong>, alliant innovation, performance et responsabilit\u00e9 environnementale. Gr\u00e2ce \u00e0 sa gamme de v\u00e9hicules \u00e9lectrifi\u00e9s, \u00e0 ses technologies avanc\u00e9es et \u00e0 son mod\u00e8le \u00e9conomique circulaire, la marque s&rsquo;efforce de red\u00e9finir l&rsquo;exp\u00e9rience de conduite tout en minimisant son empreinte \u00e9cologique. En sensibilisant ses clients et en \u00e9tablissant des partenariats strat\u00e9giques, CUPRA d\u00e9montre qu&rsquo;il est possible d&rsquo;atteindre des objectifs ambitieux en mati\u00e8re de durabilit\u00e9. Dans un monde o\u00f9 la protection de l&rsquo;environnement est primordiale, CUPRA se positionne comme un acteur cl\u00e9 dans la transition vers une mobilit\u00e9 plus verte et responsable.<\/p>\n\n\n\n<p><\/p>\n\n\n\n<p class=\"has-text-align-center has-white-color has-black-background-color has-text-color has-background has-link-color wp-elements-3ab2785c04885fc527969196269d702c\"><strong><a href=\"https:\/\/www.groupe-grim.com\/rendez-vous\/\">Prendre RDV en ligne<\/a><\/strong><\/p>\n\n\n\n<p><\/p>\n\n\n\n<p class=\"has-text-align-center has-white-color has-black-background-color has-text-color has-background has-link-color wp-elements-44bf1fc55a8b83092b2cb471418ce2f6\"><strong>40 Avenue Georges Pompidou &#8211; 15000 Aurillac &#8211; 04 71 64 58 44<\/strong><\/p>\n\n\n\n<p><\/p>\n\n\n\n<p class=\"has-text-align-center\"><br>Pour tout renseignement sur&nbsp;<strong>CUPRA :<\/strong><\/p>\n\n\n\n<p class=\"has-text-align-center\"><a href=\"tel:0805021414\"><strong>08 05 02 14 14 (appel gratuit)<\/strong><\/a>&nbsp;du lundi au dimanche de 9h00 \u00e0 22h00<\/p>\n\n\n\n<p class=\"has-text-align-center\"><a href=\"https:\/\/www.groupe-grim.com\/rendez-vous\/\">Essayer un v\u00e9hicule<\/a>&nbsp;I&nbsp;<a href=\"https:\/\/www.grim-occasion.com\/reprise-de-votre-vehicule\/\" target=\"_blank\" rel=\"noreferrer noopener\">Demander une offre de reprise<\/a>&nbsp;I&nbsp;<a href=\"https:\/\/www.groupe-grim.com\/rendez-vous\/\">Demander Une offre de financement<\/a>&nbsp;I&nbsp;<a href=\"https:\/\/www.grim-occasion.com\/voitures\/?_brand=jaguar%2Cland-rover\" target=\"_blank\" rel=\"noreferrer noopener\">GRIM Occasion<\/a><\/p>\n\n\n\n<p class=\"has-text-align-center\">CUPRA \u2022 Aurillac \u2013 Saint Flour<\/p>\n","protected":false},"excerpt":{"rendered":"<p>La mobilit\u00e9 durable est devenue une priorit\u00e9 dans le monde moderne, et CUPRA, en tant que marque innovante, se positionne comme un leader dans ce domaine.<\/p>\n","protected":false},"author":2,"featured_media":7445,"comment_status":"closed","ping_status":"closed","sticky":false,"template":"","format":"standard","meta":{"_et_pb_use_builder":"off","_et_pb_old_content":"","_et_gb_content_width":"","two_page_speed":[],"footnotes":""},"categories":[5],"tags":[],"class_list":["post-7444","post","type-post","status-publish","format-standard","has-post-thumbnail","hentry","category-actualites-cupra"],"_links":{"self":[{"href":"https:\/\/groupe-grim.com\/cupra\/wp-json\/wp\/v2\/posts\/7444","targetHints":{"allow":["GET"]}}],"collection":[{"href":"https:\/\/groupe-grim.com\/cupra\/wp-json\/wp\/v2\/posts"}],"about":[{"href":"https:\/\/groupe-grim.com\/cupra\/wp-json\/wp\/v2\/types\/post"}],"author":[{"embeddable":true,"href":"https:\/\/groupe-grim.com\/cupra\/wp-json\/wp\/v2\/users\/2"}],"replies":[{"embeddable":true,"href":"https:\/\/groupe-grim.com\/cupra\/wp-json\/wp\/v2\/comments?post=7444"}],"version-history":[{"count":1,"href":"https:\/\/groupe-grim.com\/cupra\/wp-json\/wp\/v2\/posts\/7444\/revisions"}],"predecessor-version":[{"id":7450,"href":"https:\/\/groupe-grim.com\/cupra\/wp-json\/wp\/v2\/posts\/7444\/revisions\/7450"}],"wp:featuredmedia":[{"embeddable":true,"href":"https:\/\/groupe-grim.com\/cupra\/wp-json\/wp\/v2\/media\/7445"}],"wp:attachment":[{"href":"https:\/\/groupe-grim.com\/cupra\/wp-json\/wp\/v2\/media?parent=7444"}],"wp:term":[{"taxonomy":"category","embeddable":true,"href":"https:\/\/groupe-grim.com\/cupra\/wp-json\/wp\/v2\/categories?post=7444"},{"taxonomy":"post_tag","embeddable":true,"href":"https:\/\/groupe-grim.com\/cupra\/wp-json\/wp\/v2\/tags?post=7444"}],"curies":[{"name":"wp","href":"https:\/\/api.w.org\/{rel}","templated":true}]}}