{"id":7975,"date":"2024-11-06T10:00:00","date_gmt":"2024-11-06T10:00:00","guid":{"rendered":"https:\/\/groupe-grim.com\/cupra\/?p=7975"},"modified":"2024-10-17T12:56:08","modified_gmt":"2024-10-17T12:56:08","slug":"cupra-pour-les-professionnels","status":"publish","type":"post","link":"https:\/\/groupe-grim.com\/cupra\/cupra-pour-les-professionnels\/","title":{"rendered":"CUPRA POUR LES PROFESSIONNELS : TROUVEZ LE V\u00c9HICULE ID\u00c9AL POUR BOOSTER VOTRE ACTIVIT\u00c9"},"content":{"rendered":"\n<p>Dans le monde des affaires, votre v\u00e9hicule est bien plus qu&rsquo;un simple moyen de transport. Il repr\u00e9sente votre <strong>image de marque<\/strong>, votre engagement envers l&rsquo;<strong>efficacit\u00e9<\/strong> et la <strong>performance<\/strong>. Avec <strong>CUPRA<\/strong>, une marque synonyme de <strong>sportivit\u00e9<\/strong>, de <strong>design audacieux<\/strong>, et de <strong>technologie avanc\u00e9e<\/strong>, vous pouvez allier le plaisir de conduire \u00e0 la praticit\u00e9 n\u00e9cessaire \u00e0 vos besoins professionnels. Que vous soyez un entrepreneur, un cadre sup\u00e9rieur ou que vous g\u00e9riez une flotte de v\u00e9hicules pour votre entreprise, il existe un mod\u00e8le CUPRA qui correspond \u00e0 vos attentes.<\/p>\n\n\n\n<p><\/p>\n\n\n\n<figure class=\"wp-block-image size-large\"><img loading=\"lazy\" decoding=\"async\" width=\"1024\" height=\"355\" src=\"https:\/\/groupe-grim.com\/cupra\/wp-content\/uploads\/2024\/10\/leonst-lld-1-1024x355.png\" alt=\"CUPRA POUR LES PROFESSIONNELS : TROUVEZ LE V\u00c9HICULE ID\u00c9AL POUR BOOSTER VOTRE ACTIVIT\u00c9\" class=\"wp-image-7977\" srcset=\"https:\/\/groupe-grim.com\/cupra\/wp-content\/uploads\/2024\/10\/leonst-lld-1-980x339.png 980w, https:\/\/groupe-grim.com\/cupra\/wp-content\/uploads\/2024\/10\/leonst-lld-1-480x166.png 480w\" sizes=\"(min-width: 0px) and (max-width: 480px) 480px, (min-width: 481px) and (max-width: 980px) 980px, (min-width: 981px) 1024px, 100vw\" \/><\/figure>\n\n\n\n<p><\/p>\n\n\n\n<h2 class=\"wp-block-heading\" style=\"font-size:18px\">POURQUOI CHOISIR CUPRA POUR UN USAGE PROFESSIONNEL ?<\/h2>\n\n\n\n<p>Avant d\u2019explorer les diff\u00e9rents mod\u00e8les, il est important de comprendre pourquoi CUPRA constitue une option id\u00e9ale pour les professionnels. Voici quelques-unes des raisons principales :<\/p>\n\n\n\n<ol class=\"wp-block-list\">\n<li><strong>Performance et Efficacit\u00e9<\/strong> CUPRA allie <strong>puissance<\/strong> et <strong>efficacit\u00e9 \u00e9nerg\u00e9tique<\/strong>, ce qui est essentiel pour ceux qui recherchent un v\u00e9hicule fiable capable de fournir des performances sup\u00e9rieures tout en ma\u00eetrisant les co\u00fbts d\u2019exploitation. Les moteurs modernes, y compris les versions <strong>hybrides rechargeables (PHEV)<\/strong>, offrent une efficacit\u00e9 de carburant impressionnante, ce qui se traduit par des \u00e9conomies \u00e0 long terme pour les professionnels parcourant de nombreux kilom\u00e8tres.<\/li>\n\n\n\n<li><strong>Design Audacieux et Image de Marque<\/strong> Lorsque vous roulez en CUPRA, vous v\u00e9hiculez une <strong>image forte et avant-gardiste<\/strong>. Le design distinctif et sportif de la marque permet aux professionnels de se d\u00e9marquer et de faire une <strong>impression durable<\/strong> lors de rendez-vous d&rsquo;affaires ou d&rsquo;\u00e9v\u00e9nements. Le choix d\u2019une CUPRA montre \u00e9galement que vous \u00eates attach\u00e9 \u00e0 la qualit\u00e9, \u00e0 la <strong>technologie innovante<\/strong>, et \u00e0 la <strong>performance<\/strong>.<\/li>\n\n\n\n<li><strong>Technologie Intelligente<\/strong> CUPRA int\u00e8gre des technologies de pointe dans ses v\u00e9hicules, facilitant la gestion quotidienne de votre activit\u00e9. Les syst\u00e8mes de <strong>connectivit\u00e9 avanc\u00e9s<\/strong>, les fonctionnalit\u00e9s de <strong>s\u00e9curit\u00e9<\/strong> et les <strong>assistance \u00e0 la conduite<\/strong> permettent d\u2019am\u00e9liorer le confort et la s\u00e9curit\u00e9 sur la route, tout en vous permettant de rester connect\u00e9 \u00e0 votre travail o\u00f9 que vous soyez.<\/li>\n\n\n\n<li><strong>Flexibilit\u00e9 des Offres<\/strong> CUPRA propose des solutions <strong>financi\u00e8res attractives<\/strong> pour les professionnels, incluant des <strong>offres de leasing<\/strong> adapt\u00e9es et des conditions avantageuses pour les flottes d\u2019entreprise. Que vous cherchiez \u00e0 acheter ou \u00e0 louer, CUPRA offre une flexibilit\u00e9 qui correspond \u00e0 vos besoins.<\/li>\n<\/ol>\n\n\n\n<p><\/p>\n\n\n\n<h2 class=\"wp-block-heading\" style=\"font-size:18px\">LE CUPRA FORMENTOR : L&rsquo;ALLIANCE PARFAITE ENTRE SPORTIVIT\u00c9 ET PRATICIT\u00c9<\/h2>\n\n\n\n<p>Le <strong>CUPRA Formentor<\/strong> est sans aucun doute l\u2019un des mod\u00e8les les plus populaires pour les professionnels. Ce SUV compact combine le style distinctif et sportif de la marque avec une grande polyvalence, id\u00e9ale pour les trajets urbains comme pour les d\u00e9placements sur de longues distances.<\/p>\n\n\n\n<ul class=\"wp-block-list\">\n<li><strong>Motorisation<\/strong> : Le CUPRA Formentor est disponible en plusieurs motorisations, y compris des versions <strong>hybrides rechargeables (PHEV)<\/strong>, offrant ainsi une grande flexibilit\u00e9. La version <strong>e-HYBRID<\/strong> permet aux professionnels de b\u00e9n\u00e9ficier d&rsquo;une consommation r\u00e9duite et d&rsquo;un acc\u00e8s aux <strong>zones urbaines<\/strong> \u00e0 faible \u00e9mission gr\u00e2ce \u00e0 son mode de conduite 100% \u00e9lectrique.<\/li>\n\n\n\n<li><strong>Espace<\/strong> : Le Formentor est spacieux et offre un <strong>volume de coffre g\u00e9n\u00e9reux<\/strong> pour transporter des documents, des \u00e9chantillons ou du mat\u00e9riel de travail. C&rsquo;est le parfait compromis entre <strong>\u00e9l\u00e9gance<\/strong> et <strong>fonctionnalit\u00e9<\/strong>.<\/li>\n\n\n\n<li><strong>Technologie<\/strong> : Le <strong>syst\u00e8me d&rsquo;infodivertissement de 12 pouces<\/strong>, la connectivit\u00e9 <strong>Apple CarPlay<\/strong> et <strong>Android Auto<\/strong>, ainsi que les multiples aides \u00e0 la conduite, en font un compagnon id\u00e9al pour les d\u00e9placements professionnels, permettant de rester connect\u00e9 et productif sur la route.<\/li>\n<\/ul>\n\n\n\n<p><\/p>\n\n\n\n<h2 class=\"wp-block-heading\" style=\"font-size:18px\">LE CUPRA LEON : LA BERLINE DYNAMIQUE PAR EXCELLENCE<\/h2>\n\n\n\n<p>Pour les professionnels qui recherchent une <strong>berline<\/strong> plus traditionnelle, la <strong>CUPRA Leon<\/strong> est une option \u00e0 envisager. Son design agressif et son int\u00e9rieur raffin\u00e9 en font un v\u00e9hicule qui inspire la confiance et le prestige.<\/p>\n\n\n\n<ul class=\"wp-block-list\">\n<li><strong>Performance et Consommation<\/strong> : Disponible avec plusieurs motorisations, y compris une version hybride rechargeable, la CUPRA Leon offre une excellente combinaison de <strong>puissance<\/strong> et de <strong>faibles \u00e9missions<\/strong>. Le mod\u00e8le <strong>PHEV<\/strong> permet \u00e9galement de r\u00e9duire les co\u00fbts de carburant, un avantage crucial pour les professionnels effectuant de fr\u00e9quents trajets.<\/li>\n\n\n\n<li><strong>Confort et Connectivit\u00e9<\/strong> : L\u2019int\u00e9rieur est con\u00e7u pour offrir un confort optimal, avec des si\u00e8ges sport, un tableau de bord num\u00e9rique et des technologies de <strong>connectivit\u00e9 avanc\u00e9e<\/strong>. Que vous vous rendiez \u00e0 un rendez-vous important ou que vous fassiez un long trajet, vous b\u00e9n\u00e9ficierez d\u2019une conduite agr\u00e9able tout en restant connect\u00e9 \u00e0 votre travail.<\/li>\n\n\n\n<li><strong>Espace et Fonctionnalit\u00e9<\/strong> : Bien qu&rsquo;elle soit une berline, la CUPRA Leon offre un <strong>espace int\u00e9rieur g\u00e9n\u00e9reux<\/strong> et un coffre suffisant pour transporter l\u2019essentiel pour votre activit\u00e9 professionnelle.<\/li>\n<\/ul>\n\n\n\n<p><\/p>\n\n\n\n<h2 class=\"wp-block-heading\" style=\"font-size:18px\">LE CUPRA TAVASCAN : L\u2019AVENIR \u00c9LECTRIQUE POUR LES PROFESSIONNELS<\/h2>\n\n\n\n<p>Avec l\u2019arriv\u00e9e du <strong>CUPRA Tavascan<\/strong>, un SUV 100% \u00e9lectrique, CUPRA s&rsquo;engage dans l\u2019avenir de la <strong>mobilit\u00e9 durable<\/strong>. Ce mod\u00e8le repr\u00e9sente une excellente opportunit\u00e9 pour les professionnels soucieux de l\u2019environnement et d\u00e9sireux de <strong>r\u00e9duire leur empreinte carbone<\/strong> tout en b\u00e9n\u00e9ficiant des performances de <strong>l\u2019\u00e9lectrique<\/strong>.<\/p>\n\n\n\n<ul class=\"wp-block-list\">\n<li><strong>Autonomie et Performance<\/strong> : Le CUPRA Tavascan offre une <strong>autonomie solide<\/strong> et une puissance impressionnante, ce qui en fait un v\u00e9hicule parfaitement adapt\u00e9 aux longs trajets professionnels. Les bornes de recharge rapides et l&rsquo;acc\u00e8s \u00e0 des <strong>infrastructures de recharge intelligentes<\/strong> simplifient la gestion quotidienne.<\/li>\n\n\n\n<li><strong>Image de marque verte<\/strong> : Pour les entreprises ou les professionnels cherchant \u00e0 am\u00e9liorer leur <strong>image environnementale<\/strong>, rouler en Tavascan d\u00e9montre un <strong>engagement envers la durabilit\u00e9<\/strong> tout en offrant les performances attendues d\u2019une CUPRA.<\/li>\n<\/ul>\n\n\n\n<p><\/p>\n\n\n\n<h2 class=\"wp-block-heading\" style=\"font-size:18px\">COMMENT CHOISIR LE V\u00c9HICULE CUPRA ID\u00c9AL POUR VOTRE USAGE PROFESSIONNEL ?<\/h2>\n\n\n\n<p>Le choix du mod\u00e8le CUPRA qui correspond le mieux \u00e0 votre activit\u00e9 d\u00e9pend de plusieurs crit\u00e8res :<\/p>\n\n\n\n<ol class=\"wp-block-list\">\n<li><strong>Type d\u2019activit\u00e9<\/strong> : Si vous \u00eates souvent sur la route avec du mat\u00e9riel \u00e0 transporter, un SUV comme le <strong>Formentor<\/strong> ou le <strong>Tavascan<\/strong> sera id\u00e9al gr\u00e2ce \u00e0 leur espace et leur praticit\u00e9. Si vous recherchez avant tout <strong>\u00e9l\u00e9gance<\/strong> et <strong>performance<\/strong> pour repr\u00e9senter votre marque, la <strong>Leon<\/strong> est un excellent choix.<\/li>\n\n\n\n<li><strong>Kilom\u00e9trage et consommation<\/strong> : Si vous effectuez de longs trajets r\u00e9guliers, opter pour un mod\u00e8le <strong>hybride rechargeable<\/strong> ou \u00e9lectrique peut consid\u00e9rablement r\u00e9duire vos co\u00fbts de carburant.<\/li>\n\n\n\n<li><strong>Technologie et connectivit\u00e9<\/strong> : Tous les mod\u00e8les CUPRA int\u00e8grent des technologies de <strong>connectivit\u00e9 avanc\u00e9es<\/strong>, mais certains, comme le <strong>Tavascan<\/strong>, offrent des options encore plus pouss\u00e9es pour un usage professionnel, comme la gestion des bornes de recharge via des applications mobiles.<\/li>\n<\/ol>\n\n\n\n<p><\/p>\n\n\n\n<h2 class=\"wp-block-heading\" style=\"font-size:18px\">CONCLUSION : UN INVESTISSEMENT POUR L&rsquo;AVENIR<\/h2>\n\n\n\n<p>Que vous soyez un professionnel \u00e0 la recherche de performance ou une entreprise soucieuse de son <strong>image de marque<\/strong>, <strong>CUPRA<\/strong> propose des v\u00e9hicules qui allient <strong>puissance<\/strong>, <strong>efficacit\u00e9<\/strong> et <strong>design<\/strong>. Trouver le v\u00e9hicule CUPRA id\u00e9al pour un usage professionnel, c&rsquo;est avant tout choisir un partenaire de <strong>confiance<\/strong> et de <strong>performance<\/strong> au quotidien.<\/p>\n\n\n\n<p><\/p>\n\n\n\n<p class=\"has-text-align-center has-white-color has-black-background-color has-text-color has-background has-link-color wp-elements-3ab2785c04885fc527969196269d702c\"><strong><a href=\"https:\/\/www.groupe-grim.com\/rendez-vous\/\">Prendre RDV en ligne<\/a><\/strong><\/p>\n\n\n\n<p><\/p>\n\n\n\n<p class=\"has-text-align-center has-white-color has-black-background-color has-text-color has-background has-link-color wp-elements-44bf1fc55a8b83092b2cb471418ce2f6\"><strong>40 Avenue Georges Pompidou &#8211; 15000 Aurillac &#8211; 04 71 64 58 44<\/strong><\/p>\n\n\n\n<p><\/p>\n\n\n\n<p class=\"has-text-align-center\"><br>Pour tout renseignement sur&nbsp;<strong>CUPRA :<\/strong><\/p>\n\n\n\n<p class=\"has-text-align-center\"><a href=\"tel:0805021414\"><strong>08 05 02 14 14 (appel gratuit)<\/strong><\/a>&nbsp;du lundi au dimanche de 9h00 \u00e0 22h00<\/p>\n\n\n\n<p class=\"has-text-align-center\"><a href=\"https:\/\/www.groupe-grim.com\/rendez-vous\/\">Essayer un v\u00e9hicule<\/a>&nbsp;I&nbsp;<a href=\"https:\/\/www.grim-occasion.com\/reprise-de-votre-vehicule\/\" target=\"_blank\" rel=\"noreferrer noopener\">Demander une offre de reprise<\/a>&nbsp;I&nbsp;<a href=\"https:\/\/www.groupe-grim.com\/rendez-vous\/\">Demander Une offre de financement<\/a>&nbsp;I&nbsp;<a href=\"https:\/\/www.grim-occasion.com\/voitures\/?_brand=jaguar%2Cland-rover\" target=\"_blank\" rel=\"noreferrer noopener\">GRIM Occasion<\/a><\/p>\n\n\n\n<p class=\"has-text-align-center\">CUPRA \u2022 Aurillac \u2013 Saint Flour<\/p>\n","protected":false},"excerpt":{"rendered":"<p>Voyons ensemble pourquoi CUPRA est le choix id\u00e9al pour les professionnels et comment trouver le v\u00e9hicule parfait pour r\u00e9pondre \u00e0 vos exigences.<\/p>\n","protected":false},"author":2,"featured_media":7976,"comment_status":"closed","ping_status":"closed","sticky":false,"template":"","format":"standard","meta":{"_et_pb_use_builder":"off","_et_pb_old_content":"","_et_gb_content_width":"","two_page_speed":[],"footnotes":""},"categories":[5],"tags":[],"class_list":["post-7975","post","type-post","status-publish","format-standard","has-post-thumbnail","hentry","category-actualites-cupra"],"_links":{"self":[{"href":"https:\/\/groupe-grim.com\/cupra\/wp-json\/wp\/v2\/posts\/7975","targetHints":{"allow":["GET"]}}],"collection":[{"href":"https:\/\/groupe-grim.com\/cupra\/wp-json\/wp\/v2\/posts"}],"about":[{"href":"https:\/\/groupe-grim.com\/cupra\/wp-json\/wp\/v2\/types\/post"}],"author":[{"embeddable":true,"href":"https:\/\/groupe-grim.com\/cupra\/wp-json\/wp\/v2\/users\/2"}],"replies":[{"embeddable":true,"href":"https:\/\/groupe-grim.com\/cupra\/wp-json\/wp\/v2\/comments?post=7975"}],"version-history":[{"count":1,"href":"https:\/\/groupe-grim.com\/cupra\/wp-json\/wp\/v2\/posts\/7975\/revisions"}],"predecessor-version":[{"id":7978,"href":"https:\/\/groupe-grim.com\/cupra\/wp-json\/wp\/v2\/posts\/7975\/revisions\/7978"}],"wp:featuredmedia":[{"embeddable":true,"href":"https:\/\/groupe-grim.com\/cupra\/wp-json\/wp\/v2\/media\/7976"}],"wp:attachment":[{"href":"https:\/\/groupe-grim.com\/cupra\/wp-json\/wp\/v2\/media?parent=7975"}],"wp:term":[{"taxonomy":"category","embeddable":true,"href":"https:\/\/groupe-grim.com\/cupra\/wp-json\/wp\/v2\/categories?post=7975"},{"taxonomy":"post_tag","embeddable":true,"href":"https:\/\/groupe-grim.com\/cupra\/wp-json\/wp\/v2\/tags?post=7975"}],"curies":[{"name":"wp","href":"https:\/\/api.w.org\/{rel}","templated":true}]}}