{"id":843,"date":"2022-11-18T14:37:32","date_gmt":"2022-11-18T14:37:32","guid":{"rendered":"https:\/\/groupe-grim.com\/cupra\/?p=843"},"modified":"2024-09-11T15:41:33","modified_gmt":"2024-09-11T15:41:33","slug":"impulse-event-cupra","status":"publish","type":"post","link":"https:\/\/groupe-grim.com\/cupra\/impulse-event-cupra\/","title":{"rendered":"IMPULSE EVENT CUPRA"},"content":{"rendered":"\n<p>Impulse Event, de nouvelles ic\u00f4nes pour une nouvelle \u00e8re : notre vision et notre ambition \u00e0 l&rsquo;horizon 2025.<\/p>\n\n\n\n<p>CUPRA r\u00e9v\u00e8le ses ambitieux projets pour l&rsquo;avenir, avec de nouvelles ic\u00f4nes pour une nouvelle \u00e8re. Pour ce faire, la marque revient \u00e0 Terramar, Sitges, sur le site o\u00f9 tout a commenc\u00e9 il y a quatre ans. L&rsquo;occasion d&rsquo;ouvrir un tout nouveau chapitre.<\/p>\n\n\n\n<p>\u00c0 ce jour, la marque a livr\u00e9 pr\u00e8s de 200 000 unit\u00e9s et a vu son chiffre d&rsquo;affaires passer de 430 millions d&rsquo;euros en 2018 \u00e0 pr\u00e8s de 2,2 milliards d&rsquo;euros en 2021. Soit bien au-del\u00e0 de toutes les pr\u00e9visions. Cette ann\u00e9e, CUPRA entend doubler ses ventes, son chiffre d&rsquo;affaires ainsi que son r\u00e9seau mondial de CUPRA Masters et de CUPRA City Garages.<\/p>\n\n\n\n<p>D&rsquo;ici 2025, CUPRA fera son entr\u00e9e dans une nouvelle \u00e8re avec trois nouveaux mod\u00e8les \u00e9lectrifi\u00e9s &#8211; la CUPRA Terramar*, la CUPRA Tavascan* et la CUPRA UrbanRebel* &#8211; tout en renouvelant ses gammes actuelles.<\/p>\n\n\n\n<blockquote class=\"wp-block-quote is-layout-flow wp-block-quote-is-layout-flow\">\n<p><strong>\u00ab\u00a0Ce soir, nous d\u00e9voilons toute la gamme d&rsquo;ic\u00f4nes de la prochaine g\u00e9n\u00e9ration de CUPRA qui sera lanc\u00e9e d&rsquo;ici 2025<\/strong>\u00ab\u00a0, a d\u00e9clar\u00e9 Wayne Griffiths, PDG de CUPRA.<strong>&nbsp;\u00ab\u00a0D&rsquo;ici 2025, notre objectif est de livrer 500 000 voitures par an \u00e0 moyen terme, de poursuivre notre d\u00e9veloppement \u00e0 l&rsquo;international sur de nouveaux march\u00e9s et de p\u00e9n\u00e9trer de nouveaux segments. La tribu CUPRA s&rsquo;engage \u00e0 faire en sorte que tout cela se produise, ce sont les gens qui comptent. Parce qu&rsquo;au final, c&rsquo;est les gens qui font la marque \u00ab\u00a0.<\/strong><\/p>\n<\/blockquote>\n\n\n\n<p>L&rsquo;\u00e9v\u00e9nement Unstoppable Impulse s&rsquo;est d\u00e9roul\u00e9 \u00e0 Terramar (Sitges), en pr\u00e9sence de la presse internationale, des institutions, des partenaires et des ambassadeurs de CUPRA tels que la footballeuse Alexia Putellas, laur\u00e9ate du Ballon d&rsquo;Or et du titre de meilleure joueuse FIFA. Des repr\u00e9sentants du Groupe Volkswagen mais aussi des familles Porsche et Pi\u00ebch ont \u00e9galement fait le d\u00e9placement.<\/p>\n\n\n\n<figure class=\"wp-block-embed is-type-video is-provider-youtube wp-block-embed-youtube wp-embed-aspect-16-9 wp-has-aspect-ratio\"><div class=\"wp-block-embed__wrapper\">\n<iframe loading=\"lazy\" title=\"CUPRA showcases its vision and ambition until 2025\" width=\"1080\" height=\"608\" src=\"https:\/\/www.youtube.com\/embed\/lyBR9B-X4d0?feature=oembed\"  allow=\"accelerometer; autoplay; clipboard-write; encrypted-media; gyroscope; picture-in-picture\" allowfullscreen><\/iframe>\n<\/div><figcaption class=\"wp-element-caption\">CUPRA showcases its vision and ambition until 2025<\/figcaption><\/figure>\n\n\n\n<h3 class=\"wp-block-heading\">L&rsquo;incroyable parcours de CUPRA<\/h3>\n\n\n\n<p>CUPRA a \u00e9t\u00e9 lanc\u00e9e en 2018 avec l&rsquo;ambition de r\u00e9inventer la sportivit\u00e9 contemporaine, sous l&rsquo;impulsion de quelques fid\u00e8les qui voulaient d\u00e9fier le statu quo.<\/p>\n\n\n\n<p>La CUPRA Ateca f\u00fbt le premier v\u00e9hicule \u00e0 incarner l&rsquo;ambition et le caract\u00e8re de la marque challenger. Un mod\u00e8le unique sur son segment.<\/p>\n\n\n\n<p>Deux ans plus tard arrivait la CUPRA Leon, la Reine des Leon. Il s&rsquo;agissait du premier mod\u00e8le de la marque dot\u00e9 d&rsquo;une large gamme de moteurs puissants, et de la toute premi\u00e8re CUPRA \u00e9lectrifi\u00e9e gr\u00e2ce \u00e0 son moteur hybride rechargeable hautes performances.<\/p>\n\n\n\n<p>Celle-ci a \u00e9t\u00e9 suivie par la CUPRA Formentor, le premier mod\u00e8le cr\u00e9\u00e9 exclusivement pour CUPRA. Avec pr\u00e8s de 100 000 unit\u00e9s vendues dans le monde \u00e0 ce jour, ce Crossover a connu un \u00e9norme succ\u00e8s et est d\u00e9sormais le mod\u00e8le le plus vendu de la soci\u00e9t\u00e9.<\/p>\n\n\n\n<p>Puis la CUPRA Born est arriv\u00e9e. La premi\u00e8re voiture 100 % \u00e9lectrique prouve qu&rsquo;\u00e9lectrification et performance vont parfaitement de pair. Mais les v\u00e9hicules ne repr\u00e9sentent qu&rsquo;une partie de l&rsquo;histoire.<\/p>\n\n\n\n<p>La CUPRA Tribe est l&rsquo;un des \u00e9l\u00e9ments cl\u00e9s du succ\u00e8s de CUPRA.&nbsp;<\/p>\n\n\n\n<blockquote class=\"wp-block-quote is-layout-flow wp-block-quote-is-layout-flow\">\n<p><strong>\u00ab\u00a0Jour apr\u00e8s jour, la tribu CUPRA fa\u00e7onne l&rsquo;essence de notre marque : une attitude disruptive, un esprit rebelle et une mentalit\u00e9 \u00e0 contre-courant<\/strong>\u00ab\u00a0, a d\u00e9clar\u00e9 Antonino Labate, Directeur de la Strat\u00e9gie, du D\u00e9veloppement Commercial et des Op\u00e9rations de CUPRA.<strong>&nbsp;\u00ab\u00a0Aujourd&rsquo;hui, nous pr\u00e9sentons le nouveau membre de la tribu : TV Boy. C&rsquo;est quelqu&rsquo;un qui poss\u00e8de un esprit rebelle qui brise les fronti\u00e8res pour inspirer la prochaine g\u00e9n\u00e9ration \u00e0 travers son art.\u00a0\u00bb<\/strong><\/p>\n<\/blockquote>\n\n\n\n<p>\u00c0 pr\u00e9sent, CUPRA se tourne vers l&rsquo;avenir avec de nouvelles ic\u00f4nes pour une nouvelle \u00e8re.<\/p>\n\n\n\n<p>Dans le cadre du projet Future : Fast Forward, l&rsquo;entreprise a cr\u00e9\u00e9 un groupe constitu\u00e9 de 62 partenaires nationaux et internationaux pour faire de l&rsquo;Espagne un p\u00f4le europ\u00e9en de la mobilit\u00e9 \u00e9lectrique.&nbsp;<\/p>\n\n\n\n<p>Il y a de cela quelques semaines, CUPRA a pr\u00e9sent\u00e9 un projet visant \u00e0 r\u00e9unir 10 milliards d&rsquo;euros pour \u00e9lectrifier l&rsquo;Espagne avec le Groupe Volkswagen et les partenaires de Future : Fast Forward, soit le plus grand investissement industriel de l&rsquo;histoire du pays.<\/p>\n\n\n\n<blockquote class=\"wp-block-quote is-layout-flow wp-block-quote-is-layout-flow\">\n<p><strong>\u00ab\u00a0Nous savons exactement o\u00f9 nous voulons aller, et je vous promets que ce ne sera pas ennuyeux. Chaque mod\u00e8le que nous lancerons sur le march\u00e9 aura une longueur d&rsquo;avance sur notre voyage \u00ab\u00a0<\/strong>, a d\u00e9clar\u00e9 Wayne Griffiths.&nbsp;<strong>\u00ab\u00a0Nous resterons fid\u00e8les \u00e0 nous-m\u00eames et nous serons authentiques car c&rsquo;est tout l&rsquo;esprit de la CUPRA Tribe. Nous allons le faire \u00e0 la mani\u00e8re de CUPRA, comme nous l&rsquo;avons toujours fait. L&rsquo;avenir est \u00e9lectrique. CUPRA est le futur.\u00a0\u00bb<\/strong><\/p>\n<\/blockquote>\n\n\n\n<p>Lors de l&rsquo;\u00e9v\u00e9nement Impulse, CUPRA a donn\u00e9 un aper\u00e7u des prochaines versions de ses gammes actuelles (CUPRA Leon, CUPRA Formentor et CUPRA Born), qui seront lanc\u00e9es d&rsquo;ici 2025.<\/p>\n\n\n\n<figure class=\"wp-block-image size-large\"><img loading=\"lazy\" decoding=\"async\" width=\"1024\" height=\"542\" src=\"https:\/\/groupe-grim.com\/cupra\/wp-content\/uploads\/2022\/11\/cupra-urbanrebel-cupra-terramar-cupra-tavascan-1024x542.jpg\" alt=\"Impulse Event\" class=\"wp-image-847\" srcset=\"https:\/\/groupe-grim.com\/cupra\/wp-content\/uploads\/2022\/11\/cupra-urbanrebel-cupra-terramar-cupra-tavascan-980x519.jpg 980w, https:\/\/groupe-grim.com\/cupra\/wp-content\/uploads\/2022\/11\/cupra-urbanrebel-cupra-terramar-cupra-tavascan-480x254.jpg 480w\" sizes=\"(min-width: 0px) and (max-width: 480px) 480px, (min-width: 481px) and (max-width: 980px) 980px, (min-width: 981px) 1024px, 100vw\" \/><figcaption class=\"wp-element-caption\">Impulse Event<\/figcaption><\/figure>\n\n\n\n<h3 class=\"wp-block-heading\">CUPRA Terramar* : le premier SUV \u00e9lectrifi\u00e9 de la marque<\/h3>\n\n\n\n<p>La technologie hybride rechargeable a montr\u00e9 que l&rsquo;\u00e9lectrification faisait partie int\u00e9grante de l&rsquo;ADN de CUPRA. Et \u00e0 ce titre, le nombre de v\u00e9hicules qui b\u00e9n\u00e9ficient de cette technologie s&rsquo;est d\u00e9velopp\u00e9 pour englober une grande partie de la gamme de la marque. Mais CUPRA va encore plus loin.<\/p>\n\n\n\n<p>D&rsquo;ici 2024, la gamme de mod\u00e8les hybrides rechargeables offrira encore plus d&rsquo;options et une plus grande autonomie.&nbsp;<\/p>\n\n\n\n<p>Prochain mod\u00e8le qui rejoindra la gamme, la CUPRA Terramar est un SUV qui rend hommage \u00e0 Terramar, Sitges, qui combine des proportions audacieuses et un design impressionnant. Ce SUV \u00e9motionnel, sportif et \u00e9lectrifi\u00e9 permettra \u00e0 l&rsquo;entreprise de monter en gamme sur le segment des SUV qui conna\u00eet la plus forte croissance en Europe. Il sera produit en Hongrie, dans l&rsquo;usine Audi de Gy\u00f6r.<\/p>\n\n\n\n<p>La CUPRA Terramar sera disponible dans des versions thermiques mais aussi dans une toute nouvelle g\u00e9n\u00e9ration de moteur hybride rechargeable qui permettra de parcourir environ 100 km en mode tout \u00e9lectrique.<\/p>\n\n\n\n<p>La gamme e-HYBRID met l&rsquo;accent sur la performance et la sportivit\u00e9 contemporaine. Elle fait partie d&rsquo;un projet plus vaste dans lequel CUPRA poursuit la r\u00e9volution de l&rsquo;\u00e9lectrification.<\/p>\n\n\n\n<blockquote class=\"wp-block-quote is-layout-flow wp-block-quote-is-layout-flow\">\n<p><strong>\u00ab\u00a0Terramar est l&rsquo;endroit o\u00f9 tout a commenc\u00e9 pour CUPRA. Notre nouveau SUV sportif hybride combine parfaitement des proportions audacieuses avec un long capot impressionnant. Son museau de requin souligne la r\u00e9silience et la d\u00e9termination \u00e0 gagner \u00ab\u00a0<\/strong>, a d\u00e9clar\u00e9 Jorge Diez, Directeur du Design de CUPRA.&nbsp;<strong>\u00ab\u00a0En r\u00e9fl\u00e9chissant \u00e0 ce que le conducteur va ressentir, nous lui offrons une exp\u00e9rience unique avec les derni\u00e8res technologies, gr\u00e2ce \u00e0 un concept d&rsquo;habitacle qui est orient\u00e9 vers lui. En somme, un SUV de 4,5 m de long, avec tout l&rsquo;ADN de CUPRA, qui s&rsquo;appr\u00eate \u00e0 chambouler l&rsquo;un des segments les plus comp\u00e9titifs\u00a0\u00bb.<\/strong><\/p>\n<\/blockquote>\n\n\n\n<h3 class=\"wp-block-heading\">CUPRA Tavascan* : le r\u00eave devient r\u00e9alit\u00e9<\/h3>\n\n\n\n<p>La CUPRA Tavascan* repr\u00e9sente la prochaine \u00e9tape dans ce projet de grande envergure. Cette voiture incarne la vision \u00e9lectrifi\u00e9e de CUPRA et restera fid\u00e8le au concept-car de 2019. Certains \u00e9l\u00e9ments de design ont d\u00e9j\u00e0 \u00e9t\u00e9 largement \u00e9voqu\u00e9s dans le concept CUPRA Tavascan Extreme E de 2021. La CUPRA Tavascan* ne se contentera pas seulement de concr\u00e9tiser la vision de l&rsquo;\u00e9lectrification contemporaine. Elle soutiendra \u00e9galement le d\u00e9veloppement international de la marque en amenant CUPRA sur de nouveaux march\u00e9s. Ce nouveau mod\u00e8le sera commercialis\u00e9 en 2024.<\/p>\n\n\n\n<h3 class=\"wp-block-heading\">CUPRA UrbanRebel* : bousculer les conventions et g\u00e9n\u00e9rer des \u00e9motions<\/h3>\n\n\n\n<p>En 2025, CUPRA lancera l&rsquo;UrbanRebel*, sa citadine \u00e9lectrique. Un v\u00e9hicule qui emm\u00e8nera la marque bien au-del\u00e0 de ses fronti\u00e8res traditionnelles. L&rsquo;UrbanRebel* est port\u00e9e par l&rsquo;\u00e9motion. Il s&rsquo;agit d&rsquo;un v\u00e9hicule con\u00e7u et d\u00e9velopp\u00e9 pour un monde \u00e9lectrique plus rebelle.<\/p>\n\n\n\n<blockquote class=\"wp-block-quote is-layout-flow wp-block-quote-is-layout-flow\">\n<p><strong>\u00ab\u00a0Pour CUPRA, l&rsquo;UrbanRebel* est plus qu&rsquo;une simple voiture. C&rsquo;est le mod\u00e8le qui va d\u00e9mocratiser la mobilit\u00e9 \u00e9lectrique urbaine. \u00c9motionnelle, amusante \u00e0 conduire et en m\u00eame temps accessible. Nous prouvons que les voitures \u00e9lectriques ne doivent pas \u00eatre ennuyeuses. Ce sera l&rsquo;entr\u00e9e de la prochaine g\u00e9n\u00e9ration dans notre gamme. \u00ab\u00a0<\/strong>, a d\u00e9clar\u00e9 Wayne Griffiths lors de l&rsquo;\u00e9v\u00e9nement Impulse.<\/p>\n<\/blockquote>\n\n\n\n<figure class=\"wp-block-image size-large\"><img loading=\"lazy\" decoding=\"async\" width=\"1024\" height=\"450\" src=\"https:\/\/groupe-grim.com\/cupra\/wp-content\/uploads\/2022\/11\/cupra-urbanrebel-our-electric-urban-car-1024x450.jpg\" alt=\"Impulse Event\n\" class=\"wp-image-848\" srcset=\"https:\/\/groupe-grim.com\/cupra\/wp-content\/uploads\/2022\/11\/cupra-urbanrebel-our-electric-urban-car-980x431.jpg 980w, https:\/\/groupe-grim.com\/cupra\/wp-content\/uploads\/2022\/11\/cupra-urbanrebel-our-electric-urban-car-480x211.jpg 480w\" sizes=\"(min-width: 0px) and (max-width: 480px) 480px, (min-width: 481px) and (max-width: 980px) 980px, (min-width: 981px) 1024px, 100vw\" \/><figcaption class=\"wp-element-caption\">Impulse Event<\/figcaption><\/figure>\n\n\n\n<p class=\"has-text-align-center has-white-color has-black-background-color has-text-color has-background has-link-color wp-elements-3ab2785c04885fc527969196269d702c\"><strong><a href=\"https:\/\/www.groupe-grim.com\/rendez-vous\/\">Prendre RDV en ligne<\/a><\/strong><\/p>\n\n\n\n<p><\/p>\n\n\n\n<p class=\"has-text-align-center has-white-color has-black-background-color has-text-color has-background has-link-color wp-elements-44bf1fc55a8b83092b2cb471418ce2f6\"><strong>40 Avenue Georges Pompidou &#8211; 15000 Aurillac &#8211; 04 71 64 58 44<\/strong><\/p>\n\n\n\n<p><\/p>\n\n\n\n<p class=\"has-text-align-center\"><br>Pour tout renseignement sur&nbsp;<strong>CUPRA :<\/strong><\/p>\n\n\n\n<p class=\"has-text-align-center\"><a href=\"tel:0805021414\"><strong>08 05 02 14 14 (appel gratuit)<\/strong><\/a>&nbsp;du lundi au dimanche de 9h00 \u00e0 22h00<\/p>\n\n\n\n<p class=\"has-text-align-center\"><a href=\"https:\/\/www.groupe-grim.com\/rendez-vous\/\">Essayer un v\u00e9hicule<\/a>&nbsp;I&nbsp;<a href=\"https:\/\/www.grim-occasion.com\/reprise-de-votre-vehicule\/\" target=\"_blank\" rel=\"noreferrer noopener\">Demander une offre de reprise<\/a>&nbsp;I&nbsp;<a href=\"https:\/\/www.groupe-grim.com\/rendez-vous\/\">Demander Une offre de financement<\/a>&nbsp;I&nbsp;<a href=\"https:\/\/www.grim-occasion.com\/voitures\/?_brand=jaguar%2Cland-rover\" target=\"_blank\" rel=\"noreferrer noopener\">GRIM Occasion<\/a><\/p>\n\n\n\n<p class=\"has-text-align-center\">CUPRA \u2022 Aurillac \u2013 Saint Flour<\/p>\n\n\n\n<p class=\"has-text-align-left has-black-color has-text-color\"><\/p>\n","protected":false},"excerpt":{"rendered":"<p>Une nouvelle \u00e8re pour Cupra. Nous avons d\u00e9voil\u00e9 notre vision \u00e9lectrisante pour les ann\u00e9es suivantes \u00e0 Terramar.<\/p>\n","protected":false},"author":2,"featured_media":844,"comment_status":"closed","ping_status":"closed","sticky":false,"template":"","format":"standard","meta":{"_et_pb_use_builder":"off","_et_pb_old_content":"","_et_gb_content_width":"","two_page_speed":[],"footnotes":""},"categories":[5],"tags":[],"class_list":["post-843","post","type-post","status-publish","format-standard","has-post-thumbnail","hentry","category-actualites-cupra"],"_links":{"self":[{"href":"https:\/\/groupe-grim.com\/cupra\/wp-json\/wp\/v2\/posts\/843","targetHints":{"allow":["GET"]}}],"collection":[{"href":"https:\/\/groupe-grim.com\/cupra\/wp-json\/wp\/v2\/posts"}],"about":[{"href":"https:\/\/groupe-grim.com\/cupra\/wp-json\/wp\/v2\/types\/post"}],"author":[{"embeddable":true,"href":"https:\/\/groupe-grim.com\/cupra\/wp-json\/wp\/v2\/users\/2"}],"replies":[{"embeddable":true,"href":"https:\/\/groupe-grim.com\/cupra\/wp-json\/wp\/v2\/comments?post=843"}],"version-history":[{"count":5,"href":"https:\/\/groupe-grim.com\/cupra\/wp-json\/wp\/v2\/posts\/843\/revisions"}],"predecessor-version":[{"id":7297,"href":"https:\/\/groupe-grim.com\/cupra\/wp-json\/wp\/v2\/posts\/843\/revisions\/7297"}],"wp:featuredmedia":[{"embeddable":true,"href":"https:\/\/groupe-grim.com\/cupra\/wp-json\/wp\/v2\/media\/844"}],"wp:attachment":[{"href":"https:\/\/groupe-grim.com\/cupra\/wp-json\/wp\/v2\/media?parent=843"}],"wp:term":[{"taxonomy":"category","embeddable":true,"href":"https:\/\/groupe-grim.com\/cupra\/wp-json\/wp\/v2\/categories?post=843"},{"taxonomy":"post_tag","embeddable":true,"href":"https:\/\/groupe-grim.com\/cupra\/wp-json\/wp\/v2\/tags?post=843"}],"curies":[{"name":"wp","href":"https:\/\/api.w.org\/{rel}","templated":true}]}}