{"id":16409,"date":"2026-06-10T15:05:00","date_gmt":"2026-06-10T13:05:00","guid":{"rendered":"https:\/\/groupe-grim.com\/ford\/?p=16409"},"modified":"2026-08-04T15:45:28","modified_gmt":"2026-08-04T13:45:28","slug":"ford-dax-2","status":"publish","type":"post","link":"https:\/\/groupe-grim.com\/ford\/ford-dax-2\/","title":{"rendered":""},"content":{"rendered":"\n<!-- ============================================================\n     PAGE FORD DAX \u2014 Groupe GRIM\n     \u00c0 coller dans un bloc \"HTML personnalis\u00e9\" WordPress sur \/ford-dax-groupe-grim\/\n     ============================================================ -->\n<div id=\"fdax\" style=\"font-family:'GrimCustomFont',-apple-system,BlinkMacSystemFont,'Segoe UI',Roboto,Arial,sans-serif;color:#1a1a1a;background:#fff;width:100%;max-width:900px;margin:0 auto;\">\n\n  <style>\n    #fdax, #fdax *{box-sizing:border-box;max-width:100%;}\n    #fdax{overflow:hidden;}\n    #fdax img{max-width:100%;height:auto;display:block;}\n    #fdax h1{color:#fff !important;}\n    #fdax h2{color:#00095b !important;font-weight:700;letter-spacing:-.01em;line-height:1.15;margin:0 0 .5em;}\n    #fdax h3{color:#1a1a1a !important;font-weight:700;margin:0 0 .35em;}\n    #fdax p{line-height:1.7;margin:0 0 1em;color:#4a4a4a;}\n    #fdax a.fx{text-decoration:none !important;border-bottom:none !important;}\n    #fdax .pad{padding-left:28px;padding-right:28px;}\n    #fdax .spot{background:#eef2f7;display:flex;align-items:center;justify-content:center;color:#8a99b3;font-size:.85rem;text-align:center;padding:10px;overflow:hidden;}\n    #fdax .btn-primary{background:#066fef;color:#fff !important;font-weight:600;padding:14px 28px;border-radius:500px;display:inline-block;}\n    #fdax .btn-ghost{color:#066fef !important;font-weight:600;display:inline-flex;align-items:center;gap:5px;}\n\n    #fdax .rail-wrap{width:100%;max-width:100%;overflow-x:auto;overflow-y:visible;position:relative;padding:4px 0 18px;-webkit-overflow-scrolling:touch;scrollbar-width:thin;}\n    #fdax .rail{display:inline-flex;gap:18px;width:max-content;max-width:none;}\n    #fdax .card{flex:0 0 auto;width:280px;max-width:280px;border-radius:12px;overflow:hidden;background:#fff;border:1px solid #e8ebf0;}\n\n    #fdax .flexrow{display:flex;flex-wrap:wrap;gap:20px;}\n    #fdax .flexrow > *{flex:1 1 260px;min-width:0;}\n\n    @media(max-width:620px){\n      #fdax .pad{padding-left:16px;padding-right:16px;}\n      #fdax .hero-h1{font-size:1.6rem !important;}\n      #fdax .card{width:230px;max-width:230px;}\n    }\n  <\/style>\n\n  <!-- ===== HERO ===== -->\n  <div style=\"position:relative;\">\n    <div class=\"spot\" style=\"height:360px;\"><img decoding=\"async\" src=\"https:\/\/groupe-grim.com\/ford\/wp-content\/uploads\/2018\/09\/ford-dax.jpg\" alt=\"Ford Dax concession Landes ext\u00e9rieur\" style=\"width:100%;height:100%;object-fit:cover;display:block;\"><\/div>\n    <div class=\"pad\" style=\"position:absolute;left:0;bottom:0;padding-top:38px;padding-bottom:34px;background:linear-gradient(0deg,rgba(0,0,0,.6),transparent);width:100%;\">\n      <h1 class=\"hero-h1\" style=\"color:#fff !important;font-size:2rem;font-weight:700;line-height:1.1;margin:0 0 10px;letter-spacing:-.02em;\">Ford Dax : votre concession \u00e0 M\u00e9es 40990<\/h1>\n      <p style=\"color:#f0f0f0;font-size:1.05rem;max-width:480px;margin:0 0 20px;\">Neuf, occasion, utilitaires &amp; entretien dans les Landes<\/p>\n    <\/div>\n  <\/div>\n\n  <!-- ===== INTRO ===== -->\n  <div class=\"pad\" style=\"padding-top:40px;padding-bottom:8px;text-align:center;\">\n    <h2 style=\"font-size:1.8rem;\">Ford Dax, votre concessionnaire dans les Landes<\/h2>\n    <p style=\"max-width:680px;margin:0 auto 1em;\"><strong>Ford Dax<\/strong> vous accueille 335 route de Stanquet, \u00e0 M\u00e9es, aux portes de Dax. Distributeur et r\u00e9parateur agr\u00e9\u00e9 Ford, notre concession accompagne particuliers et professionnels des Landes : v\u00e9hicules neufs, occasions contr\u00f4l\u00e9es, utilitaires, atelier et financement, avec l&rsquo;appui du Groupe GRIM et une vraie proximit\u00e9 locale.<\/p>\n    <p style=\"margin:0;color:#066fef;font-weight:600;\">\u2605\u2605\u2605\u2605\u2605 4,2\/5 \u00b7 545 avis Google<\/p>\n  <\/div>\n\n  <!-- ===== SERVICES (carrousel manuel) ===== -->\n  <div id=\"services\" class=\"pad\" style=\"padding-top:38px;padding-bottom:6px;\">\n    <h2 style=\"font-size:1.6rem;\">Les services de Ford Dax<\/h2>\n    <p style=\"margin:0;\">Vente, entretien et accompagnement, de la d\u00e9couverte au suivi apr\u00e8s-vente.<\/p>\n  <\/div>\n  <div class=\"pad\" style=\"padding-top:8px;padding-bottom:20px;\">\n    <div class=\"rail-wrap\">\n      <div class=\"rail\">\n        <div class=\"card\"><div class=\"spot\" style=\"height:180px;\"><img decoding=\"async\" src=\"https:\/\/groupe-grim.com\/ford\/wp-content\/uploads\/2018\/09\/ford-dax.jpg\" alt=\"V\u00e9hicules neufs Ford Dax\" style=\"width:100%;height:100%;object-fit:cover;display:block;\"><\/div><div style=\"padding:18px 20px;\"><h3 style=\"font-size:1.08rem;\">V\u00e9hicules neufs<\/h3><p style=\"font-size:.9rem;margin:0 0 .7em;\">Citadines, SUV, hybrides et \u00e9lectriques : toute la gamme Ford \u00e0 essayer \u00e0 Dax.<\/p><a class=\"fx btn-ghost\" href=\"https:\/\/groupe-grim.com\/ford\/vehicule\/\">Voir la gamme \u203a<\/a><\/div><\/div>\n        <div class=\"card\"><div class=\"spot\" style=\"height:180px;\"><img decoding=\"async\" src=\"https:\/\/groupe-grim.com\/ford\/wp-content\/uploads\/2018\/09\/1745476944124.jpg\" alt=\"Utilitaires Ford Dax professionnels\" style=\"width:100%;height:100%;object-fit:cover;display:block;\"><\/div><div style=\"padding:18px 20px;\"><h3 style=\"font-size:1.08rem;\">Utilitaires pros<\/h3><p style=\"font-size:.9rem;margin:0 0 .7em;\">Transit, Transit Custom, versions hybrides et \u00e9lectriques pour les professionnels.<\/p><a class=\"fx btn-ghost\" href=\"https:\/\/groupe-grim.com\/ford\/entreprises\/\">D\u00e9couvrir Ford Pro \u203a<\/a><\/div><\/div>\n        <div class=\"card\"><div class=\"spot\" style=\"height:180px;\"><img decoding=\"async\" src=\"https:\/\/groupe-grim.com\/ford\/wp-content\/uploads\/2018\/09\/ford-dax.jpg\" alt=\"V\u00e9hicules d'occasion Ford Dax\" style=\"width:100%;height:100%;object-fit:cover;display:block;\"><\/div><div style=\"padding:18px 20px;\"><h3 style=\"font-size:1.08rem;\">V\u00e9hicules d&rsquo;occasion<\/h3><p style=\"font-size:.9rem;margin:0 0 .7em;\">Un large choix d&rsquo;occasions toutes marques, contr\u00f4l\u00e9es, garanties et financ\u00e9es.<\/p><a class=\"fx btn-ghost\" href=\"https:\/\/www.grim-occasion.com\/\" target=\"_blank\" rel=\"noopener\">Voir les occasions \u203a<\/a><\/div><\/div>\n        <div class=\"card\"><div class=\"spot\" style=\"height:180px;\"><img decoding=\"async\" src=\"https:\/\/groupe-grim.com\/ford\/wp-content\/uploads\/2026\/01\/ford-service.png\" alt=\"Atelier Ford Dax entretien\" style=\"width:100%;height:100%;object-fit:cover;display:block;\"><\/div><div style=\"padding:18px 20px;\"><h3 style=\"font-size:1.08rem;\">Atelier &amp; entretien<\/h3><p style=\"font-size:.9rem;margin:0 0 .7em;\">R\u00e9vision, m\u00e9canique, diagnostic et pneumatiques par des techniciens form\u00e9s Ford.<\/p><a class=\"fx btn-ghost\" href=\"https:\/\/groupe-grim.com\/rendez-vous\/?brand=ford\">Prendre RDV \u203a<\/a><\/div><\/div>\n        <div class=\"card\"><div class=\"spot\" style=\"height:180px;\"><img decoding=\"async\" src=\"https:\/\/groupe-grim.com\/ford\/wp-content\/uploads\/2026\/01\/ford-service.png\" alt=\"Carrosserie Ford Dax\" style=\"width:100%;height:100%;object-fit:cover;display:block;\"><\/div><div style=\"padding:18px 20px;\"><h3 style=\"font-size:1.08rem;\">Carrosserie<\/h3><p style=\"font-size:.9rem;margin:0 0 .7em;\">R\u00e9paration toutes marques et prise en charge compl\u00e8te de votre dossier sinistre.<\/p><a class=\"fx btn-ghost\" href=\"https:\/\/groupe-grim.com\/rendez-vous\/?brand=ford\">En savoir plus \u203a<\/a><\/div><\/div>\n        <div class=\"card\"><div class=\"spot\" style=\"height:180px;\"><img decoding=\"async\" src=\"https:\/\/groupe-grim.com\/ford\/wp-content\/uploads\/2018\/09\/1745476944124.jpg\" alt=\"Financement et reprise Ford Dax\" style=\"width:100%;height:100%;object-fit:cover;display:block;\"><\/div><div style=\"padding:18px 20px;\"><h3 style=\"font-size:1.08rem;\">Financement &amp; reprise<\/h3><p style=\"font-size:.9rem;margin:0 0 .7em;\">Cr\u00e9dit, LOA, LLD et reprise : une solution adapt\u00e9e \u00e0 votre budget et vos usages.<\/p><a class=\"fx btn-ghost\" href=\"https:\/\/groupe-grim.com\/ford\/loa-ou-lld\/\">Voir les solutions \u203a<\/a><\/div><\/div>\n      <\/div>\n    <\/div>\n  <\/div>\n\n  <!-- ===== GAMME (carrousel manuel) ===== -->\n  <div id=\"gamme\" class=\"pad\" style=\"padding-top:38px;padding-bottom:6px;\">\n    <h2 style=\"font-size:1.6rem;\">La gamme Ford \u00e0 d\u00e9couvrir \u00e0 Dax<\/h2>\n    <p style=\"margin:0;\">Essence, hybride ou \u00e9lectrique : le mod\u00e8le qui correspond \u00e0 vos trajets.<\/p>\n  <\/div>\n  <div class=\"pad\" style=\"padding-top:8px;padding-bottom:20px;\">\n    <div class=\"rail-wrap\">\n      <div class=\"rail\">\n        <a class=\"fx card\" href=\"https:\/\/groupe-grim.com\/ford\/ford-puma-hybride\/\"><div class=\"spot\" style=\"height:180px;\"><img decoding=\"async\" src=\"https:\/\/groupe-grim.com\/ford\/wp-content\/uploads\/2025\/08\/2025_FORD_PUMA_SOUND_EDITION_2-scaled-1.jpg\" alt=\"Ford Puma hybride Dax\" style=\"width:100%;height:100%;object-fit:cover;display:block;\"><\/div><div style=\"padding:16px 20px;\"><h3 style=\"font-size:1.05rem;\">Ford Puma<\/h3><p style=\"font-size:.88rem;margin:0;\">SUV hybride, d\u00e8s 21 890 \u20ac<\/p><\/div><\/a>\n        <a class=\"fx card\" href=\"https:\/\/groupe-grim.com\/ford\/ford-puma-electrique\/\"><div class=\"spot\" style=\"height:180px;\"><img decoding=\"async\" src=\"https:\/\/groupe-grim.com\/ford\/wp-content\/uploads\/2025\/08\/2025_FORD_PUMA_SOUND_EDITION_1-scaled-1.jpg\" alt=\"Ford Puma Gen-E \u00e9lectrique Dax\" style=\"width:100%;height:100%;object-fit:cover;display:block;\"><\/div><div style=\"padding:16px 20px;\"><h3 style=\"font-size:1.05rem;\">Ford Puma Gen-E<\/h3><p style=\"font-size:.88rem;margin:0;\">\u00c9lectrique, 417 km, d\u00e8s 27 790 \u20ac<\/p><\/div><\/a>\n        <a class=\"fx card\" href=\"https:\/\/groupe-grim.com\/ford\/ford-kuga-hybride\/\"><div class=\"spot\" style=\"height:180px;\"><img decoding=\"async\" src=\"https:\/\/groupe-grim.com\/ford\/wp-content\/uploads\/2025\/10\/2025_FORD_KUGA_BLACK_PACKAGE_01-LOW.jpg\" alt=\"Ford Kuga Dax\" style=\"width:100%;height:100%;object-fit:cover;display:block;\"><\/div><div style=\"padding:16px 20px;\"><h3 style=\"font-size:1.05rem;\">Ford Kuga<\/h3><p style=\"font-size:.88rem;margin:0;\">SUV familial hybride &amp; rechargeable<\/p><\/div><\/a>\n        <a class=\"fx card\" href=\"https:\/\/groupe-grim.com\/ford\/eric-cantona-ford-capri\/\"><div class=\"spot\" style=\"height:180px;\"><img decoding=\"async\" src=\"https:\/\/groupe-grim.com\/ford\/wp-content\/uploads\/2025\/02\/FORD_EXPLORER_ARCTIC_BLUE_75-LOW-1.jpg\" alt=\"Ford Capri \u00e9lectrique Dax\" style=\"width:100%;height:100%;object-fit:cover;display:block;\"><\/div><div style=\"padding:16px 20px;\"><h3 style=\"font-size:1.05rem;\">Ford Capri<\/h3><p style=\"font-size:.88rem;margin:0;\">Le SUV coup\u00e9 \u00e9lectrique iconique<\/p><\/div><\/a>\n        <a class=\"fx card\" href=\"https:\/\/groupe-grim.com\/ford\/vehicule\/\"><div class=\"spot\" style=\"height:180px;\"><img decoding=\"async\" src=\"https:\/\/groupe-grim.com\/ford\/wp-content\/uploads\/2026\/02\/utilitaires-electriques-ford.png\" alt=\"Utilitaires Ford Pro Dax\" style=\"width:100%;height:100%;object-fit:cover;display:block;\"><\/div><div style=\"padding:16px 20px;\"><h3 style=\"font-size:1.05rem;\">Utilitaires Ford Pro<\/h3><p style=\"font-size:.88rem;margin:0;\">Transit, Custom, Ranger pour les pros<\/p><\/div><\/a>\n      <\/div>\n    <\/div>\n  <\/div>\n  <div style=\"padding:20px 28px 44px;line-height:normal;\">\n    <a href=\"https:\/\/groupe-grim.com\/ford\/vehicule\/\" style=\"display:inline-block;background:#066fef;color:#ffffff;font-weight:600;font-size:1rem;padding:15px 34px;border-radius:500px;text-decoration:none;line-height:1.2;\">Voir tout le stock<\/a>\n  <\/div>\n\n  <!-- ===== OCCASION ===== -->\n  <div id=\"occasion\" class=\"flexrow\" style=\"gap:0;align-items:stretch;margin:16px 0 34px;border-top:1px solid #eef0f4;border-bottom:1px solid #eef0f4;\">\n    <div class=\"spot\" style=\"min-height:260px;\"><img decoding=\"async\" src=\"https:\/\/groupe-grim.com\/ford\/wp-content\/uploads\/2018\/09\/1745476944124.jpg\" alt=\"Occasion Ford Dax v\u00e9hicules garantis\" style=\"width:100%;height:100%;object-fit:cover;display:block;\"><\/div>\n    <div class=\"pad\" style=\"padding-top:36px;padding-bottom:36px;display:flex;flex-direction:column;justify-content:center;\">\n      <h2 style=\"font-size:1.5rem;\">Votre occasion Ford \u00e0 Dax<\/h2>\n      <p>Un large choix de v\u00e9hicules d&rsquo;occasion toutes marques, rigoureusement contr\u00f4l\u00e9s et pr\u00e9par\u00e9s par nos techniciens. Chaque v\u00e9hicule a un historique clair, des garanties adapt\u00e9es et des solutions de financement personnalis\u00e9es pour un achat en toute confiance.<\/p>\n      <div><a class=\"fx btn-primary\" href=\"https:\/\/www.grim-occasion.com\/\" target=\"_blank\" rel=\"noopener\">Voir les occasions<\/a><\/div>\n    <\/div>\n  <\/div>\n\n  <!-- ===== ACC\u00c8S COMMUNES ===== -->\n  <div class=\"pad\" style=\"padding-top:20px;padding-bottom:6px;\"><h2 style=\"font-size:1.6rem;\">Ford Dax, accessible depuis tout le secteur<\/h2><\/div>\n  <div class=\"pad\" style=\"padding-top:6px;padding-bottom:34px;\">\n    <p style=\"max-width:720px;\">Id\u00e9alement situ\u00e9e \u00e0 M\u00e9es, aux portes de Dax, la concession est facilement accessible depuis les communes voisines : Pouillon (17,4 km), Castets (20,2 km) et Tartas (29,3 km). Une proximit\u00e9 qui permet aux automobilistes du secteur de profiter rapidement des services Ford, pour l&rsquo;achat comme pour l&rsquo;entretien.<\/p>\n  <\/div>\n\n  <!-- ===== INFOS PRATIQUES ===== -->\n  <div id=\"infos\" class=\"pad\" style=\"padding-top:20px;padding-bottom:6px;\"><h2 style=\"font-size:1.6rem;\">Ford Dax : nous trouver &amp; horaires<\/h2><\/div>\n  <div class=\"pad flexrow\" style=\"padding-top:12px;padding-bottom:34px;\">\n    <div style=\"background:#f6f8fb;border-radius:12px;padding:26px;\">\n      <h3 style=\"font-size:1.1rem;\">Adresse &amp; contact<\/h3>\n      <p style=\"margin:0 0 1em;\">335 Route de Stanquet<br>40990 M\u00e9es<\/p>\n      <p style=\"margin:0 0 .4em;\"><strong style=\"color:#00095b;\">T\u00e9l :<\/strong> <a href=\"tel:+33558911111\" style=\"color:#066fef;\">05 58 91 11 11<\/a><\/p>\n      <p style=\"margin:0 0 1.2em;font-size:.92rem;color:#6a6a6a;\">Aux portes de Dax, dans les Landes.<\/p>\n      <a class=\"fx btn-primary\" href=\"https:\/\/www.google.com\/maps\/place\/\/data=!4m2!3m1!1s0xd56a61bd5679c85:0x114c0baa8176aae3\" target=\"_blank\" rel=\"noopener\">Itin\u00e9raire<\/a>\n    <\/div>\n    <div style=\"background:#f6f8fb;border-radius:12px;padding:26px;\">\n      <h3 style=\"font-size:1.1rem;\">Horaires<\/h3>\n      <table style=\"width:100%;border-collapse:collapse;font-size:.95rem;\">\n        <tbody><tr><td style=\"padding:8px 0;color:#6a6a6a;\">Lundi \u2013 Vendredi<\/td><td style=\"padding:8px 0;text-align:right;font-weight:600;\">08:00\u201312:00 \u00b7 14:00\u201319:00<\/td><\/tr>\n        <tr><td style=\"padding:8px 0;color:#6a6a6a;border-top:1px solid #e5e9f0;\">Samedi<\/td><td style=\"padding:8px 0;text-align:right;font-weight:600;border-top:1px solid #e5e9f0;\">09:00\u201312:00 \u00b7 14:00\u201318:00<\/td><\/tr>\n        <tr><td style=\"padding:8px 0;color:#6a6a6a;border-top:1px solid #e5e9f0;\">Dimanche<\/td><td style=\"padding:8px 0;text-align:right;font-weight:600;color:#aab;border-top:1px solid #e5e9f0;\">Ferm\u00e9<\/td><\/tr>\n      <\/tbody><\/table>\n    <\/div>\n  <\/div>\n\n  <!-- ===== FAQ ===== -->\n  <div id=\"faq\" class=\"pad\" style=\"padding-top:20px;padding-bottom:6px;\"><h2 style=\"font-size:1.6rem;\">Questions fr\u00e9quentes<\/h2><\/div>\n  <div class=\"pad\" style=\"padding-top:10px;padding-bottom:34px;\">\n    <div style=\"border:1px solid #e8ebf0;border-radius:10px;padding:20px 24px;margin-bottom:12px;\"><h3 style=\"font-size:1.02rem;\">O\u00f9 se trouve la concession Ford pr\u00e8s de Dax ?<\/h3><p style=\"margin:0;font-size:.95rem;\">335 Route de Stanquet, 40990 M\u00e9es, aux portes de Dax dans les Landes, accessible depuis Pouillon, Castets et Tartas.<\/p><\/div>\n    <div style=\"border:1px solid #e8ebf0;border-radius:10px;padding:20px 24px;margin-bottom:12px;\"><h3 style=\"font-size:1.02rem;\">Ford Dax propose-t-elle des utilitaires ?<\/h3><p style=\"margin:0;font-size:.95rem;\">Oui, une gamme compl\u00e8te d&rsquo;utilitaires Ford (Transit, Transit Custom, versions hybrides et \u00e9lectriques) avec am\u00e9nagements, financement et gestion de flotte.<\/p><\/div>\n    <div style=\"border:1px solid #e8ebf0;border-radius:10px;padding:20px 24px;\"><h3 style=\"font-size:1.02rem;\">Comment prendre rendez-vous \u00e0 l&rsquo;atelier ?<\/h3><p style=\"margin:0;font-size:.95rem;\">En ligne via notre page de rendez-vous, ou par t\u00e9l\u00e9phone au 05 58 91 11 11.<\/p><\/div>\n  <\/div>\n\n  <!-- ===== CTA FINAL ===== -->\n  <div style=\"position:relative;margin-top:8px;\">\n    <div class=\"spot\" style=\"height:300px;\"><img decoding=\"async\" src=\"https:\/\/groupe-grim.com\/ford\/wp-content\/uploads\/2026\/01\/ford-service.png\" alt=\"Ford Dax concession Landes \u00e9quipe\" style=\"width:100%;height:100%;object-fit:cover;display:block;\"><\/div>\n    <div class=\"pad\" style=\"position:absolute;inset:0;display:flex;flex-direction:column;align-items:center;justify-content:center;text-align:center;background:linear-gradient(0deg,rgba(0,9,91,.6),rgba(0,9,91,.3));\">\n      <h2 style=\"color:#fff !important;font-size:1.7rem;\">L&rsquo;\u00e9quipe Ford Dax vous attend<\/h2>\n      <p style=\"color:#eef;max-width:520px;margin:0 auto 22px;\"> <\/p>\n      <div style=\"display:flex;flex-wrap:wrap;gap:12px;justify-content:center;\">\n        <a class=\"fx\" href=\"tel:+33558911111\" style=\"background:#fff;color:#066fef !important;font-weight:600;padding:14px 28px;border-radius:500px;display:inline-block;\">05 58 91 11 11<\/a>\n      <\/div>\n    <\/div>\n  <\/div>\n\n<\/div>\n<!-- ===================== FIN Dax ===================== -->\n\n\n\n\n<p class=\"wp-block-paragraph\"><\/p>\n","protected":false},"excerpt":{"rendered":"<p>Ford Dax : votre concession \u00e0 M\u00e9es 40990 Neuf, occasion, utilitaires &amp; entretien dans les Landes Ford Dax, votre concessionnaire dans les Landes Ford Dax vous accueille 335 route de Stanquet, \u00e0 M\u00e9es, aux portes de Dax. Distributeur et r\u00e9parateur agr\u00e9\u00e9 Ford, notre concession accompagne particuliers et professionnels des Landes : v\u00e9hicules neufs, occasions contr\u00f4l\u00e9es, [&hellip;]<\/p>\n","protected":false},"author":6,"featured_media":64087,"parent":0,"comment_status":"closed","ping_status":"closed","sticky":false,"template":"","format":"standard","meta":{"_acf_changed":false,"footnotes":""},"categories":[10,48],"tags":[],"class_list":["post-16409","post","type-post","status-publish","format-standard","has-post-thumbnail","hentry","category-feature","category-feature-entreprise"],"acf":[],"_links":{"self":[{"href":"https:\/\/groupe-grim.com\/ford\/wp-json\/wp\/v2\/posts\/16409","targetHints":{"allow":["GET"]}}],"collection":[{"href":"https:\/\/groupe-grim.com\/ford\/wp-json\/wp\/v2\/posts"}],"about":[{"href":"https:\/\/groupe-grim.com\/ford\/wp-json\/wp\/v2\/types\/post"}],"author":[{"embeddable":true,"href":"https:\/\/groupe-grim.com\/ford\/wp-json\/wp\/v2\/users\/6"}],"replies":[{"embeddable":true,"href":"https:\/\/groupe-grim.com\/ford\/wp-json\/wp\/v2\/comments?post=16409"}],"version-history":[{"count":7,"href":"https:\/\/groupe-grim.com\/ford\/wp-json\/wp\/v2\/posts\/16409\/revisions"}],"predecessor-version":[{"id":91414,"href":"https:\/\/groupe-grim.com\/ford\/wp-json\/wp\/v2\/posts\/16409\/revisions\/91414"}],"wp:featuredmedia":[{"embeddable":true,"href":"https:\/\/groupe-grim.com\/ford\/wp-json\/wp\/v2\/media\/64087"}],"wp:attachment":[{"href":"https:\/\/groupe-grim.com\/ford\/wp-json\/wp\/v2\/media?parent=16409"}],"wp:term":[{"taxonomy":"category","embeddable":true,"href":"https:\/\/groupe-grim.com\/ford\/wp-json\/wp\/v2\/categories?post=16409"},{"taxonomy":"post_tag","embeddable":true,"href":"https:\/\/groupe-grim.com\/ford\/wp-json\/wp\/v2\/tags?post=16409"}],"curies":[{"name":"wp","href":"https:\/\/api.w.org\/{rel}","templated":true}]}}