{"id":31711,"date":"2025-02-21T11:29:00","date_gmt":"2025-02-21T09:29:00","guid":{"rendered":"https:\/\/groupe-grim.com\/ford\/?p=31711"},"modified":"2026-02-06T12:46:10","modified_gmt":"2026-02-06T11:46:10","slug":"ford-puma-gen-e","status":"publish","type":"post","link":"https:\/\/groupe-grim.com\/ford\/ford-puma-gen-e\/","title":{"rendered":"Tout savoir sur le Ford Puma Gen-E: essai, prix\u2026 Guide d&rsquo;achat (2026)"},"content":{"rendered":"\n<p>Le nouveau Ford Puma Gen-E poursuit sa success story en version 100% \u00e9lectrique  :<\/p>\n\n\n\n<p> <em style=\"font-weight: bold\">\u00ab Notre feuille de route vers un futur 100% \u00e9lectrique est une absolue n\u00e9cessit\u00e9 pour Ford car nous devons non seulement anticiper et r\u00e9pondre aux besoins de mobilit\u00e9 et d\u2019innovation des clients europ\u00e9ens mais \u00e9galement prendre soin de notre plan\u00e8te en r\u00e9duisant drastiquement nos \u00e9missions comme nous nous y sommes engag\u00e9s lors de la signature des accords de Paris concernant le climat \u00bb<\/em><\/p>\n\n\n\n<p><strong><em>Stuart Rowley, Chief Transformation and Quality officer et Chairman de Ford en Europe<\/em><\/strong><\/p>\n\n\n\n<h2 class=\"wp-block-heading\">Ford Puma Gen-E : l\u2019ic\u00f4ne urbaine entre dans l\u2019\u00e8re \u00e9lectrique<\/h2>\n\n\n<div class=\"wp-block-image\">\n<figure class=\"aligncenter size-full\"><a href=\"https:\/\/groupe-grim.com\/ford\/wp-content\/uploads\/2024\/08\/c895030f-33f7-4aea-9b82-b87d1934529f-1.jpgwp-content\/uploads\/2023\/10\/photo-1652509573480-a190f1c61f6d-1.jpgwp-content\/uploads\/2022\/07\/cq5dam.web_.881.495-3.jpeg\"><picture><source type=\"image\/avif\" srcset=\"https:\/\/groupe-grim.com\/ford\/wp-content\/uploads\/2022\/07\/cq5dam.web_.881.495-3-1-320x240.avif 320w, https:\/\/groupe-grim.com\/ford\/wp-content\/uploads\/2022\/07\/cq5dam.web_.881.495-3-1-640x480.avif 640w, https:\/\/groupe-grim.com\/ford\/wp-content\/uploads\/2022\/07\/cq5dam.web_.881.495-3-1.avif 660w\" sizes=\"100vw\"><source type=\"image\/webp\" srcset=\"https:\/\/groupe-grim.com\/ford\/wp-content\/uploads\/2022\/07\/cq5dam.web_.881.495-3-1-320x240.webp 320w, https:\/\/groupe-grim.com\/ford\/wp-content\/uploads\/2022\/07\/cq5dam.web_.881.495-3-1-640x480.webp 640w, https:\/\/groupe-grim.com\/ford\/wp-content\/uploads\/2022\/07\/cq5dam.web_.881.495-3-1.webp 660w\" sizes=\"100vw\"><img src=\"https:\/\/groupe-grim.com\/ford\/wp-content\/uploads\/2022\/07\/cq5dam.web_.881.495-3-1.jpeg\" alt=\"Cq5dam web 881 495 3 1\" width=\"660\" height=\"495\" loading=\"lazy\" decoding=\"async\" class=\"wp-image-56005\" srcset=\"https:\/\/groupe-grim.com\/ford\/wp-content\/uploads\/2022\/07\/cq5dam.web_.881.495-3-1-320x240.jpeg 320w, https:\/\/groupe-grim.com\/ford\/wp-content\/uploads\/2022\/07\/cq5dam.web_.881.495-3-1-640x480.jpeg 640w, https:\/\/groupe-grim.com\/ford\/wp-content\/uploads\/2022\/07\/cq5dam.web_.881.495-3-1.jpeg 660w\" sizes=\"100vw\"><\/picture><\/a><\/figure>\n<\/div>\n\n\n<ul class=\"wp-block-list\">\n<li>Une variante \u00e0 batterie \u00e9lectrique \u00e9largit la gamme du crossover \u00e0 succ\u00e8s<\/li>\n\n\n\n<li>Extr\u00eamement sobre avec 13,1&nbsp;kWh\/100 km&nbsp;; jusqu\u2019\u00e0 376 kilom\u00e8tres d\u2019autonomie WLTP&nbsp;; la batterie du <strong>Ford Puma Gen -E<\/strong> peut se recharger de 10 \u00e0 80&nbsp;% en seulement 23 minutes<\/li>\n\n\n\n<li>Design de carrosserie perfectionn\u00e9&nbsp;; nouvel int\u00e9rieur enti\u00e8rement num\u00e9rique&nbsp;; espace de rangement suppl\u00e9mentaire ave<strong>c la nouvelle GigaBox du Ford Puma Gen -E<\/strong><\/li>\n<\/ul>\n\n\n\n<p><\/p>\n\n\n\n<h2 class=\"wp-block-heading\">Ford Puma Gen-E \u00e9lectrique : <\/h2>\n\n\n\n<p><strong>WALLISELLEN, 3 d\u00e9cembre 2024<\/strong>&nbsp;\u2013 Ford pr\u00e9sente le nouveau <strong>Ford Puma Gen -E<\/strong> \u00e0 batterie \u00e9lectrique. Il peut \u00eatre command\u00e9 d\u00e8s maintenant au prix d\u2019entr\u00e9e de gamme de 35&nbsp;700 francs suisses. Le mod\u00e8le le plus vendu de la marque en Europe<sup>(1)<\/sup>&nbsp;se voit ainsi dot\u00e9 d\u2019une variante z\u00e9ro \u00e9mission. <\/p>\n\n\n\n<p>Ford produit le <strong>Ford Puma Gen -E<\/strong> en Europe et le moteur \u00e9lectrique ultramoderne provient de la production du groupe \u00e0 Halewood, en Grande-Bretagne. La nouvelle propulsion \u00e9lectrique souligne le plaisir de conduire \u00e9lev\u00e9 bien connu du Puma. Ford continue \u00e9galement \u00e0 d\u00e9velopper le design marquant de la carrosserie qui a fait du Puma le best-seller de la gamme de mod\u00e8les europ\u00e9enne.<\/p>\n\n\n\n<figure class=\"wp-block-image size-large\"><a href=\"https:\/\/groupe-grim.com\/ford\/wp-content\/uploads\/2024\/08\/c895030f-33f7-4aea-9b82-b87d1934529f-1.jpgwp-content\/uploads\/2023\/10\/photo-1652509573480-a190f1c61f6d-1.jpgwp-content\/uploads\/2022\/07\/FORD_2024_PUMA_GEN-E_15-scaled.jpg\"><picture><source type=\"image\/avif\" srcset=\"https:\/\/groupe-grim.com\/ford\/wp-content\/uploads\/2022\/07\/FORD_2024_PUMA_GEN-E_15-scaled-1-320x240.avif 320w, https:\/\/groupe-grim.com\/ford\/wp-content\/uploads\/2022\/07\/FORD_2024_PUMA_GEN-E_15-scaled-1-640x480.avif 640w, https:\/\/groupe-grim.com\/ford\/wp-content\/uploads\/2022\/07\/FORD_2024_PUMA_GEN-E_15-scaled-1-768x576.avif 768w, https:\/\/groupe-grim.com\/ford\/wp-content\/uploads\/2022\/07\/FORD_2024_PUMA_GEN-E_15-scaled-1-1280x960.avif 1280w, https:\/\/groupe-grim.com\/ford\/wp-content\/uploads\/2022\/07\/FORD_2024_PUMA_GEN-E_15-scaled-1-1920x1440.avif 1920w, https:\/\/groupe-grim.com\/ford\/wp-content\/uploads\/2022\/07\/FORD_2024_PUMA_GEN-E_15-scaled-1-2560x1920.avif 2560w, https:\/\/groupe-grim.com\/ford\/wp-content\/uploads\/2022\/07\/FORD_2024_PUMA_GEN-E_15-scaled-1.avif 2560w\" sizes=\"100vw\"><source type=\"image\/webp\" srcset=\"https:\/\/groupe-grim.com\/ford\/wp-content\/uploads\/2022\/07\/FORD_2024_PUMA_GEN-E_15-scaled-1-320x240.webp 320w, https:\/\/groupe-grim.com\/ford\/wp-content\/uploads\/2022\/07\/FORD_2024_PUMA_GEN-E_15-scaled-1-640x480.webp 640w, https:\/\/groupe-grim.com\/ford\/wp-content\/uploads\/2022\/07\/FORD_2024_PUMA_GEN-E_15-scaled-1-768x576.webp 768w, https:\/\/groupe-grim.com\/ford\/wp-content\/uploads\/2022\/07\/FORD_2024_PUMA_GEN-E_15-scaled-1-1280x960.webp 1280w, https:\/\/groupe-grim.com\/ford\/wp-content\/uploads\/2022\/07\/FORD_2024_PUMA_GEN-E_15-scaled-1-1920x1440.webp 1920w, https:\/\/groupe-grim.com\/ford\/wp-content\/uploads\/2022\/07\/FORD_2024_PUMA_GEN-E_15-scaled-1-2560x1920.webp 2560w, https:\/\/groupe-grim.com\/ford\/wp-content\/uploads\/2022\/07\/FORD_2024_PUMA_GEN-E_15-scaled-1.webp 2560w\" sizes=\"100vw\"><img src=\"https:\/\/groupe-grim.com\/ford\/wp-content\/uploads\/2022\/07\/FORD_2024_PUMA_GEN-E_15-scaled-1.jpg\" alt=\"FORD 2024 PUMA GEN E 15 scaled 1\" width=\"1024\" height=\"768\" loading=\"lazy\" decoding=\"async\" class=\"wp-image-56016\" srcset=\"https:\/\/groupe-grim.com\/ford\/wp-content\/uploads\/2022\/07\/FORD_2024_PUMA_GEN-E_15-scaled-1-320x240.jpg 320w, https:\/\/groupe-grim.com\/ford\/wp-content\/uploads\/2022\/07\/FORD_2024_PUMA_GEN-E_15-scaled-1-640x480.jpg 640w, https:\/\/groupe-grim.com\/ford\/wp-content\/uploads\/2022\/07\/FORD_2024_PUMA_GEN-E_15-scaled-1-768x576.jpg 768w, https:\/\/groupe-grim.com\/ford\/wp-content\/uploads\/2022\/07\/FORD_2024_PUMA_GEN-E_15-scaled-1-1280x960.jpg 1280w, https:\/\/groupe-grim.com\/ford\/wp-content\/uploads\/2022\/07\/FORD_2024_PUMA_GEN-E_15-scaled-1-1920x1440.jpg 1920w, https:\/\/groupe-grim.com\/ford\/wp-content\/uploads\/2022\/07\/FORD_2024_PUMA_GEN-E_15-scaled-1-2560x1920.jpg 2560w, https:\/\/groupe-grim.com\/ford\/wp-content\/uploads\/2022\/07\/FORD_2024_PUMA_GEN-E_15-scaled-1.jpg 2560w\" sizes=\"100vw\"><\/picture><\/a><figcaption class=\"wp-element-caption\">LICENSE EXPIRES: 2027-12-02 &#8211; LICENSE BY: Makerhouse LICENSE SCOPE: B &#8211; All non-broadcast digital and online media. REGION: Europe COPYRIGHT AND IMAGE RIGHTS: This content is solely for editorial use and for providing individual users with information. Any storage in databases, or any distribution to third parties within the scope of commercial use, or for commercial use is permitted with written consent from Ford of Europe only.<\/figcaption><\/figure>\n\n\n\n<h2 class=\"wp-block-heading\">L&rsquo;autonomie du nouveau Ford Puma GEN-E \u00e9lectrique<\/h2>\n\n\n\n<p>La nouvelle architecture \u00e9lectrique du <strong>Ford Puma Gen -E<\/strong> permet un fonctionnement tr\u00e8s efficace, comme le souligne de mani\u00e8re impressionnante la consommation d\u2019\u00e9nergie exceptionnellement faible de 13,1&nbsp;kWh\/100 km. <\/p>\n\n\n\n<p>Avec une autonomie WLTP allant jusqu\u2019\u00e0 376 kilom\u00e8tres, le <strong>Ford Puma Gen -E<\/strong> convient \u00e9galement pour les longs trajets. Pour les trajets uniquement en ville, un plein de batterie peut r\u00e9aliser jusqu\u2019\u00e0 523 kilom\u00e8tres. <\/p>\n\n\n\n<p>Sur une borne de recharge rapide en courant continu (CC), la batterie de traction du <strong> Ford Puma Gen-E<\/strong> passe de 10&nbsp;% \u00e0 80&nbsp;% de sa capacit\u00e9 en seulement 23 minutes<sup>(2)<\/sup>&nbsp;. Une charge de dix minutes<sup>(2)<\/sup>&nbsp;suffit \u00e0 fournir de l\u2019\u00e9nergie pour une autonomie suppl\u00e9mentaire de 124 kilom\u00e8tres.<\/p>\n\n\n\n<figure class=\"wp-block-image size-large\"><a href=\"https:\/\/groupe-grim.com\/ford\/wp-content\/uploads\/2024\/08\/c895030f-33f7-4aea-9b82-b87d1934529f-1.jpgwp-content\/uploads\/2023\/10\/photo-1652509573480-a190f1c61f6d-1.jpgwp-content\/uploads\/2022\/07\/FORD_2024_PUMA_GEN-E_03-scaled.jpg\"><picture><source type=\"image\/avif\" srcset=\"https:\/\/groupe-grim.com\/ford\/wp-content\/uploads\/2022\/07\/FORD_2024_PUMA_GEN-E_03-scaled-1-320x235.avif 320w, https:\/\/groupe-grim.com\/ford\/wp-content\/uploads\/2022\/07\/FORD_2024_PUMA_GEN-E_03-scaled-1-640x470.avif 640w, https:\/\/groupe-grim.com\/ford\/wp-content\/uploads\/2022\/07\/FORD_2024_PUMA_GEN-E_03-scaled-1-768x563.avif 768w, https:\/\/groupe-grim.com\/ford\/wp-content\/uploads\/2022\/07\/FORD_2024_PUMA_GEN-E_03-scaled-1-1280x939.avif 1280w, https:\/\/groupe-grim.com\/ford\/wp-content\/uploads\/2022\/07\/FORD_2024_PUMA_GEN-E_03-scaled-1-1920x1409.avif 1920w, https:\/\/groupe-grim.com\/ford\/wp-content\/uploads\/2022\/07\/FORD_2024_PUMA_GEN-E_03-scaled-1-2560x1878.avif 2560w, https:\/\/groupe-grim.com\/ford\/wp-content\/uploads\/2022\/07\/FORD_2024_PUMA_GEN-E_03-scaled-1.avif 2560w\" sizes=\"100vw\"><source type=\"image\/webp\" srcset=\"https:\/\/groupe-grim.com\/ford\/wp-content\/uploads\/2022\/07\/FORD_2024_PUMA_GEN-E_03-scaled-1-320x235.webp 320w, https:\/\/groupe-grim.com\/ford\/wp-content\/uploads\/2022\/07\/FORD_2024_PUMA_GEN-E_03-scaled-1-640x470.webp 640w, https:\/\/groupe-grim.com\/ford\/wp-content\/uploads\/2022\/07\/FORD_2024_PUMA_GEN-E_03-scaled-1-768x563.webp 768w, https:\/\/groupe-grim.com\/ford\/wp-content\/uploads\/2022\/07\/FORD_2024_PUMA_GEN-E_03-scaled-1-1280x939.webp 1280w, https:\/\/groupe-grim.com\/ford\/wp-content\/uploads\/2022\/07\/FORD_2024_PUMA_GEN-E_03-scaled-1-1920x1409.webp 1920w, https:\/\/groupe-grim.com\/ford\/wp-content\/uploads\/2022\/07\/FORD_2024_PUMA_GEN-E_03-scaled-1-2560x1878.webp 2560w, https:\/\/groupe-grim.com\/ford\/wp-content\/uploads\/2022\/07\/FORD_2024_PUMA_GEN-E_03-scaled-1.webp 2560w\" sizes=\"100vw\"><img src=\"https:\/\/groupe-grim.com\/ford\/wp-content\/uploads\/2022\/07\/FORD_2024_PUMA_GEN-E_03-scaled-1.jpg\" alt=\"pieces auto ford\" width=\"1024\" height=\"751\" loading=\"lazy\" decoding=\"async\" class=\"wp-image-56017\" title=\"pieces auto ford\" srcset=\"https:\/\/groupe-grim.com\/ford\/wp-content\/uploads\/2022\/07\/FORD_2024_PUMA_GEN-E_03-scaled-1-320x235.jpg 320w, https:\/\/groupe-grim.com\/ford\/wp-content\/uploads\/2022\/07\/FORD_2024_PUMA_GEN-E_03-scaled-1-640x470.jpg 640w, https:\/\/groupe-grim.com\/ford\/wp-content\/uploads\/2022\/07\/FORD_2024_PUMA_GEN-E_03-scaled-1-768x563.jpg 768w, https:\/\/groupe-grim.com\/ford\/wp-content\/uploads\/2022\/07\/FORD_2024_PUMA_GEN-E_03-scaled-1-1280x939.jpg 1280w, https:\/\/groupe-grim.com\/ford\/wp-content\/uploads\/2022\/07\/FORD_2024_PUMA_GEN-E_03-scaled-1-1920x1409.jpg 1920w, https:\/\/groupe-grim.com\/ford\/wp-content\/uploads\/2022\/07\/FORD_2024_PUMA_GEN-E_03-scaled-1-2560x1878.jpg 2560w, https:\/\/groupe-grim.com\/ford\/wp-content\/uploads\/2022\/07\/FORD_2024_PUMA_GEN-E_03-scaled-1.jpg 2560w\" sizes=\"100vw\"><\/picture><\/a><\/figure>\n\n\n\n<p> Si n\u00e9cessaire, le <strong>Ford Puma Gen -E<\/strong> transforme sa puissance en une capacit\u00e9 d\u2019acc\u00e9l\u00e9ration proche de celle du Puma ST&nbsp;: il ne lui faut que 8,0 secondes pour passer <strong>\u00e0 toute allure de 0 \u00e0 100 km\/h <\/strong>et sa conduite est tout aussi agile et divertissante gr\u00e2ce \u00e0 sa direction directe.<\/p>\n\n\n\n<h2 class=\"wp-block-heading\">Ford Puma Gen-E : De l&rsquo;espace \u00e0 profusion<\/h2>\n\n\n\n<p>Les performances et l\u2019efficacit\u00e9 du <strong> Ford Puma Gen-E<\/strong> sont un aspect de la m\u00e9daille, mais la cha\u00eene cin\u00e9matique \u00e9lectrique compacte permet \u00e9galement d\u2019augmenter le volume du coffre de ce crossover populaire. La MegaBox du coffre innovante, d\u00e9j\u00e0 connue, grandit pour devenir la nouvelle GigaBox, le volume du coffre du <strong>Ford Puma Gen -E<\/strong> passant ainsi \u00e0 523 litres<sup>(3)<\/sup>&nbsp;avec la banquette arri\u00e8re en position verticale \u2013 plus que ce que certains mod\u00e8les de SUV plus grands peuvent offrir. Un grand \u00ab&nbsp;frunk&nbsp;\u00bb de 43 litres&nbsp;<sup>(3)<\/sup>&nbsp;sous le capot du <strong> Ford Puma Gen-E<\/strong> avant cr\u00e9e un espace de rangement suppl\u00e9mentaire, l\u00e0 o\u00f9 se trouve normalement le moteur \u00e0 cylindres.<\/p>\n\n\n\n<p>Il est id\u00e9al pour le c\u00e2ble de recharge et l\u2019attelage amovible lorsque le compartiment \u00e0 bagages arri\u00e8re est d\u00e9j\u00e0 rempli.<\/p>\n\n\n\n<p><\/p>\n\n\n\n<h2 class=\"wp-block-heading\">Le design unique du <strong>Ford Puma Gen -E<\/strong><\/h2>\n\n\n\n<p>Le design ext\u00e9rieur du <strong> Ford Puma Gen-E<\/strong> reprend l\u2019allure des variantes du Puma \u00e0 propulsion conventionnelle \u00e9quip\u00e9es de moteurs \u00e0 essence Ford EcoBoost, mais Ford a affin\u00e9 son allure unique dans les d\u00e9tails. Au lieu d\u2019une calandre classique, le <strong>Ford Puma Gen -E<\/strong> dispose d\u2019un avant ferm\u00e9 qui lui conf\u00e8re une expression faciale moderne et pr\u00e9sente des similitudes avec la Ford Mustang Mach-E.<\/p>\n\n\n\n<p>Un nouveau spoiler arri\u00e8re sportif et des jantes en alliage l\u00e9ger au design a\u00e9rodynamique donnent d\u2019autres indications visuelles sur la propulsion 100&nbsp;% \u00e9lectrique du <strong> Ford Puma Gen-E<\/strong> \u2013 tout en augmentant l\u2019efficacit\u00e9 a\u00e9rodynamique, ce qui se traduit par une consommation \u00e9lectrique plus faible et une autonomie plus \u00e9lev\u00e9e.<\/p>\n\n\n\n<h2 class=\"wp-block-heading\">Ford Puma Gen-E : Un int\u00e9rieur alliant \u00e9l\u00e9gance et modernit\u00e9 <\/h2>\n\n\n\n<p>Dans l\u2019habitacle du <strong> Ford Puma Gen-E<\/strong> , la configuration moderne se retrouve \u00e9galement dans deux \u00e9crans haute r\u00e9solution. Lesquels s\u00e9duisent par leur positionnement particuli\u00e8rement ergonomique. La derni\u00e8re g\u00e9n\u00e9ration du syst\u00e8me d\u2019infodivertissement Ford SYNC 4 dispose de la navigation bas\u00e9e sur le cloud<sup>(4)<\/sup>. Les smartphones peuvent \u00eatre connect\u00e9s sans fil via Apple CarPlay et Android Auto<sup>(5)<\/sup>&nbsp;.<\/p>\n\n\n\n<p>La nouvelle console centrale du <strong>Ford Puma Gen -E<\/strong> sur\u00e9lev\u00e9e offre un maximum d\u2019espace de rangement pratique pour les petits objets du quotidien ainsi qu\u2019une station de recharge par induction<sup>(6)<\/sup>&nbsp;pour les smartphones compatibles. L\u2019accoudoir coulissant dans le sens de la longueur am\u00e9liore encore le confort d\u2019assise.<\/p>\n\n\n\n<figure class=\"wp-block-image size-large\"><a href=\"https:\/\/groupe-grim.com\/ford\/wp-content\/uploads\/2024\/08\/c895030f-33f7-4aea-9b82-b87d1934529f-1.jpgwp-content\/uploads\/2023\/10\/photo-1652509573480-a190f1c61f6d-1.jpgwp-content\/uploads\/2022\/07\/FORD_2024_PUMA_GEN-E_23-scaled.jpg\"><picture><source type=\"image\/avif\" srcset=\"https:\/\/groupe-grim.com\/ford\/wp-content\/uploads\/2022\/07\/FORD_2024_PUMA_GEN-E_23-scaled-1-320x240.avif 320w, https:\/\/groupe-grim.com\/ford\/wp-content\/uploads\/2022\/07\/FORD_2024_PUMA_GEN-E_23-scaled-1-640x480.avif 640w, https:\/\/groupe-grim.com\/ford\/wp-content\/uploads\/2022\/07\/FORD_2024_PUMA_GEN-E_23-scaled-1-768x576.avif 768w, https:\/\/groupe-grim.com\/ford\/wp-content\/uploads\/2022\/07\/FORD_2024_PUMA_GEN-E_23-scaled-1-1280x960.avif 1280w, https:\/\/groupe-grim.com\/ford\/wp-content\/uploads\/2022\/07\/FORD_2024_PUMA_GEN-E_23-scaled-1-1920x1440.avif 1920w, https:\/\/groupe-grim.com\/ford\/wp-content\/uploads\/2022\/07\/FORD_2024_PUMA_GEN-E_23-scaled-1-2560x1920.avif 2560w, https:\/\/groupe-grim.com\/ford\/wp-content\/uploads\/2022\/07\/FORD_2024_PUMA_GEN-E_23-scaled-1.avif 2560w\" sizes=\"100vw\"><source type=\"image\/webp\" srcset=\"https:\/\/groupe-grim.com\/ford\/wp-content\/uploads\/2022\/07\/FORD_2024_PUMA_GEN-E_23-scaled-1-320x240.webp 320w, https:\/\/groupe-grim.com\/ford\/wp-content\/uploads\/2022\/07\/FORD_2024_PUMA_GEN-E_23-scaled-1-640x480.webp 640w, https:\/\/groupe-grim.com\/ford\/wp-content\/uploads\/2022\/07\/FORD_2024_PUMA_GEN-E_23-scaled-1-768x576.webp 768w, https:\/\/groupe-grim.com\/ford\/wp-content\/uploads\/2022\/07\/FORD_2024_PUMA_GEN-E_23-scaled-1-1280x960.webp 1280w, https:\/\/groupe-grim.com\/ford\/wp-content\/uploads\/2022\/07\/FORD_2024_PUMA_GEN-E_23-scaled-1-1920x1440.webp 1920w, https:\/\/groupe-grim.com\/ford\/wp-content\/uploads\/2022\/07\/FORD_2024_PUMA_GEN-E_23-scaled-1-2560x1920.webp 2560w, https:\/\/groupe-grim.com\/ford\/wp-content\/uploads\/2022\/07\/FORD_2024_PUMA_GEN-E_23-scaled-1.webp 2560w\" sizes=\"100vw\"><img src=\"https:\/\/groupe-grim.com\/ford\/wp-content\/uploads\/2022\/07\/FORD_2024_PUMA_GEN-E_23-scaled-1.jpg\" alt=\"ford puma Gen-E\" width=\"1024\" height=\"768\" loading=\"lazy\" decoding=\"async\" class=\"wp-image-56019\" srcset=\"https:\/\/groupe-grim.com\/ford\/wp-content\/uploads\/2022\/07\/FORD_2024_PUMA_GEN-E_23-scaled-1-320x240.jpg 320w, https:\/\/groupe-grim.com\/ford\/wp-content\/uploads\/2022\/07\/FORD_2024_PUMA_GEN-E_23-scaled-1-640x480.jpg 640w, https:\/\/groupe-grim.com\/ford\/wp-content\/uploads\/2022\/07\/FORD_2024_PUMA_GEN-E_23-scaled-1-768x576.jpg 768w, https:\/\/groupe-grim.com\/ford\/wp-content\/uploads\/2022\/07\/FORD_2024_PUMA_GEN-E_23-scaled-1-1280x960.jpg 1280w, https:\/\/groupe-grim.com\/ford\/wp-content\/uploads\/2022\/07\/FORD_2024_PUMA_GEN-E_23-scaled-1-1920x1440.jpg 1920w, https:\/\/groupe-grim.com\/ford\/wp-content\/uploads\/2022\/07\/FORD_2024_PUMA_GEN-E_23-scaled-1-2560x1920.jpg 2560w, https:\/\/groupe-grim.com\/ford\/wp-content\/uploads\/2022\/07\/FORD_2024_PUMA_GEN-E_23-scaled-1.jpg 2560w\" sizes=\"100vw\"><\/picture><\/a><\/figure>\n\n\n\n<p>Le levier de vitesses simplifi\u00e9 \u00e0 commande \u00e9lectronique du <strong>Ford Puma Gen -E<\/strong> se loge juste derri\u00e8re le volant. Il se commande du bout des doigts et rend l\u2019enclenchement de la vitesse correspondante aussi simple que l\u2019actionnement du clignotant. La conduite \u00e0 p\u00e9dale unique du <strong>Ford Puma Gen -E<\/strong>, r\u00e9glable sur quatre niveaux de r\u00e9cup\u00e9ration, aide le v\u00e9hicule \u00e0 se mouvoir, surtout en ville.<\/p>\n\n\n\n<p>Disponible en option, le r\u00e9gulateur de vitesse adaptatif avec fonction Stop &amp; Go ainsi que le pilote de voie<sup>(7)<\/sup>&nbsp;fait acc\u00e9l\u00e9rer et freiner le <strong>Ford Puma Gen -E<\/strong> avec une telle douceur que la sensation est totalement naturelle. L\u2019assistant de vitesse du <strong>Ford Puma Gen -E<\/strong> anticipatif<sup>&nbsp;<\/sup>adapte la vitesse \u00e0 temps, par exemple avant les virages ou les ronds-points ainsi qu\u2019aux entr\u00e9es et sorties d\u2019autoroute. Dans la circulation urbaine, la cam\u00e9ra \u00e0 360 degr\u00e9s en option simplifie la t\u00e2che du conducteur&nbsp;: elle affiche une vue \u00e0 vol d\u2019oiseau des abords, ce qui facilite notamment les man\u0153uvres dans les parkings \u00e9troits.<\/p>\n\n\n\n<p>Dans le <strong>Ford Puma Gen -E<\/strong> <strong>Premium<\/strong>, les phares avant dot\u00e9s de la technologie LED \u00e0 matrice dynamique \u00e9clairent la route. Ils affichent en outre l\u2019\u00e9clairage pr\u00e9dictif en virage, qui dirige davantage de lumi\u00e8re l\u00e0 o\u00f9 elle est le plus n\u00e9cessaire. Le syst\u00e8me du <strong>Ford Puma Gen -E<\/strong> adapte le sch\u00e9ma d\u2019\u00e9clairage de mani\u00e8re optimale pour procurer la meilleure visibilit\u00e9 possible, que ce soit en ville ou sur une autoroute non \u00e9clair\u00e9e.<\/p>\n\n\n\n<h2 class=\"wp-block-heading\">Ford Puma Gen -E : La sucess story continue <\/h2>\n\n\n\n<p>\u00ab\u00a0Le Puma \u00e9crit une\u00a0<em>sucess story<\/em>\u00a0: nos clients aiment son design sportif et ses caract\u00e9ristiques de conduite dynamiques, tout comme son c\u00f4t\u00e9 pratique unique et le plus grand coffre de sa cat\u00e9gorie, souligne Jon Williams, directeur g\u00e9n\u00e9ral de Ford Blue et Model e en Europe. Avec le <strong>Ford Puma Gen -E<\/strong>, nous pr\u00e9sentons d\u00e8s maintenant le meilleur Puma \u00e0 ce jour. <\/p>\n\n\n\n<p>Il promet encore davantage de plaisir de conduire \u2013 qu\u2019il associe \u00e0 une cha\u00eene cin\u00e9matique \u00e9lectrique efficace sur le plan \u00e9nerg\u00e9tique. <strong>Gr\u00e2ce \u00e0 la nouvelle GigaBox du Ford Puma Gen -E,<\/strong> encore plus grande, le <strong>Ford Puma Gen -E<\/strong> brille en outre par son offre remarquable en termes de compartiment \u00e0 bagages.\u00a0\u00bb<\/p>\n\n\n\n<figure class=\"wp-block-image size-large\"><a href=\"https:\/\/groupe-grim.com\/ford\/wp-content\/uploads\/2024\/08\/c895030f-33f7-4aea-9b82-b87d1934529f-1.jpgwp-content\/uploads\/2023\/10\/photo-1652509573480-a190f1c61f6d-1.jpgwp-content\/uploads\/2022\/07\/FORD_2024_PUMA_GEN-E_20-scaled.jpg\"><picture><source type=\"image\/avif\" srcset=\"https:\/\/groupe-grim.com\/ford\/wp-content\/uploads\/2022\/07\/FORD_2024_PUMA_GEN-E_20-scaled-1-320x240.avif 320w, https:\/\/groupe-grim.com\/ford\/wp-content\/uploads\/2022\/07\/FORD_2024_PUMA_GEN-E_20-scaled-1-640x480.avif 640w, https:\/\/groupe-grim.com\/ford\/wp-content\/uploads\/2022\/07\/FORD_2024_PUMA_GEN-E_20-scaled-1-768x576.avif 768w, https:\/\/groupe-grim.com\/ford\/wp-content\/uploads\/2022\/07\/FORD_2024_PUMA_GEN-E_20-scaled-1-1280x960.avif 1280w, https:\/\/groupe-grim.com\/ford\/wp-content\/uploads\/2022\/07\/FORD_2024_PUMA_GEN-E_20-scaled-1-1920x1440.avif 1920w, https:\/\/groupe-grim.com\/ford\/wp-content\/uploads\/2022\/07\/FORD_2024_PUMA_GEN-E_20-scaled-1-2560x1920.avif 2560w, https:\/\/groupe-grim.com\/ford\/wp-content\/uploads\/2022\/07\/FORD_2024_PUMA_GEN-E_20-scaled-1.avif 2560w\" sizes=\"100vw\"><source type=\"image\/webp\" srcset=\"https:\/\/groupe-grim.com\/ford\/wp-content\/uploads\/2022\/07\/FORD_2024_PUMA_GEN-E_20-scaled-1-320x240.webp 320w, https:\/\/groupe-grim.com\/ford\/wp-content\/uploads\/2022\/07\/FORD_2024_PUMA_GEN-E_20-scaled-1-640x480.webp 640w, https:\/\/groupe-grim.com\/ford\/wp-content\/uploads\/2022\/07\/FORD_2024_PUMA_GEN-E_20-scaled-1-768x576.webp 768w, https:\/\/groupe-grim.com\/ford\/wp-content\/uploads\/2022\/07\/FORD_2024_PUMA_GEN-E_20-scaled-1-1280x960.webp 1280w, https:\/\/groupe-grim.com\/ford\/wp-content\/uploads\/2022\/07\/FORD_2024_PUMA_GEN-E_20-scaled-1-1920x1440.webp 1920w, https:\/\/groupe-grim.com\/ford\/wp-content\/uploads\/2022\/07\/FORD_2024_PUMA_GEN-E_20-scaled-1-2560x1920.webp 2560w, https:\/\/groupe-grim.com\/ford\/wp-content\/uploads\/2022\/07\/FORD_2024_PUMA_GEN-E_20-scaled-1.webp 2560w\" sizes=\"100vw\"><img src=\"https:\/\/groupe-grim.com\/ford\/wp-content\/uploads\/2022\/07\/FORD_2024_PUMA_GEN-E_20-scaled-1.jpg\" alt=\"pportes ouvertes automobiles\" width=\"1024\" height=\"768\" loading=\"lazy\" decoding=\"async\" class=\"wp-image-56023\" title=\"pportes ouvertes automobiles\" srcset=\"https:\/\/groupe-grim.com\/ford\/wp-content\/uploads\/2022\/07\/FORD_2024_PUMA_GEN-E_20-scaled-1-320x240.jpg 320w, https:\/\/groupe-grim.com\/ford\/wp-content\/uploads\/2022\/07\/FORD_2024_PUMA_GEN-E_20-scaled-1-640x480.jpg 640w, https:\/\/groupe-grim.com\/ford\/wp-content\/uploads\/2022\/07\/FORD_2024_PUMA_GEN-E_20-scaled-1-768x576.jpg 768w, https:\/\/groupe-grim.com\/ford\/wp-content\/uploads\/2022\/07\/FORD_2024_PUMA_GEN-E_20-scaled-1-1280x960.jpg 1280w, https:\/\/groupe-grim.com\/ford\/wp-content\/uploads\/2022\/07\/FORD_2024_PUMA_GEN-E_20-scaled-1-1920x1440.jpg 1920w, https:\/\/groupe-grim.com\/ford\/wp-content\/uploads\/2022\/07\/FORD_2024_PUMA_GEN-E_20-scaled-1-2560x1920.jpg 2560w, https:\/\/groupe-grim.com\/ford\/wp-content\/uploads\/2022\/07\/FORD_2024_PUMA_GEN-E_20-scaled-1.jpg 2560w\" sizes=\"100vw\"><\/picture><\/a><\/figure>\n\n\n\n<h2 class=\"wp-block-heading\">Le prix du nouveau  <strong>Ford Puma Gen-E<\/strong><\/h2>\n\n\n\n<p>Le Ford Puma Gen-E arrivera dans les concessions Ford en avril 2025. Il y sera propos\u00e9\u00a0<strong>\u00e0 partir de 33 990 \u20ac<\/strong> (tarif au 01\/101\/2025) .<\/p>\n\n\n\n<h2 class=\"wp-block-heading\">Lancement du Ford Puma Gen-E : une collaboration in\u00e9dite<\/h2>\n\n\n\n<p><strong>Paris, le 18 avril 2025 \u2013&nbsp;<\/strong>Mindshare (GroupM), Screenbase et VML annoncent le lancement d&rsquo;une nouvelle campagne pour le SUV Ford Puma Gen-E\u00ae. La signature \u00ab This Cat\u2019s Goes Electric \/ Le f\u00e9lin passe \u00e0 l&rsquo;\u00e9lectrique \u00bb, cr\u00e9\u00e9e par Wieden+Kennedy Londres, c\u00e9l\u00e8bre l&rsquo;arriv\u00e9e de ce nouveau mod\u00e8le 100% \u00e9lectrique. Best-seller de la marque en version thermique en France et en Europe, le nouveau Puma Gen-E\u00ae incarne l&rsquo;ambition de Ford de devenir un acteur majeur dans le domaine des v\u00e9hicules \u00e9lectriques et des technologies durables.<\/p>\n\n\n\n<p>Pour marquer cet \u00e9v\u00e9nement, Ford France en partenariat avec Mindshare (GroupM), Screenbase, VML et JCDecaux s&#8217;emparent de l&rsquo;iconique espace publicitaire \u00ab&nbsp;The Bridge&nbsp;\u00bb au Pont de Neuilly. Ce lieu embl\u00e9matique, qui a accueilli de nombreux lancements de v\u00e9hicules sur le march\u00e9 fran\u00e7ais, s&rsquo;appr\u00eate \u00e0 tirer sa r\u00e9v\u00e9rence. Pour ce dernier acte, Ford propose une exp\u00e9rience visuelle unique et m\u00e9morable pendant tout le mois d&rsquo;avril.<\/p>\n\n\n\n<p>En journ\u00e9e, les passants d\u00e9couvriront le visuel de la campagne d\u00e9velopp\u00e9e par les \u00e9quipes de VML. Mais c&rsquo;est \u00e0 la nuit tomb\u00e9e (de 19h \u00e0 00h et de 6h \u00e0 8h) que la magie op\u00e8re et que le f\u00e9lin prend vie&nbsp;! Surplombant les voies du Pont de Neuilly, deux grands yeux s&rsquo;animent dans l&rsquo;obscurit\u00e9. Ces yeux myst\u00e9rieux s&rsquo;\u00e9veillent et contemplent les passants cr\u00e9ant une exp\u00e9rience visuelle originale. Cette mise en sc\u00e8ne nocturne audacieuse rompt avec les codes traditionnels de la communication automobile et symbolise le passage \u00e0 l&rsquo;\u00e9lectrique du mod\u00e8le phare de Ford, tout en affirmant son caract\u00e8re r\u00e9solument urbain et contemporain.<\/p>\n\n\n\n<figure class=\"wp-block-embed is-type-video is-provider-youtube wp-block-embed-youtube wp-embed-aspect-16-9 wp-has-aspect-ratio\"><div class=\"wp-block-embed__wrapper\">\n<iframe loading=\"lazy\" title=\"Nouveau Puma Gen-E\u00ae | Le f\u00e9lin passe \u00e0 l\u2019\u00e9lectrique | Ford FR\" width=\"1240\" height=\"698\" src=\"https:\/\/www.youtube.com\/embed\/2QCJy3tuanA?feature=oembed\" frameborder=\"0\" allow=\"accelerometer; autoplay; clipboard-write; encrypted-media; gyroscope; picture-in-picture; web-share\" referrerpolicy=\"strict-origin-when-cross-origin\" allowfullscreen><\/iframe>\n<\/div><\/figure>\n\n\n\n<p>De la strat\u00e9gie digitale aux contenus immersifs, chaque \u00e9l\u00e9ment a \u00e9t\u00e9 con\u00e7u pour r\u00e9sonner aupr\u00e8s d&rsquo;un public global tout en refl\u00e9tant les valeurs fondamentales de Ford : innovation, performance et responsabilit\u00e9. Cette activation \u00e9v\u00e9nementielle s&rsquo;inscrit d\u2019ailleurs dans une campagne de communication globale qui sera d\u00e9ploy\u00e9e progressivement sur l&rsquo;ensemble des canaux m\u00e9dias : TV, digital, presse, affichage et radio.<\/p>\n\n\n\n<p>\u00ab&nbsp;<em>L\u2019innovation est profond\u00e9ment ancr\u00e9e dans l\u2019histoire de Ford. Alors quand l\u2019innovation se met \u00e9galement au service de la communication, nous ne pouvions qu\u2019\u00eatre s\u00e9duits par cette belle id\u00e9e en&nbsp;forme de clin d\u2019\u0153il \u00e0 l\u2019ADN de Puma Gen-E\u00ae, le dernier n\u00e9 de notre gamme 100% \u00e9lectrique,&nbsp;\u00bb&nbsp;<\/em>d\u00e9clare Franck Agnel, Directeur Communication et Digital &#8211; Ford France.<\/p>\n\n\n\n<p><em>\u00ab&nbsp;Les yeux lumineux qui s&rsquo;animent \u00e0 la nuit tomb\u00e9e incarnent parfaitement l&rsquo;esprit urbain du nouveau Puma Gen-E\u00ae et c&rsquo;est une belle fa\u00e7on de c\u00e9l\u00e9brer l&rsquo;avenir \u00e9lectrique de Ford en France,&nbsp;\u00bb<\/em>&nbsp;ajoute Franck Th\u00e9ry, Business Director pour WPP \/ Ford.<\/p>\n\n\n\n<p>Lieu : JCDecaux The Bridge &#8211; Pont de Neuilly<\/p>\n\n\n\n<p>P\u00e9riode : Du 1er au 30 avril 2025<\/p>\n\n\n\n<figure class=\"wp-block-image size-full\"><a href=\"https:\/\/groupe-grim.com\/ford\/wp-content\/uploads\/2024\/08\/c895030f-33f7-4aea-9b82-b87d1934529f-1.jpgwp-content\/uploads\/2023\/10\/photo-1652509573480-a190f1c61f6d-1.jpgwp-content\/uploads\/2024\/12\/image-2.png\"><picture><source type=\"image\/avif\" srcset=\"https:\/\/groupe-grim.com\/ford\/wp-content\/uploads\/2024\/12\/image-2-1-320x180.avif 320w, https:\/\/groupe-grim.com\/ford\/wp-content\/uploads\/2024\/12\/image-2-1-640x360.avif 640w, https:\/\/groupe-grim.com\/ford\/wp-content\/uploads\/2024\/12\/image-2-1-768x432.avif 768w, https:\/\/groupe-grim.com\/ford\/wp-content\/uploads\/2024\/12\/image-2-1.avif 881w\" sizes=\"100vw\"><source type=\"image\/webp\" srcset=\"https:\/\/groupe-grim.com\/ford\/wp-content\/uploads\/2024\/12\/image-2-1-320x180.webp 320w, https:\/\/groupe-grim.com\/ford\/wp-content\/uploads\/2024\/12\/image-2-1-640x360.webp 640w, https:\/\/groupe-grim.com\/ford\/wp-content\/uploads\/2024\/12\/image-2-1-768x432.webp 768w, https:\/\/groupe-grim.com\/ford\/wp-content\/uploads\/2024\/12\/image-2-1.webp 881w\" sizes=\"100vw\"><img src=\"https:\/\/groupe-grim.com\/ford\/wp-content\/uploads\/2024\/12\/image-2-1.png\" alt=\"puma gen-E JCDECAUX\" width=\"881\" height=\"495\" loading=\"lazy\" decoding=\"async\" class=\"wp-image-59050\" title=\"image\" srcset=\"https:\/\/groupe-grim.com\/ford\/wp-content\/uploads\/2024\/12\/image-2-1-320x180.png 320w, https:\/\/groupe-grim.com\/ford\/wp-content\/uploads\/2024\/12\/image-2-1-640x360.png 640w, https:\/\/groupe-grim.com\/ford\/wp-content\/uploads\/2024\/12\/image-2-1-768x432.png 768w, https:\/\/groupe-grim.com\/ford\/wp-content\/uploads\/2024\/12\/image-2-1.png 881w\" sizes=\"100vw\"><\/picture><\/a><\/figure>\n\n\n\n<h2 class=\"wp-block-heading\"><br>Comment recharger le Ford Puma Gen-E ?<\/h2>\n\n\n\n<p>Comme tous les autres v\u00e9hicules \u00e9lectriques, vous pourrez recharger votre <strong><strong>Ford Puma Gen -E<\/strong><\/strong> avec des bornes de recharge ou directement chez vous.<\/p>\n\n\n\n<p>Il existe plusieurs fa\u00e7ons de charger un<strong> Ford Puma Gen -E<\/strong> La premi\u00e8re est de charger \u00e0 domicile en utilisant une prise domestique standard. Il est recommand\u00e9 d&rsquo;utiliser un chargeur de voiture \u00e9lectrique pour acc\u00e9l\u00e9rer le processus de charge.<\/p>\n\n\n\n<p>Ce type de chargeur peut \u00eatre achet\u00e9 aupr\u00e8s de votre concessionnaire <strong>Ford ou chez un revendeur agr\u00e9\u00e9. <\/strong>Il est \u00e9galement possible de charger en<strong> utilisant des bornes de recharge publique<\/strong>, qui sont de plus en plus disponibles <strong><a href=\"https:\/\/fr.chargemap.com\/\" target=\"_blank\" rel=\"noopener\">dans les parkings publics, les centres commerciaux et les stations-service.<\/a><\/strong><\/p>\n\n\n\n<p>Ces bornes utilisent g\u00e9n\u00e9ralement<strong> un connecteur de type 2 ou CCS pour connecter la voiture \u00e0 la borne.<\/strong> Il est important de v\u00e9rifier la compatibilit\u00e9 de la borne avec votre v\u00e9hicule avant de commencer \u00e0 charger. <\/p>\n\n\n\n<p>&nbsp;<\/p>\n\n\n\n<figure class=\"wp-block-embed is-type-video is-provider-youtube wp-block-embed-youtube wp-embed-aspect-16-9 wp-has-aspect-ratio\"><div class=\"wp-block-embed__wrapper\">\nhttps:\/\/www.youtube.com\/watch?v=Gr9y7XPhMOI\n<\/div><\/figure>\n\n\n\n<p><\/p>","protected":false},"excerpt":{"rendered":"<p>Le nouveau Ford Puma Gen-E poursuit sa success story en version 100% \u00e9lectrique : \u00ab Notre feuille de route vers un futur 100% \u00e9lectrique est une absolue n\u00e9cessit\u00e9 pour Ford car nous devons non seulement anticiper et r\u00e9pondre aux besoins de mobilit\u00e9 et d\u2019innovation des clients europ\u00e9ens mais \u00e9galement prendre soin de notre plan\u00e8te en [&hellip;]<\/p>\n","protected":false},"author":6,"featured_media":56005,"parent":0,"comment_status":"closed","ping_status":"closed","sticky":false,"template":"","format":"standard","meta":{"_acf_changed":false,"footnotes":""},"categories":[10,237],"tags":[],"class_list":["post-31711","post","type-post","status-publish","format-standard","has-post-thumbnail","hentry","category-feature","category-puma"],"acf":[],"_links":{"self":[{"href":"https:\/\/groupe-grim.com\/ford\/wp-json\/wp\/v2\/posts\/31711","targetHints":{"allow":["GET"]}}],"collection":[{"href":"https:\/\/groupe-grim.com\/ford\/wp-json\/wp\/v2\/posts"}],"about":[{"href":"https:\/\/groupe-grim.com\/ford\/wp-json\/wp\/v2\/types\/post"}],"author":[{"embeddable":true,"href":"https:\/\/groupe-grim.com\/ford\/wp-json\/wp\/v2\/users\/6"}],"replies":[{"embeddable":true,"href":"https:\/\/groupe-grim.com\/ford\/wp-json\/wp\/v2\/comments?post=31711"}],"version-history":[{"count":4,"href":"https:\/\/groupe-grim.com\/ford\/wp-json\/wp\/v2\/posts\/31711\/revisions"}],"predecessor-version":[{"id":64741,"href":"https:\/\/groupe-grim.com\/ford\/wp-json\/wp\/v2\/posts\/31711\/revisions\/64741"}],"wp:featuredmedia":[{"embeddable":true,"href":"https:\/\/groupe-grim.com\/ford\/wp-json\/wp\/v2\/media\/56005"}],"wp:attachment":[{"href":"https:\/\/groupe-grim.com\/ford\/wp-json\/wp\/v2\/media?parent=31711"}],"wp:term":[{"taxonomy":"category","embeddable":true,"href":"https:\/\/groupe-grim.com\/ford\/wp-json\/wp\/v2\/categories?post=31711"},{"taxonomy":"post_tag","embeddable":true,"href":"https:\/\/groupe-grim.com\/ford\/wp-json\/wp\/v2\/tags?post=31711"}],"curies":[{"name":"wp","href":"https:\/\/api.w.org\/{rel}","templated":true}]}}