{"id":57152,"date":"2025-10-07T16:04:41","date_gmt":"2025-10-07T14:04:41","guid":{"rendered":"https:\/\/groupe-grim.com\/ford\/?p=57152"},"modified":"2026-02-06T11:06:39","modified_gmt":"2026-02-06T10:06:39","slug":"gamme-electrique-ford","status":"publish","type":"post","link":"https:\/\/groupe-grim.com\/ford\/gamme-electrique-ford\/","title":{"rendered":"Gamme \u00c9lectrique Ford : D\u00e9couvrez Nos Mod\u00e8les 100% \u00c9lectriques"},"content":{"rendered":"\n<h2 class=\"wp-block-heading\"><strong>Ford et l&rsquo;\u00c9lectrification : L&rsquo;Avenir de l&rsquo;Automobile<\/strong><\/h2>\n\n\n\n<p>Avec sa <strong>gamme \u00e9lectrique Ford,<\/strong> la marque s&rsquo;engage pleinement dans la transition vers une mobilit\u00e9 100%. Que vous recherchiez une voiture particuli\u00e8re moderne ou un utilitaire adapt\u00e9 aux professionnels, Ford propose des solutions \u00e9lectriques, <strong>innovantes et performantes<\/strong> adapt\u00e9es \u00e0 tous les besoins.<\/p>\n\n\n\n<p>D\u00e9couvrez la <strong>gamme \u00e9lectrique Ford<\/strong> , con\u00e7u pour allier performance, autonomie et technologies avanc\u00e9es, tout en pr\u00e9cisant votre empreinte carbone et vos co\u00fbts d&rsquo;utilisation.<\/p>\n\n\n\n<figure class=\"wp-block-image size-large\"><a href=\"https:\/\/groupe-grim.com\/ford\/wp-content\/uploads\/2024\/08\/c895030f-33f7-4aea-9b82-b87d1934529f-1.jpgwp-content\/uploads\/2023\/10\/photo-1652509573480-a190f1c61f6d-1.jpgwp-content\/uploads\/2025\/02\/Ford_EV-Range_PumaGenE_ElectricExplorer_ElectricCapri_Mustang-Mach-E-LOW.jpg\"><\/a><\/figure>\n\n\n\n<h2 class=\"wp-block-heading\"><strong>Pourquoi Choisir un V\u00e9hicule \u00c9lectrique Ford ?<\/strong><\/h2>\n\n\n\n<p>Adopter un v\u00e9hicule \u00e9lectrique Ford, c&rsquo;est b\u00e9n\u00e9ficier de nombreux avantages :<\/p>\n\n\n\n<ul class=\"wp-block-list\">\n<li><strong>Z\u00e9ro \u00e9mission<\/strong> : Acc\u00e9dez aux <strong>zones \u00e0 \u00e9missions faibles (ZFE)<\/strong> et r\u00e9duisez votre impact environnemental.<\/li>\n\n\n\n<li><strong>\u00c9conomies sur le carburant<\/strong> : Rechargez votre v\u00e9hicule \u00e0 moindre co\u00fbt par rapport aux carburants fossiles.<\/li>\n\n\n\n<li><strong>Co\u00fbt d&rsquo;entretien r\u00e9duit<\/strong> : Moins de pi\u00e8ces m\u00e9caniques = moins de frais d&rsquo;entretien.<\/li>\n\n\n\n<li><strong>Confort de conduite<\/strong> : Une exp\u00e9rience fluide, silencieuse et r\u00e9active.<\/li>\n\n\n\n<li><strong>Recharge rapide<\/strong> : Jusqu&rsquo;\u00e0 80 % d&rsquo;autonomie r\u00e9cup\u00e9r\u00e9e en <strong>moins de 30 minutes<\/strong> sur les bornes haute puissance.<\/li>\n\n\n\n<li><strong>Primes et aides financi\u00e8res<\/strong> : B\u00e9n\u00e9ficiez du <strong>bonus \u00e9cologique<\/strong> et de diverses incitations \u00e0 l&rsquo;achat.<\/li>\n\n\n\n<li>Profitez de v\u00e9hicules performants et de technologies innovantes<\/li>\n<\/ul>\n\n\n\n<h2 class=\"wp-block-heading\"><strong>Gamme \u00c9lectrique Ford Particuliers : Des Mod\u00e8les pour Tous<\/strong><\/h2>\n\n\n\n<p>Ford propose une gamme compl\u00e8te de v\u00e9hicules \u00e9lectriques pour les particuliers, alliant design, autonomie et technologies de pointe.<\/p>\n\n\n\n<h3 class=\"wp-block-heading\"><strong>Ford Mustang Mach-E : La Puissance 100% \u00c9lectrique<\/strong><\/h3>\n\n\n\n<p>Le <strong><a href=\"https:\/\/groupe-grim.com\/ford\/wp-content\/uploads\/2024\/08\/c895030f-33f7-4aea-9b82-b87d1934529f-1.jpgwp-content\/uploads\/2023\/10\/photo-1652509573480-a190f1c61f6d-1.jpgmustang-mach-e-electrique\/\">Mustang Mach-E<\/a><\/strong> est le SUV sportif \u00e9lectrique par excellence il fait partie de la gamme electrique Ford, offrant des performances dignes de l&rsquo;ADN Mustang.<\/p>\n\n\n\n<ul class=\"wp-block-list\">\n<li><strong>Autonomie<\/strong> : Jusqu&rsquo;\u00e0 <strong>600 km<\/strong> (WLTP).<\/li>\n\n\n\n<li><strong>Motorisations<\/strong> : Propulsion (RWD) ou transmission int\u00e9grale (AWD).<\/li>\n\n\n\n<li><strong>Performances<\/strong> : Jusqu&rsquo;\u00e0 <strong>487 ch<\/strong> et un <strong>0 \u00e0 100 km\/h en 3,7 secondes<\/strong> sur la version GT.<\/li>\n\n\n\n<li><strong>Technologies avanc\u00e9es<\/strong> : Grand \u00e9cran tactile 15,5\u00a0\u00bb, Ford SYNC 4, r\u00e9gulateur adaptatif.<\/li>\n<\/ul>\n\n\n\n<figure class=\"wp-block-image size-large\"><a href=\"https:\/\/groupe-grim.com\/ford\/wp-content\/uploads\/2024\/08\/c895030f-33f7-4aea-9b82-b87d1934529f-1.jpgwp-content\/uploads\/2023\/10\/photo-1652509573480-a190f1c61f6d-1.jpgwp-content\/uploads\/2025\/02\/2021_FORD_MACH-E_Norway_05-LOW.jpg\"><picture><source type=\"image\/avif\" srcset=\"https:\/\/groupe-grim.com\/ford\/wp-content\/uploads\/2025\/02\/2021_FORD_MACH-E_Norway_05-LOW-1-320x214.avif 320w, https:\/\/groupe-grim.com\/ford\/wp-content\/uploads\/2025\/02\/2021_FORD_MACH-E_Norway_05-LOW-1-640x427.avif 640w, https:\/\/groupe-grim.com\/ford\/wp-content\/uploads\/2025\/02\/2021_FORD_MACH-E_Norway_05-LOW-1-768x513.avif 768w, https:\/\/groupe-grim.com\/ford\/wp-content\/uploads\/2025\/02\/2021_FORD_MACH-E_Norway_05-LOW-1-1280x854.avif 1280w, https:\/\/groupe-grim.com\/ford\/wp-content\/uploads\/2025\/02\/2021_FORD_MACH-E_Norway_05-LOW-1-1920x1282.avif 1920w, https:\/\/groupe-grim.com\/ford\/wp-content\/uploads\/2025\/02\/2021_FORD_MACH-E_Norway_05-LOW-1.avif 2048w\" sizes=\"100vw\"><source type=\"image\/webp\" srcset=\"https:\/\/groupe-grim.com\/ford\/wp-content\/uploads\/2025\/02\/2021_FORD_MACH-E_Norway_05-LOW-1-320x214.webp 320w, https:\/\/groupe-grim.com\/ford\/wp-content\/uploads\/2025\/02\/2021_FORD_MACH-E_Norway_05-LOW-1-640x427.webp 640w, https:\/\/groupe-grim.com\/ford\/wp-content\/uploads\/2025\/02\/2021_FORD_MACH-E_Norway_05-LOW-1-768x513.webp 768w, https:\/\/groupe-grim.com\/ford\/wp-content\/uploads\/2025\/02\/2021_FORD_MACH-E_Norway_05-LOW-1-1280x854.webp 1280w, https:\/\/groupe-grim.com\/ford\/wp-content\/uploads\/2025\/02\/2021_FORD_MACH-E_Norway_05-LOW-1-1920x1282.webp 1920w, https:\/\/groupe-grim.com\/ford\/wp-content\/uploads\/2025\/02\/2021_FORD_MACH-E_Norway_05-LOW-1.webp 2048w\" sizes=\"100vw\"><img src=\"https:\/\/groupe-grim.com\/ford\/wp-content\/uploads\/2025\/02\/2021_FORD_MACH-E_Norway_05-LOW-1.jpg\" alt=\"gamme \u00e9lectrique ford \" width=\"1024\" height=\"684\" loading=\"lazy\" decoding=\"async\" class=\"wp-image-57240\" title=\"2021_FORD_MACH-E_Norway_05-LOW\" srcset=\"https:\/\/groupe-grim.com\/ford\/wp-content\/uploads\/2025\/02\/2021_FORD_MACH-E_Norway_05-LOW-1-320x214.jpg 320w, https:\/\/groupe-grim.com\/ford\/wp-content\/uploads\/2025\/02\/2021_FORD_MACH-E_Norway_05-LOW-1-640x427.jpg 640w, https:\/\/groupe-grim.com\/ford\/wp-content\/uploads\/2025\/02\/2021_FORD_MACH-E_Norway_05-LOW-1-768x513.jpg 768w, https:\/\/groupe-grim.com\/ford\/wp-content\/uploads\/2025\/02\/2021_FORD_MACH-E_Norway_05-LOW-1-1280x854.jpg 1280w, https:\/\/groupe-grim.com\/ford\/wp-content\/uploads\/2025\/02\/2021_FORD_MACH-E_Norway_05-LOW-1-1920x1282.jpg 1920w, https:\/\/groupe-grim.com\/ford\/wp-content\/uploads\/2025\/02\/2021_FORD_MACH-E_Norway_05-LOW-1.jpg 2048w\" sizes=\"100vw\"><\/picture><\/a><\/figure>\n\n\n\n<h3 class=\"wp-block-heading\"><strong>Ford Explorer \u00c9lectrique : Le Nouveau SUV Familial<\/strong><\/h3>\n\n\n\n<p>Le<a href=\"https:\/\/groupe-grim.com\/ford\/wp-content\/uploads\/2024\/08\/c895030f-33f7-4aea-9b82-b87d1934529f-1.jpgwp-content\/uploads\/2023\/10\/photo-1652509573480-a190f1c61f6d-1.jpgnouveau-ford-explorer-electrique\/\"> <strong>Ford Explorer<\/strong> 100% \u00e9lectrique<\/a> allie espace, autonomie et innovation pour les familles et les aventuriers.<\/p>\n\n\n\n<ul class=\"wp-block-list\">\n<li><strong>Autonomie<\/strong> : Jusqu&rsquo;\u00e0 <strong>500 km<\/strong> (WLTP).<\/li>\n\n\n\n<li><strong>Recharge rapide<\/strong> : 10 \u00e0 80 % en <strong>25 minutes<\/strong> .<\/li>\n\n\n\n<li><strong>Grand espace int\u00e9rieur<\/strong> : SUV spacieux, id\u00e9al pour les longs voyages.<\/li>\n<\/ul>\n\n\n\n<figure class=\"wp-block-image size-large\"><a href=\"https:\/\/groupe-grim.com\/ford\/wp-content\/uploads\/2024\/08\/c895030f-33f7-4aea-9b82-b87d1934529f-1.jpgwp-content\/uploads\/2023\/10\/photo-1652509573480-a190f1c61f6d-1.jpgwp-content\/uploads\/2025\/02\/FORD_EXPLORER_ARCTIC_BLUE_75-LOW.jpg\"><picture><source type=\"image\/avif\" srcset=\"https:\/\/groupe-grim.com\/ford\/wp-content\/uploads\/2025\/02\/FORD_EXPLORER_ARCTIC_BLUE_75-LOW-1-320x213.avif 320w, https:\/\/groupe-grim.com\/ford\/wp-content\/uploads\/2025\/02\/FORD_EXPLORER_ARCTIC_BLUE_75-LOW-1-640x427.avif 640w, https:\/\/groupe-grim.com\/ford\/wp-content\/uploads\/2025\/02\/FORD_EXPLORER_ARCTIC_BLUE_75-LOW-1-768x512.avif 768w, https:\/\/groupe-grim.com\/ford\/wp-content\/uploads\/2025\/02\/FORD_EXPLORER_ARCTIC_BLUE_75-LOW-1-1280x854.avif 1280w, https:\/\/groupe-grim.com\/ford\/wp-content\/uploads\/2025\/02\/FORD_EXPLORER_ARCTIC_BLUE_75-LOW-1-1920x1281.avif 1920w, https:\/\/groupe-grim.com\/ford\/wp-content\/uploads\/2025\/02\/FORD_EXPLORER_ARCTIC_BLUE_75-LOW-1.avif 2048w\" sizes=\"100vw\"><source type=\"image\/webp\" srcset=\"https:\/\/groupe-grim.com\/ford\/wp-content\/uploads\/2025\/02\/FORD_EXPLORER_ARCTIC_BLUE_75-LOW-1-320x213.webp 320w, https:\/\/groupe-grim.com\/ford\/wp-content\/uploads\/2025\/02\/FORD_EXPLORER_ARCTIC_BLUE_75-LOW-1-640x427.webp 640w, https:\/\/groupe-grim.com\/ford\/wp-content\/uploads\/2025\/02\/FORD_EXPLORER_ARCTIC_BLUE_75-LOW-1-768x512.webp 768w, https:\/\/groupe-grim.com\/ford\/wp-content\/uploads\/2025\/02\/FORD_EXPLORER_ARCTIC_BLUE_75-LOW-1-1280x854.webp 1280w, https:\/\/groupe-grim.com\/ford\/wp-content\/uploads\/2025\/02\/FORD_EXPLORER_ARCTIC_BLUE_75-LOW-1-1920x1281.webp 1920w, https:\/\/groupe-grim.com\/ford\/wp-content\/uploads\/2025\/02\/FORD_EXPLORER_ARCTIC_BLUE_75-LOW-1.webp 2048w\" sizes=\"100vw\"><img src=\"https:\/\/groupe-grim.com\/ford\/wp-content\/uploads\/2025\/02\/FORD_EXPLORER_ARCTIC_BLUE_75-LOW-1.jpg\" alt=\"FORD EXPLORER ARCTIC BLUE 75 LOW 1\" width=\"1024\" height=\"683\" loading=\"lazy\" decoding=\"async\" class=\"wp-image-57239\" srcset=\"https:\/\/groupe-grim.com\/ford\/wp-content\/uploads\/2025\/02\/FORD_EXPLORER_ARCTIC_BLUE_75-LOW-1-320x213.jpg 320w, https:\/\/groupe-grim.com\/ford\/wp-content\/uploads\/2025\/02\/FORD_EXPLORER_ARCTIC_BLUE_75-LOW-1-640x427.jpg 640w, https:\/\/groupe-grim.com\/ford\/wp-content\/uploads\/2025\/02\/FORD_EXPLORER_ARCTIC_BLUE_75-LOW-1-768x512.jpg 768w, https:\/\/groupe-grim.com\/ford\/wp-content\/uploads\/2025\/02\/FORD_EXPLORER_ARCTIC_BLUE_75-LOW-1-1280x854.jpg 1280w, https:\/\/groupe-grim.com\/ford\/wp-content\/uploads\/2025\/02\/FORD_EXPLORER_ARCTIC_BLUE_75-LOW-1-1920x1281.jpg 1920w, https:\/\/groupe-grim.com\/ford\/wp-content\/uploads\/2025\/02\/FORD_EXPLORER_ARCTIC_BLUE_75-LOW-1.jpg 2048w\" sizes=\"100vw\"><\/picture><\/a><\/figure>\n\n\n\n<h3 class=\"wp-block-heading\"><strong>Ford Capri \u00c9lectrique : L&rsquo;ic\u00f4ne Rena\u00eet en \u00c9lectrique<\/strong> <em>(Nouveau mod\u00e8le 2024)<\/em><\/h3>\n\n\n\n<p>La <strong>Ford Capri \u00e9lectrique<\/strong> revisite un mod\u00e8le embl\u00e9matique en combinant style r\u00e9tro et technologie moderne.<\/p>\n\n\n\n<ul class=\"wp-block-list\">\n<li><strong>Autonomie<\/strong> : Environ <strong>600 km<\/strong> (WLTP).<\/li>\n\n\n\n<li><strong>Performances<\/strong> : Motorisations puissantes avec acc\u00e9l\u00e9rations instantan\u00e9es jusqu&rsquo;a <strong>340 ch<\/strong><\/li>\n\n\n\n<li><strong>Technologie num\u00e9rique embarqu\u00e9e<\/strong> : Grand \u00e9cran central, cockpit, conduite assist\u00e9e.<\/li>\n<\/ul>\n\n\n\n<figure class=\"wp-block-image size-large\"><a href=\"https:\/\/groupe-grim.com\/ford\/wp-content\/uploads\/2024\/08\/c895030f-33f7-4aea-9b82-b87d1934529f-1.jpgwp-content\/uploads\/2023\/10\/photo-1652509573480-a190f1c61f6d-1.jpgwp-content\/uploads\/2025\/02\/2024_FORD_CAPRI_Magnetic_37-LOW.jpg\"><picture><source type=\"image\/avif\" srcset=\"https:\/\/groupe-grim.com\/ford\/wp-content\/uploads\/2025\/02\/2024_FORD_CAPRI_Magnetic_37-LOW-1-320x213.avif 320w, https:\/\/groupe-grim.com\/ford\/wp-content\/uploads\/2025\/02\/2024_FORD_CAPRI_Magnetic_37-LOW-1-640x427.avif 640w, https:\/\/groupe-grim.com\/ford\/wp-content\/uploads\/2025\/02\/2024_FORD_CAPRI_Magnetic_37-LOW-1-768x512.avif 768w, https:\/\/groupe-grim.com\/ford\/wp-content\/uploads\/2025\/02\/2024_FORD_CAPRI_Magnetic_37-LOW-1-1280x854.avif 1280w, https:\/\/groupe-grim.com\/ford\/wp-content\/uploads\/2025\/02\/2024_FORD_CAPRI_Magnetic_37-LOW-1-1920x1281.avif 1920w, https:\/\/groupe-grim.com\/ford\/wp-content\/uploads\/2025\/02\/2024_FORD_CAPRI_Magnetic_37-LOW-1.avif 2048w\" sizes=\"100vw\"><source type=\"image\/webp\" srcset=\"https:\/\/groupe-grim.com\/ford\/wp-content\/uploads\/2025\/02\/2024_FORD_CAPRI_Magnetic_37-LOW-1-320x213.webp 320w, https:\/\/groupe-grim.com\/ford\/wp-content\/uploads\/2025\/02\/2024_FORD_CAPRI_Magnetic_37-LOW-1-640x427.webp 640w, https:\/\/groupe-grim.com\/ford\/wp-content\/uploads\/2025\/02\/2024_FORD_CAPRI_Magnetic_37-LOW-1-768x512.webp 768w, https:\/\/groupe-grim.com\/ford\/wp-content\/uploads\/2025\/02\/2024_FORD_CAPRI_Magnetic_37-LOW-1-1280x854.webp 1280w, https:\/\/groupe-grim.com\/ford\/wp-content\/uploads\/2025\/02\/2024_FORD_CAPRI_Magnetic_37-LOW-1-1920x1281.webp 1920w, https:\/\/groupe-grim.com\/ford\/wp-content\/uploads\/2025\/02\/2024_FORD_CAPRI_Magnetic_37-LOW-1.webp 2048w\" sizes=\"100vw\"><img src=\"https:\/\/groupe-grim.com\/ford\/wp-content\/uploads\/2025\/02\/2024_FORD_CAPRI_Magnetic_37-LOW-1.jpg\" alt=\"2024_FORD_CAPRI_Magnetic_37-LOW\" width=\"1024\" height=\"683\" loading=\"lazy\" decoding=\"async\" class=\"wp-image-57238\" title=\"2024_FORD_CAPRI_Magnetic_37-LOW\" srcset=\"https:\/\/groupe-grim.com\/ford\/wp-content\/uploads\/2025\/02\/2024_FORD_CAPRI_Magnetic_37-LOW-1-320x213.jpg 320w, https:\/\/groupe-grim.com\/ford\/wp-content\/uploads\/2025\/02\/2024_FORD_CAPRI_Magnetic_37-LOW-1-640x427.jpg 640w, https:\/\/groupe-grim.com\/ford\/wp-content\/uploads\/2025\/02\/2024_FORD_CAPRI_Magnetic_37-LOW-1-768x512.jpg 768w, https:\/\/groupe-grim.com\/ford\/wp-content\/uploads\/2025\/02\/2024_FORD_CAPRI_Magnetic_37-LOW-1-1280x854.jpg 1280w, https:\/\/groupe-grim.com\/ford\/wp-content\/uploads\/2025\/02\/2024_FORD_CAPRI_Magnetic_37-LOW-1-1920x1281.jpg 1920w, https:\/\/groupe-grim.com\/ford\/wp-content\/uploads\/2025\/02\/2024_FORD_CAPRI_Magnetic_37-LOW-1.jpg 2048w\" sizes=\"100vw\"><\/picture><\/a><\/figure>\n\n\n\n<h3 class=\"wp-block-heading\"><strong><a href=\"https:\/\/groupe-grim.com\/ford\/wp-content\/uploads\/2024\/08\/c895030f-33f7-4aea-9b82-b87d1934529f-1.jpgwp-content\/uploads\/2023\/10\/photo-1652509573480-a190f1c61f6d-1.jpgford-puma-gen-e\/\">Ford Puma Gen-E <\/a>: Le SUV Urbain 100% \u00c9lectrique<\/strong> <\/h3>\n\n\n\n<p>Compact et polyvalent, le tant attendu <strong>Ford Puma Gen-E<\/strong> est pens\u00e9 pour la ville tout en offrant une belle autonomie, il fait enfin parti de la gamme \u00e9lectrique Ford\/<\/p>\n\n\n\n<ul class=\"wp-block-list\">\n<li><strong>Autonomie<\/strong> : Jusqu&rsquo;\u00e0 <strong>376 km<\/strong> (WLTP) e.<\/li>\n\n\n\n<li><strong>Recharge rapide<\/strong> : 10 \u00e0 80 % en <strong>23 minutes<\/strong> .<\/li>\n\n\n\n<li><strong>Coffre avant pratique<\/strong> : 43 litres de rangement suppl\u00e9mentaire.<\/li>\n<\/ul>\n\n\n\n<figure class=\"wp-block-image size-large\"><a href=\"https:\/\/groupe-grim.com\/ford\/wp-content\/uploads\/2024\/08\/c895030f-33f7-4aea-9b82-b87d1934529f-1.jpgwp-content\/uploads\/2023\/10\/photo-1652509573480-a190f1c61f6d-1.jpgwp-content\/uploads\/2025\/02\/FORD_2024_PUMA_GEN-E_10-LOW.jpg\"><picture><source type=\"image\/avif\" srcset=\"https:\/\/groupe-grim.com\/ford\/wp-content\/uploads\/2025\/02\/FORD_2024_PUMA_GEN-E_10-LOW-1-320x240.avif 320w, https:\/\/groupe-grim.com\/ford\/wp-content\/uploads\/2025\/02\/FORD_2024_PUMA_GEN-E_10-LOW-1-640x480.avif 640w, https:\/\/groupe-grim.com\/ford\/wp-content\/uploads\/2025\/02\/FORD_2024_PUMA_GEN-E_10-LOW-1-768x576.avif 768w, https:\/\/groupe-grim.com\/ford\/wp-content\/uploads\/2025\/02\/FORD_2024_PUMA_GEN-E_10-LOW-1-1280x960.avif 1280w, https:\/\/groupe-grim.com\/ford\/wp-content\/uploads\/2025\/02\/FORD_2024_PUMA_GEN-E_10-LOW-1-1920x1440.avif 1920w, https:\/\/groupe-grim.com\/ford\/wp-content\/uploads\/2025\/02\/FORD_2024_PUMA_GEN-E_10-LOW-1.avif 2048w\" sizes=\"100vw\"><source type=\"image\/webp\" srcset=\"https:\/\/groupe-grim.com\/ford\/wp-content\/uploads\/2025\/02\/FORD_2024_PUMA_GEN-E_10-LOW-1-320x240.webp 320w, https:\/\/groupe-grim.com\/ford\/wp-content\/uploads\/2025\/02\/FORD_2024_PUMA_GEN-E_10-LOW-1-640x480.webp 640w, https:\/\/groupe-grim.com\/ford\/wp-content\/uploads\/2025\/02\/FORD_2024_PUMA_GEN-E_10-LOW-1-768x576.webp 768w, https:\/\/groupe-grim.com\/ford\/wp-content\/uploads\/2025\/02\/FORD_2024_PUMA_GEN-E_10-LOW-1-1280x960.webp 1280w, https:\/\/groupe-grim.com\/ford\/wp-content\/uploads\/2025\/02\/FORD_2024_PUMA_GEN-E_10-LOW-1-1920x1440.webp 1920w, https:\/\/groupe-grim.com\/ford\/wp-content\/uploads\/2025\/02\/FORD_2024_PUMA_GEN-E_10-LOW-1.webp 2048w\" sizes=\"100vw\"><img src=\"https:\/\/groupe-grim.com\/ford\/wp-content\/uploads\/2025\/02\/FORD_2024_PUMA_GEN-E_10-LOW-1.jpg\" alt=\"gamme electrique ford\" width=\"1024\" height=\"768\" loading=\"lazy\" decoding=\"async\" class=\"wp-image-57237\" title=\"leasing social 2025\" srcset=\"https:\/\/groupe-grim.com\/ford\/wp-content\/uploads\/2025\/02\/FORD_2024_PUMA_GEN-E_10-LOW-1-320x240.jpg 320w, https:\/\/groupe-grim.com\/ford\/wp-content\/uploads\/2025\/02\/FORD_2024_PUMA_GEN-E_10-LOW-1-640x480.jpg 640w, https:\/\/groupe-grim.com\/ford\/wp-content\/uploads\/2025\/02\/FORD_2024_PUMA_GEN-E_10-LOW-1-768x576.jpg 768w, https:\/\/groupe-grim.com\/ford\/wp-content\/uploads\/2025\/02\/FORD_2024_PUMA_GEN-E_10-LOW-1-1280x960.jpg 1280w, https:\/\/groupe-grim.com\/ford\/wp-content\/uploads\/2025\/02\/FORD_2024_PUMA_GEN-E_10-LOW-1-1920x1440.jpg 1920w, https:\/\/groupe-grim.com\/ford\/wp-content\/uploads\/2025\/02\/FORD_2024_PUMA_GEN-E_10-LOW-1.jpg 2048w\" sizes=\"100vw\"><\/picture><\/a><\/figure>\n\n\n\n<div class=\"wp-block-buttons is-layout-flex wp-block-buttons-is-layout-flex\">\n<div class=\"wp-block-button\"><a class=\"wp-block-button__link has-text-align-center wp-element-button\" href=\"https:\/\/www.groupe-grim.com\/rendez-vous\/ford.html\"><strong>R\u00e9server un essai<\/strong><\/a><\/div>\n<\/div>\n\n\n\n<h2 class=\"wp-block-heading\"><strong>Gamme \u00c9lectrique Ford Utilitaire : Des V\u00e9hicules 100% \u00c9lectriques pour les Professionnels<\/strong><\/h2>\n\n\n\n<p>Ford met l&rsquo;\u00e9lectrique au service des professionnels avec des utilitaires performants et \u00e9conomiques.<\/p>\n\n\n\n<h3 class=\"wp-block-heading\"><strong>Ford E-Transit : L&rsquo;Utilitaire \u00c9lectrique R\u00e9f\u00e9rence<\/strong><\/h3>\n\n\n\n<p>Le <a href=\"https:\/\/groupe-grim.com\/ford\/wp-content\/uploads\/2024\/08\/c895030f-33f7-4aea-9b82-b87d1934529f-1.jpgwp-content\/uploads\/2023\/10\/photo-1652509573480-a190f1c61f6d-1.jpge-transit\/\"><strong>Ford E-Transit<\/strong> <\/a>r\u00e9volutionne le transport professionnel avec une autonomie \u00e9tendue et une capacit\u00e9 de charge optimis\u00e9e.<\/p>\n\n\n\n<ul class=\"wp-block-list\">\n<li><strong>Autonomie<\/strong> : Jusqu&rsquo;\u00e0 <strong>317 km<\/strong> (WLTP).<\/li>\n\n\n\n<li><strong>Charge utile<\/strong> : Jusqu&rsquo;\u00e0 <strong>1 758 kg<\/strong> .<\/li>\n\n\n\n<li><strong>Technologies embarqu\u00e9es<\/strong> : Ford ProPower Onboard pour alimenter des outils \u00e9lectriques.<\/li>\n<\/ul>\n\n\n\n<figure class=\"wp-block-image size-large\"><a href=\"https:\/\/groupe-grim.com\/ford\/wp-content\/uploads\/2024\/08\/c895030f-33f7-4aea-9b82-b87d1934529f-1.jpgwp-content\/uploads\/2023\/10\/photo-1652509573480-a190f1c61f6d-1.jpgwp-content\/uploads\/2025\/02\/E-TRANSIT_GREY_MATTER_L3H2_350_06-LOW.jpg\"><picture><source type=\"image\/avif\" srcset=\"https:\/\/groupe-grim.com\/ford\/wp-content\/uploads\/2025\/02\/E-TRANSIT_GREY_MATTER_L3H2_350_06-LOW-1-320x213.avif 320w, https:\/\/groupe-grim.com\/ford\/wp-content\/uploads\/2025\/02\/E-TRANSIT_GREY_MATTER_L3H2_350_06-LOW-1-640x427.avif 640w, https:\/\/groupe-grim.com\/ford\/wp-content\/uploads\/2025\/02\/E-TRANSIT_GREY_MATTER_L3H2_350_06-LOW-1-768x512.avif 768w, https:\/\/groupe-grim.com\/ford\/wp-content\/uploads\/2025\/02\/E-TRANSIT_GREY_MATTER_L3H2_350_06-LOW-1-1280x854.avif 1280w, https:\/\/groupe-grim.com\/ford\/wp-content\/uploads\/2025\/02\/E-TRANSIT_GREY_MATTER_L3H2_350_06-LOW-1-1920x1281.avif 1920w, https:\/\/groupe-grim.com\/ford\/wp-content\/uploads\/2025\/02\/E-TRANSIT_GREY_MATTER_L3H2_350_06-LOW-1.avif 2048w\" sizes=\"100vw\"><source type=\"image\/webp\" srcset=\"https:\/\/groupe-grim.com\/ford\/wp-content\/uploads\/2025\/02\/E-TRANSIT_GREY_MATTER_L3H2_350_06-LOW-1-320x213.webp 320w, https:\/\/groupe-grim.com\/ford\/wp-content\/uploads\/2025\/02\/E-TRANSIT_GREY_MATTER_L3H2_350_06-LOW-1-640x427.webp 640w, https:\/\/groupe-grim.com\/ford\/wp-content\/uploads\/2025\/02\/E-TRANSIT_GREY_MATTER_L3H2_350_06-LOW-1-768x512.webp 768w, https:\/\/groupe-grim.com\/ford\/wp-content\/uploads\/2025\/02\/E-TRANSIT_GREY_MATTER_L3H2_350_06-LOW-1-1280x854.webp 1280w, https:\/\/groupe-grim.com\/ford\/wp-content\/uploads\/2025\/02\/E-TRANSIT_GREY_MATTER_L3H2_350_06-LOW-1-1920x1281.webp 1920w, https:\/\/groupe-grim.com\/ford\/wp-content\/uploads\/2025\/02\/E-TRANSIT_GREY_MATTER_L3H2_350_06-LOW-1.webp 2048w\" sizes=\"100vw\"><img src=\"https:\/\/groupe-grim.com\/ford\/wp-content\/uploads\/2025\/02\/E-TRANSIT_GREY_MATTER_L3H2_350_06-LOW-1.jpg\" alt=\"transit custom\" width=\"1024\" height=\"683\" loading=\"lazy\" decoding=\"async\" class=\"wp-image-57236\" title=\"transit custom\" srcset=\"https:\/\/groupe-grim.com\/ford\/wp-content\/uploads\/2025\/02\/E-TRANSIT_GREY_MATTER_L3H2_350_06-LOW-1-320x213.jpg 320w, https:\/\/groupe-grim.com\/ford\/wp-content\/uploads\/2025\/02\/E-TRANSIT_GREY_MATTER_L3H2_350_06-LOW-1-640x427.jpg 640w, https:\/\/groupe-grim.com\/ford\/wp-content\/uploads\/2025\/02\/E-TRANSIT_GREY_MATTER_L3H2_350_06-LOW-1-768x512.jpg 768w, https:\/\/groupe-grim.com\/ford\/wp-content\/uploads\/2025\/02\/E-TRANSIT_GREY_MATTER_L3H2_350_06-LOW-1-1280x854.jpg 1280w, https:\/\/groupe-grim.com\/ford\/wp-content\/uploads\/2025\/02\/E-TRANSIT_GREY_MATTER_L3H2_350_06-LOW-1-1920x1281.jpg 1920w, https:\/\/groupe-grim.com\/ford\/wp-content\/uploads\/2025\/02\/E-TRANSIT_GREY_MATTER_L3H2_350_06-LOW-1.jpg 2048w\" sizes=\"100vw\"><\/picture><\/a><\/figure>\n\n\n\n<h3 class=\"wp-block-heading\"><strong>Ford E-Transit Custom : L&rsquo;Utilitaire Compact et \u00c9lectrique<\/strong><\/h3>\n\n\n\n<p>Id\u00e9al pour les professionnels en milieu urbain, le <strong>E-Transit Custom<\/strong> allie performance et agilit\u00e9.<\/p>\n\n\n\n<ul class=\"wp-block-list\">\n<li><strong>Autonomie<\/strong> : Jusqu&rsquo;\u00e0 <strong>380 km<\/strong> (WLTP).<\/li>\n\n\n\n<li><strong>Recharge rapide<\/strong> : 10 \u00e0 80 % en <strong>moins de 30 minutes<\/strong> .<\/li>\n\n\n\n<li><strong>Capacit\u00e9 de charge optimis\u00e9e<\/strong> : Adapt\u00e9 aux professionnels exigeants.<\/li>\n<\/ul>\n\n\n\n<figure class=\"wp-block-image size-large\"><a href=\"https:\/\/groupe-grim.com\/ford\/wp-content\/uploads\/2024\/08\/c895030f-33f7-4aea-9b82-b87d1934529f-1.jpgwp-content\/uploads\/2023\/10\/photo-1652509573480-a190f1c61f6d-1.jpgwp-content\/uploads\/2025\/02\/Custom_Sport_Van_L1H1_Digital_Aqua_Blue_001-LOW.jpg\"><picture><source type=\"image\/avif\" srcset=\"https:\/\/groupe-grim.com\/ford\/wp-content\/uploads\/2025\/02\/Custom_Sport_Van_L1H1_Digital_Aqua_Blue_001-LOW-1-320x213.avif 320w, https:\/\/groupe-grim.com\/ford\/wp-content\/uploads\/2025\/02\/Custom_Sport_Van_L1H1_Digital_Aqua_Blue_001-LOW-1-640x427.avif 640w, https:\/\/groupe-grim.com\/ford\/wp-content\/uploads\/2025\/02\/Custom_Sport_Van_L1H1_Digital_Aqua_Blue_001-LOW-1-768x512.avif 768w, https:\/\/groupe-grim.com\/ford\/wp-content\/uploads\/2025\/02\/Custom_Sport_Van_L1H1_Digital_Aqua_Blue_001-LOW-1-1280x854.avif 1280w, https:\/\/groupe-grim.com\/ford\/wp-content\/uploads\/2025\/02\/Custom_Sport_Van_L1H1_Digital_Aqua_Blue_001-LOW-1-1920x1281.avif 1920w, https:\/\/groupe-grim.com\/ford\/wp-content\/uploads\/2025\/02\/Custom_Sport_Van_L1H1_Digital_Aqua_Blue_001-LOW-1.avif 2048w\" sizes=\"100vw\"><source type=\"image\/webp\" srcset=\"https:\/\/groupe-grim.com\/ford\/wp-content\/uploads\/2025\/02\/Custom_Sport_Van_L1H1_Digital_Aqua_Blue_001-LOW-1-320x213.webp 320w, https:\/\/groupe-grim.com\/ford\/wp-content\/uploads\/2025\/02\/Custom_Sport_Van_L1H1_Digital_Aqua_Blue_001-LOW-1-640x427.webp 640w, https:\/\/groupe-grim.com\/ford\/wp-content\/uploads\/2025\/02\/Custom_Sport_Van_L1H1_Digital_Aqua_Blue_001-LOW-1-768x512.webp 768w, https:\/\/groupe-grim.com\/ford\/wp-content\/uploads\/2025\/02\/Custom_Sport_Van_L1H1_Digital_Aqua_Blue_001-LOW-1-1280x854.webp 1280w, https:\/\/groupe-grim.com\/ford\/wp-content\/uploads\/2025\/02\/Custom_Sport_Van_L1H1_Digital_Aqua_Blue_001-LOW-1-1920x1281.webp 1920w, https:\/\/groupe-grim.com\/ford\/wp-content\/uploads\/2025\/02\/Custom_Sport_Van_L1H1_Digital_Aqua_Blue_001-LOW-1.webp 2048w\" sizes=\"100vw\"><img src=\"https:\/\/groupe-grim.com\/ford\/wp-content\/uploads\/2025\/02\/Custom_Sport_Van_L1H1_Digital_Aqua_Blue_001-LOW-1.jpg\" alt=\"Custom_Sport_Van_L1H1_Digital_Aqua_Blue_001-LOW\" width=\"1024\" height=\"683\" loading=\"lazy\" decoding=\"async\" class=\"wp-image-57235\" title=\"Custom_Sport_Van_L1H1_Digital_Aqua_Blue_001-LOW\" srcset=\"https:\/\/groupe-grim.com\/ford\/wp-content\/uploads\/2025\/02\/Custom_Sport_Van_L1H1_Digital_Aqua_Blue_001-LOW-1-320x213.jpg 320w, https:\/\/groupe-grim.com\/ford\/wp-content\/uploads\/2025\/02\/Custom_Sport_Van_L1H1_Digital_Aqua_Blue_001-LOW-1-640x427.jpg 640w, https:\/\/groupe-grim.com\/ford\/wp-content\/uploads\/2025\/02\/Custom_Sport_Van_L1H1_Digital_Aqua_Blue_001-LOW-1-768x512.jpg 768w, https:\/\/groupe-grim.com\/ford\/wp-content\/uploads\/2025\/02\/Custom_Sport_Van_L1H1_Digital_Aqua_Blue_001-LOW-1-1280x854.jpg 1280w, https:\/\/groupe-grim.com\/ford\/wp-content\/uploads\/2025\/02\/Custom_Sport_Van_L1H1_Digital_Aqua_Blue_001-LOW-1-1920x1281.jpg 1920w, https:\/\/groupe-grim.com\/ford\/wp-content\/uploads\/2025\/02\/Custom_Sport_Van_L1H1_Digital_Aqua_Blue_001-LOW-1.jpg 2048w\" sizes=\"100vw\"><\/picture><\/a><\/figure>\n\n\n\n<h3 class=\"wp-block-heading\"><strong>Ford E-Transit Courier : L&rsquo;Utilitaire Compact et Pratique<\/strong><\/h3>\n\n\n\n<p>Le <strong>E-Transit Courier<\/strong> est parfait pour les livraisons en ville gr\u00e2ce \u00e0 sa maniabilit\u00e9 et son espace de chargement intelligent.<\/p>\n\n\n\n<ul class=\"wp-block-list\">\n<li><strong>Autonomie<\/strong> : Jusqu&rsquo;\u00e0 <strong>315 km<\/strong> (WLTP).<\/li>\n\n\n\n<li><strong>Espace de chargement<\/strong> : Volume optimis\u00e9 pour maximiser le transport de marchandises.<\/li>\n\n\n\n<li><strong>Id\u00e9al pour les centres-villes<\/strong> : Acc\u00e8s facilit\u00e9 aux <strong>zones \u00e0 \u00e9missions faibles (ZFE)<\/strong> .<\/li>\n<\/ul>\n\n\n\n<figure class=\"wp-block-image size-large\"><a href=\"https:\/\/groupe-grim.com\/ford\/wp-content\/uploads\/2024\/08\/c895030f-33f7-4aea-9b82-b87d1934529f-1.jpgwp-content\/uploads\/2023\/10\/photo-1652509573480-a190f1c61f6d-1.jpgwp-content\/uploads\/2025\/02\/2023_FORD_E-TRANSIT_COURIER_01-LOW.jpg\"><picture><source type=\"image\/avif\" srcset=\"https:\/\/groupe-grim.com\/ford\/wp-content\/uploads\/2025\/02\/2023_FORD_E-TRANSIT_COURIER_01-LOW-1-320x213.avif 320w, https:\/\/groupe-grim.com\/ford\/wp-content\/uploads\/2025\/02\/2023_FORD_E-TRANSIT_COURIER_01-LOW-1-640x427.avif 640w, https:\/\/groupe-grim.com\/ford\/wp-content\/uploads\/2025\/02\/2023_FORD_E-TRANSIT_COURIER_01-LOW-1-768x512.avif 768w, https:\/\/groupe-grim.com\/ford\/wp-content\/uploads\/2025\/02\/2023_FORD_E-TRANSIT_COURIER_01-LOW-1-1280x854.avif 1280w, https:\/\/groupe-grim.com\/ford\/wp-content\/uploads\/2025\/02\/2023_FORD_E-TRANSIT_COURIER_01-LOW-1-1920x1281.avif 1920w, https:\/\/groupe-grim.com\/ford\/wp-content\/uploads\/2025\/02\/2023_FORD_E-TRANSIT_COURIER_01-LOW-1.avif 2048w\" sizes=\"100vw\"><source type=\"image\/webp\" srcset=\"https:\/\/groupe-grim.com\/ford\/wp-content\/uploads\/2025\/02\/2023_FORD_E-TRANSIT_COURIER_01-LOW-1-320x213.webp 320w, https:\/\/groupe-grim.com\/ford\/wp-content\/uploads\/2025\/02\/2023_FORD_E-TRANSIT_COURIER_01-LOW-1-640x427.webp 640w, https:\/\/groupe-grim.com\/ford\/wp-content\/uploads\/2025\/02\/2023_FORD_E-TRANSIT_COURIER_01-LOW-1-768x512.webp 768w, https:\/\/groupe-grim.com\/ford\/wp-content\/uploads\/2025\/02\/2023_FORD_E-TRANSIT_COURIER_01-LOW-1-1280x854.webp 1280w, https:\/\/groupe-grim.com\/ford\/wp-content\/uploads\/2025\/02\/2023_FORD_E-TRANSIT_COURIER_01-LOW-1-1920x1281.webp 1920w, https:\/\/groupe-grim.com\/ford\/wp-content\/uploads\/2025\/02\/2023_FORD_E-TRANSIT_COURIER_01-LOW-1.webp 2048w\" sizes=\"100vw\"><img src=\"https:\/\/groupe-grim.com\/ford\/wp-content\/uploads\/2025\/02\/2023_FORD_E-TRANSIT_COURIER_01-LOW-1.jpg\" alt=\"2023_FORD_E-TRANSIT_COURIER_01-LOW\" width=\"1024\" height=\"683\" loading=\"lazy\" decoding=\"async\" class=\"wp-image-57234\" title=\"2023_FORD_E-TRANSIT_COURIER_01-LOW\" srcset=\"https:\/\/groupe-grim.com\/ford\/wp-content\/uploads\/2025\/02\/2023_FORD_E-TRANSIT_COURIER_01-LOW-1-320x213.jpg 320w, https:\/\/groupe-grim.com\/ford\/wp-content\/uploads\/2025\/02\/2023_FORD_E-TRANSIT_COURIER_01-LOW-1-640x427.jpg 640w, https:\/\/groupe-grim.com\/ford\/wp-content\/uploads\/2025\/02\/2023_FORD_E-TRANSIT_COURIER_01-LOW-1-768x512.jpg 768w, https:\/\/groupe-grim.com\/ford\/wp-content\/uploads\/2025\/02\/2023_FORD_E-TRANSIT_COURIER_01-LOW-1-1280x854.jpg 1280w, https:\/\/groupe-grim.com\/ford\/wp-content\/uploads\/2025\/02\/2023_FORD_E-TRANSIT_COURIER_01-LOW-1-1920x1281.jpg 1920w, https:\/\/groupe-grim.com\/ford\/wp-content\/uploads\/2025\/02\/2023_FORD_E-TRANSIT_COURIER_01-LOW-1.jpg 2048w\" sizes=\"100vw\"><\/picture><\/a><\/figure>\n\n\n\n<h2 class=\"wp-block-heading\"><strong>\ud83d\udccdO\u00f9 Recharger votre V\u00e9hicule \u00c9lectrique Ford ?<\/strong><\/h2>\n\n\n\n<p>Ford facilite la recharge de votre v\u00e9hicule gr\u00e2ce \u00e0 plusieurs solutions :<\/p>\n\n\n\n<ul class=\"wp-block-list\">\n<li><strong>\u00c0 domicile<\/strong> : Installation d&rsquo;une <strong>borne <\/strong><a href=\"https:\/\/www.ford.fr\/support\/tutoriel\/vehicules-electriques\/recharge-a-domicile\/comment-configurer-une-ford-wallbox-et-la-connecter-a-fordpass\" target=\"_blank\" rel=\"noopener\"><strong>Ford Wallbox<\/strong> <\/a>pour une recharge rapide et s\u00e9curis\u00e9e.<\/li>\n\n\n\n<li><strong>Sur la route<\/strong> : Acc\u00e8s au <strong>r\u00e9seau BlueOval\u2122 Charge<\/strong> , avec plus de <strong>600 000 bornes en Europe<\/strong> .<\/li>\n\n\n\n<li><strong>Bornes ultra-rapides<\/strong> : Recharge de <strong>10 \u00e0 80 % en moins de 30 minutes<\/strong> .<\/li>\n<\/ul>\n\n\n\n<h2 class=\"wp-block-heading\"><strong> Passez \u00e0 l&rsquo;\u00c9lectrique avec Ford d\u00e8s Aujourd&rsquo;hui !<\/strong><\/h2>\n","protected":false},"excerpt":{"rendered":"<p>Ford et l&rsquo;\u00c9lectrification : L&rsquo;Avenir de l&rsquo;Automobile Avec sa gamme \u00e9lectrique Ford, la marque s&rsquo;engage pleinement dans la transition vers une mobilit\u00e9 100%. Que vous recherchiez une voiture particuli\u00e8re moderne ou un utilitaire adapt\u00e9 aux professionnels, Ford propose des solutions \u00e9lectriques, innovantes et performantes adapt\u00e9es \u00e0 tous les besoins. D\u00e9couvrez la gamme \u00e9lectrique Ford , [&hellip;]<\/p>\n","protected":false},"author":6,"featured_media":57232,"parent":0,"comment_status":"closed","ping_status":"closed","sticky":false,"template":"","format":"standard","meta":{"_acf_changed":false,"footnotes":""},"categories":[10,48],"tags":[],"class_list":["post-57152","post","type-post","status-publish","format-standard","has-post-thumbnail","hentry","category-feature","category-feature-entreprise"],"acf":[],"_links":{"self":[{"href":"https:\/\/groupe-grim.com\/ford\/wp-json\/wp\/v2\/posts\/57152","targetHints":{"allow":["GET"]}}],"collection":[{"href":"https:\/\/groupe-grim.com\/ford\/wp-json\/wp\/v2\/posts"}],"about":[{"href":"https:\/\/groupe-grim.com\/ford\/wp-json\/wp\/v2\/types\/post"}],"author":[{"embeddable":true,"href":"https:\/\/groupe-grim.com\/ford\/wp-json\/wp\/v2\/users\/6"}],"replies":[{"embeddable":true,"href":"https:\/\/groupe-grim.com\/ford\/wp-json\/wp\/v2\/comments?post=57152"}],"version-history":[{"count":3,"href":"https:\/\/groupe-grim.com\/ford\/wp-json\/wp\/v2\/posts\/57152\/revisions"}],"predecessor-version":[{"id":63364,"href":"https:\/\/groupe-grim.com\/ford\/wp-json\/wp\/v2\/posts\/57152\/revisions\/63364"}],"wp:featuredmedia":[{"embeddable":true,"href":"https:\/\/groupe-grim.com\/ford\/wp-json\/wp\/v2\/media\/57232"}],"wp:attachment":[{"href":"https:\/\/groupe-grim.com\/ford\/wp-json\/wp\/v2\/media?parent=57152"}],"wp:term":[{"taxonomy":"category","embeddable":true,"href":"https:\/\/groupe-grim.com\/ford\/wp-json\/wp\/v2\/categories?post=57152"},{"taxonomy":"post_tag","embeddable":true,"href":"https:\/\/groupe-grim.com\/ford\/wp-json\/wp\/v2\/tags?post=57152"}],"curies":[{"name":"wp","href":"https:\/\/api.w.org\/{rel}","templated":true}]}}