{"id":63421,"date":"2026-01-16T15:34:19","date_gmt":"2026-01-16T14:34:19","guid":{"rendered":"https:\/\/groupe-grim.com\/ford\/?p=63421"},"modified":"2026-01-16T15:34:23","modified_gmt":"2026-01-16T14:34:23","slug":"ford-transit-4","status":"publish","type":"post","link":"https:\/\/groupe-grim.com\/ford\/ford-transit-4\/","title":{"rendered":"Ford Transit : Tout savoir sur la gamme de v\u00e9hicules utilitaires Ford en 2026"},"content":{"rendered":"\n<p>Le terme <strong><a href=\"https:\/\/www.ford.fr\/utilitaires-et-pick-up\" target=\"_blank\" rel=\"noopener\">Ford Transit<\/a><\/strong> ne d\u00e9signe plus un simple utilitaire. En 2026, il repr\u00e9sente <strong>l\u2019\u00e9cosyst\u00e8me complet des v\u00e9hicules utilitaires Ford<\/strong>, pens\u00e9 pour r\u00e9pondre \u00e0 l\u2019ensemble des usages professionnels modernes. Livraison urbaine, artisanat, transport longue distance, flottes d\u2019entreprise ou activit\u00e9s en conditions difficiles : la <strong>gamme Transit Ford<\/strong> couvre tous les besoins avec une logique claire, structur\u00e9e et \u00e9volutive.<\/p>\n\n\n\n<p>Ford a construit cette gamme autour d\u2019un principe fondamental : <strong>chaque m\u00e9tier a des contraintes sp\u00e9cifiques<\/strong>, et chaque professionnel doit disposer d\u2019un v\u00e9hicule parfaitement adapt\u00e9 \u00e0 son activit\u00e9. En 2026, la gamme Transit se compose de plusieurs mod\u00e8les compl\u00e9mentaires, chacun occupant un r\u00f4le pr\u00e9cis, du plus compact au plus robuste.<\/p>\n\n\n\n<h2 class=\"wp-block-heading\">Une vision utilitaire pens\u00e9e pour les professionnels<\/h2>\n\n\n\n<p>La philosophie<strong> Ford Transit<\/strong> repose sur une approche pragmatique du v\u00e9hicule utilitaire. En 2026, Ford consid\u00e8re l\u2019utilitaire comme un <strong>outil de travail \u00e0 part enti\u00e8re<\/strong>, destin\u00e9 \u00e0 accompagner les professionnels au quotidien. Chaque mod\u00e8le de la gamme a \u00e9t\u00e9 con\u00e7u pour optimiser le temps, l\u2019efficacit\u00e9 et la rentabilit\u00e9 des activit\u00e9s professionnelles.<\/p>\n\n\n\n<p>Cette approche se traduit par une grande diversit\u00e9 de formats, de volumes et de configurations, mais aussi par une attention particuli\u00e8re port\u00e9e \u00e0 l\u2019ergonomie du poste de conduite, \u00e0 la facilit\u00e9 de chargement et \u00e0 la durabilit\u00e9 des v\u00e9hicules. Le Transit n\u2019est pas seulement con\u00e7u pour transporter, il est pens\u00e9 pour travailler.<\/p>\n\n\n\n<figure class=\"wp-block-image size-full\"><picture><source type=\"image\/avif\" srcset=\"https:\/\/groupe-grim.com\/ford\/wp-content\/uploads\/2025\/10\/Gamme-Ford-Transit-electrified-320x146.avif 320w, https:\/\/groupe-grim.com\/ford\/wp-content\/uploads\/2025\/10\/Gamme-Ford-Transit-electrified-640x292.avif 640w, https:\/\/groupe-grim.com\/ford\/wp-content\/uploads\/2025\/10\/Gamme-Ford-Transit-electrified-768x350.avif 768w, https:\/\/groupe-grim.com\/ford\/wp-content\/uploads\/2025\/10\/Gamme-Ford-Transit-electrified-1280x584.avif 1280w, https:\/\/groupe-grim.com\/ford\/wp-content\/uploads\/2025\/10\/Gamme-Ford-Transit-electrified-1920x876.avif 1920w, https:\/\/groupe-grim.com\/ford\/wp-content\/uploads\/2025\/10\/Gamme-Ford-Transit-electrified.avif 1947w\" sizes=\"100vw\"><source type=\"image\/webp\" srcset=\"https:\/\/groupe-grim.com\/ford\/wp-content\/uploads\/2025\/10\/Gamme-Ford-Transit-electrified-320x146.webp 320w, https:\/\/groupe-grim.com\/ford\/wp-content\/uploads\/2025\/10\/Gamme-Ford-Transit-electrified-640x292.webp 640w, https:\/\/groupe-grim.com\/ford\/wp-content\/uploads\/2025\/10\/Gamme-Ford-Transit-electrified-768x350.webp 768w, https:\/\/groupe-grim.com\/ford\/wp-content\/uploads\/2025\/10\/Gamme-Ford-Transit-electrified-1280x584.webp 1280w, https:\/\/groupe-grim.com\/ford\/wp-content\/uploads\/2025\/10\/Gamme-Ford-Transit-electrified-1920x876.webp 1920w, https:\/\/groupe-grim.com\/ford\/wp-content\/uploads\/2025\/10\/Gamme-Ford-Transit-electrified.webp 1947w\" sizes=\"100vw\"><img src=\"https:\/\/groupe-grim.com\/ford\/wp-content\/uploads\/2025\/10\/Gamme-Ford-Transit-electrified.jpg\" alt=\"Gamme Ford Transit \" width=\"1024\" height=\"467\" loading=\"lazy\" decoding=\"async\" class=\"wp-image-60952\" title=\"Gamme Ford Transit\" srcset=\"https:\/\/groupe-grim.com\/ford\/wp-content\/uploads\/2025\/10\/Gamme-Ford-Transit-electrified-320x146.jpg 320w, https:\/\/groupe-grim.com\/ford\/wp-content\/uploads\/2025\/10\/Gamme-Ford-Transit-electrified-640x292.jpg 640w, https:\/\/groupe-grim.com\/ford\/wp-content\/uploads\/2025\/10\/Gamme-Ford-Transit-electrified-768x350.jpg 768w, https:\/\/groupe-grim.com\/ford\/wp-content\/uploads\/2025\/10\/Gamme-Ford-Transit-electrified-1280x584.jpg 1280w, https:\/\/groupe-grim.com\/ford\/wp-content\/uploads\/2025\/10\/Gamme-Ford-Transit-electrified-1920x876.jpg 1920w, https:\/\/groupe-grim.com\/ford\/wp-content\/uploads\/2025\/10\/Gamme-Ford-Transit-electrified.jpg 1947w\" sizes=\"100vw\"><\/picture><\/figure>\n\n\n\n<h2 class=\"wp-block-heading\">Ford Transit Courier : la solution compacte pour les environnements urbains<\/h2>\n\n\n\n<p>Le <strong>Ford Transit Courier<\/strong> occupe une place strat\u00e9gique au sein de la gamme Transit. En 2026, il s\u2019adresse avant tout aux professionnels dont l\u2019activit\u00e9 se concentre en milieu urbain ou p\u00e9riurbain. Son format compact lui permet de circuler facilement dans les centres-villes, tout en conservant une capacit\u00e9 de chargement coh\u00e9rente avec les besoins des m\u00e9tiers de proximit\u00e9.<\/p>\n\n\n\n<p>Le <strong> Ford Transit<\/strong> Courier se distingue par sa maniabilit\u00e9 et sa simplicit\u00e9 d\u2019utilisation. Il permet d\u2019encha\u00eener les d\u00e9placements, les livraisons ou les interventions sans contrainte, m\u00eame dans des zones \u00e0 forte densit\u00e9 de circulation. Ce positionnement en fait un v\u00e9hicule particuli\u00e8rement adapt\u00e9 aux auto-entrepreneurs, aux services de maintenance, aux artisans urbains et aux entreprises de livraison locale.<\/p>\n\n\n\n<figure class=\"wp-block-image size-full\"><picture><source type=\"image\/avif\" srcset=\"https:\/\/groupe-grim.com\/ford\/wp-content\/uploads\/2023\/05\/1684155761180-1-320x180.avif 320w, https:\/\/groupe-grim.com\/ford\/wp-content\/uploads\/2023\/05\/1684155761180-1-640x360.avif 640w, https:\/\/groupe-grim.com\/ford\/wp-content\/uploads\/2023\/05\/1684155761180-1-768x432.avif 768w, https:\/\/groupe-grim.com\/ford\/wp-content\/uploads\/2023\/05\/1684155761180-1.avif 881w\" sizes=\"100vw\"><source type=\"image\/webp\" srcset=\"https:\/\/groupe-grim.com\/ford\/wp-content\/uploads\/2023\/05\/1684155761180-1-320x180.webp 320w, https:\/\/groupe-grim.com\/ford\/wp-content\/uploads\/2023\/05\/1684155761180-1-640x360.webp 640w, https:\/\/groupe-grim.com\/ford\/wp-content\/uploads\/2023\/05\/1684155761180-1-768x432.webp 768w, https:\/\/groupe-grim.com\/ford\/wp-content\/uploads\/2023\/05\/1684155761180-1.webp 881w\" sizes=\"100vw\"><img src=\"https:\/\/groupe-grim.com\/ford\/wp-content\/uploads\/2023\/05\/1684155761180-1.jpg\" alt=\"ford transit \" width=\"881\" height=\"495\" loading=\"lazy\" decoding=\"async\" class=\"wp-image-46916\" title=\"ford transit\" srcset=\"https:\/\/groupe-grim.com\/ford\/wp-content\/uploads\/2023\/05\/1684155761180-1-320x180.jpg 320w, https:\/\/groupe-grim.com\/ford\/wp-content\/uploads\/2023\/05\/1684155761180-1-640x360.jpg 640w, https:\/\/groupe-grim.com\/ford\/wp-content\/uploads\/2023\/05\/1684155761180-1-768x432.jpg 768w, https:\/\/groupe-grim.com\/ford\/wp-content\/uploads\/2023\/05\/1684155761180-1.jpg 881w\" sizes=\"100vw\"><\/picture><\/figure>\n\n\n\n<p>En 2026, le <strong> Ford Transit<\/strong> Courier reste fid\u00e8le \u00e0 l\u2019ADN de la gamme : offrir un outil fiable, fonctionnel et \u00e9conomique, capable de r\u00e9pondre aux exigences quotidiennes sans superflu inutile.<\/p>\n\n\n\n<h2 class=\"wp-block-heading\">Ford Transit Connect : la polyvalence au c\u0153ur de la gamme<\/h2>\n\n\n\n<p>Le <strong>Ford Transit Connect<\/strong> repr\u00e9sente l\u2019\u00e9quilibre parfait entre compacit\u00e9 et capacit\u00e9 de chargement. Il s\u2019adresse aux professionnels qui ont besoin de plus d\u2019espace qu\u2019un utilitaire urbain, tout en conservant une grande agilit\u00e9 au quotidien. En 2026, il s\u2019impose comme une solution polyvalente, capable de r\u00e9pondre \u00e0 une grande diversit\u00e9 d\u2019usages.<\/p>\n\n\n\n<p>Le <strong> Ford Transit<\/strong> Connect est particuli\u00e8rement appr\u00e9ci\u00e9 pour sa capacit\u00e9 \u00e0 s\u2019adapter aux m\u00e9tiers de service, aux artisans itin\u00e9rants et aux entreprises techniques. Il permet de transporter du mat\u00e9riel, de l\u2019outillage ou des marchandises tout en offrant un confort de conduite adapt\u00e9 aux longues journ\u00e9es de travail.<\/p>\n\n\n\n<figure class=\"wp-block-image size-full\"><picture><source type=\"image\/avif\" srcset=\"https:\/\/groupe-grim.com\/ford\/wp-content\/uploads\/2025\/07\/NewTourneoConnectPHEV_1-LOW-1-320x213.avif 320w, https:\/\/groupe-grim.com\/ford\/wp-content\/uploads\/2025\/07\/NewTourneoConnectPHEV_1-LOW-1-640x427.avif 640w, https:\/\/groupe-grim.com\/ford\/wp-content\/uploads\/2025\/07\/NewTourneoConnectPHEV_1-LOW-1-768x512.avif 768w, https:\/\/groupe-grim.com\/ford\/wp-content\/uploads\/2025\/07\/NewTourneoConnectPHEV_1-LOW-1-1280x854.avif 1280w, https:\/\/groupe-grim.com\/ford\/wp-content\/uploads\/2025\/07\/NewTourneoConnectPHEV_1-LOW-1-1920x1281.avif 1920w, https:\/\/groupe-grim.com\/ford\/wp-content\/uploads\/2025\/07\/NewTourneoConnectPHEV_1-LOW-1.avif 2048w\" sizes=\"100vw\"><source type=\"image\/webp\" srcset=\"https:\/\/groupe-grim.com\/ford\/wp-content\/uploads\/2025\/07\/NewTourneoConnectPHEV_1-LOW-1-320x213.webp 320w, https:\/\/groupe-grim.com\/ford\/wp-content\/uploads\/2025\/07\/NewTourneoConnectPHEV_1-LOW-1-640x427.webp 640w, https:\/\/groupe-grim.com\/ford\/wp-content\/uploads\/2025\/07\/NewTourneoConnectPHEV_1-LOW-1-768x512.webp 768w, https:\/\/groupe-grim.com\/ford\/wp-content\/uploads\/2025\/07\/NewTourneoConnectPHEV_1-LOW-1-1280x854.webp 1280w, https:\/\/groupe-grim.com\/ford\/wp-content\/uploads\/2025\/07\/NewTourneoConnectPHEV_1-LOW-1-1920x1281.webp 1920w, https:\/\/groupe-grim.com\/ford\/wp-content\/uploads\/2025\/07\/NewTourneoConnectPHEV_1-LOW-1.webp 2048w\" sizes=\"100vw\"><img src=\"https:\/\/groupe-grim.com\/ford\/wp-content\/uploads\/2025\/07\/NewTourneoConnectPHEV_1-LOW-1.jpg\" alt=\"ford transit \" width=\"1024\" height=\"683\" loading=\"lazy\" decoding=\"async\" class=\"wp-image-59524\" title=\"ford transit\" srcset=\"https:\/\/groupe-grim.com\/ford\/wp-content\/uploads\/2025\/07\/NewTourneoConnectPHEV_1-LOW-1-320x213.jpg 320w, https:\/\/groupe-grim.com\/ford\/wp-content\/uploads\/2025\/07\/NewTourneoConnectPHEV_1-LOW-1-640x427.jpg 640w, https:\/\/groupe-grim.com\/ford\/wp-content\/uploads\/2025\/07\/NewTourneoConnectPHEV_1-LOW-1-768x512.jpg 768w, https:\/\/groupe-grim.com\/ford\/wp-content\/uploads\/2025\/07\/NewTourneoConnectPHEV_1-LOW-1-1280x854.jpg 1280w, https:\/\/groupe-grim.com\/ford\/wp-content\/uploads\/2025\/07\/NewTourneoConnectPHEV_1-LOW-1-1920x1281.jpg 1920w, https:\/\/groupe-grim.com\/ford\/wp-content\/uploads\/2025\/07\/NewTourneoConnectPHEV_1-LOW-1.jpg 2048w\" sizes=\"100vw\"><\/picture><\/figure>\n\n\n\n<p>Son am\u00e9nagement int\u00e9rieur et son ergonomie ont \u00e9t\u00e9 pens\u00e9s pour faciliter l\u2019organisation de l\u2019espace de chargement, tout en offrant un poste de conduite agr\u00e9able et fonctionnel. Cette combinaison fait du Transit Connect un v\u00e9hicule utilitaire \u00e9quilibr\u00e9, fiable et coh\u00e9rent pour les professionnels recherchant polyvalence et efficacit\u00e9.<\/p>\n\n\n\n<h2 class=\"wp-block-heading\">Ford Transit Custom : le pilier de la gamme Transit<\/h2>\n\n\n\n<p>En 2026, le <strong>Ford Transit Custom<\/strong> reste l\u2019un des mod\u00e8les les plus embl\u00e9matiques et les plus utilis\u00e9s de la gamme Transit. Il constitue un v\u00e9ritable pilier pour de nombreux secteurs d\u2019activit\u00e9, gr\u00e2ce \u00e0 sa capacit\u00e9 \u00e0 r\u00e9pondre \u00e0 des usages intensifs tout en conservant un excellent niveau de confort.<\/p>\n\n\n\n<p>Le <strong> Ford Transit<\/strong> Custom se distingue par son positionnement interm\u00e9diaire, offrant un volume de chargement g\u00e9n\u00e9reux sans atteindre les dimensions d\u2019un grand fourgon. Cette caract\u00e9ristique en fait un choix privil\u00e9gi\u00e9 pour les professionnels du b\u00e2timent, de la logistique r\u00e9gionale, des services techniques ou des collectivit\u00e9s.<\/p>\n\n\n\n<figure class=\"wp-block-image size-full\"><picture><source type=\"image\/avif\" srcset=\"https:\/\/groupe-grim.com\/ford\/wp-content\/uploads\/2023\/10\/Ford-Transit-Custom-is-UK-s-best-selling-vehicle-for-2022-1-1-1-320x175.avif 320w, https:\/\/groupe-grim.com\/ford\/wp-content\/uploads\/2023\/10\/Ford-Transit-Custom-is-UK-s-best-selling-vehicle-for-2022-1-1-1-640x351.avif 640w, https:\/\/groupe-grim.com\/ford\/wp-content\/uploads\/2023\/10\/Ford-Transit-Custom-is-UK-s-best-selling-vehicle-for-2022-1-1-1-768x421.avif 768w, https:\/\/groupe-grim.com\/ford\/wp-content\/uploads\/2023\/10\/Ford-Transit-Custom-is-UK-s-best-selling-vehicle-for-2022-1-1-1-1280x701.avif 1280w, https:\/\/groupe-grim.com\/ford\/wp-content\/uploads\/2023\/10\/Ford-Transit-Custom-is-UK-s-best-selling-vehicle-for-2022-1-1-1.avif 1280w\" sizes=\"100vw\"><source type=\"image\/webp\" srcset=\"https:\/\/groupe-grim.com\/ford\/wp-content\/uploads\/2023\/10\/Ford-Transit-Custom-is-UK-s-best-selling-vehicle-for-2022-1-1-1-320x175.webp 320w, https:\/\/groupe-grim.com\/ford\/wp-content\/uploads\/2023\/10\/Ford-Transit-Custom-is-UK-s-best-selling-vehicle-for-2022-1-1-1-640x351.webp 640w, https:\/\/groupe-grim.com\/ford\/wp-content\/uploads\/2023\/10\/Ford-Transit-Custom-is-UK-s-best-selling-vehicle-for-2022-1-1-1-768x421.webp 768w, https:\/\/groupe-grim.com\/ford\/wp-content\/uploads\/2023\/10\/Ford-Transit-Custom-is-UK-s-best-selling-vehicle-for-2022-1-1-1-1280x701.webp 1280w, https:\/\/groupe-grim.com\/ford\/wp-content\/uploads\/2023\/10\/Ford-Transit-Custom-is-UK-s-best-selling-vehicle-for-2022-1-1-1.webp 1280w\" sizes=\"100vw\"><img src=\"https:\/\/groupe-grim.com\/ford\/wp-content\/uploads\/2023\/10\/Ford-Transit-Custom-is-UK-s-best-selling-vehicle-for-2022-1-1-1.jpg\" alt=\"ford transit\" width=\"1024\" height=\"561\" loading=\"lazy\" decoding=\"async\" class=\"wp-image-48616\" title=\"ford transit\" srcset=\"https:\/\/groupe-grim.com\/ford\/wp-content\/uploads\/2023\/10\/Ford-Transit-Custom-is-UK-s-best-selling-vehicle-for-2022-1-1-1-320x175.jpg 320w, https:\/\/groupe-grim.com\/ford\/wp-content\/uploads\/2023\/10\/Ford-Transit-Custom-is-UK-s-best-selling-vehicle-for-2022-1-1-1-640x351.jpg 640w, https:\/\/groupe-grim.com\/ford\/wp-content\/uploads\/2023\/10\/Ford-Transit-Custom-is-UK-s-best-selling-vehicle-for-2022-1-1-1-768x421.jpg 768w, https:\/\/groupe-grim.com\/ford\/wp-content\/uploads\/2023\/10\/Ford-Transit-Custom-is-UK-s-best-selling-vehicle-for-2022-1-1-1-1280x701.jpg 1280w, https:\/\/groupe-grim.com\/ford\/wp-content\/uploads\/2023\/10\/Ford-Transit-Custom-is-UK-s-best-selling-vehicle-for-2022-1-1-1.jpg 1280w\" sizes=\"100vw\"><\/picture><\/figure>\n\n\n\n<p>Sa conception modulaire permet d\u2019adapter le v\u00e9hicule \u00e0 des besoins tr\u00e8s sp\u00e9cifiques. En 2026, le <strong> Ford Transit<\/strong> Custom est pens\u00e9 comme un outil de travail \u00e9volutif, capable d\u2019accompagner la croissance d\u2019une activit\u00e9 ou l\u2019\u00e9volution des contraintes m\u00e9tier. Il combine robustesse, polyvalence et agr\u00e9ment de conduite, ce qui explique son succ\u00e8s durable aupr\u00e8s des professionnels.<\/p>\n\n\n\n<h2 class=\"wp-block-heading\">Ford Transit : la r\u00e9f\u00e9rence du grand fourgon utilitaire<\/h2>\n\n\n\n<p>Le <strong>Ford Transit<\/strong> incarne l\u2019essence m\u00eame de l\u2019utilitaire grand volume. En 2026, il demeure la r\u00e9f\u00e9rence pour les professionnels ayant des besoins de transport importants et r\u00e9guliers. Con\u00e7u pour les charges lourdes et les volumes cons\u00e9quents, il s\u2019adresse aux entreprises de transport, de logistique, aux artisans du b\u00e2timent et aux collectivit\u00e9s.<\/p>\n\n\n\n<p>Le <strong> Ford Transit<\/strong> se distingue par la diversit\u00e9 de ses configurations, permettant d\u2019adapter pr\u00e9cis\u00e9ment le v\u00e9hicule aux contraintes op\u00e9rationnelles. Malgr\u00e9 son gabarit, il offre une conduite stable et ma\u00eetris\u00e9e, facilitant les d\u00e9placements longue distance et les man\u0153uvres sur site.<\/p>\n\n\n\n<p>Son poste de conduite est pens\u00e9 pour r\u00e9duire la fatigue du conducteur, un \u00e9l\u00e9ment essentiel pour les professionnels amen\u00e9s \u00e0 passer de nombreuses heures sur la route. En 2026, le Ford Transit reste un choix strat\u00e9gique pour les entreprises recherchant fiabilit\u00e9, capacit\u00e9 et durabilit\u00e9.<\/p>\n\n\n\n<h2 class=\"wp-block-heading\">Ford Ranger : la dimension tout-terrain de la gamme Transit<\/h2>\n\n\n\n<p>Le <strong><a href=\"https:\/\/groupe-grim.com\/ford\/wp-content\/uploads\/2024\/08\/c895030f-33f7-4aea-9b82-b87d1934529f-1.jpgwp-content\/uploads\/2023\/10\/photo-1652509573480-a190f1c61f6d-1.jpgford-ranger-phev\/\">Ford Ranger<\/a><\/strong> compl\u00e8te la gamme Transit avec une approche orient\u00e9e vers les environnements les plus exigeants. Ce pick-up s\u2019adresse aux professionnels dont l\u2019activit\u00e9 n\u00e9cessite des capacit\u00e9s de traction \u00e9lev\u00e9es et une r\u00e9sistance accrue aux conditions difficiles.<\/p>\n\n\n\n<p>En 2026, le Ranger est particuli\u00e8rement pris\u00e9 dans les secteurs du BTP, de l\u2019agriculture, des travaux publics et des activit\u00e9s n\u00e9cessitant une mobilit\u00e9 hors route. Il combine des performances utilitaires \u00e9lev\u00e9es avec un niveau de confort moderne, permettant un usage professionnel intensif sans compromis sur l\u2019agr\u00e9ment.<\/p>\n\n\n\n<figure class=\"wp-block-image size-full\"><picture><source type=\"image\/avif\" srcset=\"https:\/\/groupe-grim.com\/ford\/wp-content\/uploads\/2025\/12\/Nouveau-Ranger-Hybride-Rechargeable-1-1-320x180.avif 320w, https:\/\/groupe-grim.com\/ford\/wp-content\/uploads\/2025\/12\/Nouveau-Ranger-Hybride-Rechargeable-1-1-640x360.avif 640w, https:\/\/groupe-grim.com\/ford\/wp-content\/uploads\/2025\/12\/Nouveau-Ranger-Hybride-Rechargeable-1-1-768x432.avif 768w, https:\/\/groupe-grim.com\/ford\/wp-content\/uploads\/2025\/12\/Nouveau-Ranger-Hybride-Rechargeable-1-1.avif 768w\" sizes=\"100vw\"><source type=\"image\/webp\" srcset=\"https:\/\/groupe-grim.com\/ford\/wp-content\/uploads\/2025\/12\/Nouveau-Ranger-Hybride-Rechargeable-1-1-320x180.webp 320w, https:\/\/groupe-grim.com\/ford\/wp-content\/uploads\/2025\/12\/Nouveau-Ranger-Hybride-Rechargeable-1-1-640x360.webp 640w, https:\/\/groupe-grim.com\/ford\/wp-content\/uploads\/2025\/12\/Nouveau-Ranger-Hybride-Rechargeable-1-1-768x432.webp 768w, https:\/\/groupe-grim.com\/ford\/wp-content\/uploads\/2025\/12\/Nouveau-Ranger-Hybride-Rechargeable-1-1.webp 768w\" sizes=\"100vw\"><img src=\"https:\/\/groupe-grim.com\/ford\/wp-content\/uploads\/2025\/12\/Nouveau-Ranger-Hybride-Rechargeable-1-1.png\" alt=\"ford transit\" width=\"768\" height=\"432\" loading=\"lazy\" decoding=\"async\" class=\"wp-image-63619\" title=\"ranger\" srcset=\"https:\/\/groupe-grim.com\/ford\/wp-content\/uploads\/2025\/12\/Nouveau-Ranger-Hybride-Rechargeable-1-1-320x180.png 320w, https:\/\/groupe-grim.com\/ford\/wp-content\/uploads\/2025\/12\/Nouveau-Ranger-Hybride-Rechargeable-1-1-640x360.png 640w, https:\/\/groupe-grim.com\/ford\/wp-content\/uploads\/2025\/12\/Nouveau-Ranger-Hybride-Rechargeable-1-1-768x432.png 768w, https:\/\/groupe-grim.com\/ford\/wp-content\/uploads\/2025\/12\/Nouveau-Ranger-Hybride-Rechargeable-1-1.png 768w\" sizes=\"100vw\"><\/picture><\/figure>\n\n\n\n<p>Le Ford Ranger apporte une dimension compl\u00e9mentaire \u00e0 la gamme Transit, en couvrant des usages sp\u00e9cifiques que les fourgons traditionnels ne peuvent pas toujours satisfaire.<\/p>\n\n\n\n<h2 class=\"wp-block-heading\">Une gamme Ford Transit pens\u00e9e comme un \u00e9cosyst\u00e8me coh\u00e9rent<\/h2>\n\n\n\n<p>L\u2019un des grands atouts de la<a href=\"https:\/\/groupe-grim.com\/ford\/wp-content\/uploads\/2024\/08\/c895030f-33f7-4aea-9b82-b87d1934529f-1.jpgwp-content\/uploads\/2023\/10\/photo-1652509573480-a190f1c61f6d-1.jpggamme-transit\/\"> gamme <strong> Ford Transit<\/strong><\/a> en 2026 r\u00e9side dans sa coh\u00e9rence globale. Chaque mod\u00e8le s\u2019inscrit dans une logique d\u2019ensemble, permettant aux professionnels de choisir un v\u00e9hicule parfaitement adapt\u00e9 \u00e0 leur activit\u00e9, ou de constituer une flotte homog\u00e8ne couvrant plusieurs usages.<\/p>\n\n\n\n<p>Cette coh\u00e9rence facilite la gestion des parcs automobiles, la maintenance et l\u2019optimisation des co\u00fbts d\u2019exploitation. Elle permet \u00e9galement d\u2019anticiper l\u2019\u00e9volution des besoins, en restant dans un univers utilitaire coh\u00e9rent et ma\u00eetris\u00e9.<\/p>\n\n\n\n<h2 class=\"wp-block-heading\">L\u2019\u00e9lectrification de la gamme Ford Transit en 2026 : une r\u00e9ponse concr\u00e8te aux nouveaux usages<\/h2>\n\n\n\n<p>En 2026, la gamme Ford <strong>Transit<\/strong> int\u00e8gre pleinement les enjeux li\u00e9s \u00e0 l\u2019\u00e9lectrification des v\u00e9hicules utilitaires. Ford n\u2019a pas adopt\u00e9 une approche uniforme, mais a pr\u00e9f\u00e9r\u00e9 d\u00e9velopper des solutions adapt\u00e9es aux usages r\u00e9els des professionnels. Cette strat\u00e9gie permet de r\u00e9pondre aux contraintes des zones urbaines r\u00e9glement\u00e9es, tout en conservant des performances coh\u00e9rentes avec les besoins m\u00e9tiers.<\/p>\n\n\n\n<p>Les versions \u00e9lectrifi\u00e9es de la gamme Transit s\u2019adressent avant tout aux professionnels dont l\u2019activit\u00e9 repose sur des trajets r\u00e9guliers, pr\u00e9visibles et majoritairement urbains ou p\u00e9riurbains. En proposant des utilitaires \u00e9lectriques int\u00e9gr\u00e9s \u00e0 la gamme Transit, Ford permet aux entreprises d\u2019anticiper les \u00e9volutions r\u00e9glementaires tout en maintenant leur productivit\u00e9.<\/p>\n\n\n\n<p>L\u2019\u00e9lectrification ne vient pas remplacer les motorisations traditionnelles, mais les compl\u00e9ter. En 2026, la gamme Transit repose sur une coexistence intelligente entre solutions thermiques optimis\u00e9es et versions \u00e9lectrifi\u00e9es, laissant aux professionnels le choix de la technologie la plus adapt\u00e9e \u00e0 leur activit\u00e9.<\/p>\n\n\n\n<h2 class=\"wp-block-heading\">Ford Transit \u00e9lectrique : une continuit\u00e9 dans l\u2019outil de travail<\/h2>\n\n\n\n<p>Contrairement \u00e0 certaines approches qui imposent une rupture, Ford a con\u00e7u les versions \u00e9lectriques Transit dans une logique de continuit\u00e9. Les v\u00e9hicules conservent leur ergonomie, leur modularit\u00e9 et leur capacit\u00e9 de chargement, afin de ne pas perturber l\u2019organisation quotidienne des professionnels.<\/p>\n\n\n\n<p>Le passage \u00e0 l\u2019\u00e9lectrique s\u2019inscrit ainsi comme une \u00e9volution naturelle de l\u2019outil de travail, sans compromis sur la fonctionnalit\u00e9. Les volumes utiles, les acc\u00e8s de chargement et les possibilit\u00e9s d\u2019am\u00e9nagement restent coh\u00e9rents avec les versions thermiques, permettant une transition fluide pour les entreprises et les flottes.<\/p>\n\n\n\n<p>Cette approche pragmatique renforce la cr\u00e9dibilit\u00e9 de la gamme Transit \u00e9lectrique en 2026, en la positionnant comme une solution professionnelle \u00e0 part enti\u00e8re, et non comme une simple alternative technologique.<\/p>\n\n\n\n<h2 class=\"wp-block-heading\">Les technologies embarqu\u00e9es au service de la productivit\u00e9<\/h2>\n\n\n\n<p>En 2026, la gamme Ford Transit b\u00e9n\u00e9ficie d\u2019un niveau technologique avanc\u00e9, con\u00e7u pour accompagner les professionnels dans leur activit\u00e9 quotidienne. Ces technologies ne sont pas pens\u00e9es comme des options de confort superflues, mais comme des outils destin\u00e9s \u00e0 am\u00e9liorer la s\u00e9curit\u00e9, la fluidit\u00e9 des d\u00e9placements et la gestion du temps.<\/p>\n\n\n\n<p>Le poste de conduite des v\u00e9hicules Transit a \u00e9t\u00e9 con\u00e7u pour offrir une prise en main intuitive. L\u2019ergonomie favorise une utilisation prolong\u00e9e sans fatigue excessive, un point essentiel pour les professionnels passant plusieurs heures par jour au volant. Les syst\u00e8mes de connectivit\u00e9 facilitent la navigation, la communication et l\u2019organisation des trajets, tout en restant simples \u00e0 utiliser.<\/p>\n\n\n\n<p>Les aides \u00e0 la conduite contribuent \u00e0 s\u00e9curiser les d\u00e9placements, notamment lors des man\u0153uvres, des livraisons fr\u00e9quentes ou des trajets longue distance. En 2026, ces technologies participent pleinement \u00e0 la r\u00e9duction des risques et \u00e0 l\u2019am\u00e9lioration des conditions de travail.<\/p>\n\n\n<figure class=\"wp-block-post-featured-image\"><img loading=\"lazy\" decoding=\"async\" width=\"991\" height=\"880\" src=\"https:\/\/groupe-grim.com\/ford\/wp-content\/uploads\/2025\/12\/ford-homepage-fr-fordpro-2160x925_bb-transit-range.jpg.renditions.medium.jpeg\" class=\"attachment-post-thumbnail size-post-thumbnail wp-post-image\" alt=\"ford transit\" style=\"object-fit:cover;\" srcset=\"https:\/\/groupe-grim.com\/ford\/wp-content\/uploads\/2025\/12\/ford-homepage-fr-fordpro-2160x925_bb-transit-range.jpg.renditions.medium.jpeg 991w, https:\/\/groupe-grim.com\/ford\/wp-content\/uploads\/2025\/12\/ford-homepage-fr-fordpro-2160x925_bb-transit-range.jpg.renditions.medium-300x266.jpeg 300w, https:\/\/groupe-grim.com\/ford\/wp-content\/uploads\/2025\/12\/ford-homepage-fr-fordpro-2160x925_bb-transit-range.jpg.renditions.medium-768x682.jpeg 768w, https:\/\/groupe-grim.com\/ford\/wp-content\/uploads\/2025\/12\/ford-homepage-fr-fordpro-2160x925_bb-transit-range.jpg.renditions.medium-600x533.jpeg 600w\" sizes=\"auto, (max-width: 991px) 100vw, 991px\" title=\"ford transit\" \/><\/figure>\n\n\n<h2 class=\"wp-block-heading\">Transit et gestion de flotte : une gamme pens\u00e9e pour les entreprises<\/h2>\n\n\n\n<p>La gamme Ford Transit a \u00e9t\u00e9 con\u00e7ue pour r\u00e9pondre aux attentes sp\u00e9cifiques des entreprises et des gestionnaires de flotte. En 2026, cette dimension prend une importance particuli\u00e8re, face \u00e0 la n\u00e9cessit\u00e9 de ma\u00eetriser les co\u00fbts d\u2019exploitation, d\u2019optimiser l\u2019utilisation des v\u00e9hicules et d\u2019anticiper les \u00e9volutions r\u00e9glementaires.<\/p>\n\n\n\n<p>La coh\u00e9rence de la gamme permet aux entreprises de constituer des flottes homog\u00e8nes, tout en couvrant des besoins vari\u00e9s. Du Transit Courier au Ford Transit grand volume, chaque mod\u00e8le s\u2019int\u00e8gre dans une logique globale, facilitant la gestion, la maintenance et la formation des conducteurs.<\/p>\n\n\n\n<p>Cette approche modulaire permet \u00e9galement aux entreprises d\u2019adapter leur parc automobile au fil du temps, en conservant une continuit\u00e9 dans l\u2019utilisation et la gestion des v\u00e9hicules.<\/p>\n\n\n\n<h2 class=\"wp-block-heading\">Transit et am\u00e9nagements professionnels : un v\u00e9hicule sur mesure<\/h2>\n\n\n\n<p>L\u2019un des points forts majeurs de la gamme Ford Transit en 2026 r\u00e9side dans sa capacit\u00e9 \u00e0 recevoir des am\u00e9nagements professionnels sp\u00e9cifiques. Ford a con\u00e7u ses utilitaires pour qu\u2019ils puissent \u00eatre transform\u00e9s en v\u00e9ritables outils de travail personnalis\u00e9s, adapt\u00e9s \u00e0 chaque m\u00e9tier.<\/p>\n\n\n\n<p>Qu\u2019il s\u2019agisse d\u2019installations de rangements, de protections de chargement ou d\u2019\u00e9quipements sp\u00e9cifiques, les v\u00e9hicules Transit offrent une base solide et modulable. Cette adaptabilit\u00e9 permet aux professionnels d\u2019optimiser leur organisation, de s\u00e9curiser leur mat\u00e9riel et de gagner en efficacit\u00e9 sur le terrain.<\/p>\n\n\n\n<p>En 2026, cette capacit\u00e9 d\u2019adaptation reste un crit\u00e8re d\u00e9terminant dans le choix d\u2019un utilitaire, et la gamme Transit r\u00e9pond pleinement \u00e0 cette exigence.<\/p>\n\n\n\n<h2 class=\"wp-block-heading\">Transit par m\u00e9tier : une r\u00e9ponse cibl\u00e9e aux besoins professionnels<\/h2>\n\n\n\n<p>La diversit\u00e9 de la gamme Ford  Transit permet de couvrir un large \u00e9ventail de m\u00e9tiers. Les professionnels du b\u00e2timent privil\u00e9gient souvent des mod\u00e8les offrant un volume de chargement important et une robustesse accrue, tandis que les m\u00e9tiers de service recherchent davantage de maniabilit\u00e9 et de confort.<\/p>\n\n\n\n<p>Les entreprises de livraison et de logistique trouvent dans la gamme Transit des solutions adapt\u00e9es \u00e0 leurs contraintes de cadence et d\u2019organisation, tandis que les collectivit\u00e9s et services publics appr\u00e9cient la fiabilit\u00e9 et la durabilit\u00e9 des v\u00e9hicules.<\/p>\n\n\n\n<p>Cette capacit\u00e9 \u00e0 r\u00e9pondre \u00e0 des usages tr\u00e8s diff\u00e9rents constitue l\u2019un des fondements du succ\u00e8s de la gamme Transit en 2026.<\/p>\n\n\n\n<h2 class=\"wp-block-heading\">Pourquoi la gamme Transit reste une r\u00e9f\u00e9rence en 2026<\/h2>\n\n\n\n<p>Si la gamme Ford Transit conserve une place centrale sur le march\u00e9 des v\u00e9hicules utilitaires en 2026, c\u2019est parce qu\u2019elle r\u00e9pond \u00e0 une r\u00e9alit\u00e9 simple : les professionnels ont besoin de v\u00e9hicules fiables, adaptables et coh\u00e9rents avec leur activit\u00e9.<\/p>\n\n\n\n<p>Transit n\u2019est pas une gamme fig\u00e9e. Elle \u00e9volue en permanence pour int\u00e9grer les nouvelles contraintes r\u00e9glementaires, les attentes des entreprises et les usages r\u00e9els du terrain. Cette capacit\u00e9 d\u2019\u00e9volution constitue l\u2019un de ses principaux atouts.<\/p>\n\n\n\n<h2 class=\"wp-block-heading\">Transit, une gamme utilitaire con\u00e7ue pour durer<\/h2>\n\n\n\n<p>En 2026, la <strong>gamme Ford Transit<\/strong> incarne une vision aboutie du v\u00e9hicule utilitaire professionnel. Compl\u00e8te, coh\u00e9rente et orient\u00e9e m\u00e9tier, elle offre des solutions adapt\u00e9es \u00e0 chaque usage, tout en int\u00e9grant les enjeux de modernit\u00e9, de technologie et de durabilit\u00e9.<\/p>\n\n\n\n<p>Choisir Transit, c\u2019est faire le choix d\u2019une gamme con\u00e7ue pour accompagner les professionnels dans la dur\u00e9e, avec des v\u00e9hicules capables de s\u2019adapter, d\u2019\u00e9voluer et de r\u00e9pondre aux exigences du terrain.<\/p>\n","protected":false},"excerpt":{"rendered":"<p>Le terme Ford Transit ne d\u00e9signe plus un simple utilitaire. En 2026, il repr\u00e9sente l\u2019\u00e9cosyst\u00e8me complet des v\u00e9hicules utilitaires Ford, pens\u00e9 pour r\u00e9pondre \u00e0 l\u2019ensemble des usages professionnels modernes. Livraison urbaine, artisanat, transport longue distance, flottes d\u2019entreprise ou activit\u00e9s en conditions difficiles : la gamme Transit Ford couvre tous les besoins avec une logique claire, [&hellip;]<\/p>\n","protected":false},"author":6,"featured_media":63724,"parent":0,"comment_status":"closed","ping_status":"closed","sticky":false,"template":"","format":"standard","meta":{"_acf_changed":false,"footnotes":""},"categories":[10,48],"tags":[],"class_list":["post-63421","post","type-post","status-publish","format-standard","has-post-thumbnail","hentry","category-feature","category-feature-entreprise"],"acf":[],"_links":{"self":[{"href":"https:\/\/groupe-grim.com\/ford\/wp-json\/wp\/v2\/posts\/63421","targetHints":{"allow":["GET"]}}],"collection":[{"href":"https:\/\/groupe-grim.com\/ford\/wp-json\/wp\/v2\/posts"}],"about":[{"href":"https:\/\/groupe-grim.com\/ford\/wp-json\/wp\/v2\/types\/post"}],"author":[{"embeddable":true,"href":"https:\/\/groupe-grim.com\/ford\/wp-json\/wp\/v2\/users\/6"}],"replies":[{"embeddable":true,"href":"https:\/\/groupe-grim.com\/ford\/wp-json\/wp\/v2\/comments?post=63421"}],"version-history":[{"count":5,"href":"https:\/\/groupe-grim.com\/ford\/wp-json\/wp\/v2\/posts\/63421\/revisions"}],"predecessor-version":[{"id":63876,"href":"https:\/\/groupe-grim.com\/ford\/wp-json\/wp\/v2\/posts\/63421\/revisions\/63876"}],"wp:featuredmedia":[{"embeddable":true,"href":"https:\/\/groupe-grim.com\/ford\/wp-json\/wp\/v2\/media\/63724"}],"wp:attachment":[{"href":"https:\/\/groupe-grim.com\/ford\/wp-json\/wp\/v2\/media?parent=63421"}],"wp:term":[{"taxonomy":"category","embeddable":true,"href":"https:\/\/groupe-grim.com\/ford\/wp-json\/wp\/v2\/categories?post=63421"},{"taxonomy":"post_tag","embeddable":true,"href":"https:\/\/groupe-grim.com\/ford\/wp-json\/wp\/v2\/tags?post=63421"}],"curies":[{"name":"wp","href":"https:\/\/api.w.org\/{rel}","templated":true}]}}