{"id":63810,"date":"2026-01-15T14:29:18","date_gmt":"2026-01-15T13:29:18","guid":{"rendered":"https:\/\/groupe-grim.com\/ford\/?p=63810"},"modified":"2026-01-29T16:16:14","modified_gmt":"2026-01-29T15:16:14","slug":"concession-ford-valence","status":"publish","type":"post","link":"https:\/\/groupe-grim.com\/ford\/concession-ford-valence\/","title":{"rendered":"Ford Valence, votre concession de r\u00e9f\u00e9rence dans la Dr\u00f4me (2026)"},"content":{"rendered":"\n<figure class=\"wp-block-image size-large\"><picture><source type=\"image\/avif\" srcset=\"https:\/\/groupe-grim.com\/ford\/wp-content\/uploads\/2026\/01\/Ford-Valence-interieur-320x240.avif 320w, https:\/\/groupe-grim.com\/ford\/wp-content\/uploads\/2026\/01\/Ford-Valence-interieur-640x480.avif 640w, https:\/\/groupe-grim.com\/ford\/wp-content\/uploads\/2026\/01\/Ford-Valence-interieur-768x576.avif 768w, https:\/\/groupe-grim.com\/ford\/wp-content\/uploads\/2026\/01\/Ford-Valence-interieur-1280x960.avif 1280w, https:\/\/groupe-grim.com\/ford\/wp-content\/uploads\/2026\/01\/Ford-Valence-interieur.avif 1360w\" sizes=\"100vw\"><source type=\"image\/webp\" srcset=\"https:\/\/groupe-grim.com\/ford\/wp-content\/uploads\/2026\/01\/Ford-Valence-interieur-320x240.webp 320w, https:\/\/groupe-grim.com\/ford\/wp-content\/uploads\/2026\/01\/Ford-Valence-interieur-640x480.webp 640w, https:\/\/groupe-grim.com\/ford\/wp-content\/uploads\/2026\/01\/Ford-Valence-interieur-768x576.webp 768w, https:\/\/groupe-grim.com\/ford\/wp-content\/uploads\/2026\/01\/Ford-Valence-interieur-1280x960.webp 1280w, https:\/\/groupe-grim.com\/ford\/wp-content\/uploads\/2026\/01\/Ford-Valence-interieur.webp 1360w\" sizes=\"100vw\"><img src=\"https:\/\/groupe-grim.com\/ford\/wp-content\/uploads\/2026\/01\/Ford-Valence-interieur-1024x768.webp\" alt=\"Ford Valence int\u00e9rieur\" width=\"1024\" height=\"768\" loading=\"lazy\" decoding=\"async\" class=\"wp-image-63814\" title=\"Ford Valence int\u00e9rieur\" srcset=\"https:\/\/groupe-grim.com\/ford\/wp-content\/uploads\/2026\/01\/Ford-Valence-interieur-320x240.webp 320w, https:\/\/groupe-grim.com\/ford\/wp-content\/uploads\/2026\/01\/Ford-Valence-interieur-640x480.webp 640w, https:\/\/groupe-grim.com\/ford\/wp-content\/uploads\/2026\/01\/Ford-Valence-interieur-768x576.webp 768w, https:\/\/groupe-grim.com\/ford\/wp-content\/uploads\/2026\/01\/Ford-Valence-interieur-1280x960.webp 1280w, https:\/\/groupe-grim.com\/ford\/wp-content\/uploads\/2026\/01\/Ford-Valence-interieur.webp 1360w\" sizes=\"100vw\"><\/picture><\/figure>\n\n\n\n<p>Situ\u00e9e Avenue Maurice Ren\u00e9 Simonet, <strong>Ford Valence<\/strong> vous accueille pour vous accompagner dans tous vos projets automobiles, que vous soyez \u00e0 la recherche d\u2019un <strong>v\u00e9hicule neuf Ford<\/strong>, d\u2019une <strong>voiture d\u2019occasion<\/strong>, ou de <strong>services apr\u00e8s-vente de qualit\u00e9<\/strong>.<br>Notre \u00e9quipe met son expertise \u00e0 votre service pour vous proposer des solutions adapt\u00e9es \u00e0 vos besoins, que vous soyez particulier ou professionnel.<\/p>\n\n\n\n<h3 class=\"wp-block-heading\">Une concession Ford \u00e0 Valence proche de vous<\/h3>\n\n\n\n<p>Id\u00e9alement implant\u00e9e \u00e0 Valence, notre concession dessert l\u2019ensemble du bassin valentinois et les communes alentours : Bourg-l\u00e8s-Valence, Guilherand-Granges, Portes-l\u00e8s-Valence ou encore Romans-sur-Is\u00e8re.<br>Facile d\u2019acc\u00e8s, <strong>Ford Valence<\/strong> est votre interlocuteur privil\u00e9gi\u00e9 pour d\u00e9couvrir l\u2019univers Ford et b\u00e9n\u00e9ficier d\u2019un accompagnement personnalis\u00e9.<\/p>\n\n\n\n<h2 class=\"wp-block-heading\">D\u00e9couvrez toute la gamme de v\u00e9hicules Ford \u00e0 Valence<\/h2>\n\n\n\n<p>Dans votre concession <strong>Ford Valence<\/strong>, retrouvez <a href=\"https:\/\/groupe-grim.com\/ford\/wp-content\/uploads\/2024\/08\/c895030f-33f7-4aea-9b82-b87d1934529f-1.jpgwp-content\/uploads\/2023\/10\/photo-1652509573480-a190f1c61f6d-1.jpg#gamme-ford\" data-type=\"link\" data-id=\"https:\/\/groupe-grim.com\/ford\/wp-content\/uploads\/2024\/08\/c895030f-33f7-4aea-9b82-b87d1934529f-1.jpgwp-content\/uploads\/2023\/10\/photo-1652509573480-a190f1c61f6d-1.jpg#gamme-ford\">l\u2019int\u00e9gralit\u00e9 de la gamme Ford<\/a>, alliant <strong>technologie, confort et performance<\/strong> :<\/p>\n\n\n\n<ul class=\"wp-block-list\">\n<li><strong>Citadines et compactes<\/strong> : Ford Fiesta, Ford Focus<\/li>\n\n\n\n<li><strong>SUV &amp; crossovers<\/strong> : Ford Puma, Ford Kuga, Ford Explorer<\/li>\n\n\n\n<li><strong>V\u00e9hicules familiaux<\/strong> : Ford Tourneo, Ford S-MAX<\/li>\n\n\n\n<li><strong>Utilitaires Ford Pro<\/strong> : Ford Transit, Transit Custom, Ranger<\/li>\n<\/ul>\n\n\n\n<p>Nos conseillers sont \u00e0 votre \u00e9coute pour vous guider dans le choix du mod\u00e8le, de la motorisation (essence, diesel, hybride ou \u00e9lectrique) et des \u00e9quipements.<\/p>\n\n\n\n<figure class=\"wp-block-image size-large\"><picture><img src=\"https:\/\/groupe-grim.com\/ford\/wp-content\/uploads\/2013\/01\/ford-homepage-fr-rangeshot-2160x925-4-cars.jpg.renditions.extra-large-1024x438.jpeg\" alt=\"moteur ecoboost ford\" width=\"1024\" height=\"438\" loading=\"lazy\" decoding=\"async\" class=\"wp-image-63487\" title=\"moteur ecoboost ford\" srcset=\"https:\/\/groupe-grim.com\/ford\/wp-content\/uploads\/2013\/01\/ford-homepage-fr-rangeshot-2160x925-4-cars.jpg.renditions.extra-large-768x329.jpeg 768w, https:\/\/groupe-grim.com\/ford\/wp-content\/uploads\/2013\/01\/ford-homepage-fr-rangeshot-2160x925-4-cars.jpg.renditions.extra-large.jpeg 1440w\" sizes=\"100vw\"><\/picture><\/figure>\n\n\n\n<h2 class=\"wp-block-heading\">V\u00e9hicules d\u2019occasion Ford \u00e0 Valence : fiabilit\u00e9 et s\u00e9r\u00e9nit\u00e9<\/h2>\n\n\n\n<p>Vous recherchez une <strong><a href=\"https:\/\/www.grim-occasion.com\/concessions\/voiture-occasion-valence\/\" data-type=\"link\" data-id=\"https:\/\/www.grim-occasion.com\/concessions\/voiture-occasion-valence\/\" target=\"_blank\" rel=\"noopener\">voiture d\u2019occasion \u00e0 Valence<\/a><\/strong> ?<br>Notre concession propose une large s\u00e9lection de <strong>v\u00e9hicules d\u2019occasion r\u00e9vis\u00e9s<\/strong>, toutes marques, avec des garanties adapt\u00e9es pour un achat en toute tranquillit\u00e9.<br>Chaque v\u00e9hicule est contr\u00f4l\u00e9 selon des standards stricts afin de vous garantir <strong>s\u00e9curit\u00e9, transparence et qualit\u00e9<\/strong>.<\/p>\n\n\n\n<h2 class=\"wp-block-heading\">Un service apr\u00e8s-vente Ford expert \u00e0 Valence<\/h2>\n\n\n\n<p>Le <strong><a href=\"https:\/\/www.fordgroupegrim.fr\/page\/4\/ford-groupegrim-entretien-service\" data-type=\"link\" data-id=\"https:\/\/www.fordgroupegrim.fr\/page\/4\/ford-groupegrim-entretien-service\" target=\"_blank\" rel=\"noopener\">service apr\u00e8s-vente<\/a><\/strong> Ford Valence vous accompagne tout au long de la vie de votre v\u00e9hicule :<\/p>\n\n\n\n<ul class=\"wp-block-list\">\n<li>Entretien et r\u00e9visions constructeur<\/li>\n\n\n\n<li>Diagnostic \u00e9lectronique Ford<\/li>\n\n\n\n<li>R\u00e9parations m\u00e9caniques et carrosserie<\/li>\n\n\n\n<li>Pi\u00e8ces et accessoires d\u2019origine Ford<\/li>\n\n\n\n<li>Prise de rendez-vous atelier rapide<\/li>\n<\/ul>\n\n\n\n<p>Nos techniciens form\u00e9s par la marque Ford utilisent des \u00e9quipements de pointe pour assurer des prestations fiables et durables.<\/p>\n\n\n\n<h2 class=\"wp-block-heading\">Financement, reprise et services personnalis\u00e9s<\/h2>\n\n\n\n<p>Pour simplifier votre projet automobile, Ford Valence vous propose :<\/p>\n\n\n\n<ul class=\"wp-block-list\">\n<li>Solutions de financement sur mesure (cr\u00e9dit, LOA, LLD)<\/li>\n\n\n\n<li>Reprise de votre ancien v\u00e9hicule<\/li>\n\n\n\n<li>Contrats d\u2019entretien et extensions de garantie<\/li>\n\n\n\n<li>Accompagnement d\u00e9di\u00e9 pour les professionnels et flottes d\u2019entreprise<\/li>\n<\/ul>\n\n\n\n<h2 class=\"wp-block-heading\">Pourquoi choisir votre concession Ford \u00e0 Valence ?<\/h2>\n\n\n\n<figure class=\"wp-block-image size-full\"><picture><source type=\"image\/avif\" srcset=\"https:\/\/groupe-grim.com\/ford\/wp-content\/uploads\/2008\/02\/C020758_1548929342089-1-1-320x138.avif 320w, https:\/\/groupe-grim.com\/ford\/wp-content\/uploads\/2008\/02\/C020758_1548929342089-1-1-640x276.avif 640w, https:\/\/groupe-grim.com\/ford\/wp-content\/uploads\/2008\/02\/C020758_1548929342089-1-1-768x331.avif 768w, https:\/\/groupe-grim.com\/ford\/wp-content\/uploads\/2008\/02\/C020758_1548929342089-1-1-1280x552.avif 1280w, https:\/\/groupe-grim.com\/ford\/wp-content\/uploads\/2008\/02\/C020758_1548929342089-1-1.avif 1629w\" sizes=\"100vw\"><source type=\"image\/webp\" srcset=\"https:\/\/groupe-grim.com\/ford\/wp-content\/uploads\/2008\/02\/C020758_1548929342089-1-1-320x138.webp 320w, https:\/\/groupe-grim.com\/ford\/wp-content\/uploads\/2008\/02\/C020758_1548929342089-1-1-640x276.webp 640w, https:\/\/groupe-grim.com\/ford\/wp-content\/uploads\/2008\/02\/C020758_1548929342089-1-1-768x331.webp 768w, https:\/\/groupe-grim.com\/ford\/wp-content\/uploads\/2008\/02\/C020758_1548929342089-1-1-1280x552.webp 1280w, https:\/\/groupe-grim.com\/ford\/wp-content\/uploads\/2008\/02\/C020758_1548929342089-1-1.webp 1629w\" sizes=\"100vw\"><img src=\"https:\/\/groupe-grim.com\/ford\/wp-content\/uploads\/2008\/02\/C020758_1548929342089-1-1.png\" alt=\"Ford Valence ext\u00e9rieur\" width=\"1024\" height=\"441\" loading=\"lazy\" decoding=\"async\" class=\"wp-image-48025\" title=\"Ford Valence\" srcset=\"https:\/\/groupe-grim.com\/ford\/wp-content\/uploads\/2008\/02\/C020758_1548929342089-1-1-320x138.png 320w, https:\/\/groupe-grim.com\/ford\/wp-content\/uploads\/2008\/02\/C020758_1548929342089-1-1-640x276.png 640w, https:\/\/groupe-grim.com\/ford\/wp-content\/uploads\/2008\/02\/C020758_1548929342089-1-1-768x331.png 768w, https:\/\/groupe-grim.com\/ford\/wp-content\/uploads\/2008\/02\/C020758_1548929342089-1-1-1280x552.png 1280w, https:\/\/groupe-grim.com\/ford\/wp-content\/uploads\/2008\/02\/C020758_1548929342089-1-1.png 1629w\" sizes=\"100vw\"><\/picture><\/figure>\n\n\n\n<p>Choisir Ford Valence, c\u2019est faire confiance \u00e0 une concession locale reconnue pour son expertise de la marque Ford et la qualit\u00e9 de son accompagnement. Id\u00e9alement situ\u00e9e dans la zone commerciale Valence, elle r\u00e9pond aux besoins des automobilistes de la Dr\u00f4me et des environs gr\u00e2ce \u00e0 plusieurs atouts :<\/p>\n\n\n\n<ul class=\"wp-block-list\">\n<li>Expertise de la marque Ford<\/li>\n\n\n\n<li>Large choix de v\u00e9hicules neufs et d\u2019occasion<\/li>\n\n\n\n<li>\u00c9quipe locale, disponible et \u00e0 l\u2019\u00e9coute<\/li>\n\n\n\n<li>Services complets : vente, entretien, financement<\/li>\n\n\n\n<li>Proximit\u00e9 et accompagnement personnalis\u00e9<\/li>\n<\/ul>\n\n\n\n<h2 class=\"wp-block-heading\">Contactez votre concession Ford Valence<\/h2>\n\n\n\n<p>Vous souhaitez obtenir plus d\u2019informations, r\u00e9server un essai ou prendre rendez-vous \u00e0 l\u2019atelier ?<br><strong>L\u2019\u00e9quipe Ford Valence est \u00e0 votre disposition<\/strong> pour r\u00e9pondre \u00e0 toutes vos demandes et vous accompagner dans votre projet automobile.<\/p>\n\n\n\n<p>Prenez contact d\u00e8s maintenant et vivez l\u2019exp\u00e9rience Ford \u00e0 Valence<\/p>\n\n\n\n<p><strong>Adresse\u00a0:\u00a0\u00a0<\/strong><a href=\"https:\/\/www.google.com\/maps\/place\/\/data=!4m2!3m1!1s0x47f557b1cd96be85:0x377f679f0a00288b?sa=X&amp;ved=1t:8290&amp;ictx=111\" target=\"_blank\" rel=\"noopener\">Zac Briffaut, Av. Maurice Ren\u00e9 Simonet, 26000 Valence<\/a><\/p>\n\n\n\n<p>T\u00e9l\u00e9phone : <a href=\"https:\/\/www.google.com\/search?q=ford+valence&amp;rlz=1C1ONGR_frFR1179FR1180&amp;oq=ford+valence&amp;gs_lcrp=EgZjaHJvbWUqBggAEEUYOzIGCAAQRRg7MgwIARAAGBQYhwIYgAQyBwgCEAAYgAQyBwgDEAAYgAQyBggEEEUYPDIGCAUQRRg8MgYIBhBFGEEyBggHEEUYQdIBCDIyOTZqMGo0qAIAsAIA&amp;sourceid=chrome&amp;ie=UTF-8#\" target=\"_blank\" rel=\"noopener\">04 75 78 14 80<\/a><\/p>\n\n\n\n<p><\/p>\n\n\n\n<p><\/p>\n","protected":false},"excerpt":{"rendered":"<p>Situ\u00e9e Avenue Maurice Ren\u00e9 Simonet, Ford Valence vous accueille pour vous accompagner dans tous vos projets automobiles, que vous soyez \u00e0 la recherche d\u2019un v\u00e9hicule neuf Ford, d\u2019une voiture d\u2019occasion, ou de services apr\u00e8s-vente de qualit\u00e9.Notre \u00e9quipe met son expertise \u00e0 votre service pour vous proposer des solutions adapt\u00e9es \u00e0 vos besoins, que vous soyez [&hellip;]<\/p>\n","protected":false},"author":6,"featured_media":63825,"parent":0,"comment_status":"closed","ping_status":"closed","sticky":false,"template":"","format":"standard","meta":{"_acf_changed":false,"footnotes":""},"categories":[10],"tags":[],"class_list":["post-63810","post","type-post","status-publish","format-standard","has-post-thumbnail","hentry","category-feature"],"acf":[],"_links":{"self":[{"href":"https:\/\/groupe-grim.com\/ford\/wp-json\/wp\/v2\/posts\/63810","targetHints":{"allow":["GET"]}}],"collection":[{"href":"https:\/\/groupe-grim.com\/ford\/wp-json\/wp\/v2\/posts"}],"about":[{"href":"https:\/\/groupe-grim.com\/ford\/wp-json\/wp\/v2\/types\/post"}],"author":[{"embeddable":true,"href":"https:\/\/groupe-grim.com\/ford\/wp-json\/wp\/v2\/users\/6"}],"replies":[{"embeddable":true,"href":"https:\/\/groupe-grim.com\/ford\/wp-json\/wp\/v2\/comments?post=63810"}],"version-history":[{"count":6,"href":"https:\/\/groupe-grim.com\/ford\/wp-json\/wp\/v2\/posts\/63810\/revisions"}],"predecessor-version":[{"id":64117,"href":"https:\/\/groupe-grim.com\/ford\/wp-json\/wp\/v2\/posts\/63810\/revisions\/64117"}],"wp:featuredmedia":[{"embeddable":true,"href":"https:\/\/groupe-grim.com\/ford\/wp-json\/wp\/v2\/media\/63825"}],"wp:attachment":[{"href":"https:\/\/groupe-grim.com\/ford\/wp-json\/wp\/v2\/media?parent=63810"}],"wp:term":[{"taxonomy":"category","embeddable":true,"href":"https:\/\/groupe-grim.com\/ford\/wp-json\/wp\/v2\/categories?post=63810"},{"taxonomy":"post_tag","embeddable":true,"href":"https:\/\/groupe-grim.com\/ford\/wp-json\/wp\/v2\/tags?post=63810"}],"curies":[{"name":"wp","href":"https:\/\/api.w.org\/{rel}","templated":true}]}}