{"id":90439,"date":"2026-04-29T14:31:32","date_gmt":"2026-04-29T12:31:32","guid":{"rendered":"https:\/\/groupe-grim.com\/ford\/?p=90439"},"modified":"2026-04-17T14:40:23","modified_gmt":"2026-04-17T12:40:23","slug":"zfe-montpellier","status":"publish","type":"post","link":"https:\/\/groupe-grim.com\/ford\/zfe-montpellier\/","title":{"rendered":"ZFE Montpellier 2026 : quelles voitures peuvent encore circuler ?"},"content":{"rendered":"\n<p>La ZFE Montpellier (Zone \u00e0 Faibles \u00c9missions de Montpellier) franchit une \u00e9tape importante en 2026 : son p\u00e9rim\u00e8tre s&rsquo;\u00e9tend au 1er juillet \u00e0 l&rsquo;ensemble des 31 communes de la m\u00e9tropole, contre 11 communes jusqu&rsquo;\u00e0 pr\u00e9sent. Pour les automobilistes qui r\u00e9sident ou se d\u00e9placent dans l&rsquo;agglom\u00e9ration montpelli\u00e9raine, il est essentiel de savoir si leur v\u00e9hicule est encore autoris\u00e9 \u00e0 circuler \u2014 et quelles solutions existent si ce n&rsquo;est pas le cas.<\/p>\n\n\n<div class=\"wp-block-image\">\n<figure class=\"aligncenter size-full\"><picture><source type=\"image\/avif\" srcset=\"https:\/\/groupe-grim.com\/ford\/wp-content\/uploads\/2025\/02\/Ford_EV-Range_PumaGenE_ElectricExplorer_ElectricCapri_Mustang-Mach-E-LOW-1-320x240.avif 320w, https:\/\/groupe-grim.com\/ford\/wp-content\/uploads\/2025\/02\/Ford_EV-Range_PumaGenE_ElectricExplorer_ElectricCapri_Mustang-Mach-E-LOW-1-640x480.avif 640w, https:\/\/groupe-grim.com\/ford\/wp-content\/uploads\/2025\/02\/Ford_EV-Range_PumaGenE_ElectricExplorer_ElectricCapri_Mustang-Mach-E-LOW-1-768x576.avif 768w, https:\/\/groupe-grim.com\/ford\/wp-content\/uploads\/2025\/02\/Ford_EV-Range_PumaGenE_ElectricExplorer_ElectricCapri_Mustang-Mach-E-LOW-1-1280x960.avif 1280w, https:\/\/groupe-grim.com\/ford\/wp-content\/uploads\/2025\/02\/Ford_EV-Range_PumaGenE_ElectricExplorer_ElectricCapri_Mustang-Mach-E-LOW-1-1920x1440.avif 1920w, https:\/\/groupe-grim.com\/ford\/wp-content\/uploads\/2025\/02\/Ford_EV-Range_PumaGenE_ElectricExplorer_ElectricCapri_Mustang-Mach-E-LOW-1.avif 2048w\" sizes=\"100vw\"><source type=\"image\/webp\" srcset=\"https:\/\/groupe-grim.com\/ford\/wp-content\/uploads\/2025\/02\/Ford_EV-Range_PumaGenE_ElectricExplorer_ElectricCapri_Mustang-Mach-E-LOW-1-320x240.webp 320w, https:\/\/groupe-grim.com\/ford\/wp-content\/uploads\/2025\/02\/Ford_EV-Range_PumaGenE_ElectricExplorer_ElectricCapri_Mustang-Mach-E-LOW-1-640x480.webp 640w, https:\/\/groupe-grim.com\/ford\/wp-content\/uploads\/2025\/02\/Ford_EV-Range_PumaGenE_ElectricExplorer_ElectricCapri_Mustang-Mach-E-LOW-1-768x576.webp 768w, https:\/\/groupe-grim.com\/ford\/wp-content\/uploads\/2025\/02\/Ford_EV-Range_PumaGenE_ElectricExplorer_ElectricCapri_Mustang-Mach-E-LOW-1-1280x960.webp 1280w, https:\/\/groupe-grim.com\/ford\/wp-content\/uploads\/2025\/02\/Ford_EV-Range_PumaGenE_ElectricExplorer_ElectricCapri_Mustang-Mach-E-LOW-1-1920x1440.webp 1920w, https:\/\/groupe-grim.com\/ford\/wp-content\/uploads\/2025\/02\/Ford_EV-Range_PumaGenE_ElectricExplorer_ElectricCapri_Mustang-Mach-E-LOW-1.webp 2048w\" sizes=\"100vw\"><img src=\"https:\/\/groupe-grim.com\/ford\/wp-content\/uploads\/2025\/02\/Ford_EV-Range_PumaGenE_ElectricExplorer_ElectricCapri_Mustang-Mach-E-LOW-1.jpg\" alt=\"ZFE Montpellier\" width=\"1024\" height=\"768\" loading=\"lazy\" decoding=\"async\" class=\"wp-image-57233\" srcset=\"https:\/\/groupe-grim.com\/ford\/wp-content\/uploads\/2025\/02\/Ford_EV-Range_PumaGenE_ElectricExplorer_ElectricCapri_Mustang-Mach-E-LOW-1-320x240.jpg 320w, https:\/\/groupe-grim.com\/ford\/wp-content\/uploads\/2025\/02\/Ford_EV-Range_PumaGenE_ElectricExplorer_ElectricCapri_Mustang-Mach-E-LOW-1-640x480.jpg 640w, https:\/\/groupe-grim.com\/ford\/wp-content\/uploads\/2025\/02\/Ford_EV-Range_PumaGenE_ElectricExplorer_ElectricCapri_Mustang-Mach-E-LOW-1-768x576.jpg 768w, https:\/\/groupe-grim.com\/ford\/wp-content\/uploads\/2025\/02\/Ford_EV-Range_PumaGenE_ElectricExplorer_ElectricCapri_Mustang-Mach-E-LOW-1-1280x960.jpg 1280w, https:\/\/groupe-grim.com\/ford\/wp-content\/uploads\/2025\/02\/Ford_EV-Range_PumaGenE_ElectricExplorer_ElectricCapri_Mustang-Mach-E-LOW-1-1920x1440.jpg 1920w, https:\/\/groupe-grim.com\/ford\/wp-content\/uploads\/2025\/02\/Ford_EV-Range_PumaGenE_ElectricExplorer_ElectricCapri_Mustang-Mach-E-LOW-1.jpg 2048w\" sizes=\"100vw\"><\/picture><\/figure>\n<\/div>\n\n\n<h2 class=\"wp-block-heading\">Qu&rsquo;est-ce que la ZFE de Montpellier ?<\/h2>\n\n\n\n<p>La <a href=\"https:\/\/mieuxrespirerenville.gouv.fr\/fiches-thematique\/se-deplacer\/zfe-francaises\" target=\"_blank\" rel=\"noopener\">Zone \u00e0 Faibles \u00c9missions<\/a> mobilit\u00e9 (ZFE-m) est un p\u00e9rim\u00e8tre dans lequel la circulation des v\u00e9hicules les plus polluants est limit\u00e9e ou interdite. Ce dispositif est encadr\u00e9 par la loi d&rsquo;Orientation des Mobilit\u00e9s de 2019, rendue obligatoire pour les m\u00e9tropoles dont la qualit\u00e9 de l&rsquo;air d\u00e9passe les seuils r\u00e9glementaires. Montpellier fait partie des agglom\u00e9rations concern\u00e9es : selon ATMO Occitanie, la qualit\u00e9 de l&rsquo;air y \u00e9tait consid\u00e9r\u00e9e comme d\u00e9grad\u00e9e 27 % du temps en 2021, le secteur des transports routiers repr\u00e9sentant la principale source de pollution.<\/p>\n\n\n\n<p>La ZFE de Montpellier est entr\u00e9e en vigueur le 1er juillet 2022 sur un p\u00e9rim\u00e8tre initial de 11 communes, avec des restrictions progressivement \u00e9largies chaque ann\u00e9e. Les restrictions s&rsquo;appliquent 7 jours sur 7, 24 heures sur 24, dans le p\u00e9rim\u00e8tre concern\u00e9.<\/p>\n\n\n\n<h2 class=\"wp-block-heading\">ZFE Montpellier : Le calendrier des restrictions <\/h2>\n\n\n\n<p>La mise en place de la ZFE de Montpellier s&rsquo;est faite par \u00e9tapes successives depuis 2022. Voici le calendrier des interdictions pour les voitures particuli\u00e8res, tel qu&rsquo;il a \u00e9t\u00e9 mis en \u0153uvre :<\/p>\n\n\n\n<p>En juillet 2022, les v\u00e9hicules sans vignette Crit&rsquo;Air ont \u00e9t\u00e9 les premiers interdits. En janvier 2023, les Crit&rsquo;Air 5 ont \u00e9t\u00e9 exclus, puis les Crit&rsquo;Air 4 en janvier 2024. Depuis le 1er janvier 2025, les v\u00e9hicules Crit&rsquo;Air 3 \u2014 soit les voitures diesel immatricul\u00e9es entre 2006 et 2010 et les voitures essence immatricul\u00e9es entre 1997 et 2005 \u2014 ne peuvent plus circuler dans le p\u00e9rim\u00e8tre de la ZFE.<\/p>\n\n\n\n<p>En 2026, deux \u00e9volutions majeures sont \u00e0 retenir. Au 1er janvier 2026, le p\u00e9rim\u00e8tre de la ZFE a \u00e9t\u00e9 \u00e9tendu \u00e0 l&rsquo;ensemble des 31 communes de la m\u00e9tropole \u2014 les 20 communes qui n&rsquo;\u00e9taient pas encore concern\u00e9es l&rsquo;ont rejoint. Au 1er juillet 2026, cette extension est pleinement effective pour l&rsquo;ensemble du territoire m\u00e9tropolitain.<\/p>\n\n\n\n<p>La prochaine \u00e9ch\u00e9ance est fix\u00e9e au 1er janvier 2028 : \u00e0 cette date, les v\u00e9hicules Crit&rsquo;Air 2 diesel devraient \u00e9galement \u00eatre exclus, ne laissant circuler librement que les v\u00e9hicules \u00e9lectriques, les Crit&rsquo;Air 1 et les Crit&rsquo;Air 2 essence. Ces informations sont bas\u00e9es sur le calendrier publi\u00e9 par la M\u00e9tropole au 17\/04\/2026 et peuvent \u00eatre amen\u00e9es \u00e0 \u00e9voluer.<\/p>\n\n\n\n<p><em>\u00c0 noter : certains axes routiers traversant la ZFE restent accessibles \u00e0 tous les v\u00e9hicules quel que soit leur Crit&rsquo;Air, notamment l&rsquo;A9, l&rsquo;A709, l&rsquo;A750, la N109 et plusieurs routes m\u00e9tropolitaines. Pour conna\u00eetre les itin\u00e9raires d\u00e9rogatoires pr\u00e9cis, consultez la carte officielle sur le site de la M\u00e9tropole de Montpellier.<\/em><\/p>\n\n\n\n<h2 class=\"wp-block-heading\">ZFE Montpellier : Quelles vignettes Crit&rsquo;Air sont autoris\u00e9es ?<\/h2>\n\n\n\n<p>Au 17\/04\/2026, les v\u00e9hicules autoris\u00e9s \u00e0 circuler dans la ZFE de Montpellier sont ceux disposant d&rsquo;une <a href=\"http:\/\/groupe-grim.com\/ford\/vignette-crit-air-2020\/\">vignette Crit&rsquo;Air 1<\/a>, Crit&rsquo;Air 2 (essence uniquement pour les deux-roues, et essence ou diesel pour les voitures particuli\u00e8res selon les cat\u00e9gories), et la vignette verte Crit&rsquo;Air E r\u00e9serv\u00e9e aux v\u00e9hicules \u00e9lectriques et \u00e0 hydrog\u00e8ne. Les v\u00e9hicules Crit&rsquo;Air 3, 4, 5 et non class\u00e9s sont interdits de circulation dans la zone.<\/p>\n\n\n\n<h3 class=\"wp-block-heading\">ZFE Montpellier : Crit&rsquo;Air E \u2014 v\u00e9hicules \u00e9lectriques <\/h3>\n\n\n\n<p>Les v\u00e9hicules <a href=\"https:\/\/groupe-grim.com\/ford\/gamme-electrique-ford\/\">100 % \u00e9lectriques<\/a> obtiennent la vignette Crit&rsquo;Air E (verte). Ils circulent librement dans la ZFE sans aucune restriction, aujourd&rsquo;hui et \u00e0 horizon 2028. C&rsquo;est la seule cat\u00e9gorie garantie de ne pas \u00eatre impact\u00e9e par les \u00e9volutions futures du dispositif.<\/p>\n\n\n\n<h3 class=\"wp-block-heading\">Crit&rsquo;Air 1 \u2014 v\u00e9hicules r\u00e9cents essence et hybrides<\/h3>\n\n\n\n<p>Les v\u00e9hicules essence et hybrides immatricul\u00e9s \u00e0 partir de 2011 (norme Euro 5 et 6) obtiennent la vignette Crit&rsquo;Air 1. Ils sont autoris\u00e9s \u00e0 circuler dans la ZFE de Montpellier en 2026 et le resteront a priori jusqu&rsquo;en 2028 au moins. Le Ford Kuga Flexifuel E85 et les mod\u00e8les Ford hybrides r\u00e9cents entrent dans cette cat\u00e9gorie.<\/p>\n\n\n<div class=\"wp-block-image\">\n<figure class=\"aligncenter size-large\"><picture><source type=\"image\/avif\" srcset=\"https:\/\/groupe-grim.com\/ford\/wp-content\/uploads\/2026\/01\/gamme-suv-ford-320x180.avif 320w, https:\/\/groupe-grim.com\/ford\/wp-content\/uploads\/2026\/01\/gamme-suv-ford-640x360.avif 640w, https:\/\/groupe-grim.com\/ford\/wp-content\/uploads\/2026\/01\/gamme-suv-ford-768x432.avif 768w, https:\/\/groupe-grim.com\/ford\/wp-content\/uploads\/2026\/01\/gamme-suv-ford.avif 1095w\" sizes=\"100vw\"><source type=\"image\/webp\" srcset=\"https:\/\/groupe-grim.com\/ford\/wp-content\/uploads\/2026\/01\/gamme-suv-ford-320x180.webp 320w, https:\/\/groupe-grim.com\/ford\/wp-content\/uploads\/2026\/01\/gamme-suv-ford-640x360.webp 640w, https:\/\/groupe-grim.com\/ford\/wp-content\/uploads\/2026\/01\/gamme-suv-ford-768x432.webp 768w, https:\/\/groupe-grim.com\/ford\/wp-content\/uploads\/2026\/01\/gamme-suv-ford.webp 1095w\" sizes=\"100vw\"><img src=\"https:\/\/groupe-grim.com\/ford\/wp-content\/uploads\/2026\/01\/gamme-suv-ford-1024x576.jpg\" alt=\"ZFE Montpellier\" width=\"1024\" height=\"576\" loading=\"lazy\" decoding=\"async\" class=\"wp-image-63857\" srcset=\"https:\/\/groupe-grim.com\/ford\/wp-content\/uploads\/2026\/01\/gamme-suv-ford-320x180.jpg 320w, https:\/\/groupe-grim.com\/ford\/wp-content\/uploads\/2026\/01\/gamme-suv-ford-640x360.jpg 640w, https:\/\/groupe-grim.com\/ford\/wp-content\/uploads\/2026\/01\/gamme-suv-ford-768x432.jpg 768w, https:\/\/groupe-grim.com\/ford\/wp-content\/uploads\/2026\/01\/gamme-suv-ford.jpg 1095w\" sizes=\"100vw\"><\/picture><\/figure>\n<\/div>\n\n\n<h3 class=\"wp-block-heading\">Crit&rsquo;Air 2 \u2014 v\u00e9hicules essence immatricul\u00e9s \u00e0 partir de 2006<\/h3>\n\n\n\n<p>Les v\u00e9hicules essence immatricul\u00e9s entre 2006 et 2010 (norme Euro 4) obtiennent la vignette Crit&rsquo;Air 2. Ils sont encore autoris\u00e9s \u00e0 circuler en 2026, mais sont concern\u00e9s par l&rsquo;\u00e9ch\u00e9ance de 2028 pour les versions diesel. Les Crit&rsquo;Air 2 essence devraient rester autoris\u00e9s au-del\u00e0 de 2028 selon le calendrier actuel.<\/p>\n\n\n\n<h2 class=\"wp-block-heading\">ZFE Montpellier : Les d\u00e9rogations , peut-on circuler malgr\u00e9 tout ?<\/h2>\n\n\n\n<p>La M\u00e9tropole de Montpellier a pr\u00e9vu plusieurs dispositifs de d\u00e9rogation pour les conducteurs dont le v\u00e9hicule est interdit mais qui ne peuvent pas encore en changer.<\/p>\n\n\n\n<h3 class=\"wp-block-heading\">ZFE Montpellier : La d\u00e9rogation \u00ab petit rouleur \u00bb<\/h3>\n\n\n\n<p>Si vous parcourez moins de 8 000 km par an, vous pouvez demander une d\u00e9rogation aupr\u00e8s de la M\u00e9tropole, justifi\u00e9e par les relev\u00e9s kilom\u00e9triques de vos contr\u00f4les techniques successifs. Cette d\u00e9rogation est soumise \u00e0 conditions et \u00e0 renouvellement.<\/p>\n\n\n\n<h3 class=\"wp-block-heading\">ZFE Montpellier : Le Pass 52 jours<\/h3>\n\n\n\n<p>Ce dispositif permet \u00e0 un v\u00e9hicule interdit de circuler dans la ZFE pendant 52 jours maximum par an, \u00e0 condition de d\u00e9clarer \u00e0 l&rsquo;avance les dates de circulation. Il est particuli\u00e8rement utile pour les personnes qui se rendent occasionnellement dans la m\u00e9tropole avec un v\u00e9hicule non conforme.<\/p>\n\n\n\n<h3 class=\"wp-block-heading\">ZFE Montpellier : Les d\u00e9rogations permanentes<\/h3>\n\n\n\n<p>Certaines cat\u00e9gories b\u00e9n\u00e9ficient d&rsquo;une d\u00e9rogation permanente : les v\u00e9hicules \u00e9quip\u00e9s d&rsquo;une carte mobilit\u00e9 inclusion (mention stationnement pour les personnes handicap\u00e9es), les v\u00e9hicules d&rsquo;urgence, de police, de gendarmerie et du minist\u00e8re de la D\u00e9fense.<\/p>\n\n\n\n<h2 class=\"wp-block-heading\">Quelles sanctions en cas de non-respect de la ZFE ?<\/h2>\n\n\n\n<p>En cas de circulation dans la ZFE avec un v\u00e9hicule non autoris\u00e9, l&rsquo;amende forfaitaire s&rsquo;\u00e9l\u00e8ve \u00e0 68 \u20ac pour un v\u00e9hicule l\u00e9ger (voiture particuli\u00e8re, utilitaire l\u00e9ger) et \u00e0 135 \u20ac pour les poids lourds, bus et autocars. La verbalisation peut se faire par contr\u00f4le manuel des forces de l&rsquo;ordre ou, progressivement, par lecture automatique de plaques (cam\u00e9ras LAPI). \u00c0 Montpellier, le pr\u00e9sident de la M\u00e9tropole a annonc\u00e9 en f\u00e9vrier 2025 un report de la verbalisation automatis\u00e9e \u00e0 2027, dans le cadre d&rsquo;une p\u00e9riode p\u00e9dagogique prolong\u00e9e. Cette information est \u00e0 v\u00e9rifier aupr\u00e8s des sources officielles, la situation r\u00e9glementaire pouvant \u00e9voluer.<\/p>\n\n\n\n<p><em>La verbalisation et son calendrier exact rel\u00e8vent des d\u00e9cisions de la M\u00e9tropole et des forces de l&rsquo;ordre. Pour conna\u00eetre la situation exacte au moment de votre lecture, consultez le site officiel de Montpellier M\u00e9diterran\u00e9e M\u00e9tropole.<\/em><\/p>\n\n\n\n<h2 class=\"wp-block-heading\">Quels v\u00e9hicules Ford sont autoris\u00e9s dans la ZFE Montpellier ?<\/h2>\n\n\n\n<p>L&rsquo;ensemble de la gamme Ford neuve commercialis\u00e9e en 2026 est compatible avec la ZFE de Montpellier, gr\u00e2ce aux motorisations hybrides et \u00e9lectriques. Les mod\u00e8les 100 % \u00e9lectriques \u2014 <a href=\"https:\/\/groupe-grim.com\/ford\/ford-puma-gen-e\/\">Ford Puma Gen-E<\/a> et Ford Explorer \u00e9lectrique \u2014 obtiennent la vignette Crit&rsquo;Air E et circulent sans restriction. Les mod\u00e8les hybrides r\u00e9cents \u2014 <a href=\"https:\/\/groupe-grim.com\/ford\/ford-kuga-e85\/\">Ford Kuga E85<\/a>, <a href=\"https:\/\/groupe-grim.com\/ford\/ford-kuga-hybride\/\">Ford Kuga hybride rechargeable<\/a>, Ford Puma hybride mild-hybrid \u2014 entrent dans la cat\u00e9gorie Crit&rsquo;Air 1 et sont pleinement autoris\u00e9s \u00e0 circuler dans la ZFE.<\/p>\n\n\n\n<p>Si vous poss\u00e9dez actuellement un v\u00e9hicule Crit&rsquo;Air 3 ou plus et que vous r\u00e9sidez dans l&rsquo;agglom\u00e9ration montpelli\u00e9raine, nos conseillers <a href=\"https:\/\/groupe-grim.com\/ford\/nouveau-ford-montpellier\/\">Ford GRIM Montpellier<\/a> peuvent vous pr\u00e9senter les solutions disponibles \u2014 achat, location longue dur\u00e9e ou reprise de votre v\u00e9hicule \u2014 pour vous aider \u00e0 anticiper sereinement cette transition.<\/p>\n\n\n<div class=\"wp-block-image\">\n<figure class=\"aligncenter size-full\"><picture><source type=\"image\/avif\" srcset=\"https:\/\/groupe-grim.com\/ford\/wp-content\/uploads\/2025\/06\/ford-kuga-pack-black-4-scaled-1-320x231.avif 320w, https:\/\/groupe-grim.com\/ford\/wp-content\/uploads\/2025\/06\/ford-kuga-pack-black-4-scaled-1-640x462.avif 640w, https:\/\/groupe-grim.com\/ford\/wp-content\/uploads\/2025\/06\/ford-kuga-pack-black-4-scaled-1-768x555.avif 768w, https:\/\/groupe-grim.com\/ford\/wp-content\/uploads\/2025\/06\/ford-kuga-pack-black-4-scaled-1-1280x925.avif 1280w, https:\/\/groupe-grim.com\/ford\/wp-content\/uploads\/2025\/06\/ford-kuga-pack-black-4-scaled-1-1920x1387.avif 1920w, https:\/\/groupe-grim.com\/ford\/wp-content\/uploads\/2025\/06\/ford-kuga-pack-black-4-scaled-1-2560x1849.avif 2560w, https:\/\/groupe-grim.com\/ford\/wp-content\/uploads\/2025\/06\/ford-kuga-pack-black-4-scaled-1.avif 2560w\" sizes=\"100vw\"><source type=\"image\/webp\" srcset=\"https:\/\/groupe-grim.com\/ford\/wp-content\/uploads\/2025\/06\/ford-kuga-pack-black-4-scaled-1-320x231.webp 320w, https:\/\/groupe-grim.com\/ford\/wp-content\/uploads\/2025\/06\/ford-kuga-pack-black-4-scaled-1-640x462.webp 640w, https:\/\/groupe-grim.com\/ford\/wp-content\/uploads\/2025\/06\/ford-kuga-pack-black-4-scaled-1-768x555.webp 768w, https:\/\/groupe-grim.com\/ford\/wp-content\/uploads\/2025\/06\/ford-kuga-pack-black-4-scaled-1-1280x925.webp 1280w, https:\/\/groupe-grim.com\/ford\/wp-content\/uploads\/2025\/06\/ford-kuga-pack-black-4-scaled-1-1920x1387.webp 1920w, https:\/\/groupe-grim.com\/ford\/wp-content\/uploads\/2025\/06\/ford-kuga-pack-black-4-scaled-1-2560x1849.webp 2560w, https:\/\/groupe-grim.com\/ford\/wp-content\/uploads\/2025\/06\/ford-kuga-pack-black-4-scaled-1.webp 2560w\" sizes=\"100vw\"><img src=\"https:\/\/groupe-grim.com\/ford\/wp-content\/uploads\/2025\/06\/ford-kuga-pack-black-4-scaled-1.jpg\" alt=\"ZFE Montpellier\" width=\"1024\" height=\"740\" loading=\"lazy\" decoding=\"async\" class=\"wp-image-60299\" srcset=\"https:\/\/groupe-grim.com\/ford\/wp-content\/uploads\/2025\/06\/ford-kuga-pack-black-4-scaled-1-320x231.jpg 320w, https:\/\/groupe-grim.com\/ford\/wp-content\/uploads\/2025\/06\/ford-kuga-pack-black-4-scaled-1-640x462.jpg 640w, https:\/\/groupe-grim.com\/ford\/wp-content\/uploads\/2025\/06\/ford-kuga-pack-black-4-scaled-1-768x555.jpg 768w, https:\/\/groupe-grim.com\/ford\/wp-content\/uploads\/2025\/06\/ford-kuga-pack-black-4-scaled-1-1280x925.jpg 1280w, https:\/\/groupe-grim.com\/ford\/wp-content\/uploads\/2025\/06\/ford-kuga-pack-black-4-scaled-1-1920x1387.jpg 1920w, https:\/\/groupe-grim.com\/ford\/wp-content\/uploads\/2025\/06\/ford-kuga-pack-black-4-scaled-1-2560x1849.jpg 2560w, https:\/\/groupe-grim.com\/ford\/wp-content\/uploads\/2025\/06\/ford-kuga-pack-black-4-scaled-1.jpg 2560w\" sizes=\"100vw\"><\/picture><\/figure>\n<\/div>\n\n\n<h2 class=\"wp-block-heading\">Questions fr\u00e9quentes sur la ZFE Montpellier en 2026<\/h2>\n\n\n\n<p><strong>Comment savoir si ma voiture est autoris\u00e9e dans la ZFE de Montpellier ?<\/strong><\/p>\n\n\n\n<p>Votre vignette Crit&rsquo;Air indique la cat\u00e9gorie de votre v\u00e9hicule. Si vous ne l&rsquo;avez pas encore, elle est disponible sur le site officiel du gouvernement (certificat-air.gouv.fr) pour environ 3,67 \u20ac. Si votre vignette est Crit&rsquo;Air 1, 2 (essence) ou E, vous circulez librement. Si elle est Crit&rsquo;Air 3, 4, 5 ou si vous n&rsquo;en avez pas, votre v\u00e9hicule est interdit dans la ZFE.<\/p>\n\n\n\n<p><strong>La ZFE Montpellier concerne-t-elle aussi les communes autour de Montpellier ?<\/strong><\/p>\n\n\n\n<p>Oui. Depuis le 1er janvier 2026, la ZFE s&rsquo;applique \u00e0 l&rsquo;ensemble des 31 communes de la M\u00e9tropole de Montpellier M\u00e9diterran\u00e9e. Parmi les communes nouvellement int\u00e9gr\u00e9es : Baillargues, Beaulieu, Castries, Fabr\u00e8gues, Lav\u00e9rune, Montferrier-sur-Lez et d&rsquo;autres. Consultez la carte officielle de la M\u00e9tropole pour conna\u00eetre le p\u00e9rim\u00e8tre exact.<\/p>\n\n\n\n<p><strong>Puis-je emprunter l&rsquo;autoroute A9 ou l&rsquo;A709 avec un Crit&rsquo;Air 3 ?<\/strong><\/p>\n\n\n\n<p>Oui. Plusieurs axes routiers traversant la ZFE restent accessibles \u00e0 tous les v\u00e9hicules, quelle que soit leur vignette Crit&rsquo;Air. C&rsquo;est notamment le cas de l&rsquo;A9, de l&rsquo;A709, de l&rsquo;A750 et de plusieurs routes m\u00e9tropolitaines. Ces itin\u00e9raires d\u00e9rogatoires sont indiqu\u00e9s sur la carte officielle de la M\u00e9tropole.<\/p>\n\n\n\n<p><strong>Que faire si je dois circuler dans la ZFE avec un v\u00e9hicule interdit ?<\/strong><\/p>\n\n\n\n<p>Plusieurs options existent : la d\u00e9rogation petit rouleur (si vous parcourez moins de 8 000 km par an), le Pass 52 jours (pour des passages occasionnels d\u00e9clar\u00e9s \u00e0 l&rsquo;avance), ou une d\u00e9rogation permanente si vous \u00eates dans une situation \u00e9ligible (handicap, urgence). Ces d\u00e9rogations sont \u00e0 demander aupr\u00e8s de la M\u00e9tropole de Montpellier.<\/p>\n\n\n\n<p><strong>Quels sont les v\u00e9hicules Ford compatibles avec la ZFE de Montpellier ?<\/strong><\/p>\n\n\n\n<p>Tous les mod\u00e8les Ford neufs de 2026 sont compatibles avec la ZFE de Montpellier. Les v\u00e9hicules \u00e9lectriques (Puma Gen-E, Explorer) obtiennent la vignette Crit&rsquo;Air E. Les hybrides r\u00e9cents (Kuga E85, Kuga PHEV, Puma hybride) obtiennent la vignette Crit&rsquo;Air 1. Prenez rendez-vous avec nos conseillers <a href=\"https:\/\/groupe-grim.com\/rendez-vous\/?brand=ford\">Ford GRIM Montpellier<\/a> pour un essai et une simulation de financement.<\/p>\n","protected":false},"excerpt":{"rendered":"<p>La ZFE Montpellier (Zone \u00e0 Faibles \u00c9missions de Montpellier) franchit une \u00e9tape importante en 2026 : son p\u00e9rim\u00e8tre s&rsquo;\u00e9tend au 1er juillet \u00e0 l&rsquo;ensemble des 31 communes de la m\u00e9tropole, contre 11 communes jusqu&rsquo;\u00e0 pr\u00e9sent. Pour les automobilistes qui r\u00e9sident ou se d\u00e9placent dans l&rsquo;agglom\u00e9ration montpelli\u00e9raine, il est essentiel de savoir si leur v\u00e9hicule est [&hellip;]<\/p>\n","protected":false},"author":6,"featured_media":53753,"parent":0,"comment_status":"closed","ping_status":"closed","sticky":false,"template":"","format":"standard","meta":{"_acf_changed":false,"footnotes":""},"categories":[10,48],"tags":[],"class_list":["post-90439","post","type-post","status-publish","format-standard","has-post-thumbnail","hentry","category-feature","category-feature-entreprise"],"acf":[],"_links":{"self":[{"href":"https:\/\/groupe-grim.com\/ford\/wp-json\/wp\/v2\/posts\/90439","targetHints":{"allow":["GET"]}}],"collection":[{"href":"https:\/\/groupe-grim.com\/ford\/wp-json\/wp\/v2\/posts"}],"about":[{"href":"https:\/\/groupe-grim.com\/ford\/wp-json\/wp\/v2\/types\/post"}],"author":[{"embeddable":true,"href":"https:\/\/groupe-grim.com\/ford\/wp-json\/wp\/v2\/users\/6"}],"replies":[{"embeddable":true,"href":"https:\/\/groupe-grim.com\/ford\/wp-json\/wp\/v2\/comments?post=90439"}],"version-history":[{"count":1,"href":"https:\/\/groupe-grim.com\/ford\/wp-json\/wp\/v2\/posts\/90439\/revisions"}],"predecessor-version":[{"id":90440,"href":"https:\/\/groupe-grim.com\/ford\/wp-json\/wp\/v2\/posts\/90439\/revisions\/90440"}],"wp:featuredmedia":[{"embeddable":true,"href":"https:\/\/groupe-grim.com\/ford\/wp-json\/wp\/v2\/media\/53753"}],"wp:attachment":[{"href":"https:\/\/groupe-grim.com\/ford\/wp-json\/wp\/v2\/media?parent=90439"}],"wp:term":[{"taxonomy":"category","embeddable":true,"href":"https:\/\/groupe-grim.com\/ford\/wp-json\/wp\/v2\/categories?post=90439"},{"taxonomy":"post_tag","embeddable":true,"href":"https:\/\/groupe-grim.com\/ford\/wp-json\/wp\/v2\/tags?post=90439"}],"curies":[{"name":"wp","href":"https:\/\/api.w.org\/{rel}","templated":true}]}}