{"id":611,"date":"2026-07-28T10:16:49","date_gmt":"2026-07-28T08:16:49","guid":{"rendered":"https:\/\/groupe-grim.com\/omoda-jaecoo\/?p=611"},"modified":"2026-07-15T16:48:43","modified_gmt":"2026-07-15T14:48:43","slug":"omoda-9-full-black","status":"publish","type":"post","link":"https:\/\/groupe-grim.com\/omoda-jaecoo\/omoda-9-full-black\/","title":{"rendered":"Omoda 9 Full Black : l&rsquo;Omoda 9 passe au noir mat avec une signature exclusive"},"content":{"rendered":"\n<p class=\"wp-block-paragraph\"><\/p>\n\n\n\n<p class=\"wp-block-paragraph\"><\/p>\n\n\n\n<p class=\"wp-block-paragraph\">OMODA &amp; JAECOO France annonce le lancement d&rsquo;un nouveau coloris exclusif pour l&rsquo;<a href=\"https:\/\/groupe-grim.com\/omoda-jaecoo\/vehicule\/omoda-9\/\">OMODA 9<\/a> Hybride Rechargeable : le <strong>Noir Mat accompagn\u00e9 du Black Pack<\/strong>. Ce nouveau traitement esth\u00e9tique conf\u00e8re au SUV porte-\u00e9tendard de la marque une pr\u00e9sence encore plus affirm\u00e9e, alliant design radical et prestations haut de gamme.<\/p>\n\n\n\n<h2 class=\"wp-block-heading\">Omoda 9 Full Black : un cap stylistique fort<\/h2>\n\n\n\n<p class=\"wp-block-paragraph\">Avec ce nouveau coloris Noir Mat, l&rsquo;Omoda 9 Full Black franchit un cap stylistique fort. L\u00e0 o\u00f9 les teintes brillantes jouent sur le reflet et l&rsquo;\u00e9clat, le Noir Mat impose une toute autre pr\u00e9sence : <strong>profond, velout\u00e9, absolu<\/strong>. Une finition qui absorbe la lumi\u00e8re pour mieux r\u00e9v\u00e9ler les volumes sculpt\u00e9s de la carrosserie, accentuant chaque ligne tendue, chaque galbe affirm\u00e9 de ce SUV.<\/p>\n\n\n\n<figure class=\"wp-block-image\"><img decoding=\"async\" src=\"https:\/\/groupe-grim.com\/omoda-jaecoo\/wp-content\/uploads\/2026\/06\/omoda-9-noir-mat-black-pack-vue-avant.jpg\" alt=\"Omoda 9 Full Black\"\/><figcaption class=\"wp-element-caption\">Omoda 9 Full Black<\/figcaption><\/figure>\n\n\n\n<p class=\"wp-block-paragraph\">Pour pousser cette signature jusqu&rsquo;\u00e0 son terme, l&rsquo;OMODA 9 re\u00e7oit un <strong>Black Pack<\/strong> qui noircit l&rsquo;int\u00e9gralit\u00e9 des \u00e9l\u00e9ments de style ext\u00e9rieurs, effa\u00e7ant tout contraste r\u00e9siduel et unifiant la silhouette. Sont ainsi pass\u00e9s au noir :<\/p>\n\n\n\n<ul class=\"wp-block-list\">\n<li>Les inserts de calandre et les prises d&rsquo;air, qui accentuent l&rsquo;aspect massif et agressif de la face avant,<\/li>\n\n\n\n<li>Les jupes lat\u00e9rales, qui abaissent visuellement le centre de gravit\u00e9 et allongent la ligne de caisse,<\/li>\n\n\n\n<li>Les coques de r\u00e9troviseurs, int\u00e9gr\u00e9es dans un tout chromatique parfaitement homog\u00e8ne,<\/li>\n\n\n\n<li>Les d\u00e9cors sur les ailes avant, qui soulignent la largeur de voies et la musculature du v\u00e9hicule,<\/li>\n\n\n\n<li>Les jantes alliage 20 pouces, dont le dessin sombre s&rsquo;inscrit en contraste profond avec la carrosserie mate,<\/li>\n\n\n\n<li>Les barres de toit, qui compl\u00e8tent la signature Full Black.<\/li>\n<\/ul>\n\n\n\n<p class=\"wp-block-paragraph\">Le r\u00e9sultat est une silhouette d&rsquo;une coh\u00e9rence absolue, o\u00f9 chaque \u00e9l\u00e9ment concourt \u00e0 un m\u00eame effet : celui d&rsquo;un SUV premium \u00e0 l&rsquo;identit\u00e9 visuelle puissante et imm\u00e9diatement reconnaissable. Un v\u00e9hicule qui s&rsquo;impose sur la route avec discr\u00e9tion et autorit\u00e9, sans chercher \u00e0 briller, au sens propre comme au sens figur\u00e9.<\/p>\n\n\n\n<p class=\"wp-block-paragraph\">Cette nouvelle couleur de l&rsquo;Omoda 9 Full Black vient compl\u00e9ter une palette de cinq coloris soigneusement s\u00e9lectionn\u00e9s, du Blanc Quartz \u00e9pur\u00e9 au Gris Mat contemporain.<\/p>\n\n\n\n<figure class=\"wp-block-image\"><img decoding=\"async\" src=\"https:\/\/groupe-grim.com\/omoda-jaecoo\/wp-content\/uploads\/2026\/06\/omoda-9-noir-mat-black-pack-vue-arriere.jpg\" alt=\"Omoda 9 Full Black\"\/><figcaption class=\"wp-element-caption\">Omoda 9 Full Black<\/figcaption><\/figure>\n\n\n\n<h3 class=\"wp-block-heading\">L&rsquo;OMODA 9 hybride rechargeable : une technologie de pointe<\/h3>\n\n\n\n<p class=\"wp-block-paragraph\">V\u00e9ritable porte-\u00e9tendard de la marque, l&rsquo;Omoda 9 Full Black allie puissance, efficience et confort pour tous les trajets. Son syst\u00e8me <strong>SHS-P (Super Hybrid System \u2013 Plug-in)<\/strong> combine un moteur thermique 4 cylindres turbo 1,5 L (cycle Miller) et trois moteurs \u00e9lectriques synchrones \u00e0 aimants permanents, deux \u00e0 l&rsquo;avant (75 kW et 90 kW) et un sur le train arri\u00e8re (175 kW), pour une puissance combin\u00e9e de <strong>537 ch (395 kW) et 650 Nm de couple<\/strong>.<\/p>\n\n\n\n<p class=\"wp-block-paragraph\">La transmission hybride 3DHT avec 3 embrayages et 3 rapports offre 11 combinaisons possibles, adaptant en temps r\u00e9el le fonctionnement entre les modes EV, hybride s\u00e9rie, hybride parall\u00e8le ou thermique. Le ch\u00e2ssis pilot\u00e9 CDC scanne la chauss\u00e9e 1 000 fois par seconde pour un amortissement optimal.<\/p>\n\n\n\n<p class=\"wp-block-paragraph\">La batterie lithium-ion LMFP (Lithium, Mangan\u00e8se, Fer, Phosphate) de 34,46 kWh offre jusqu&rsquo;\u00e0 <strong>145 km d&rsquo;autonomie 100 % \u00e9lectrique en cycle mixte WLTP<\/strong>, avec une recharge rapide de 30 \u00e0 80 % en 25 minutes. Associ\u00e9e \u00e0 un r\u00e9servoir de 70 litres, l&rsquo;autonomie combin\u00e9e atteint <strong>jusqu&rsquo;\u00e0 1 100 km<\/strong>.<\/p>\n\n\n\n<h3 class=\"wp-block-heading\">Une finition premium riche en \u00e9quipements<\/h3>\n\n\n\n<p class=\"wp-block-paragraph\">Propos\u00e9 d\u00e8s 49 990 \u20ac en finition Premium, l&rsquo;OMODA 9 int\u00e8gre de s\u00e9rie une dotation technologique et s\u00e9curitaire compl\u00e8te : 20 syst\u00e8mes ADAS, 8 airbags, stationnement automatique APA, cam\u00e9ra 540\u00b0 avec fonction v\u00e9hicule transparent, phares Full-LED, jantes alliage 20 pouces et vitres arri\u00e8re surteint\u00e9es.<\/p>\n\n\n\n<p class=\"wp-block-paragraph\">L&rsquo;habitacle conjugue raffinement et confort avec une sellerie cuir compl\u00e8te, des si\u00e8ges avant chauffants, ventil\u00e9s et massants, des si\u00e8ges arri\u00e8re chauffants et ventil\u00e9s \u00e0 inclinaison \u00e9lectrique, ainsi qu&rsquo;un volant chauffant \u00e0 r\u00e9glage \u00e9lectrique. La climatisation bi-zone avec filtre PM2.5, le toit ouvrant panoramique et le vitrage acoustique compl\u00e8tent l&rsquo;exp\u00e9rience.<\/p>\n\n\n\n<p class=\"wp-block-paragraph\">L&rsquo;exp\u00e9rience digitale \u00e0 bord est assur\u00e9e par un combin\u00e9 d&rsquo;instruments 12,3\u00a0\u00bb, un \u00e9cran central 12,3\u00a0\u00bb, un affichage t\u00eate haute \u00e0 r\u00e9alit\u00e9 augment\u00e9e, Apple CarPlay et Android Auto sans fil, un chargeur \u00e0 induction 50 W et un syst\u00e8me audio <strong>SONY \u00e0 14 haut-parleurs<\/strong> avec 2 haut-parleurs int\u00e9gr\u00e9s dans l&rsquo;appui-t\u00eate conducteur.<\/p>\n\n\n\n<h3 class=\"wp-block-heading\">Disponibilit\u00e9 et tarifs<\/h3>\n\n\n\n<p class=\"wp-block-paragraph\">L&rsquo;OMODA 9 Noir Mat avec le Black Pack est disponible \u00e0 la commande dans l&rsquo;ensemble du r\u00e9seau <a href=\"https:\/\/omoda-jaecoo.fr\/\" target=\"_blank\" rel=\"noopener\">OMODA &amp; JAECOO<\/a>. Le coloris Noir Mat et le Black Pack qui l&rsquo;accompagne constituent une option \u00e0 1 500 \u20ac, portant le prix de vente conseill\u00e9 \u00e0 <strong>51 490 \u20ac<\/strong>.<\/p>\n\n\n\n<p class=\"wp-block-paragraph\">L&rsquo;OMODA 9 est d\u00e9sormais propos\u00e9 dans cinq coloris : Blanc Quartz (inclus), Noir Onyx (+600 \u20ac), Gris Tech (+600 \u20ac), Gris Mat (+900 \u20ac) et Noir Mat avec Black Pack (+1 500 \u20ac).<\/p>\n\n\n\n<p class=\"wp-block-paragraph\"><em>Pensez \u00e0 covoiturer. #SeDeplacerMoinsPolluer<\/em><\/p>\n","protected":false},"excerpt":{"rendered":"<p>OMODA &amp; JAECOO France annonce le lancement d&rsquo;un nouveau coloris exclusif pour l&rsquo;OMODA 9 Hybride Rechargeable : le Noir Mat accompagn\u00e9 du Black Pack. Ce nouveau traitement esth\u00e9tique conf\u00e8re au SUV porte-\u00e9tendard de la marque une pr\u00e9sence encore plus affirm\u00e9e, alliant design radical et prestations haut de gamme. Omoda 9 Full Black : un cap [&hellip;]<\/p>\n","protected":false},"author":2,"featured_media":612,"parent":0,"comment_status":"closed","ping_status":"closed","sticky":false,"template":"","format":"standard","meta":{"_acf_changed":false,"footnotes":""},"categories":[1],"tags":[],"class_list":["post-611","post","type-post","status-publish","format-standard","has-post-thumbnail","hentry","category-non-classe"],"acf":[],"_links":{"self":[{"href":"https:\/\/groupe-grim.com\/omoda-jaecoo\/wp-json\/wp\/v2\/posts\/611","targetHints":{"allow":["GET"]}}],"collection":[{"href":"https:\/\/groupe-grim.com\/omoda-jaecoo\/wp-json\/wp\/v2\/posts"}],"about":[{"href":"https:\/\/groupe-grim.com\/omoda-jaecoo\/wp-json\/wp\/v2\/types\/post"}],"author":[{"embeddable":true,"href":"https:\/\/groupe-grim.com\/omoda-jaecoo\/wp-json\/wp\/v2\/users\/2"}],"replies":[{"embeddable":true,"href":"https:\/\/groupe-grim.com\/omoda-jaecoo\/wp-json\/wp\/v2\/comments?post=611"}],"version-history":[{"count":5,"href":"https:\/\/groupe-grim.com\/omoda-jaecoo\/wp-json\/wp\/v2\/posts\/611\/revisions"}],"predecessor-version":[{"id":618,"href":"https:\/\/groupe-grim.com\/omoda-jaecoo\/wp-json\/wp\/v2\/posts\/611\/revisions\/618"}],"wp:featuredmedia":[{"embeddable":true,"href":"https:\/\/groupe-grim.com\/omoda-jaecoo\/wp-json\/wp\/v2\/media\/612"}],"wp:attachment":[{"href":"https:\/\/groupe-grim.com\/omoda-jaecoo\/wp-json\/wp\/v2\/media?parent=611"}],"wp:term":[{"taxonomy":"category","embeddable":true,"href":"https:\/\/groupe-grim.com\/omoda-jaecoo\/wp-json\/wp\/v2\/categories?post=611"},{"taxonomy":"post_tag","embeddable":true,"href":"https:\/\/groupe-grim.com\/omoda-jaecoo\/wp-json\/wp\/v2\/tags?post=611"}],"curies":[{"name":"wp","href":"https:\/\/api.w.org\/{rel}","templated":true}]}}