{"id":7295,"date":"2024-06-26T07:52:42","date_gmt":"2024-06-26T07:52:42","guid":{"rendered":"https:\/\/groupe-grim.com\/skoda\/?p=7295"},"modified":"2024-06-26T07:52:44","modified_gmt":"2024-06-26T07:52:44","slug":"le-skoda-kamiq","status":"publish","type":"post","link":"https:\/\/groupe-grim.com\/skoda\/le-skoda-kamiq\/","title":{"rendered":"D\u00c9COUVREZ LE SKODA KAMIQ : LE SUV COMPACT URBAIN"},"content":{"rendered":"\n<p><\/p>\n\n\n\n<p>Bienvenue dans cet article d\u00e9di\u00e9 au Skoda Kamiq, un mod\u00e8le qui a su se d\u00e9marquer sur le march\u00e9 des SUV compacts. Avec son design \u00e9l\u00e9gant, ses performances impressionnantes et ses \u00e9quipements de pointe, le Skoda Kamiq est un v\u00e9hicule qui ne manque pas de s\u00e9duire les amateurs de conduite confortable et polyvalente. Dans cet article, nous vous pr\u00e9sentons en d\u00e9tail le Skoda Kamiq, ses caract\u00e9ristiques techniques, son design ext\u00e9rieur et int\u00e9rieur, ainsi que ses principales qualit\u00e9s.<\/p>\n\n\n\n<h3 class=\"wp-block-heading\">QU&rsquo;EST-CE QUE LE SKODA KAMIQ ?<\/h3>\n\n\n\n<p>Le Skoda Kamiq est un SUV compact du constructeur tch\u00e8que Skoda. Lanc\u00e9 en 2019, ce v\u00e9hicule se positionne comme une alternative int\u00e9ressante aux SUV urbains gr\u00e2ce \u00e0 ses dimensions compactes, sa conduite agile et son habitacle spacieux. Disponible en plusieurs motorisations, le Skoda Kamiq se distingue par sa polyvalence et son confort de conduite, ce qui en fait un choix pris\u00e9 des familles et des citadins en qu\u00eate d&rsquo;un v\u00e9hicule \u00e0 la fois pratique et \u00e9l\u00e9gant.<\/p>\n\n\n\n<h3 class=\"wp-block-heading\">CARACT\u00c9RISTIQUES TECHNIQUES DU SKODA KAMIQ.<\/h3>\n\n\n\n<p>Le Skoda Kamiq est propos\u00e9 avec plusieurs motorisations essence et diesel, offrant ainsi un large choix \u00e0 ses futurs propri\u00e9taires. Dot\u00e9 de technologies de pointe telles que la transmission int\u00e9grale et la bo\u00eete automatique DSG, le Skoda Kamiq promet des performances remarquables sur tous les types de routes. De plus, gr\u00e2ce \u00e0 sa consommation ma\u00eetris\u00e9e et ses \u00e9missions r\u00e9duites, le Skoda Kamiq se veut \u00eatre un v\u00e9hicule respectueux de l&rsquo;environnement.<\/p>\n\n\n\n<h5 class=\"wp-block-heading\">Design ext\u00e9rieur du Skoda Kamiq :<\/h5>\n\n\n\n<p>Avec son design moderne et dynamique, le Skoda Kamiq attire tous les regards sur son passage. Dot\u00e9 de lignes \u00e9l\u00e9gantes et de d\u00e9tails soign\u00e9s, ce SUV compact affiche une allure \u00e0 la fois sportive et raffin\u00e9e. Sa calandre imposante, ses phares effil\u00e9s et ses jantes alliage conf\u00e8rent au Skoda Kamiq une identit\u00e9 visuelle forte qui le distingue de ses concurrents sur le march\u00e9. Disponible dans une large palette de couleurs, le Skoda Kamiq offre la possibilit\u00e9 de personnaliser son v\u00e9hicule selon ses pr\u00e9f\u00e9rences.<\/p>\n\n\n\n<p><\/p>\n\n\n\n<figure class=\"wp-block-gallery has-nested-images columns-default is-cropped wp-block-gallery-1 is-layout-flex wp-block-gallery-is-layout-flex\">\n<figure class=\"wp-block-image size-large\"><img loading=\"lazy\" decoding=\"async\" width=\"1024\" height=\"683\" data-id=\"7298\" src=\"https:\/\/groupe-grim.com\/skoda\/wp-content\/uploads\/2024\/06\/34_skoda_kamiq_cb795694-1024x683.jpg\" alt=\"D\u00c9COUVREZ LE SKODA KAMIQ : LE SUV COMPACT URBAIN\" class=\"wp-image-7298\" srcset=\"https:\/\/groupe-grim.com\/skoda\/wp-content\/uploads\/2024\/06\/34_skoda_kamiq_cb795694-980x653.jpg 980w, https:\/\/groupe-grim.com\/skoda\/wp-content\/uploads\/2024\/06\/34_skoda_kamiq_cb795694-480x320.jpg 480w\" sizes=\"(min-width: 0px) and (max-width: 480px) 480px, (min-width: 481px) and (max-width: 980px) 980px, (min-width: 981px) 1024px, 100vw\" \/><\/figure>\n<\/figure>\n\n\n\n<p><\/p>\n\n\n\n<p><\/p>\n\n\n\n<h5 class=\"wp-block-heading\">Design int\u00e9rieur du Skoda Kamiq :<\/h5>\n\n\n\n<p>L&rsquo;int\u00e9rieur du Skoda Kamiq a \u00e9t\u00e9 pens\u00e9 pour offrir un espace de vie agr\u00e9able \u00e0 ses occupants. Con\u00e7u avec des mat\u00e9riaux de qualit\u00e9 et des finitions soign\u00e9es, l&rsquo;habitacle du Skoda Kamiq se distingue par son confort et sa fonctionnalit\u00e9. Dot\u00e9 d&rsquo;un grand nombre d&rsquo;\u00e9quipements de confort et de s\u00e9curit\u00e9, le Skoda Kamiq propose une exp\u00e9rience de conduite des plus agr\u00e9ables, que ce soit pour les trajets du quotidien ou les escapades en famille.<\/p>\n\n\n\n<p><\/p>\n\n\n\n<div class=\"wp-block-columns is-layout-flex wp-container-core-columns-is-layout-9d6595d7 wp-block-columns-is-layout-flex\">\n<div class=\"wp-block-column is-layout-flow wp-block-column-is-layout-flow\">\n<figure class=\"wp-block-image size-large\"><img loading=\"lazy\" decoding=\"async\" width=\"1024\" height=\"683\" src=\"https:\/\/groupe-grim.com\/skoda\/wp-content\/uploads\/2024\/06\/51_skoda_kamiq_interior_0b8cbc96-1024x683.jpg\" alt=\"D\u00c9COUVREZ LE SKODA KAMIQ : LE SUV COMPACT URBAIN\" class=\"wp-image-7299\" srcset=\"https:\/\/groupe-grim.com\/skoda\/wp-content\/uploads\/2024\/06\/51_skoda_kamiq_interior_0b8cbc96-980x653.jpg 980w, https:\/\/groupe-grim.com\/skoda\/wp-content\/uploads\/2024\/06\/51_skoda_kamiq_interior_0b8cbc96-480x320.jpg 480w\" sizes=\"(min-width: 0px) and (max-width: 480px) 480px, (min-width: 481px) and (max-width: 980px) 980px, (min-width: 981px) 1024px, 100vw\" \/><\/figure>\n<\/div>\n\n\n\n<div class=\"wp-block-column is-layout-flow wp-block-column-is-layout-flow\">\n<figure class=\"wp-block-image size-large\"><img loading=\"lazy\" decoding=\"async\" width=\"1024\" height=\"683\" src=\"https:\/\/groupe-grim.com\/skoda\/wp-content\/uploads\/2024\/06\/52_skoda_kamiq_interior_0c91dd02-1024x683.jpg\" alt=\"D\u00c9COUVREZ LE SKODA KAMIQ : LE SUV COMPACT URBAIN\" class=\"wp-image-7300\" srcset=\"https:\/\/groupe-grim.com\/skoda\/wp-content\/uploads\/2024\/06\/52_skoda_kamiq_interior_0c91dd02-980x653.jpg 980w, https:\/\/groupe-grim.com\/skoda\/wp-content\/uploads\/2024\/06\/52_skoda_kamiq_interior_0c91dd02-480x320.jpg 480w\" sizes=\"(min-width: 0px) and (max-width: 480px) 480px, (min-width: 481px) and (max-width: 980px) 980px, (min-width: 981px) 1024px, 100vw\" \/><\/figure>\n<\/div>\n<\/div>\n\n\n\n<p><\/p>\n\n\n\n<p><\/p>\n\n\n\n<h3 class=\"wp-block-heading\">LES POINTS FORTS DU SKODA KAMIQ.<\/h3>\n\n\n\n<ul class=\"wp-block-list\">\n<li><strong>Design \u00e9l\u00e9gant :<\/strong> le Skoda Kamiq arbore un design moderne et dynamique qui lui conf\u00e8re une allure sportive et \u00e9l\u00e9gante.<\/li>\n\n\n\n<li><strong>Performances remarquables :<\/strong> gr\u00e2ce \u00e0 ses motorisations puissantes et sa transmission int\u00e9grale, le Skoda Kamiq offre des performances de haut niveau.<\/li>\n\n\n\n<li><strong>Confort et praticit\u00e9 :<\/strong> l&rsquo;habitacle spacieux et bien \u00e9quip\u00e9 du Skoda Kamiq garantit un confort optimal pour tous les occupants et leurs bagages.<\/li>\n\n\n\n<li><strong>Technologies de pointe :<\/strong> le Skoda Kamiq est dot\u00e9 de nombreuses technologies innovantes pour une conduite s\u00e9curis\u00e9e et connect\u00e9e.<\/li>\n<\/ul>\n\n\n\n<p><\/p>\n\n\n\n<h3 class=\"wp-block-heading\">CONCLUSION.<\/h3>\n\n\n\n<p>En conclusion, le Skoda Kamiq se positionne comme un SUV compact polyvalent et \u00e9l\u00e9gant, id\u00e9al pour les conducteurs en qu\u00eate d&rsquo;un v\u00e9hicule moderne, performant et confortable. Avec son design soign\u00e9, ses performances remarquables et ses \u00e9quipements de pointe, le Skoda Kamiq ne manquera pas de vous s\u00e9duire d\u00e8s le premier essai. Pour en savoir plus sur le Skoda Kamiq et ses diff\u00e9rentes versions, n&rsquo;h\u00e9sitez pas \u00e0 prendre contact avec votre concessionnaire Skoda le plus proche.<\/p>\n\n\n\n<p><\/p>\n\n\n\n<p class=\"has-text-align-center has-white-color has-black-background-color has-text-color has-background has-link-color wp-elements-3ab2785c04885fc527969196269d702c\"><strong><a href=\"https:\/\/www.groupe-grim.com\/rendez-vous\/\">Prendre RDV en ligne<\/a><\/strong><\/p>\n\n\n\n<p><\/p>\n\n\n\n<p class=\"has-text-align-center has-white-color has-black-background-color has-text-color has-background has-link-color wp-elements-44bf1fc55a8b83092b2cb471418ce2f6\"><strong>40 Avenue Georges Pompidou &#8211; 15000 Aurillac &#8211; 04 71 64 58 44<\/strong><\/p>\n\n\n\n<p><\/p>\n\n\n\n<p class=\"has-text-align-center\">Pour tout renseignement sur&nbsp;<strong>Skoda :<\/strong><\/p>\n\n\n\n<p class=\"has-text-align-center\"><a href=\"tel:0805021414\"><strong>08 05 02 14 14 (appel gratuit)<\/strong><\/a>&nbsp;du lundi au dimanche de 9h00 \u00e0 22h00<\/p>\n\n\n\n<p class=\"has-text-align-center\"><a href=\"https:\/\/www.groupe-grim.com\/rendez-vous\/\">Essayer un v\u00e9hicule<\/a>&nbsp;I&nbsp;<a href=\"https:\/\/www.grim-occasion.com\/reprise-de-votre-vehicule\/\" target=\"_blank\" rel=\"noreferrer noopener\">Demander une offre de reprise<\/a>&nbsp;I&nbsp;<a href=\"https:\/\/www.groupe-grim.com\/rendez-vous\/\">Demander Une offre de financement<\/a>&nbsp;I&nbsp;<a href=\"https:\/\/www.grim-occasion.com\/voitures\/?_brand=jaguar%2Cland-rover\" target=\"_blank\" rel=\"noreferrer noopener\">GRIM Occasion<\/a><\/p>\n\n\n\n<p class=\"has-text-align-center\">SKODA \u2022 Aurillac \u2013 Saint Flour<\/p>\n","protected":false},"excerpt":{"rendered":"<p>Avec son design moderne et dynamique, le Skoda Kamiq attire tous les regards sur son passage.<\/p>\n","protected":false},"author":2,"featured_media":7297,"comment_status":"closed","ping_status":"closed","sticky":false,"template":"","format":"standard","meta":{"_et_pb_use_builder":"off","_et_pb_old_content":"","_et_gb_content_width":"","two_page_speed":[],"footnotes":""},"categories":[5],"tags":[],"class_list":["post-7295","post","type-post","status-publish","format-standard","has-post-thumbnail","hentry","category-actualites-skoda"],"_links":{"self":[{"href":"https:\/\/groupe-grim.com\/skoda\/wp-json\/wp\/v2\/posts\/7295","targetHints":{"allow":["GET"]}}],"collection":[{"href":"https:\/\/groupe-grim.com\/skoda\/wp-json\/wp\/v2\/posts"}],"about":[{"href":"https:\/\/groupe-grim.com\/skoda\/wp-json\/wp\/v2\/types\/post"}],"author":[{"embeddable":true,"href":"https:\/\/groupe-grim.com\/skoda\/wp-json\/wp\/v2\/users\/2"}],"replies":[{"embeddable":true,"href":"https:\/\/groupe-grim.com\/skoda\/wp-json\/wp\/v2\/comments?post=7295"}],"version-history":[{"count":2,"href":"https:\/\/groupe-grim.com\/skoda\/wp-json\/wp\/v2\/posts\/7295\/revisions"}],"predecessor-version":[{"id":7301,"href":"https:\/\/groupe-grim.com\/skoda\/wp-json\/wp\/v2\/posts\/7295\/revisions\/7301"}],"wp:featuredmedia":[{"embeddable":true,"href":"https:\/\/groupe-grim.com\/skoda\/wp-json\/wp\/v2\/media\/7297"}],"wp:attachment":[{"href":"https:\/\/groupe-grim.com\/skoda\/wp-json\/wp\/v2\/media?parent=7295"}],"wp:term":[{"taxonomy":"category","embeddable":true,"href":"https:\/\/groupe-grim.com\/skoda\/wp-json\/wp\/v2\/categories?post=7295"},{"taxonomy":"post_tag","embeddable":true,"href":"https:\/\/groupe-grim.com\/skoda\/wp-json\/wp\/v2\/tags?post=7295"}],"curies":[{"name":"wp","href":"https:\/\/api.w.org\/{rel}","templated":true}]}}