{"id":8934,"date":"2023-07-11T11:10:20","date_gmt":"2023-07-11T09:10:20","guid":{"rendered":"https:\/\/groupe-grim.com\/volvo\/?p=8934"},"modified":"2023-10-24T15:14:31","modified_gmt":"2023-10-24T13:14:31","slug":"volvo-ex90-experience-sonore","status":"publish","type":"post","link":"https:\/\/groupe-grim.com\/volvo\/volvo-ex90-experience-sonore\/","title":{"rendered":"Le nouveau SUV tout \u00e9lectrique Volvo EX90 allie exp\u00e9rience sonore immersive et design haut de gamme"},"content":{"rendered":"\n<div style=\"height:18px\" aria-hidden=\"true\" class=\"wp-block-spacer\"><\/div>\n\n\n\n<p>Volume&nbsp;? Plus fort. Sensations&nbsp;? Plus fortes.<\/p>\n\n\n\n<p>Une symphonie de sons parfaitement reconstitu\u00e9s qui vous enveloppe&#8230; cette exp\u00e9rience unique qui \u00e9tait auparavant r\u00e9serv\u00e9e aux professionnels travaillant en studio et autres audiophiles sera d\u00e9sormais \u00e0 port\u00e9e d\u2019oreille dans le Volvo&nbsp;EX90.<\/p>\n\n\n\n<p>Volvo Cars propose un syst\u00e8me audio capable de cr\u00e9er une exp\u00e9rience sonore immersive haute r\u00e9solution \u00e0 bord de son nouveau SUV tout \u00e9lectrique, le Volvo EX90. Le syst\u00e8me audio haute fid\u00e9lit\u00e9 Bowers &amp; Wilkins se combine parfaitement \u00e0 la cabine la plus silencieuse que Volvo n&rsquo;ait jamais cr\u00e9\u00e9e.<\/p>\n\n\n\n<div style=\"height:15px\" aria-hidden=\"true\" class=\"wp-block-spacer\"><\/div>\n\n\n\n<div style=\"height:26px\" aria-hidden=\"true\" class=\"wp-block-spacer\"><\/div>\n\n\n\n<figure class=\"wp-block-gallery has-nested-images columns-default is-cropped wp-block-gallery-1 is-layout-flex wp-block-gallery-is-layout-flex\">\n<figure class=\"wp-block-image size-large\"><img loading=\"lazy\" decoding=\"async\" width=\"1024\" height=\"768\" data-id=\"8942\" src=\"https:\/\/groupe-grim.com\/volvo\/wp-content\/uploads\/2023\/05\/Volvo-EX90-2-1024x768.jpg\" alt=\"\" class=\"wp-image-8942\" srcset=\"https:\/\/groupe-grim.com\/volvo\/wp-content\/uploads\/2023\/05\/Volvo-EX90-2-980x735.jpg 980w, https:\/\/groupe-grim.com\/volvo\/wp-content\/uploads\/2023\/05\/Volvo-EX90-2-480x360.jpg 480w\" sizes=\"(min-width: 0px) and (max-width: 480px) 480px, (min-width: 481px) and (max-width: 980px) 980px, (min-width: 981px) 1024px, 100vw\" \/><\/figure>\n<\/figure>\n\n\n\n<div style=\"height:24px\" aria-hidden=\"true\" class=\"wp-block-spacer\"><\/div>\n\n\n\n<h2 class=\"wp-block-heading\">Volvo EX90 : Le son comme il doit \u00eatre entendu<\/h2>\n\n\n\n<div style=\"height:24px\" aria-hidden=\"true\" class=\"wp-block-spacer\"><\/div>\n\n\n\n<p>Alors m\u00eame que le Volvo EX90 n\u2019\u00e9tait encore qu&rsquo;une esquisse jet\u00e9e sur le papier, les designers de Volvo Cars collaboraient d\u00e9j\u00e0 avec les ing\u00e9nieurs audio de Bowers &amp; Wilkins afin de mettre au point un dispositif permettant de pouvoir faire profiter d&rsquo;un son 3D&nbsp;<em>surround<\/em>&nbsp;ultrar\u00e9aliste reproduit par les 25&nbsp;haut-parleurs install\u00e9es dans l\u2019habitacle, quelle que soit la place occup\u00e9e dans le v\u00e9hicule 7&nbsp;places.<\/p>\n\n\n\n<p><em>\u00ab&nbsp;Notre choix d\u2019un partenaire pour le syst\u00e8me audio haut de gamme de notre nouveau Volvo EX90 s\u2019est port\u00e9, de fa\u00e7on naturelle et \u00e9vidente, sur Bowers &amp; Wilkins. Son approche du son qui fait la renomm\u00e9e de cette marque exprime la qualit\u00e9 et compl\u00e8te parfaitement notre vision du design&nbsp;\u00bb<\/em>&nbsp;d\u00e9clare Jorge Furuya, notre responsable Exp\u00e9rience utilisateur chez Volvo Cars.<em>&nbsp;\u00ab&nbsp;Cette exp\u00e9rience audio haut de gamme correspond \u00e0 ce que nos clients en sont venus \u00e0 attendre de nous et nous sommes ravis de travailler dans ce sens en partenariat avec l\u2019un des noms les plus respect\u00e9s dans le domaine de l\u2019audio&nbsp;\u00bb<\/em><\/p>\n\n\n\n<p>Avec des positionnements optimis\u00e9s et une technologie de haut-parleur de qualit\u00e9 studio, les passagers profite d\u2019une musique diffus\u00e9e \u00e0 travers le syst\u00e8me de 1610&nbsp;W qui restitue exactement la volont\u00e9 de l\u2019artiste&#8230; une approche que Bowers &amp; Wilkins appelle le \u00ab&nbsp;True Sound&nbsp;\u00bb.<\/p>\n\n\n\n<div style=\"height:24px\" aria-hidden=\"true\" class=\"wp-block-spacer\"><\/div>\n\n\n\n<h2 class=\"wp-block-heading\">Volvo EX90 : Une immersion sonore in\u00e9gal\u00e9e avec la technologie Dolby Atmos<\/h2>\n\n\n\n<div style=\"height:20px\" aria-hidden=\"true\" class=\"wp-block-spacer\"><\/div>\n\n\n\n<p>Pour profiter au mieux des haut-parleurs positionn\u00e9s de fa\u00e7on optimale, les auditeurs peuvent \u00e9galement vivre l\u2019exp\u00e9rience sonore dans leur v\u00e9hicule Volvo comme jamais auparavant gr\u00e2ce \u00e0 la technologie Dolby Atmos. Lorsque des artistes ou des cr\u00e9ateurs con\u00e7oivent une chanson, un podcast ou d&rsquo;autres contenus sur Dolby Atmos, ils sont en mesure de placer volontairement des sons individuels dans un espace \u00e0 trois dimensions afin de cr\u00e9er une exp\u00e9rience riche et dense pour les auditeurs.&nbsp;Dans le Volvo EX90, gr\u00e2ce \u00e0 la technologie Dolby Atmos diffus\u00e9e via le syst\u00e8me de haut-parleurs Bowers &amp; Wilkins, tous les passagers peuvent profiter d&rsquo;une exp\u00e9rience sonore plus immersive, plus profonde, plus compl\u00e8te et plus claire.<\/p>\n\n\n\n<p>Le syst\u00e8me audio est encore optimis\u00e9 par des modes d\u2019\u00e9coute en son&nbsp;<em>surround<\/em>&nbsp;permettant aux auditeurs d&rsquo;adapter le son \u00e0 leurs go\u00fbts personnels.&nbsp;<\/p>\n\n\n\n<p>Le mode&nbsp;<em>Studio<\/em>&nbsp;r\u00e9plique la neutralit\u00e9 et la puret\u00e9 du son d\u2019un studio d\u2019enregistrement et peut \u00eatre optimis\u00e9 pour les passagers, quel que soit l\u2019endroit o\u00f9 ils sont assis.&nbsp;Le param\u00e8tre&nbsp;<em>Individual Stage<\/em>&nbsp;donne la sensation que l\u2019artiste joue rien que pour vous et le mode&nbsp;<em>Concert Hall<\/em>&nbsp;reproduit l&rsquo;ambiance acoustique du Concert Hall de la ville d&rsquo;origine de Volvo Cars, G\u00f6teborg.<\/p>\n\n\n\n<div style=\"height:31px\" aria-hidden=\"true\" class=\"wp-block-spacer\"><\/div>\n\n\n\n<figure class=\"wp-block-image size-large\"><img loading=\"lazy\" decoding=\"async\" width=\"1024\" height=\"768\" src=\"https:\/\/groupe-grim.com\/volvo\/wp-content\/uploads\/2023\/05\/Volvo-EX90-electrique-2-1024x768.jpg\" alt=\"\" class=\"wp-image-8943\" srcset=\"https:\/\/groupe-grim.com\/volvo\/wp-content\/uploads\/2023\/05\/Volvo-EX90-electrique-2-980x735.jpg 980w, https:\/\/groupe-grim.com\/volvo\/wp-content\/uploads\/2023\/05\/Volvo-EX90-electrique-2-480x360.jpg 480w\" sizes=\"(min-width: 0px) and (max-width: 480px) 480px, (min-width: 481px) and (max-width: 980px) 980px, (min-width: 981px) 1024px, 100vw\" \/><\/figure>\n\n\n\n<div style=\"height:20px\" aria-hidden=\"true\" class=\"wp-block-spacer\"><\/div>\n\n\n\n<p>Le positionnement des haut-parleurs soigneusement pens\u00e9 pour s\u2019int\u00e9grer dans l\u2019habitacle \u2013 au niveau du tableau de bord, des porti\u00e8res, du pavillon de toit, de la derni\u00e8re rang\u00e9e et int\u00e9gr\u00e9s aux appuie-t\u00eates des si\u00e8ges avant &#8211; contribue \u00e0 notre approche du design minimaliste et scandinave.<\/p>\n\n\n\n<p>Les haut-parleurs apparants sont dot\u00e9es de grilles en acier inoxydable bross\u00e9 et d\u00e9poli des deux c\u00f4t\u00e9s plac\u00e9s dans un habillage en bois r\u00e9tro\u00e9clair\u00e9, ce qui donne une transparence acoustique de haut niveau pour la meilleure qualit\u00e9 de son possible sans alt\u00e9rer les d\u00e9tails du design haut de gamme.<\/p>\n\n\n\n<p><em>\u00ab\u00a0Alors que nous nous appr\u00eatons \u00e0 c\u00e9l\u00e9brer une d\u00e9cennie d\u2019\u00e9troite collaboration avec nos partenaires de Volvo Cars, nous sommes fiers de commercialiser le syst\u00e8me audio haut de gamme sur le Volvo EX90\u00a0\u00bb<\/em>\u00a0d\u00e9clare Dan Shepherd, vice-pr\u00e9sident Licensing Partnerships chez Bowers &amp; Wilkins.\u00a0<em>\u00ab\u00a0Le tout dernier syst\u00e8me de divertissement \u00e0 bord le plus sophistiqu\u00e9 que nous avons d\u00e9velopp\u00e9 ensemble offre une exp\u00e9rience d\u2019\u00e9coute incroyablement r\u00e9aliste et immersive\u00a0\u00bb.<\/em><\/p>\n\n\n\n<p><\/p>\n\n\n\n<p class=\"has-text-align-center\">Pour tout renseignement sur la\u00a0<strong>gamme Volvo<\/strong> :\u00a0<strong><a href=\"tel:0-805-02-14-14\">0.805.02.14.14 (Num\u00e9ro gratuit)<\/a><\/strong>\u00a0du lundi au dimanche de 9h00 \u00e0 22h00<\/p>\n\n\n\n<p class=\"has-text-align-center\"><a class=\"rank-math-link\" href=\"https:\/\/www.groupe-grim.com\/rendez-vous\/volvo.html\">Essayer un v\u00e9hicule<\/a>&nbsp;I&nbsp;<a class=\"rank-math-link\" href=\"https:\/\/www.groupe-grim.com\/rendez-vous\/volvo.html\">Demander une offre de reprise<\/a>&nbsp;I&nbsp;<a class=\"rank-math-link\" href=\"https:\/\/www.groupe-grim.com\/rendez-vous\/volvo.html\">Demander Une offre de financement<\/a>&nbsp;I&nbsp;<a href=\"https:\/\/www.grim-occasion.com\/voitures\/volvo\/\" target=\"_blank\" rel=\"noreferrer noopener\">GRIM Occasion<\/a><\/p>\n\n\n\n<p class=\"has-text-align-center\">VOLVO \u2022 Valence<\/p>\n\n\n\n<div style=\"height:30px\" aria-hidden=\"true\" class=\"wp-block-spacer\"><\/div>\n","protected":false},"excerpt":{"rendered":"<p>Volume&nbsp;? Plus fort. Sensations&nbsp;? Plus fortes. Une symphonie de sons parfaitement reconstitu\u00e9s qui vous enveloppe&#8230; cette exp\u00e9rience unique qui \u00e9tait auparavant r\u00e9serv\u00e9e aux professionnels travaillant en studio et autres audiophiles sera d\u00e9sormais \u00e0 port\u00e9e d\u2019oreille dans le Volvo&nbsp;EX90. Volvo Cars propose un syst\u00e8me audio capable de cr\u00e9er une exp\u00e9rience sonore immersive haute r\u00e9solution \u00e0 bord [&hellip;]<\/p>\n","protected":false},"author":4,"featured_media":8942,"comment_status":"open","ping_status":"open","sticky":false,"template":"","format":"standard","meta":{"_et_pb_use_builder":"off","_et_pb_old_content":"","_et_gb_content_width":"","two_page_speed":[],"footnotes":""},"categories":[1],"tags":[],"class_list":["post-8934","post","type-post","status-publish","format-standard","has-post-thumbnail","hentry","category-actualites"],"_links":{"self":[{"href":"https:\/\/groupe-grim.com\/volvo\/wp-json\/wp\/v2\/posts\/8934","targetHints":{"allow":["GET"]}}],"collection":[{"href":"https:\/\/groupe-grim.com\/volvo\/wp-json\/wp\/v2\/posts"}],"about":[{"href":"https:\/\/groupe-grim.com\/volvo\/wp-json\/wp\/v2\/types\/post"}],"author":[{"embeddable":true,"href":"https:\/\/groupe-grim.com\/volvo\/wp-json\/wp\/v2\/users\/4"}],"replies":[{"embeddable":true,"href":"https:\/\/groupe-grim.com\/volvo\/wp-json\/wp\/v2\/comments?post=8934"}],"version-history":[{"count":10,"href":"https:\/\/groupe-grim.com\/volvo\/wp-json\/wp\/v2\/posts\/8934\/revisions"}],"predecessor-version":[{"id":9269,"href":"https:\/\/groupe-grim.com\/volvo\/wp-json\/wp\/v2\/posts\/8934\/revisions\/9269"}],"wp:featuredmedia":[{"embeddable":true,"href":"https:\/\/groupe-grim.com\/volvo\/wp-json\/wp\/v2\/media\/8942"}],"wp:attachment":[{"href":"https:\/\/groupe-grim.com\/volvo\/wp-json\/wp\/v2\/media?parent=8934"}],"wp:term":[{"taxonomy":"category","embeddable":true,"href":"https:\/\/groupe-grim.com\/volvo\/wp-json\/wp\/v2\/categories?post=8934"},{"taxonomy":"post_tag","embeddable":true,"href":"https:\/\/groupe-grim.com\/volvo\/wp-json\/wp\/v2\/tags?post=8934"}],"curies":[{"name":"wp","href":"https:\/\/api.w.org\/{rel}","templated":true}]}}